{"id":43814,"date":"2026-09-05T11:39:35","date_gmt":"2026-09-05T14:39:35","guid":{"rendered":"https:\/\/fyno.pt\/?p=43814"},"modified":"2026-09-05T11:39:59","modified_gmt":"2026-09-05T14:39:59","slug":"marinho-braz-a-trajetoria-de-quem-transformou-o-ensino-do-forro-em-missao-cultural","status":"publish","type":"post","link":"https:\/\/fyno.pt\/pt\/entretenimento\/marinho-braz-a-trajetoria-de-quem-transformou-o-ensino-do-forro-em-missao-cultural\/","title":{"rendered":"Marinho Braz: a trajet\u00f3ria de quem transformou o ensino do forr\u00f3 em miss\u00e3o cultural"},"content":{"rendered":"<h3 class=\"wp-block-heading\"><em>Professor, core\u00f3grafo, pesquisador e escritor, Marinho Braz construiu uma carreira de d\u00e9cadas dedicada \u00e0 dan\u00e7a e \u00e0 preserva\u00e7\u00e3o da cultura do forr\u00f3, levando sua metodologia a diferentes regi\u00f5es do Brasil e ao exterior<\/em><\/h3>\n\n\n\n<p>O forr\u00f3, um dos s\u00edmbolos mais fortes da cultura brasileira, ganhou ao longo das \u00faltimas d\u00e9cadas novos espa\u00e7os, p\u00fablicos e formas de ser dan\u00e7ado. Nesse movimento de expans\u00e3o, o nome de <strong>Marinho Braz<\/strong> se consolidou como uma das refer\u00eancias ligadas ao ensino e \u00e0 difus\u00e3o da dan\u00e7a de forr\u00f3.<\/p>\n\n\n\n<p>Professor, core\u00f3grafo, dan\u00e7arino, produtor cultural e escritor, Braz desenvolve seu trabalho desde a d\u00e9cada de 1990 e mant\u00e9m uma trajet\u00f3ria especialmente ligada ao Rio de Janeiro e \u00e0 <strong>Feira de S\u00e3o Crist\u00f3v\u00e3o<\/strong>, tradicional espa\u00e7o de preserva\u00e7\u00e3o e celebra\u00e7\u00e3o da cultura nordestina na cidade.<\/p>\n\n\n\n<h2 class=\"wp-block-heading\">Da sala de aula \u00e0 internacionaliza\u00e7\u00e3o do forr\u00f3<\/h2>\n\n\n\n<p>Nascido em Volta Redonda e criado em S\u00e3o Jo\u00e3o de Meriti, no estado do Rio de Janeiro, Marinho Braz come\u00e7ou a ministrar aulas de forr\u00f3 em 1995. Sua trajet\u00f3ria passou pelo ensino, pela pesquisa e pela cria\u00e7\u00e3o de m\u00e9todos pr\u00f3prios de aprendizagem da dan\u00e7a.<\/p>\n\n\n\n<p>Ao longo dos anos, o professor passou a trabalhar tamb\u00e9m com a forma\u00e7\u00e3o de novos profissionais, defendendo uma abordagem que vai al\u00e9m da execu\u00e7\u00e3o dos passos e procura relacionar dan\u00e7a, cultura e hist\u00f3ria.<\/p>\n\n\n\n<p>Sua atua\u00e7\u00e3o tamb\u00e9m ultrapassou as fronteiras brasileiras. Materiais biogr\u00e1ficos ligados \u00e0 sua carreira registram sua participa\u00e7\u00e3o na expans\u00e3o do forr\u00f3 na Europa, levando aulas, apresenta\u00e7\u00f5es e conhecimento sobre a dan\u00e7a brasileira a diferentes pa\u00edses.<\/p>\n\n\n\n<h2 class=\"wp-block-heading\">Uma rela\u00e7\u00e3o estreita com a Feira de S\u00e3o Crist\u00f3v\u00e3o<\/h2>\n\n\n\n<p>Um dos cap\u00edtulos mais importantes de sua carreira est\u00e1 relacionado ao <strong>Centro Municipal Luiz Gonzaga de Tradi\u00e7\u00f5es Nordestinas<\/strong>, conhecido como Feira de S\u00e3o Crist\u00f3v\u00e3o.<\/p>\n\n\n\n<p>O espa\u00e7o, criado a partir da presen\u00e7a de migrantes nordestinos no Rio de Janeiro, tornou-se um dos principais pontos de encontro da cultura nordestina fora do Nordeste. \u00c9 nesse ambiente que Marinho Braz desenvolveu parte expressiva de seu trabalho de forma\u00e7\u00e3o de dan\u00e7arinos.<\/p>\n\n\n\n<p>Em 2024, durante as comemora\u00e7\u00f5es dos 79 anos da Feira, Braz participou da programa\u00e7\u00e3o com a Academia Brasileira de Forr\u00f3, ensinando o p\u00fablico a dan\u00e7ar.<\/p>\n\n\n\n<p>Mais recentemente, a programa\u00e7\u00e3o especial do Dia Nacional do Forr\u00f3 tamb\u00e9m registrou a apresenta\u00e7\u00e3o de alunos da Academia Brasileira de Forr\u00f3, comandada pelo professor.<\/p>\n\n\n\n<h2 class=\"wp-block-heading\">O \u201cEmbaixador do Forr\u00f3\u201d<\/h2>\n\n\n\n<figure class=\"wp-block-image size-large\"><img fetchpriority=\"high\" decoding=\"async\" width=\"839\" height=\"1024\" src=\"https:\/\/fyno.pt\/wp-content\/uploads\/2026\/09\/image_editor_output_image1715655249-17886191469518274314063819181537-839x1024.jpg\" alt=\"\" class=\"wp-image-43813\" srcset=\"https:\/\/fyno.pt\/wp-content\/uploads\/2026\/09\/image_editor_output_image1715655249-17886191469518274314063819181537-839x1024.jpg 839w, https:\/\/fyno.pt\/wp-content\/uploads\/2026\/09\/image_editor_output_image1715655249-17886191469518274314063819181537-246x300.jpg 246w, https:\/\/fyno.pt\/wp-content\/uploads\/2026\/09\/image_editor_output_image1715655249-17886191469518274314063819181537-768x938.jpg 768w, https:\/\/fyno.pt\/wp-content\/uploads\/2026\/09\/image_editor_output_image1715655249-17886191469518274314063819181537-1258x1536.jpg 1258w, https:\/\/fyno.pt\/wp-content\/uploads\/2026\/09\/image_editor_output_image1715655249-17886191469518274314063819181537-10x12.jpg 10w, https:\/\/fyno.pt\/wp-content\/uploads\/2026\/09\/image_editor_output_image1715655249-17886191469518274314063819181537-750x916.jpg 750w, https:\/\/fyno.pt\/wp-content\/uploads\/2026\/09\/image_editor_output_image1715655249-17886191469518274314063819181537-1140x1392.jpg 1140w, https:\/\/fyno.pt\/wp-content\/uploads\/2026\/09\/image_editor_output_image1715655249-17886191469518274314063819181537.jpg 1280w\" sizes=\"(max-width: 839px) 100vw, 839px\" \/><\/figure>\n\n\n\n<p>O t\u00edtulo pelo qual Marinho Braz passou a ser conhecido <strong>\u201cEmbaixador do Forr\u00f3\u201d<\/strong> est\u00e1 diretamente associado \u00e0 sua trajet\u00f3ria de pesquisa, ensino e divulga\u00e7\u00e3o do g\u00eanero.<\/p>\n\n\n\n<p>Sua obra <em>Dan\u00e7a de Forr\u00f3 Sa\u00fade e Cura<\/em>, publicada em 2022, apresenta a dan\u00e7a tamb\u00e9m sob a perspectiva de seus poss\u00edveis benef\u00edcios f\u00edsicos e sociais. Na apresenta\u00e7\u00e3o do livro, Braz \u00e9 descrito como profissional de dan\u00e7as de sal\u00e3o e especialista dedicado \u00e0 pesquisa das matrizes e origens da dan\u00e7a de forr\u00f3.<\/p>\n\n\n\n<p>A publica\u00e7\u00e3o relata ainda sua passagem por comunidades ind\u00edgenas e quilombolas durante pesquisas realizadas no Nordeste e sua dedica\u00e7\u00e3o ao ensino do forr\u00f3 desde 1995.<\/p>\n\n\n\n<h2 class=\"wp-block-heading\">Pesquisa e valoriza\u00e7\u00e3o das ra\u00edzes<\/h2>\n\n\n\n<p>Para Marinho Braz, ensinar forr\u00f3 n\u00e3o significa apenas ensinar passos.<\/p>\n\n\n\n<p>Sua trajet\u00f3ria \u00e9 marcada por pesquisas relacionadas \u00e0s origens, influ\u00eancias e transforma\u00e7\u00f5es da dan\u00e7a. Esse trabalho aparece de maneira mais ampla em seu livro <strong>\u201cForrobod\u00f3 For All&nbsp; Desvendando o Forr\u00f3\u201d<\/strong>, lan\u00e7ado em 2024 em programa\u00e7\u00e3o da Cidade das Artes, no Rio de Janeiro.<\/p>\n\n\n\n<p>A Prefeitura do Rio classificou Braz como um dos estudiosos e especialistas do g\u00eanero e destacou que a obra aborda a cultura do forr\u00f3 e seus aspectos relacionados \u00e0s influ\u00eancias ind\u00edgenas, africanas e europeias.<\/p>\n\n\n\n<p>O lan\u00e7amento tamb\u00e9m colocou o pesquisador em di\u00e1logo com o p\u00fablico em uma programa\u00e7\u00e3o que reuniu literatura, m\u00fasica e dan\u00e7a, refor\u00e7ando a ideia de que o forr\u00f3 pode ser compreendido n\u00e3o apenas como entretenimento, mas como manifesta\u00e7\u00e3o cultural.<\/p>\n\n\n\n<h2 class=\"wp-block-heading\">A cria\u00e7\u00e3o do Forr\u00f3 Cassino<\/h2>\n\n\n\n<p>Entre as contribui\u00e7\u00f5es atribu\u00eddas a Marinho Braz est\u00e1 o desenvolvimento do <strong>Forr\u00f3 Cassino<\/strong>, uma din\u00e2mica de dan\u00e7a realizada em roda e conduzida por comandos, inspirada na l\u00f3gica da Rueda de Casino.<\/p>\n\n\n\n<p>Registros especializados sobre dan\u00e7a descrevem o Forr\u00f3 Cassino como uma varia\u00e7\u00e3o desenvolvida por Braz dentro do universo do forr\u00f3 universit\u00e1rio.<\/p>\n\n\n\n<p>A proposta acrescenta um car\u00e1ter coletivo \u00e0 dan\u00e7a, permitindo que grupos inteiros participem simultaneamente e transformando a aula em uma experi\u00eancia de intera\u00e7\u00e3o entre os participantes.<\/p>\n\n\n\n<h2 class=\"wp-block-heading\">Forr\u00f3 como cultura e forma\u00e7\u00e3o<\/h2>\n\n\n\n<p>A atua\u00e7\u00e3o de Marinho tamb\u00e9m passou pela produ\u00e7\u00e3o de eventos e projetos culturais.<\/p>\n\n\n\n<p>Em 2016, o <strong>Forr\u00f3 In Rio Festival<\/strong> foi realizado com apoio da Secretaria Municipal de Cultura do Rio de Janeiro. A iniciativa reuniu aulas, apresenta\u00e7\u00f5es e atividades voltadas \u00e0 dan\u00e7a e \u00e0 cultura do forr\u00f3.<\/p>\n\n\n\n<p>Anos depois, a Cidade das Artes recebeu programa\u00e7\u00e3o dedicada ao lan\u00e7amento de seu livro e \u00e0 celebra\u00e7\u00e3o do g\u00eanero, com participa\u00e7\u00e3o do Trio Nordestino.<\/p>\n\n\n\n<p>Esse percurso mostra uma caracter\u00edstica central do trabalho de Braz: aproximar <strong>ensino, pesquisa, entretenimento e preserva\u00e7\u00e3o cultural<\/strong>.<\/p>\n\n\n\n<h2 class=\"wp-block-heading\">Academia Brasileira de Forr\u00f3<\/h2>\n\n\n\n<p>Atualmente, Marinho Braz tamb\u00e9m est\u00e1 \u00e0 frente da <strong>Academia Brasileira de Forr\u00f3<\/strong>, projeto dedicado ao ensino da dan\u00e7a e da m\u00fasica.<\/p>\n\n\n\n<p>A academia oferece aulas de forr\u00f3, xote e bai\u00e3o, trabalhando com diferentes n\u00edveis de aprendizagem. O projeto mant\u00e9m sua atua\u00e7\u00e3o na Feira de S\u00e3o Crist\u00f3v\u00e3o, no Rio de Janeiro.<\/p>\n\n\n\n<p>O perfil profissional de Braz nas redes sociais tamb\u00e9m apresenta o professor como fundador e respons\u00e1vel pela academia, mantendo o foco na forma\u00e7\u00e3o de novos dan\u00e7arinos e na divulga\u00e7\u00e3o do forr\u00f3.<\/p>\n\n\n\n<h2 class=\"wp-block-heading\">Uma carreira que ultrapassa a dan\u00e7a<\/h2>\n\n\n\n<p>Ao longo de sua trajet\u00f3ria, Marinho Braz passou a ocupar diferentes fun\u00e7\u00f5es dentro do universo cultural: professor, core\u00f3grafo, dan\u00e7arino, produtor, agente cultural, pesquisador e escritor.<\/p>\n\n\n\n<p>Seu trabalho tamb\u00e9m alcan\u00e7ou ve\u00edculos de comunica\u00e7\u00e3o e programas de televis\u00e3o. A Academia Brasileira de Forr\u00f3 cita participa\u00e7\u00f5es de Braz em atra\u00e7\u00f5es como <strong>Programa do J\u00f4, Planeta Xuxa e Doming\u00e3o do Faust\u00e3o<\/strong>.<\/p>\n\n\n\n<p>Mais do que acumular apresenta\u00e7\u00f5es, a trajet\u00f3ria de Marinho Braz representa uma tentativa de transformar o conhecimento sobre o forr\u00f3 em ferramenta de forma\u00e7\u00e3o e continuidade cultural.<\/p>\n\n\n\n<h3 class=\"wp-block-heading\">Um legado constru\u00eddo no compasso<\/h3>\n\n\n\n<p>Em quase tr\u00eas d\u00e9cadas de atua\u00e7\u00e3o, Marinho Braz construiu sua carreira em torno de uma ideia simples, mas abrangente: <strong>o forr\u00f3 pode ser aprendido, dan\u00e7ado, pesquisado e, principalmente, preservado<\/strong>.<\/p>\n\n\n\n<p>Das salas de aula do Rio de Janeiro aos projetos internacionais, passando pela Feira de S\u00e3o Crist\u00f3v\u00e3o, festivais, livros e forma\u00e7\u00e3o de novos professores, sua hist\u00f3ria acompanha a pr\u00f3pria transforma\u00e7\u00e3o do forr\u00f3 em um fen\u00f4meno que ultrapassou as fronteiras do Nordeste e conquistou pistas de dan\u00e7a em diferentes partes do mundo.<\/p>\n\n\n\n<p>Hoje, ao se apresentar como <strong>\u201cEmbaixador do Forr\u00f3\u201d<\/strong>, Braz sintetiza em um t\u00edtulo uma trajet\u00f3ria marcada pela dan\u00e7a, pela pesquisa e pela defesa da cultura brasileira.<\/p>\n\n\n\n<p><strong>Marinho Braz n\u00e3o trabalha apenas para ensinar pessoas a dan\u00e7ar forr\u00f3. Seu trabalho busca manter viva a hist\u00f3ria por tr\u00e1s de cada passo.<\/strong><\/p>","protected":false},"excerpt":{"rendered":"<p>Professor, core\u00f3grafo, pesquisador e escritor, Marinho Braz construiu uma carreira de d\u00e9cadas dedicada \u00e0 dan\u00e7a e \u00e0 preserva\u00e7\u00e3o da cultura do forr\u00f3, levando sua metodologia a diferentes regi\u00f5es do Brasil e ao exterior O forr\u00f3, um dos s\u00edmbolos mais fortes da cultura brasileira, ganhou ao longo das \u00faltimas d\u00e9cadas novos espa\u00e7os, p\u00fablicos e formas de [&hellip;]<\/p>\n","protected":false},"author":9,"featured_media":43812,"comment_status":"open","ping_status":"open","sticky":false,"template":"","format":"standard","meta":{"footnotes":""},"categories":[47],"tags":[2298,2304,780,1226,2302,2297,2296,2299,829,2301,2300,2305,2295,2303,1889],"class_list":["post-43814","post","type-post","status-publish","format-standard","has-post-thumbnail","hentry","category-entretenimento","tag-academia-brasileira-de-forro","tag-coreografo","tag-cultura-brasileira","tag-cultura-nordestina","tag-danca-brasileira","tag-danca-de-forro","tag-embaixador-do-forro","tag-feira-de-sao-cristovao","tag-forro","tag-forro-cassino","tag-forro-in-rio","tag-forro-universitario","tag-marinho-braz","tag-professor-de-forro","tag-rio-de-janeiro"],"yoast_head":"<!-- This site is optimized with the Yoast SEO Premium plugin v27.9 (Yoast SEO v27.9) - https:\/\/yoast.com\/product\/yoast-seo-premium-wordpress\/ -->\n<title>Marinho Braz: a trajet\u00f3ria de quem transformou o ensino do forr\u00f3 em miss\u00e3o cultural - Fyno<\/title>\n<meta name=\"robots\" content=\"index, follow, max-snippet:-1, max-image-preview:large, max-video-preview:-1\" \/>\n<link rel=\"canonical\" href=\"https:\/\/fyno.pt\/pt\/entretenimento\/marinho-braz-a-trajetoria-de-quem-transformou-o-ensino-do-forro-em-missao-cultural\/\" \/>\n<meta property=\"og:locale\" content=\"pt_PT\" \/>\n<meta property=\"og:type\" content=\"article\" \/>\n<meta property=\"og:title\" content=\"Marinho Braz: a trajet\u00f3ria de quem transformou o ensino do forr\u00f3 em miss\u00e3o cultural\" \/>\n<meta property=\"og:description\" content=\"Professor, core\u00f3grafo, pesquisador e escritor, Marinho Braz construiu uma carreira de d\u00e9cadas dedicada \u00e0 dan\u00e7a e \u00e0 preserva\u00e7\u00e3o da cultura do forr\u00f3, levando sua metodologia a diferentes regi\u00f5es do Brasil e ao exterior O forr\u00f3, um dos s\u00edmbolos mais fortes da cultura brasileira, ganhou ao longo das \u00faltimas d\u00e9cadas novos espa\u00e7os, p\u00fablicos e formas de [&hellip;]\" \/>\n<meta property=\"og:url\" content=\"https:\/\/fyno.pt\/pt\/entretenimento\/marinho-braz-a-trajetoria-de-quem-transformou-o-ensino-do-forro-em-missao-cultural\/\" \/>\n<meta property=\"og:site_name\" content=\"Fyno\" \/>\n<meta property=\"article:published_time\" content=\"2026-09-05T14:39:35+00:00\" \/>\n<meta property=\"article:modified_time\" content=\"2026-09-05T14:39:59+00:00\" \/>\n<meta property=\"og:image\" content=\"https:\/\/fyno.pt\/wp-content\/uploads\/2026\/09\/image_editor_output_image-913566985-1788619106494.jpg\" \/>\n\t<meta property=\"og:image:width\" content=\"1280\" \/>\n\t<meta property=\"og:image:height\" content=\"786\" \/>\n\t<meta property=\"og:image:type\" content=\"image\/jpeg\" \/>\n<meta name=\"author\" content=\"Fyno\" \/>\n<meta name=\"twitter:card\" content=\"summary_large_image\" \/>\n<meta name=\"twitter:label1\" content=\"Escrito por\" \/>\n\t<meta name=\"twitter:data1\" content=\"Fyno\" \/>\n\t<meta name=\"twitter:label2\" content=\"Tempo estimado de leitura\" \/>\n\t<meta name=\"twitter:data2\" content=\"6 minutos\" \/>\n<script type=\"application\/ld+json\" class=\"yoast-schema-graph\">{\"@context\":\"https:\\\/\\\/schema.org\",\"@graph\":[{\"@type\":\"Article\",\"@id\":\"https:\\\/\\\/fyno.pt\\\/entretenimento\\\/marinho-braz-a-trajetoria-de-quem-transformou-o-ensino-do-forro-em-missao-cultural\\\/#article\",\"isPartOf\":{\"@id\":\"https:\\\/\\\/fyno.pt\\\/entretenimento\\\/marinho-braz-a-trajetoria-de-quem-transformou-o-ensino-do-forro-em-missao-cultural\\\/\"},\"author\":{\"name\":\"Fyno\",\"@id\":\"https:\\\/\\\/fyno.pt\\\/#\\\/schema\\\/person\\\/ab5b330ed5ed05f1b4a7b8e438f68187\"},\"headline\":\"Marinho Braz: a trajet\u00f3ria de quem transformou o ensino do forr\u00f3 em miss\u00e3o cultural\",\"datePublished\":\"2026-09-05T14:39:35+00:00\",\"dateModified\":\"2026-09-05T14:39:59+00:00\",\"mainEntityOfPage\":{\"@id\":\"https:\\\/\\\/fyno.pt\\\/entretenimento\\\/marinho-braz-a-trajetoria-de-quem-transformou-o-ensino-do-forro-em-missao-cultural\\\/\"},\"wordCount\":1270,\"commentCount\":0,\"image\":{\"@id\":\"https:\\\/\\\/fyno.pt\\\/entretenimento\\\/marinho-braz-a-trajetoria-de-quem-transformou-o-ensino-do-forro-em-missao-cultural\\\/#primaryimage\"},\"thumbnailUrl\":\"https:\\\/\\\/fyno.pt\\\/wp-content\\\/uploads\\\/2026\\\/09\\\/image_editor_output_image-913566985-1788619106494.jpg\",\"keywords\":[\"Academia Brasileira de Forr\u00f3\",\"core\u00f3grafo\",\"cultura brasileira\",\"Cultura Nordestina\",\"dan\u00e7a brasileira\",\"dan\u00e7a de forr\u00f3\",\"Embaixador do Forr\u00f3\",\"Feira de S\u00e3o Crist\u00f3v\u00e3o\",\"forr\u00f3\",\"Forr\u00f3 Cassino\",\"Forr\u00f3 In Rio\",\"forr\u00f3 universit\u00e1rio\",\"Marinho Braz\",\"professor de forr\u00f3\",\"Rio de Janeiro\"],\"articleSection\":[\"Entretenimento\"],\"inLanguage\":\"pt-PT\",\"potentialAction\":[{\"@type\":\"CommentAction\",\"name\":\"Comment\",\"target\":[\"https:\\\/\\\/fyno.pt\\\/entretenimento\\\/marinho-braz-a-trajetoria-de-quem-transformou-o-ensino-do-forro-em-missao-cultural\\\/#respond\"]}]},{\"@type\":\"WebPage\",\"@id\":\"https:\\\/\\\/fyno.pt\\\/entretenimento\\\/marinho-braz-a-trajetoria-de-quem-transformou-o-ensino-do-forro-em-missao-cultural\\\/\",\"url\":\"https:\\\/\\\/fyno.pt\\\/entretenimento\\\/marinho-braz-a-trajetoria-de-quem-transformou-o-ensino-do-forro-em-missao-cultural\\\/\",\"name\":\"Marinho Braz: a trajet\u00f3ria de quem transformou o ensino do forr\u00f3 em miss\u00e3o cultural - Fyno\",\"isPartOf\":{\"@id\":\"https:\\\/\\\/fyno.pt\\\/#website\"},\"primaryImageOfPage\":{\"@id\":\"https:\\\/\\\/fyno.pt\\\/entretenimento\\\/marinho-braz-a-trajetoria-de-quem-transformou-o-ensino-do-forro-em-missao-cultural\\\/#primaryimage\"},\"image\":{\"@id\":\"https:\\\/\\\/fyno.pt\\\/entretenimento\\\/marinho-braz-a-trajetoria-de-quem-transformou-o-ensino-do-forro-em-missao-cultural\\\/#primaryimage\"},\"thumbnailUrl\":\"https:\\\/\\\/fyno.pt\\\/wp-content\\\/uploads\\\/2026\\\/09\\\/image_editor_output_image-913566985-1788619106494.jpg\",\"datePublished\":\"2026-09-05T14:39:35+00:00\",\"dateModified\":\"2026-09-05T14:39:59+00:00\",\"author\":{\"@id\":\"https:\\\/\\\/fyno.pt\\\/#\\\/schema\\\/person\\\/ab5b330ed5ed05f1b4a7b8e438f68187\"},\"breadcrumb\":{\"@id\":\"https:\\\/\\\/fyno.pt\\\/entretenimento\\\/marinho-braz-a-trajetoria-de-quem-transformou-o-ensino-do-forro-em-missao-cultural\\\/#breadcrumb\"},\"inLanguage\":\"pt-PT\",\"potentialAction\":[{\"@type\":\"ReadAction\",\"target\":[\"https:\\\/\\\/fyno.pt\\\/entretenimento\\\/marinho-braz-a-trajetoria-de-quem-transformou-o-ensino-do-forro-em-missao-cultural\\\/\"]}]},{\"@type\":\"ImageObject\",\"inLanguage\":\"pt-PT\",\"@id\":\"https:\\\/\\\/fyno.pt\\\/entretenimento\\\/marinho-braz-a-trajetoria-de-quem-transformou-o-ensino-do-forro-em-missao-cultural\\\/#primaryimage\",\"url\":\"https:\\\/\\\/fyno.pt\\\/wp-content\\\/uploads\\\/2026\\\/09\\\/image_editor_output_image-913566985-1788619106494.jpg\",\"contentUrl\":\"https:\\\/\\\/fyno.pt\\\/wp-content\\\/uploads\\\/2026\\\/09\\\/image_editor_output_image-913566985-1788619106494.jpg\",\"width\":1280,\"height\":786},{\"@type\":\"BreadcrumbList\",\"@id\":\"https:\\\/\\\/fyno.pt\\\/entretenimento\\\/marinho-braz-a-trajetoria-de-quem-transformou-o-ensino-do-forro-em-missao-cultural\\\/#breadcrumb\",\"itemListElement\":[{\"@type\":\"ListItem\",\"position\":1,\"name\":\"In\u00edcio\",\"item\":\"https:\\\/\\\/fyno.pt\\\/\"},{\"@type\":\"ListItem\",\"position\":2,\"name\":\"Marinho Braz: a trajet\u00f3ria de quem transformou o ensino do forr\u00f3 em miss\u00e3o cultural\"}]},{\"@type\":\"WebSite\",\"@id\":\"https:\\\/\\\/fyno.pt\\\/#website\",\"url\":\"https:\\\/\\\/fyno.pt\\\/\",\"name\":\"Fyno\",\"description\":\"Not\u00edcia e informa\u00e7\u00e3o\",\"potentialAction\":[{\"@type\":\"SearchAction\",\"target\":{\"@type\":\"EntryPoint\",\"urlTemplate\":\"https:\\\/\\\/fyno.pt\\\/?s={search_term_string}\"},\"query-input\":{\"@type\":\"PropertyValueSpecification\",\"valueRequired\":true,\"valueName\":\"search_term_string\"}}],\"inLanguage\":\"pt-PT\"},{\"@type\":\"Person\",\"@id\":\"https:\\\/\\\/fyno.pt\\\/#\\\/schema\\\/person\\\/ab5b330ed5ed05f1b4a7b8e438f68187\",\"name\":\"Fyno\",\"image\":{\"@type\":\"ImageObject\",\"inLanguage\":\"pt-PT\",\"@id\":\"https:\\\/\\\/fyno.pt\\\/wp-content\\\/litespeed\\\/avatar\\\/8f51870e8d94c234e288da840d914372.jpg?ver=1788205134\",\"url\":\"https:\\\/\\\/fyno.pt\\\/wp-content\\\/litespeed\\\/avatar\\\/8f51870e8d94c234e288da840d914372.jpg?ver=1788205134\",\"contentUrl\":\"https:\\\/\\\/fyno.pt\\\/wp-content\\\/litespeed\\\/avatar\\\/8f51870e8d94c234e288da840d914372.jpg?ver=1788205134\",\"caption\":\"Fyno\"},\"description\":\"A sua fonte de informa\u00e7\u00e3o.\",\"url\":\"https:\\\/\\\/fyno.pt\\\/pt\\\/author\\\/fynopt\\\/\"}]}<\/script>\n<!-- \/ Yoast SEO Premium plugin. -->","yoast_head_json":{"title":"Marinho Braz: a trajet\u00f3ria de quem transformou o ensino do forr\u00f3 em miss\u00e3o cultural - Fyno","robots":{"index":"index","follow":"follow","max-snippet":"max-snippet:-1","max-image-preview":"max-image-preview:large","max-video-preview":"max-video-preview:-1"},"canonical":"https:\/\/fyno.pt\/pt\/entretenimento\/marinho-braz-a-trajetoria-de-quem-transformou-o-ensino-do-forro-em-missao-cultural\/","og_locale":"pt_PT","og_type":"article","og_title":"Marinho Braz: a trajet\u00f3ria de quem transformou o ensino do forr\u00f3 em miss\u00e3o cultural","og_description":"Professor, core\u00f3grafo, pesquisador e escritor, Marinho Braz construiu uma carreira de d\u00e9cadas dedicada \u00e0 dan\u00e7a e \u00e0 preserva\u00e7\u00e3o da cultura do forr\u00f3, levando sua metodologia a diferentes regi\u00f5es do Brasil e ao exterior O forr\u00f3, um dos s\u00edmbolos mais fortes da cultura brasileira, ganhou ao longo das \u00faltimas d\u00e9cadas novos espa\u00e7os, p\u00fablicos e formas de [&hellip;]","og_url":"https:\/\/fyno.pt\/pt\/entretenimento\/marinho-braz-a-trajetoria-de-quem-transformou-o-ensino-do-forro-em-missao-cultural\/","og_site_name":"Fyno","article_published_time":"2026-09-05T14:39:35+00:00","article_modified_time":"2026-09-05T14:39:59+00:00","og_image":[{"width":1280,"height":786,"url":"https:\/\/fyno.pt\/wp-content\/uploads\/2026\/09\/image_editor_output_image-913566985-1788619106494.jpg","type":"image\/jpeg"}],"author":"Fyno","twitter_card":"summary_large_image","twitter_misc":{"Escrito por":"Fyno","Tempo estimado de leitura":"6 minutos"},"schema":{"@context":"https:\/\/schema.org","@graph":[{"@type":"Article","@id":"https:\/\/fyno.pt\/entretenimento\/marinho-braz-a-trajetoria-de-quem-transformou-o-ensino-do-forro-em-missao-cultural\/#article","isPartOf":{"@id":"https:\/\/fyno.pt\/entretenimento\/marinho-braz-a-trajetoria-de-quem-transformou-o-ensino-do-forro-em-missao-cultural\/"},"author":{"name":"Fyno","@id":"https:\/\/fyno.pt\/#\/schema\/person\/ab5b330ed5ed05f1b4a7b8e438f68187"},"headline":"Marinho Braz: a trajet\u00f3ria de quem transformou o ensino do forr\u00f3 em miss\u00e3o cultural","datePublished":"2026-09-05T14:39:35+00:00","dateModified":"2026-09-05T14:39:59+00:00","mainEntityOfPage":{"@id":"https:\/\/fyno.pt\/entretenimento\/marinho-braz-a-trajetoria-de-quem-transformou-o-ensino-do-forro-em-missao-cultural\/"},"wordCount":1270,"commentCount":0,"image":{"@id":"https:\/\/fyno.pt\/entretenimento\/marinho-braz-a-trajetoria-de-quem-transformou-o-ensino-do-forro-em-missao-cultural\/#primaryimage"},"thumbnailUrl":"https:\/\/fyno.pt\/wp-content\/uploads\/2026\/09\/image_editor_output_image-913566985-1788619106494.jpg","keywords":["Academia Brasileira de Forr\u00f3","core\u00f3grafo","cultura brasileira","Cultura Nordestina","dan\u00e7a brasileira","dan\u00e7a de forr\u00f3","Embaixador do Forr\u00f3","Feira de S\u00e3o Crist\u00f3v\u00e3o","forr\u00f3","Forr\u00f3 Cassino","Forr\u00f3 In Rio","forr\u00f3 universit\u00e1rio","Marinho Braz","professor de forr\u00f3","Rio de Janeiro"],"articleSection":["Entretenimento"],"inLanguage":"pt-PT","potentialAction":[{"@type":"CommentAction","name":"Comment","target":["https:\/\/fyno.pt\/entretenimento\/marinho-braz-a-trajetoria-de-quem-transformou-o-ensino-do-forro-em-missao-cultural\/#respond"]}]},{"@type":"WebPage","@id":"https:\/\/fyno.pt\/entretenimento\/marinho-braz-a-trajetoria-de-quem-transformou-o-ensino-do-forro-em-missao-cultural\/","url":"https:\/\/fyno.pt\/entretenimento\/marinho-braz-a-trajetoria-de-quem-transformou-o-ensino-do-forro-em-missao-cultural\/","name":"Marinho Braz: a trajet\u00f3ria de quem transformou o ensino do forr\u00f3 em miss\u00e3o cultural - Fyno","isPartOf":{"@id":"https:\/\/fyno.pt\/#website"},"primaryImageOfPage":{"@id":"https:\/\/fyno.pt\/entretenimento\/marinho-braz-a-trajetoria-de-quem-transformou-o-ensino-do-forro-em-missao-cultural\/#primaryimage"},"image":{"@id":"https:\/\/fyno.pt\/entretenimento\/marinho-braz-a-trajetoria-de-quem-transformou-o-ensino-do-forro-em-missao-cultural\/#primaryimage"},"thumbnailUrl":"https:\/\/fyno.pt\/wp-content\/uploads\/2026\/09\/image_editor_output_image-913566985-1788619106494.jpg","datePublished":"2026-09-05T14:39:35+00:00","dateModified":"2026-09-05T14:39:59+00:00","author":{"@id":"https:\/\/fyno.pt\/#\/schema\/person\/ab5b330ed5ed05f1b4a7b8e438f68187"},"breadcrumb":{"@id":"https:\/\/fyno.pt\/entretenimento\/marinho-braz-a-trajetoria-de-quem-transformou-o-ensino-do-forro-em-missao-cultural\/#breadcrumb"},"inLanguage":"pt-PT","potentialAction":[{"@type":"ReadAction","target":["https:\/\/fyno.pt\/entretenimento\/marinho-braz-a-trajetoria-de-quem-transformou-o-ensino-do-forro-em-missao-cultural\/"]}]},{"@type":"ImageObject","inLanguage":"pt-PT","@id":"https:\/\/fyno.pt\/entretenimento\/marinho-braz-a-trajetoria-de-quem-transformou-o-ensino-do-forro-em-missao-cultural\/#primaryimage","url":"https:\/\/fyno.pt\/wp-content\/uploads\/2026\/09\/image_editor_output_image-913566985-1788619106494.jpg","contentUrl":"https:\/\/fyno.pt\/wp-content\/uploads\/2026\/09\/image_editor_output_image-913566985-1788619106494.jpg","width":1280,"height":786},{"@type":"BreadcrumbList","@id":"https:\/\/fyno.pt\/entretenimento\/marinho-braz-a-trajetoria-de-quem-transformou-o-ensino-do-forro-em-missao-cultural\/#breadcrumb","itemListElement":[{"@type":"ListItem","position":1,"name":"In\u00edcio","item":"https:\/\/fyno.pt\/"},{"@type":"ListItem","position":2,"name":"Marinho Braz: a trajet\u00f3ria de quem transformou o ensino do forr\u00f3 em miss\u00e3o cultural"}]},{"@type":"WebSite","@id":"https:\/\/fyno.pt\/#website","url":"https:\/\/fyno.pt\/","name":"Fyno","description":"Not\u00edcia e informa\u00e7\u00e3o","potentialAction":[{"@type":"SearchAction","target":{"@type":"EntryPoint","urlTemplate":"https:\/\/fyno.pt\/?s={search_term_string}"},"query-input":{"@type":"PropertyValueSpecification","valueRequired":true,"valueName":"search_term_string"}}],"inLanguage":"pt-PT"},{"@type":"Person","@id":"https:\/\/fyno.pt\/#\/schema\/person\/ab5b330ed5ed05f1b4a7b8e438f68187","name":"Fyno","image":{"@type":"ImageObject","inLanguage":"pt-PT","@id":"https:\/\/fyno.pt\/wp-content\/litespeed\/avatar\/8f51870e8d94c234e288da840d914372.jpg?ver=1788205134","url":"https:\/\/fyno.pt\/wp-content\/litespeed\/avatar\/8f51870e8d94c234e288da840d914372.jpg?ver=1788205134","contentUrl":"https:\/\/fyno.pt\/wp-content\/litespeed\/avatar\/8f51870e8d94c234e288da840d914372.jpg?ver=1788205134","caption":"Fyno"},"description":"A sua fonte de informa\u00e7\u00e3o.","url":"https:\/\/fyno.pt\/pt\/author\/fynopt\/"}]}},"_links":{"self":[{"href":"https:\/\/fyno.pt\/pt\/wp-json\/wp\/v2\/posts\/43814","targetHints":{"allow":["GET"]}}],"collection":[{"href":"https:\/\/fyno.pt\/pt\/wp-json\/wp\/v2\/posts"}],"about":[{"href":"https:\/\/fyno.pt\/pt\/wp-json\/wp\/v2\/types\/post"}],"author":[{"embeddable":true,"href":"https:\/\/fyno.pt\/pt\/wp-json\/wp\/v2\/users\/9"}],"replies":[{"embeddable":true,"href":"https:\/\/fyno.pt\/pt\/wp-json\/wp\/v2\/comments?post=43814"}],"version-history":[{"count":1,"href":"https:\/\/fyno.pt\/pt\/wp-json\/wp\/v2\/posts\/43814\/revisions"}],"predecessor-version":[{"id":43815,"href":"https:\/\/fyno.pt\/pt\/wp-json\/wp\/v2\/posts\/43814\/revisions\/43815"}],"wp:featuredmedia":[{"embeddable":true,"href":"https:\/\/fyno.pt\/pt\/wp-json\/wp\/v2\/media\/43812"}],"wp:attachment":[{"href":"https:\/\/fyno.pt\/pt\/wp-json\/wp\/v2\/media?parent=43814"}],"wp:term":[{"taxonomy":"category","embeddable":true,"href":"https:\/\/fyno.pt\/pt\/wp-json\/wp\/v2\/categories?post=43814"},{"taxonomy":"post_tag","embeddable":true,"href":"https:\/\/fyno.pt\/pt\/wp-json\/wp\/v2\/tags?post=43814"}],"curies":[{"name":"wp","href":"https:\/\/api.w.org\/{rel}","templated":true}]}}