{"id":43810,"date":"2026-09-04T18:43:45","date_gmt":"2026-09-04T21:43:45","guid":{"rendered":"https:\/\/fyno.pt\/?p=43810"},"modified":"2026-09-04T18:43:50","modified_gmt":"2026-09-04T21:43:50","slug":"carlos-fareh-fe-empreendedorismo-e-impacto-social-em-uma-trajetoria-que-chegou-a-politica","status":"publish","type":"post","link":"https:\/\/fyno.pt\/pt\/negocios\/carlos-fareh-fe-empreendedorismo-e-impacto-social-em-uma-trajetoria-que-chegou-a-politica\/","title":{"rendered":"Carlos Fareh: f\u00e9, empreendedorismo e impacto social em uma trajet\u00f3ria que chegou \u00e0 pol\u00edtica"},"content":{"rendered":"<h3 class=\"wp-block-heading\"><em>Empres\u00e1rio carioca construiu sua atua\u00e7\u00e3o em diferentes frentes, com projetos voltados \u00e0 juventude, esporte e tecnologia, antes de disputar uma vaga na C\u00e2mara dos Deputados<\/em><\/h3>\n\n\n\n<p>Em um cen\u00e1rio em que empreendedorismo, comunica\u00e7\u00e3o digital e projetos sociais cada vez mais se cruzam, <strong>Carlos Fareh<\/strong> construiu uma trajet\u00f3ria marcada pela atua\u00e7\u00e3o em diferentes \u00e1reas. Empres\u00e1rio carioca, ligado \u00e0 atividade religiosa e a iniciativas sociais, ele tamb\u00e9m passou pelo universo da pol\u00edtica eleitoral e ganhou proje\u00e7\u00e3o por projetos direcionados principalmente a jovens.<\/p>\n\n\n\n<p>Nascido no Rio de Janeiro, Carlos Antonio Ribeiro Pereira&nbsp; nome pelo qual consta em registros eleitorais adotou publicamente o nome Carlos Fareh. Em 2022, aos 26 anos, apresentou-se como empres\u00e1rio e disputou uma cadeira de deputado federal pelo Rio de Janeiro pelo ent\u00e3o PATRIOTA. Sua candidatura foi deferida pela Justi\u00e7a Eleitoral.<\/p>\n\n\n\n<h2 class=\"wp-block-heading\">Do empreendedorismo aos projetos sociais<\/h2>\n\n\n\n<p>A trajet\u00f3ria empresarial de Fareh ganhou visibilidade especialmente por meio da <strong>Eleva<\/strong>, empresa criada em 2017 e que, segundo reportagem do <em>Di\u00e1rio do Rio<\/em>, reunia diferentes frentes de atua\u00e7\u00e3o, entre elas comunica\u00e7\u00e3o visual, marketing, posicionamento digital, tr\u00e1fego pago, branding e gest\u00e3o empresarial.<\/p>\n\n\n\n<p>\u00c0 \u00e9poca, Fareh defendia a transforma\u00e7\u00e3o da companhia em uma sociedade an\u00f4nima de capital fechado, com a proposta de incorporar empresas menores e oferecer estrutura de gest\u00e3o e investimentos para pequenos e m\u00e9dios empreendedores.<\/p>\n\n\n\n<p>Mas foi fora do ambiente corporativo que uma das faces mais conhecidas de sua atua\u00e7\u00e3o ganhou espa\u00e7o: os projetos sociais.<\/p>\n\n\n\n<h2 class=\"wp-block-heading\">Esporte como ferramenta de transforma\u00e7\u00e3o<\/h2>\n\n\n\n<p>Em 2021, reportagens do <em>Lance!<\/em> destacaram o envolvimento de Fareh no apoio a projetos sociais que utilizavam <strong>artes marciais e educa\u00e7\u00e3o<\/strong> como instrumentos de forma\u00e7\u00e3o de crian\u00e7as e adolescentes.<\/p>\n\n\n\n<p>Segundo o ve\u00edculo, as iniciativas apoiadas por empresas ligadas ao empres\u00e1rio alcan\u00e7avam <strong>mais de 700 jovens<\/strong> no Rio de Janeiro, com atividades envolvendo modalidades como boxe, jiu-jitsu, jud\u00f4 e muay thai.<\/p>\n\n\n\n<p>A l\u00f3gica defendida por Fareh era utilizar o esporte n\u00e3o apenas como atividade f\u00edsica, mas como instrumento para desenvolver disciplina, respeito e responsabilidade.<\/p>\n\n\n\n<p>A aposta traduzia uma vis\u00e3o que passou a acompanhar sua comunica\u00e7\u00e3o p\u00fablica: a cria\u00e7\u00e3o de oportunidades para jovens como caminho para reduzir desigualdades e ampliar perspectivas de futuro.<\/p>\n\n\n\n<h2 class=\"wp-block-heading\">A nova fronteira: os esportes eletr\u00f4nicos<\/h2>\n\n\n\n<figure class=\"wp-block-image size-large\"><img fetchpriority=\"high\" decoding=\"async\" width=\"898\" height=\"1024\" src=\"https:\/\/fyno.pt\/wp-content\/uploads\/2026\/09\/image_editor_output_image850002952-17885582132852710196703464800026-898x1024.jpg\" alt=\"\" class=\"wp-image-43809\" srcset=\"https:\/\/fyno.pt\/wp-content\/uploads\/2026\/09\/image_editor_output_image850002952-17885582132852710196703464800026-898x1024.jpg 898w, https:\/\/fyno.pt\/wp-content\/uploads\/2026\/09\/image_editor_output_image850002952-17885582132852710196703464800026-263x300.jpg 263w, https:\/\/fyno.pt\/wp-content\/uploads\/2026\/09\/image_editor_output_image850002952-17885582132852710196703464800026-768x876.jpg 768w, https:\/\/fyno.pt\/wp-content\/uploads\/2026\/09\/image_editor_output_image850002952-17885582132852710196703464800026-11x12.jpg 11w, https:\/\/fyno.pt\/wp-content\/uploads\/2026\/09\/image_editor_output_image850002952-17885582132852710196703464800026-750x855.jpg 750w, https:\/\/fyno.pt\/wp-content\/uploads\/2026\/09\/image_editor_output_image850002952-17885582132852710196703464800026-1140x1300.jpg 1140w, https:\/\/fyno.pt\/wp-content\/uploads\/2026\/09\/image_editor_output_image850002952-17885582132852710196703464800026.jpg 1280w\" sizes=\"(max-width: 898px) 100vw, 898px\" \/><\/figure>\n\n\n\n<p>Em paralelo \u00e0s artes marciais, Fareh tamb\u00e9m voltou sua aten\u00e7\u00e3o para um setor que come\u00e7ava a ganhar espa\u00e7o entre jovens de comunidades: o <strong>e-sports<\/strong>.<\/p>\n\n\n\n<p>Em dezembro de 2021, o <em>Lance!<\/em> publicou reportagem sobre um projeto desenvolvido pelo empres\u00e1rio para buscar talentos em comunidades e oferecer estrutura para pessoas interessadas no universo dos games.<\/p>\n\n\n\n<p>A iniciativa n\u00e3o se limitava aos jogadores. O projeto tamb\u00e9m buscava identificar potenciais profissionais em \u00e1reas como <strong>programa\u00e7\u00e3o de jogos e an\u00e1lise de investimentos<\/strong>, ampliando a perspectiva de que o mercado de games poderia gerar oportunidades profissionais.<\/p>\n\n\n\n<p>A aposta em tecnologia e games se somava, assim, ao trabalho social ligado ao esporte tradicional, formando uma esp\u00e9cie de ponte entre juventude, capacita\u00e7\u00e3o e mercado.<\/p>\n\n\n\n<h2 class=\"wp-block-heading\">A f\u00e9 como parte da identidade p\u00fablica<\/h2>\n\n\n\n<p>Outra dimens\u00e3o importante da imagem constru\u00edda por Carlos Fareh \u00e9 sua atua\u00e7\u00e3o religiosa.<\/p>\n\n\n\n<p>Pastor e produtor de conte\u00fado ligado \u00e0 f\u00e9 crist\u00e3, ele utiliza as redes sociais para publicar mensagens de ora\u00e7\u00e3o, motiva\u00e7\u00e3o e espiritualidade. Atualmente, seu perfil p\u00fablico tamb\u00e9m destaca a atua\u00e7\u00e3o em causas sociais e gest\u00e3o.<\/p>\n\n\n\n<p>Essa combina\u00e7\u00e3o entre f\u00e9, empreendedorismo e a\u00e7\u00e3o social tornou-se uma das marcas de sua comunica\u00e7\u00e3o.<\/p>\n\n\n\n<h2 class=\"wp-block-heading\">Uma passagem pela pol\u00edtica<\/h2>\n\n\n\n<p>Em 2022, Fareh decidiu levar essa experi\u00eancia para o campo eleitoral.<\/p>\n\n\n\n<p>Candidato a deputado federal pelo Rio de Janeiro pelo PATRIOTA, com o n\u00famero <strong>5144<\/strong>, ele recebeu <strong>372 votos<\/strong> no primeiro turno e n\u00e3o foi eleito. Os dados eleitorais est\u00e3o registrados nas bases de apura\u00e7\u00e3o daquele pleito.<\/p>\n\n\n\n<p>Embora a vota\u00e7\u00e3o n\u00e3o tenha sido suficiente para conquistar uma cadeira no Congresso, a candidatura representou uma mudan\u00e7a de patamar em sua trajet\u00f3ria p\u00fablica: pela primeira vez, sua atua\u00e7\u00e3o empresarial e social passou a ser apresentada tamb\u00e9m dentro de um projeto pol\u00edtico.<\/p>\n\n\n\n<h2 class=\"wp-block-heading\">Uma trajet\u00f3ria que segue em constru\u00e7\u00e3o<\/h2>\n\n\n\n<p>Carlos Fareh chega aos \u00faltimos anos consolidando uma imagem p\u00fablica que combina diferentes universos.<\/p>\n\n\n\n<p>De um lado, o <strong>empreendedor<\/strong>, que buscou atuar em gest\u00e3o, marketing e novos mercados. De outro, o <strong>pastor<\/strong>, cuja comunica\u00e7\u00e3o \u00e9 fortemente marcada pela f\u00e9. No campo social, aparece o apoiador de iniciativas voltadas a crian\u00e7as e adolescentes. E, na pol\u00edtica, permanece o registro de uma candidatura que o levou \u00e0s urnas em 2022.<\/p>\n\n\n\n<p>Sua hist\u00f3ria tamb\u00e9m demonstra como novas lideran\u00e7as v\u00eam construindo influ\u00eancia fora dos caminhos tradicionais: utilizando redes sociais, projetos comunit\u00e1rios, empreendedorismo e comunica\u00e7\u00e3o direta com o p\u00fablico.<\/p>\n\n\n\n<p>Mais do que uma trajet\u00f3ria limitada a uma \u00fanica profiss\u00e3o, Fareh construiu uma atua\u00e7\u00e3o multifacetada, transitando entre <strong>neg\u00f3cios, religi\u00e3o, tecnologia, esporte, causas sociais e pol\u00edtica<\/strong>.<\/p>\n\n\n\n<p>\u00c9 justamente essa multiplicidade que ajuda a explicar a presen\u00e7a de Carlos Fareh no debate p\u00fablico e o interesse em torno de sua trajet\u00f3ria.<\/p>","protected":false},"excerpt":{"rendered":"<p>Empres\u00e1rio carioca construiu sua atua\u00e7\u00e3o em diferentes frentes, com projetos voltados \u00e0 juventude, esporte e tecnologia, antes de disputar uma vaga na C\u00e2mara dos Deputados Em um cen\u00e1rio em que empreendedorismo, comunica\u00e7\u00e3o digital e projetos sociais cada vez mais se cruzam, Carlos Fareh construiu uma trajet\u00f3ria marcada pela atua\u00e7\u00e3o em diferentes \u00e1reas. Empres\u00e1rio carioca, ligado [&hellip;]<\/p>\n","protected":false},"author":9,"featured_media":43808,"comment_status":"open","ping_status":"open","sticky":false,"template":"","format":"standard","meta":{"footnotes":""},"categories":[559],"tags":[],"class_list":["post-43810","post","type-post","status-publish","format-standard","has-post-thumbnail","hentry","category-negocios"],"yoast_head":"<!-- This site is optimized with the Yoast SEO Premium plugin v27.9 (Yoast SEO v27.9) - https:\/\/yoast.com\/product\/yoast-seo-premium-wordpress\/ -->\n<title>Carlos Fareh: f\u00e9, empreendedorismo e impacto social em uma trajet\u00f3ria que chegou \u00e0 pol\u00edtica - Fyno<\/title>\n<meta name=\"robots\" content=\"index, follow, max-snippet:-1, max-image-preview:large, max-video-preview:-1\" \/>\n<link rel=\"canonical\" href=\"https:\/\/fyno.pt\/pt\/negocios\/carlos-fareh-fe-empreendedorismo-e-impacto-social-em-uma-trajetoria-que-chegou-a-politica\/\" \/>\n<meta property=\"og:locale\" content=\"pt_PT\" \/>\n<meta property=\"og:type\" content=\"article\" \/>\n<meta property=\"og:title\" content=\"Carlos Fareh: f\u00e9, empreendedorismo e impacto social em uma trajet\u00f3ria que chegou \u00e0 pol\u00edtica\" \/>\n<meta property=\"og:description\" content=\"Empres\u00e1rio carioca construiu sua atua\u00e7\u00e3o em diferentes frentes, com projetos voltados \u00e0 juventude, esporte e tecnologia, antes de disputar uma vaga na C\u00e2mara dos Deputados Em um cen\u00e1rio em que empreendedorismo, comunica\u00e7\u00e3o digital e projetos sociais cada vez mais se cruzam, Carlos Fareh construiu uma trajet\u00f3ria marcada pela atua\u00e7\u00e3o em diferentes \u00e1reas. Empres\u00e1rio carioca, ligado [&hellip;]\" \/>\n<meta property=\"og:url\" content=\"https:\/\/fyno.pt\/pt\/negocios\/carlos-fareh-fe-empreendedorismo-e-impacto-social-em-uma-trajetoria-que-chegou-a-politica\/\" \/>\n<meta property=\"og:site_name\" content=\"Fyno\" \/>\n<meta property=\"article:published_time\" content=\"2026-09-04T21:43:45+00:00\" \/>\n<meta property=\"article:modified_time\" content=\"2026-09-04T21:43:50+00:00\" \/>\n<meta property=\"og:image\" content=\"https:\/\/fyno.pt\/wp-content\/uploads\/2026\/09\/image_editor_output_image850002952-1788558184741.jpg\" \/>\n\t<meta property=\"og:image:width\" content=\"1280\" \/>\n\t<meta property=\"og:image:height\" content=\"683\" \/>\n\t<meta property=\"og:image:type\" content=\"image\/jpeg\" \/>\n<meta name=\"author\" content=\"Fyno\" \/>\n<meta name=\"twitter:card\" content=\"summary_large_image\" \/>\n<meta name=\"twitter:label1\" content=\"Escrito por\" \/>\n\t<meta name=\"twitter:data1\" content=\"Fyno\" \/>\n\t<meta name=\"twitter:label2\" content=\"Tempo estimado de leitura\" \/>\n\t<meta name=\"twitter:data2\" content=\"4 minutos\" \/>\n<script type=\"application\/ld+json\" class=\"yoast-schema-graph\">{\"@context\":\"https:\\\/\\\/schema.org\",\"@graph\":[{\"@type\":\"Article\",\"@id\":\"https:\\\/\\\/fyno.pt\\\/negocios\\\/carlos-fareh-fe-empreendedorismo-e-impacto-social-em-uma-trajetoria-que-chegou-a-politica\\\/#article\",\"isPartOf\":{\"@id\":\"https:\\\/\\\/fyno.pt\\\/negocios\\\/carlos-fareh-fe-empreendedorismo-e-impacto-social-em-uma-trajetoria-que-chegou-a-politica\\\/\"},\"author\":{\"name\":\"Fyno\",\"@id\":\"https:\\\/\\\/fyno.pt\\\/#\\\/schema\\\/person\\\/ab5b330ed5ed05f1b4a7b8e438f68187\"},\"headline\":\"Carlos Fareh: f\u00e9, empreendedorismo e impacto social em uma trajet\u00f3ria que chegou \u00e0 pol\u00edtica\",\"datePublished\":\"2026-09-04T21:43:45+00:00\",\"dateModified\":\"2026-09-04T21:43:50+00:00\",\"mainEntityOfPage\":{\"@id\":\"https:\\\/\\\/fyno.pt\\\/negocios\\\/carlos-fareh-fe-empreendedorismo-e-impacto-social-em-uma-trajetoria-que-chegou-a-politica\\\/\"},\"wordCount\":884,\"commentCount\":0,\"image\":{\"@id\":\"https:\\\/\\\/fyno.pt\\\/negocios\\\/carlos-fareh-fe-empreendedorismo-e-impacto-social-em-uma-trajetoria-que-chegou-a-politica\\\/#primaryimage\"},\"thumbnailUrl\":\"https:\\\/\\\/fyno.pt\\\/wp-content\\\/uploads\\\/2026\\\/09\\\/image_editor_output_image850002952-1788558184741.jpg\",\"articleSection\":[\"Neg\u00f3cios\"],\"inLanguage\":\"pt-PT\",\"potentialAction\":[{\"@type\":\"CommentAction\",\"name\":\"Comment\",\"target\":[\"https:\\\/\\\/fyno.pt\\\/negocios\\\/carlos-fareh-fe-empreendedorismo-e-impacto-social-em-uma-trajetoria-que-chegou-a-politica\\\/#respond\"]}]},{\"@type\":\"WebPage\",\"@id\":\"https:\\\/\\\/fyno.pt\\\/negocios\\\/carlos-fareh-fe-empreendedorismo-e-impacto-social-em-uma-trajetoria-que-chegou-a-politica\\\/\",\"url\":\"https:\\\/\\\/fyno.pt\\\/negocios\\\/carlos-fareh-fe-empreendedorismo-e-impacto-social-em-uma-trajetoria-que-chegou-a-politica\\\/\",\"name\":\"Carlos Fareh: f\u00e9, empreendedorismo e impacto social em uma trajet\u00f3ria que chegou \u00e0 pol\u00edtica - Fyno\",\"isPartOf\":{\"@id\":\"https:\\\/\\\/fyno.pt\\\/#website\"},\"primaryImageOfPage\":{\"@id\":\"https:\\\/\\\/fyno.pt\\\/negocios\\\/carlos-fareh-fe-empreendedorismo-e-impacto-social-em-uma-trajetoria-que-chegou-a-politica\\\/#primaryimage\"},\"image\":{\"@id\":\"https:\\\/\\\/fyno.pt\\\/negocios\\\/carlos-fareh-fe-empreendedorismo-e-impacto-social-em-uma-trajetoria-que-chegou-a-politica\\\/#primaryimage\"},\"thumbnailUrl\":\"https:\\\/\\\/fyno.pt\\\/wp-content\\\/uploads\\\/2026\\\/09\\\/image_editor_output_image850002952-1788558184741.jpg\",\"datePublished\":\"2026-09-04T21:43:45+00:00\",\"dateModified\":\"2026-09-04T21:43:50+00:00\",\"author\":{\"@id\":\"https:\\\/\\\/fyno.pt\\\/#\\\/schema\\\/person\\\/ab5b330ed5ed05f1b4a7b8e438f68187\"},\"breadcrumb\":{\"@id\":\"https:\\\/\\\/fyno.pt\\\/negocios\\\/carlos-fareh-fe-empreendedorismo-e-impacto-social-em-uma-trajetoria-que-chegou-a-politica\\\/#breadcrumb\"},\"inLanguage\":\"pt-PT\",\"potentialAction\":[{\"@type\":\"ReadAction\",\"target\":[\"https:\\\/\\\/fyno.pt\\\/negocios\\\/carlos-fareh-fe-empreendedorismo-e-impacto-social-em-uma-trajetoria-que-chegou-a-politica\\\/\"]}]},{\"@type\":\"ImageObject\",\"inLanguage\":\"pt-PT\",\"@id\":\"https:\\\/\\\/fyno.pt\\\/negocios\\\/carlos-fareh-fe-empreendedorismo-e-impacto-social-em-uma-trajetoria-que-chegou-a-politica\\\/#primaryimage\",\"url\":\"https:\\\/\\\/fyno.pt\\\/wp-content\\\/uploads\\\/2026\\\/09\\\/image_editor_output_image850002952-1788558184741.jpg\",\"contentUrl\":\"https:\\\/\\\/fyno.pt\\\/wp-content\\\/uploads\\\/2026\\\/09\\\/image_editor_output_image850002952-1788558184741.jpg\",\"width\":1280,\"height\":683},{\"@type\":\"BreadcrumbList\",\"@id\":\"https:\\\/\\\/fyno.pt\\\/negocios\\\/carlos-fareh-fe-empreendedorismo-e-impacto-social-em-uma-trajetoria-que-chegou-a-politica\\\/#breadcrumb\",\"itemListElement\":[{\"@type\":\"ListItem\",\"position\":1,\"name\":\"In\u00edcio\",\"item\":\"https:\\\/\\\/fyno.pt\\\/\"},{\"@type\":\"ListItem\",\"position\":2,\"name\":\"Carlos Fareh: f\u00e9, empreendedorismo e impacto social em uma trajet\u00f3ria que chegou \u00e0 pol\u00edtica\"}]},{\"@type\":\"WebSite\",\"@id\":\"https:\\\/\\\/fyno.pt\\\/#website\",\"url\":\"https:\\\/\\\/fyno.pt\\\/\",\"name\":\"Fyno\",\"description\":\"Not\u00edcia e informa\u00e7\u00e3o\",\"potentialAction\":[{\"@type\":\"SearchAction\",\"target\":{\"@type\":\"EntryPoint\",\"urlTemplate\":\"https:\\\/\\\/fyno.pt\\\/?s={search_term_string}\"},\"query-input\":{\"@type\":\"PropertyValueSpecification\",\"valueRequired\":true,\"valueName\":\"search_term_string\"}}],\"inLanguage\":\"pt-PT\"},{\"@type\":\"Person\",\"@id\":\"https:\\\/\\\/fyno.pt\\\/#\\\/schema\\\/person\\\/ab5b330ed5ed05f1b4a7b8e438f68187\",\"name\":\"Fyno\",\"image\":{\"@type\":\"ImageObject\",\"inLanguage\":\"pt-PT\",\"@id\":\"https:\\\/\\\/fyno.pt\\\/wp-content\\\/litespeed\\\/avatar\\\/8f51870e8d94c234e288da840d914372.jpg?ver=1788205134\",\"url\":\"https:\\\/\\\/fyno.pt\\\/wp-content\\\/litespeed\\\/avatar\\\/8f51870e8d94c234e288da840d914372.jpg?ver=1788205134\",\"contentUrl\":\"https:\\\/\\\/fyno.pt\\\/wp-content\\\/litespeed\\\/avatar\\\/8f51870e8d94c234e288da840d914372.jpg?ver=1788205134\",\"caption\":\"Fyno\"},\"description\":\"A sua fonte de informa\u00e7\u00e3o.\",\"url\":\"https:\\\/\\\/fyno.pt\\\/pt\\\/author\\\/fynopt\\\/\"}]}<\/script>\n<!-- \/ Yoast SEO Premium plugin. -->","yoast_head_json":{"title":"Carlos Fareh: f\u00e9, empreendedorismo e impacto social em uma trajet\u00f3ria que chegou \u00e0 pol\u00edtica - Fyno","robots":{"index":"index","follow":"follow","max-snippet":"max-snippet:-1","max-image-preview":"max-image-preview:large","max-video-preview":"max-video-preview:-1"},"canonical":"https:\/\/fyno.pt\/pt\/negocios\/carlos-fareh-fe-empreendedorismo-e-impacto-social-em-uma-trajetoria-que-chegou-a-politica\/","og_locale":"pt_PT","og_type":"article","og_title":"Carlos Fareh: f\u00e9, empreendedorismo e impacto social em uma trajet\u00f3ria que chegou \u00e0 pol\u00edtica","og_description":"Empres\u00e1rio carioca construiu sua atua\u00e7\u00e3o em diferentes frentes, com projetos voltados \u00e0 juventude, esporte e tecnologia, antes de disputar uma vaga na C\u00e2mara dos Deputados Em um cen\u00e1rio em que empreendedorismo, comunica\u00e7\u00e3o digital e projetos sociais cada vez mais se cruzam, Carlos Fareh construiu uma trajet\u00f3ria marcada pela atua\u00e7\u00e3o em diferentes \u00e1reas. Empres\u00e1rio carioca, ligado [&hellip;]","og_url":"https:\/\/fyno.pt\/pt\/negocios\/carlos-fareh-fe-empreendedorismo-e-impacto-social-em-uma-trajetoria-que-chegou-a-politica\/","og_site_name":"Fyno","article_published_time":"2026-09-04T21:43:45+00:00","article_modified_time":"2026-09-04T21:43:50+00:00","og_image":[{"width":1280,"height":683,"url":"https:\/\/fyno.pt\/wp-content\/uploads\/2026\/09\/image_editor_output_image850002952-1788558184741.jpg","type":"image\/jpeg"}],"author":"Fyno","twitter_card":"summary_large_image","twitter_misc":{"Escrito por":"Fyno","Tempo estimado de leitura":"4 minutos"},"schema":{"@context":"https:\/\/schema.org","@graph":[{"@type":"Article","@id":"https:\/\/fyno.pt\/negocios\/carlos-fareh-fe-empreendedorismo-e-impacto-social-em-uma-trajetoria-que-chegou-a-politica\/#article","isPartOf":{"@id":"https:\/\/fyno.pt\/negocios\/carlos-fareh-fe-empreendedorismo-e-impacto-social-em-uma-trajetoria-que-chegou-a-politica\/"},"author":{"name":"Fyno","@id":"https:\/\/fyno.pt\/#\/schema\/person\/ab5b330ed5ed05f1b4a7b8e438f68187"},"headline":"Carlos Fareh: f\u00e9, empreendedorismo e impacto social em uma trajet\u00f3ria que chegou \u00e0 pol\u00edtica","datePublished":"2026-09-04T21:43:45+00:00","dateModified":"2026-09-04T21:43:50+00:00","mainEntityOfPage":{"@id":"https:\/\/fyno.pt\/negocios\/carlos-fareh-fe-empreendedorismo-e-impacto-social-em-uma-trajetoria-que-chegou-a-politica\/"},"wordCount":884,"commentCount":0,"image":{"@id":"https:\/\/fyno.pt\/negocios\/carlos-fareh-fe-empreendedorismo-e-impacto-social-em-uma-trajetoria-que-chegou-a-politica\/#primaryimage"},"thumbnailUrl":"https:\/\/fyno.pt\/wp-content\/uploads\/2026\/09\/image_editor_output_image850002952-1788558184741.jpg","articleSection":["Neg\u00f3cios"],"inLanguage":"pt-PT","potentialAction":[{"@type":"CommentAction","name":"Comment","target":["https:\/\/fyno.pt\/negocios\/carlos-fareh-fe-empreendedorismo-e-impacto-social-em-uma-trajetoria-que-chegou-a-politica\/#respond"]}]},{"@type":"WebPage","@id":"https:\/\/fyno.pt\/negocios\/carlos-fareh-fe-empreendedorismo-e-impacto-social-em-uma-trajetoria-que-chegou-a-politica\/","url":"https:\/\/fyno.pt\/negocios\/carlos-fareh-fe-empreendedorismo-e-impacto-social-em-uma-trajetoria-que-chegou-a-politica\/","name":"Carlos Fareh: f\u00e9, empreendedorismo e impacto social em uma trajet\u00f3ria que chegou \u00e0 pol\u00edtica - Fyno","isPartOf":{"@id":"https:\/\/fyno.pt\/#website"},"primaryImageOfPage":{"@id":"https:\/\/fyno.pt\/negocios\/carlos-fareh-fe-empreendedorismo-e-impacto-social-em-uma-trajetoria-que-chegou-a-politica\/#primaryimage"},"image":{"@id":"https:\/\/fyno.pt\/negocios\/carlos-fareh-fe-empreendedorismo-e-impacto-social-em-uma-trajetoria-que-chegou-a-politica\/#primaryimage"},"thumbnailUrl":"https:\/\/fyno.pt\/wp-content\/uploads\/2026\/09\/image_editor_output_image850002952-1788558184741.jpg","datePublished":"2026-09-04T21:43:45+00:00","dateModified":"2026-09-04T21:43:50+00:00","author":{"@id":"https:\/\/fyno.pt\/#\/schema\/person\/ab5b330ed5ed05f1b4a7b8e438f68187"},"breadcrumb":{"@id":"https:\/\/fyno.pt\/negocios\/carlos-fareh-fe-empreendedorismo-e-impacto-social-em-uma-trajetoria-que-chegou-a-politica\/#breadcrumb"},"inLanguage":"pt-PT","potentialAction":[{"@type":"ReadAction","target":["https:\/\/fyno.pt\/negocios\/carlos-fareh-fe-empreendedorismo-e-impacto-social-em-uma-trajetoria-que-chegou-a-politica\/"]}]},{"@type":"ImageObject","inLanguage":"pt-PT","@id":"https:\/\/fyno.pt\/negocios\/carlos-fareh-fe-empreendedorismo-e-impacto-social-em-uma-trajetoria-que-chegou-a-politica\/#primaryimage","url":"https:\/\/fyno.pt\/wp-content\/uploads\/2026\/09\/image_editor_output_image850002952-1788558184741.jpg","contentUrl":"https:\/\/fyno.pt\/wp-content\/uploads\/2026\/09\/image_editor_output_image850002952-1788558184741.jpg","width":1280,"height":683},{"@type":"BreadcrumbList","@id":"https:\/\/fyno.pt\/negocios\/carlos-fareh-fe-empreendedorismo-e-impacto-social-em-uma-trajetoria-que-chegou-a-politica\/#breadcrumb","itemListElement":[{"@type":"ListItem","position":1,"name":"In\u00edcio","item":"https:\/\/fyno.pt\/"},{"@type":"ListItem","position":2,"name":"Carlos Fareh: f\u00e9, empreendedorismo e impacto social em uma trajet\u00f3ria que chegou \u00e0 pol\u00edtica"}]},{"@type":"WebSite","@id":"https:\/\/fyno.pt\/#website","url":"https:\/\/fyno.pt\/","name":"Fyno","description":"Not\u00edcia e informa\u00e7\u00e3o","potentialAction":[{"@type":"SearchAction","target":{"@type":"EntryPoint","urlTemplate":"https:\/\/fyno.pt\/?s={search_term_string}"},"query-input":{"@type":"PropertyValueSpecification","valueRequired":true,"valueName":"search_term_string"}}],"inLanguage":"pt-PT"},{"@type":"Person","@id":"https:\/\/fyno.pt\/#\/schema\/person\/ab5b330ed5ed05f1b4a7b8e438f68187","name":"Fyno","image":{"@type":"ImageObject","inLanguage":"pt-PT","@id":"https:\/\/fyno.pt\/wp-content\/litespeed\/avatar\/8f51870e8d94c234e288da840d914372.jpg?ver=1788205134","url":"https:\/\/fyno.pt\/wp-content\/litespeed\/avatar\/8f51870e8d94c234e288da840d914372.jpg?ver=1788205134","contentUrl":"https:\/\/fyno.pt\/wp-content\/litespeed\/avatar\/8f51870e8d94c234e288da840d914372.jpg?ver=1788205134","caption":"Fyno"},"description":"A sua fonte de informa\u00e7\u00e3o.","url":"https:\/\/fyno.pt\/pt\/author\/fynopt\/"}]}},"_links":{"self":[{"href":"https:\/\/fyno.pt\/pt\/wp-json\/wp\/v2\/posts\/43810","targetHints":{"allow":["GET"]}}],"collection":[{"href":"https:\/\/fyno.pt\/pt\/wp-json\/wp\/v2\/posts"}],"about":[{"href":"https:\/\/fyno.pt\/pt\/wp-json\/wp\/v2\/types\/post"}],"author":[{"embeddable":true,"href":"https:\/\/fyno.pt\/pt\/wp-json\/wp\/v2\/users\/9"}],"replies":[{"embeddable":true,"href":"https:\/\/fyno.pt\/pt\/wp-json\/wp\/v2\/comments?post=43810"}],"version-history":[{"count":1,"href":"https:\/\/fyno.pt\/pt\/wp-json\/wp\/v2\/posts\/43810\/revisions"}],"predecessor-version":[{"id":43811,"href":"https:\/\/fyno.pt\/pt\/wp-json\/wp\/v2\/posts\/43810\/revisions\/43811"}],"wp:featuredmedia":[{"embeddable":true,"href":"https:\/\/fyno.pt\/pt\/wp-json\/wp\/v2\/media\/43808"}],"wp:attachment":[{"href":"https:\/\/fyno.pt\/pt\/wp-json\/wp\/v2\/media?parent=43810"}],"wp:term":[{"taxonomy":"category","embeddable":true,"href":"https:\/\/fyno.pt\/pt\/wp-json\/wp\/v2\/categories?post=43810"},{"taxonomy":"post_tag","embeddable":true,"href":"https:\/\/fyno.pt\/pt\/wp-json\/wp\/v2\/tags?post=43810"}],"curies":[{"name":"wp","href":"https:\/\/api.w.org\/{rel}","templated":true}]}}