{"id":43806,"date":"2026-09-04T10:09:59","date_gmt":"2026-09-04T13:09:59","guid":{"rendered":"https:\/\/fyno.pt\/?p=43806"},"modified":"2026-09-04T10:10:28","modified_gmt":"2026-09-04T13:10:28","slug":"geraldo-rocha-leva-quebrando-correntes-a-28a-bienal-do-livro-de-sao-paulo","status":"publish","type":"post","link":"https:\/\/fyno.pt\/pt\/papo-com-artista\/geraldo-rocha-leva-quebrando-correntes-a-28a-bienal-do-livro-de-sao-paulo\/","title":{"rendered":"Geraldo Rocha leva \u201cQuebrando Correntes\u201d \u00e0 28\u00aa Bienal do Livro de S\u00e3o Paulo"},"content":{"rendered":"<h3 class=\"wp-block-heading\"><em>Escritor goiano estar\u00e1 nos dias 10 e 11 de setembro no estande da Editora Novo S\u00e9culo, em um dos maiores encontros liter\u00e1rios do pa\u00eds<\/em><\/h3>\n\n\n\n<p>O escritor <strong>Geraldo Rocha<\/strong> prepara um encontro especial com leitores durante a <strong>28\u00aa Bienal Internacional do Livro de S\u00e3o Paulo<\/strong>. Nos dias <strong>10 e 11 de setembro<\/strong>, o autor estar\u00e1 no estande da <strong>Editora Novo S\u00e9culo<\/strong>, no Distrito Anhembi, para apresentar e autografar seu novo livro, <strong>\u201cQuebrando Correntes\u201d<\/strong>.<\/p>\n\n\n\n<p>A participa\u00e7\u00e3o acontece em uma edi\u00e7\u00e3o hist\u00f3rica da Bienal. Realizado de 4 a 13 de setembro de 2026, o evento re\u00fane <strong>269 expositores, cerca de 350 autores nacionais e internacionais e expectativa de mais de 700 mil visitantes<\/strong>, consolidando-se como um dos principais encontros liter\u00e1rios da Am\u00e9rica Latina.<\/p>\n\n\n\n<h2 class=\"wp-block-heading\">Um convite direto aos leitores<\/h2>\n\n\n\n<figure class=\"wp-block-image size-large\"><img fetchpriority=\"high\" decoding=\"async\" width=\"473\" height=\"602\" src=\"https:\/\/fyno.pt\/wp-content\/uploads\/2026\/09\/image_editor_output_image-478218080-17885273898314728331280691543083.jpg\" alt=\"\" class=\"wp-image-43805\" srcset=\"https:\/\/fyno.pt\/wp-content\/uploads\/2026\/09\/image_editor_output_image-478218080-17885273898314728331280691543083.jpg 473w, https:\/\/fyno.pt\/wp-content\/uploads\/2026\/09\/image_editor_output_image-478218080-17885273898314728331280691543083-236x300.jpg 236w, https:\/\/fyno.pt\/wp-content\/uploads\/2026\/09\/image_editor_output_image-478218080-17885273898314728331280691543083-9x12.jpg 9w\" sizes=\"(max-width: 473px) 100vw, 473px\" \/><\/figure>\n\n\n\n<p>Em publica\u00e7\u00e3o nas redes sociais, Geraldo Rocha convidou o p\u00fablico a encontr\u00e1-lo pessoalmente durante os dois dias de participa\u00e7\u00e3o na feira.<\/p>\n\n\n\n<p>A presen\u00e7a do escritor no evento representa uma oportunidade para leitores conhecerem de perto seu trabalho mais recente e conversarem diretamente com o autor sobre uma obra que mergulha em temas como <strong>f\u00e9, coragem, conhecimento, resili\u00eancia e supera\u00e7\u00e3o<\/strong>.<\/p>\n\n\n\n<p>\u201c<strong>Quebrando Correntes<\/strong>\u201d foi lan\u00e7ado em janeiro de 2026 e integra uma produ\u00e7\u00e3o liter\u00e1ria que j\u00e1 percorreu diferentes g\u00eaneros e propostas narrativas. No livro, Geraldo parte da ideia de que todos carregamos \u201ccorrentes invis\u00edveis\u201d \u2014 como medos, cren\u00e7as e limita\u00e7\u00f5es \u2014 capazes de impedir mudan\u00e7as e novos caminhos.<\/p>\n\n\n\n<h2 class=\"wp-block-heading\">Uma obra sobre transforma\u00e7\u00e3o<\/h2>\n\n\n\n<p>Publicado pela <strong>Novo S\u00e9culo<\/strong>, o livro possui 216 p\u00e1ginas e apresenta uma abordagem voltada \u00e0 reflex\u00e3o e ao desenvolvimento pessoal. A narrativa prop\u00f5e ao leitor uma reflex\u00e3o sobre a maneira como enfrenta obst\u00e1culos e toma decis\u00f5es diante das adversidades.<\/p>\n\n\n\n<p>A obra trabalha conceitos como <strong>supera\u00e7\u00e3o de limites internos, f\u00e9, prop\u00f3sito, motiva\u00e7\u00e3o e resili\u00eancia emocional<\/strong>, aproximando literatura e experi\u00eancias de vida.<\/p>\n\n\n\n<p>Para Geraldo, a publica\u00e7\u00e3o tamb\u00e9m representa uma nova etapa em sua trajet\u00f3ria como escritor.<\/p>\n\n\n\n<h2 class=\"wp-block-heading\">Uma carreira constru\u00edda entre diferentes hist\u00f3rias<\/h2>\n\n\n\n<p>Natural de <strong>Crix\u00e1s, em Goi\u00e1s<\/strong>, Geraldo Rocha \u00e9 advogado, empres\u00e1rio e escritor. Sua produ\u00e7\u00e3o liter\u00e1ria re\u00fane romances, fic\u00e7\u00e3o cient\u00edfica, investiga\u00e7\u00e3o e obras de reflex\u00e3o.<\/p>\n\n\n\n<p>Entre seus livros est\u00e3o <strong>\u201cO Mirante da Montanha\u201d<\/strong>, <strong>\u201cPerfume de Lavanda\u201d<\/strong>, <strong>\u201cChamas da Maldade\u201d<\/strong>, <strong>\u201cAs 7 Vidas do Capuccino\u201d<\/strong>, <strong>\u201cIrm\u00e3os das Estrelas\u201d<\/strong>, <strong>\u201cEncruzylhadas\u201d<\/strong>, <strong>\u201cJack Douglas: O Roubo do Busto\u201d<\/strong> e, agora, <strong>\u201cQuebrando Correntes\u201d<\/strong>.<\/p>\n\n\n\n<p>Um dos momentos de maior destaque de sua carreira liter\u00e1ria aconteceu com <strong>\u201cEncruzylhadas\u201d<\/strong>, obra vencedora do <strong>Pr\u00eamio Hugo de Carvalho Ramos de 2022<\/strong>, tradicional reconhecimento da literatura goiana.<\/p>\n\n\n\n<h2 class=\"wp-block-heading\">Presen\u00e7a em uma Bienal que re\u00fane grandes nomes<\/h2>\n\n\n\n<p>A participa\u00e7\u00e3o de Geraldo acontece em uma edi\u00e7\u00e3o especialmente expressiva da Bienal de S\u00e3o Paulo. Com o conceito <strong>\u201cUm Festival de Emo\u00e7\u00f5es\u201d<\/strong>, a edi\u00e7\u00e3o de 2026 amplia a programa\u00e7\u00e3o cultural e re\u00fane autores, editoras e leitores em 11 espa\u00e7os tem\u00e1ticos. A <strong>Espanha \u00e9 o pa\u00eds convidado de honra<\/strong>.<\/p>\n\n\n\n<p>Nesse cen\u00e1rio, estar presente no estande da Novo S\u00e9culo coloca \u201cQuebrando Correntes\u201d em contato direto com um p\u00fablico formado por leitores de diferentes regi\u00f5es do pa\u00eds.<\/p>\n\n\n\n<h2 class=\"wp-block-heading\">Encontro marcado com o p\u00fablico<\/h2>\n\n\n\n<p>Mais do que uma sess\u00e3o de aut\u00f3grafos, a presen\u00e7a de Geraldo Rocha na Bienal representa um momento de aproxima\u00e7\u00e3o entre autor e leitor.<\/p>\n\n\n\n<p>Nos dias <strong>10 e 11 de setembro<\/strong>, quem passar pelo estande da <strong>Editora Novo S\u00e9culo<\/strong> poder\u00e1 encontrar o escritor, conhecer seu novo trabalho e levar para casa uma edi\u00e7\u00e3o autografada de <em>Quebrando Correntes<\/em>.<\/p>\n\n\n\n<p>A programa\u00e7\u00e3o refor\u00e7a uma caracter\u00edstica que acompanha a trajet\u00f3ria de Geraldo: <strong>transformar experi\u00eancias, observa\u00e7\u00f5es e reflex\u00f5es sobre a vida em hist\u00f3rias capazes de dialogar com diferentes p\u00fablicos<\/strong>.<\/p>\n\n\n\n<p>E, desta vez, essa conversa acontece em um dos maiores palcos da literatura brasileira.<\/p>\n\n\n\n<p><em><strong>Geraldo Rocha tem encontro marcado com os leitores na 28\u00aa Bienal Internacional do Livro de S\u00e3o Paulo<\/strong><\/em><em>.<\/em><\/p>","protected":false},"excerpt":{"rendered":"<p>Escritor goiano estar\u00e1 nos dias 10 e 11 de setembro no estande da Editora Novo S\u00e9culo, em um dos maiores encontros liter\u00e1rios do pa\u00eds O escritor Geraldo Rocha prepara um encontro especial com leitores durante a 28\u00aa Bienal Internacional do Livro de S\u00e3o Paulo. Nos dias 10 e 11 de setembro, o autor estar\u00e1 no [&hellip;]<\/p>\n","protected":false},"author":9,"featured_media":43803,"comment_status":"open","ping_status":"open","sticky":false,"template":"","format":"standard","meta":{"footnotes":""},"categories":[754],"tags":[2275,2282,2276,2294,2292,780,971,2277,2278,2280,2288,2286,2291,2285,749,2284,2279,2289,2281,2283,2274,2290,441,2287,1289,2293],"class_list":["post-43806","post","type-post","status-publish","format-standard","has-post-thumbnail","hentry","category-papo-com-artista","tag-28a-bienal-do-livro-de-sao-paulo","tag-autores-brasileiros","tag-bienal-do-livro-2026","tag-bienal-internacional-do-livro","tag-conhecimento","tag-cultura-brasileira","tag-desenvolvimento-pessoal","tag-editora-novo-seculo","tag-escritor-brasileiro","tag-escritor-goiano","tag-escritores-contemporaneos","tag-evento-literario","tag-fe-e-motivacao","tag-feira-literaria","tag-geraldo-rocha","tag-lancamento-literario","tag-literatura-brasileira","tag-literatura-contemporanea","tag-literatura-goiana","tag-livros-brasileiros","tag-quebrando-correntes","tag-resiliencia","tag-sao-paulo","tag-sessao-de-autografos","tag-superacao","tag-transformacao-pessoal"],"yoast_head":"<!-- This site is optimized with the Yoast SEO Premium plugin v27.9 (Yoast SEO v27.9) - https:\/\/yoast.com\/product\/yoast-seo-premium-wordpress\/ -->\n<title>Geraldo Rocha leva \u201cQuebrando Correntes\u201d \u00e0 28\u00aa Bienal do Livro de S\u00e3o Paulo - Fyno<\/title>\n<meta name=\"robots\" content=\"index, follow, max-snippet:-1, max-image-preview:large, max-video-preview:-1\" \/>\n<link rel=\"canonical\" href=\"https:\/\/fyno.pt\/pt\/papo-com-artista\/geraldo-rocha-leva-quebrando-correntes-a-28a-bienal-do-livro-de-sao-paulo\/\" \/>\n<meta property=\"og:locale\" content=\"pt_PT\" \/>\n<meta property=\"og:type\" content=\"article\" \/>\n<meta property=\"og:title\" content=\"Geraldo Rocha leva \u201cQuebrando Correntes\u201d \u00e0 28\u00aa Bienal do Livro de S\u00e3o Paulo\" \/>\n<meta property=\"og:description\" content=\"Escritor goiano estar\u00e1 nos dias 10 e 11 de setembro no estande da Editora Novo S\u00e9culo, em um dos maiores encontros liter\u00e1rios do pa\u00eds O escritor Geraldo Rocha prepara um encontro especial com leitores durante a 28\u00aa Bienal Internacional do Livro de S\u00e3o Paulo. Nos dias 10 e 11 de setembro, o autor estar\u00e1 no [&hellip;]\" \/>\n<meta property=\"og:url\" content=\"https:\/\/fyno.pt\/pt\/papo-com-artista\/geraldo-rocha-leva-quebrando-correntes-a-28a-bienal-do-livro-de-sao-paulo\/\" \/>\n<meta property=\"og:site_name\" content=\"Fyno\" \/>\n<meta property=\"article:published_time\" content=\"2026-09-04T13:09:59+00:00\" \/>\n<meta property=\"article:modified_time\" content=\"2026-09-04T13:10:28+00:00\" \/>\n<meta property=\"og:image\" content=\"https:\/\/fyno.pt\/wp-content\/uploads\/2026\/09\/image_editor_output_image368255613-1788527354540.jpg\" \/>\n\t<meta property=\"og:image:width\" content=\"1096\" \/>\n\t<meta property=\"og:image:height\" content=\"645\" \/>\n\t<meta property=\"og:image:type\" content=\"image\/jpeg\" \/>\n<meta name=\"author\" content=\"Fyno\" \/>\n<meta name=\"twitter:card\" content=\"summary_large_image\" \/>\n<meta name=\"twitter:label1\" content=\"Escrito por\" \/>\n\t<meta name=\"twitter:data1\" content=\"Fyno\" \/>\n\t<meta name=\"twitter:label2\" content=\"Tempo estimado de leitura\" \/>\n\t<meta name=\"twitter:data2\" content=\"3 minutos\" \/>\n<script type=\"application\/ld+json\" class=\"yoast-schema-graph\">{\"@context\":\"https:\\\/\\\/schema.org\",\"@graph\":[{\"@type\":\"Article\",\"@id\":\"https:\\\/\\\/fyno.pt\\\/papo-com-artista\\\/geraldo-rocha-leva-quebrando-correntes-a-28a-bienal-do-livro-de-sao-paulo\\\/#article\",\"isPartOf\":{\"@id\":\"https:\\\/\\\/fyno.pt\\\/papo-com-artista\\\/geraldo-rocha-leva-quebrando-correntes-a-28a-bienal-do-livro-de-sao-paulo\\\/\"},\"author\":{\"name\":\"Fyno\",\"@id\":\"https:\\\/\\\/fyno.pt\\\/#\\\/schema\\\/person\\\/ab5b330ed5ed05f1b4a7b8e438f68187\"},\"headline\":\"Geraldo Rocha leva \u201cQuebrando Correntes\u201d \u00e0 28\u00aa Bienal do Livro de S\u00e3o Paulo\",\"datePublished\":\"2026-09-04T13:09:59+00:00\",\"dateModified\":\"2026-09-04T13:10:28+00:00\",\"mainEntityOfPage\":{\"@id\":\"https:\\\/\\\/fyno.pt\\\/papo-com-artista\\\/geraldo-rocha-leva-quebrando-correntes-a-28a-bienal-do-livro-de-sao-paulo\\\/\"},\"wordCount\":680,\"commentCount\":0,\"image\":{\"@id\":\"https:\\\/\\\/fyno.pt\\\/papo-com-artista\\\/geraldo-rocha-leva-quebrando-correntes-a-28a-bienal-do-livro-de-sao-paulo\\\/#primaryimage\"},\"thumbnailUrl\":\"https:\\\/\\\/fyno.pt\\\/wp-content\\\/uploads\\\/2026\\\/09\\\/image_editor_output_image368255613-1788527354540.jpg\",\"keywords\":[\"28\u00aa Bienal do Livro de S\u00e3o Paulo\",\"autores brasileiros\",\"Bienal do Livro 2026\",\"Bienal Internacional do Livro\",\"conhecimento\",\"cultura brasileira\",\"desenvolvimento pessoal\",\"Editora Novo S\u00e9culo\",\"escritor brasileiro\",\"escritor goiano\",\"escritores contempor\u00e2neos\",\"evento liter\u00e1rio\",\"f\u00e9 e motiva\u00e7\u00e3o\",\"feira liter\u00e1ria\",\"Geraldo Rocha\",\"lan\u00e7amento liter\u00e1rio\",\"literatura brasileira\",\"literatura contempor\u00e2nea\",\"literatura goiana\",\"livros brasileiros\",\"Quebrando Correntes\",\"resili\u00eancia\",\"S\u00e3o Paulo\",\"sess\u00e3o de aut\u00f3grafos\",\"supera\u00e7\u00e3o\",\"transforma\u00e7\u00e3o pessoal\"],\"articleSection\":[\"Papo Com Artista\"],\"inLanguage\":\"pt-PT\",\"potentialAction\":[{\"@type\":\"CommentAction\",\"name\":\"Comment\",\"target\":[\"https:\\\/\\\/fyno.pt\\\/papo-com-artista\\\/geraldo-rocha-leva-quebrando-correntes-a-28a-bienal-do-livro-de-sao-paulo\\\/#respond\"]}]},{\"@type\":\"WebPage\",\"@id\":\"https:\\\/\\\/fyno.pt\\\/papo-com-artista\\\/geraldo-rocha-leva-quebrando-correntes-a-28a-bienal-do-livro-de-sao-paulo\\\/\",\"url\":\"https:\\\/\\\/fyno.pt\\\/papo-com-artista\\\/geraldo-rocha-leva-quebrando-correntes-a-28a-bienal-do-livro-de-sao-paulo\\\/\",\"name\":\"Geraldo Rocha leva \u201cQuebrando Correntes\u201d \u00e0 28\u00aa Bienal do Livro de S\u00e3o Paulo - Fyno\",\"isPartOf\":{\"@id\":\"https:\\\/\\\/fyno.pt\\\/#website\"},\"primaryImageOfPage\":{\"@id\":\"https:\\\/\\\/fyno.pt\\\/papo-com-artista\\\/geraldo-rocha-leva-quebrando-correntes-a-28a-bienal-do-livro-de-sao-paulo\\\/#primaryimage\"},\"image\":{\"@id\":\"https:\\\/\\\/fyno.pt\\\/papo-com-artista\\\/geraldo-rocha-leva-quebrando-correntes-a-28a-bienal-do-livro-de-sao-paulo\\\/#primaryimage\"},\"thumbnailUrl\":\"https:\\\/\\\/fyno.pt\\\/wp-content\\\/uploads\\\/2026\\\/09\\\/image_editor_output_image368255613-1788527354540.jpg\",\"datePublished\":\"2026-09-04T13:09:59+00:00\",\"dateModified\":\"2026-09-04T13:10:28+00:00\",\"author\":{\"@id\":\"https:\\\/\\\/fyno.pt\\\/#\\\/schema\\\/person\\\/ab5b330ed5ed05f1b4a7b8e438f68187\"},\"breadcrumb\":{\"@id\":\"https:\\\/\\\/fyno.pt\\\/papo-com-artista\\\/geraldo-rocha-leva-quebrando-correntes-a-28a-bienal-do-livro-de-sao-paulo\\\/#breadcrumb\"},\"inLanguage\":\"pt-PT\",\"potentialAction\":[{\"@type\":\"ReadAction\",\"target\":[\"https:\\\/\\\/fyno.pt\\\/papo-com-artista\\\/geraldo-rocha-leva-quebrando-correntes-a-28a-bienal-do-livro-de-sao-paulo\\\/\"]}]},{\"@type\":\"ImageObject\",\"inLanguage\":\"pt-PT\",\"@id\":\"https:\\\/\\\/fyno.pt\\\/papo-com-artista\\\/geraldo-rocha-leva-quebrando-correntes-a-28a-bienal-do-livro-de-sao-paulo\\\/#primaryimage\",\"url\":\"https:\\\/\\\/fyno.pt\\\/wp-content\\\/uploads\\\/2026\\\/09\\\/image_editor_output_image368255613-1788527354540.jpg\",\"contentUrl\":\"https:\\\/\\\/fyno.pt\\\/wp-content\\\/uploads\\\/2026\\\/09\\\/image_editor_output_image368255613-1788527354540.jpg\",\"width\":1096,\"height\":645},{\"@type\":\"BreadcrumbList\",\"@id\":\"https:\\\/\\\/fyno.pt\\\/papo-com-artista\\\/geraldo-rocha-leva-quebrando-correntes-a-28a-bienal-do-livro-de-sao-paulo\\\/#breadcrumb\",\"itemListElement\":[{\"@type\":\"ListItem\",\"position\":1,\"name\":\"In\u00edcio\",\"item\":\"https:\\\/\\\/fyno.pt\\\/\"},{\"@type\":\"ListItem\",\"position\":2,\"name\":\"Geraldo Rocha leva \u201cQuebrando Correntes\u201d \u00e0 28\u00aa Bienal do Livro de S\u00e3o Paulo\"}]},{\"@type\":\"WebSite\",\"@id\":\"https:\\\/\\\/fyno.pt\\\/#website\",\"url\":\"https:\\\/\\\/fyno.pt\\\/\",\"name\":\"Fyno\",\"description\":\"Not\u00edcia e informa\u00e7\u00e3o\",\"potentialAction\":[{\"@type\":\"SearchAction\",\"target\":{\"@type\":\"EntryPoint\",\"urlTemplate\":\"https:\\\/\\\/fyno.pt\\\/?s={search_term_string}\"},\"query-input\":{\"@type\":\"PropertyValueSpecification\",\"valueRequired\":true,\"valueName\":\"search_term_string\"}}],\"inLanguage\":\"pt-PT\"},{\"@type\":\"Person\",\"@id\":\"https:\\\/\\\/fyno.pt\\\/#\\\/schema\\\/person\\\/ab5b330ed5ed05f1b4a7b8e438f68187\",\"name\":\"Fyno\",\"image\":{\"@type\":\"ImageObject\",\"inLanguage\":\"pt-PT\",\"@id\":\"https:\\\/\\\/fyno.pt\\\/wp-content\\\/litespeed\\\/avatar\\\/8f51870e8d94c234e288da840d914372.jpg?ver=1788205134\",\"url\":\"https:\\\/\\\/fyno.pt\\\/wp-content\\\/litespeed\\\/avatar\\\/8f51870e8d94c234e288da840d914372.jpg?ver=1788205134\",\"contentUrl\":\"https:\\\/\\\/fyno.pt\\\/wp-content\\\/litespeed\\\/avatar\\\/8f51870e8d94c234e288da840d914372.jpg?ver=1788205134\",\"caption\":\"Fyno\"},\"description\":\"A sua fonte de informa\u00e7\u00e3o.\",\"url\":\"https:\\\/\\\/fyno.pt\\\/pt\\\/author\\\/fynopt\\\/\"}]}<\/script>\n<!-- \/ Yoast SEO Premium plugin. -->","yoast_head_json":{"title":"Geraldo Rocha leva \u201cQuebrando Correntes\u201d \u00e0 28\u00aa Bienal do Livro de S\u00e3o Paulo - Fyno","robots":{"index":"index","follow":"follow","max-snippet":"max-snippet:-1","max-image-preview":"max-image-preview:large","max-video-preview":"max-video-preview:-1"},"canonical":"https:\/\/fyno.pt\/pt\/papo-com-artista\/geraldo-rocha-leva-quebrando-correntes-a-28a-bienal-do-livro-de-sao-paulo\/","og_locale":"pt_PT","og_type":"article","og_title":"Geraldo Rocha leva \u201cQuebrando Correntes\u201d \u00e0 28\u00aa Bienal do Livro de S\u00e3o Paulo","og_description":"Escritor goiano estar\u00e1 nos dias 10 e 11 de setembro no estande da Editora Novo S\u00e9culo, em um dos maiores encontros liter\u00e1rios do pa\u00eds O escritor Geraldo Rocha prepara um encontro especial com leitores durante a 28\u00aa Bienal Internacional do Livro de S\u00e3o Paulo. Nos dias 10 e 11 de setembro, o autor estar\u00e1 no [&hellip;]","og_url":"https:\/\/fyno.pt\/pt\/papo-com-artista\/geraldo-rocha-leva-quebrando-correntes-a-28a-bienal-do-livro-de-sao-paulo\/","og_site_name":"Fyno","article_published_time":"2026-09-04T13:09:59+00:00","article_modified_time":"2026-09-04T13:10:28+00:00","og_image":[{"width":1096,"height":645,"url":"https:\/\/fyno.pt\/wp-content\/uploads\/2026\/09\/image_editor_output_image368255613-1788527354540.jpg","type":"image\/jpeg"}],"author":"Fyno","twitter_card":"summary_large_image","twitter_misc":{"Escrito por":"Fyno","Tempo estimado de leitura":"3 minutos"},"schema":{"@context":"https:\/\/schema.org","@graph":[{"@type":"Article","@id":"https:\/\/fyno.pt\/papo-com-artista\/geraldo-rocha-leva-quebrando-correntes-a-28a-bienal-do-livro-de-sao-paulo\/#article","isPartOf":{"@id":"https:\/\/fyno.pt\/papo-com-artista\/geraldo-rocha-leva-quebrando-correntes-a-28a-bienal-do-livro-de-sao-paulo\/"},"author":{"name":"Fyno","@id":"https:\/\/fyno.pt\/#\/schema\/person\/ab5b330ed5ed05f1b4a7b8e438f68187"},"headline":"Geraldo Rocha leva \u201cQuebrando Correntes\u201d \u00e0 28\u00aa Bienal do Livro de S\u00e3o Paulo","datePublished":"2026-09-04T13:09:59+00:00","dateModified":"2026-09-04T13:10:28+00:00","mainEntityOfPage":{"@id":"https:\/\/fyno.pt\/papo-com-artista\/geraldo-rocha-leva-quebrando-correntes-a-28a-bienal-do-livro-de-sao-paulo\/"},"wordCount":680,"commentCount":0,"image":{"@id":"https:\/\/fyno.pt\/papo-com-artista\/geraldo-rocha-leva-quebrando-correntes-a-28a-bienal-do-livro-de-sao-paulo\/#primaryimage"},"thumbnailUrl":"https:\/\/fyno.pt\/wp-content\/uploads\/2026\/09\/image_editor_output_image368255613-1788527354540.jpg","keywords":["28\u00aa Bienal do Livro de S\u00e3o Paulo","autores brasileiros","Bienal do Livro 2026","Bienal Internacional do Livro","conhecimento","cultura brasileira","desenvolvimento pessoal","Editora Novo S\u00e9culo","escritor brasileiro","escritor goiano","escritores contempor\u00e2neos","evento liter\u00e1rio","f\u00e9 e motiva\u00e7\u00e3o","feira liter\u00e1ria","Geraldo Rocha","lan\u00e7amento liter\u00e1rio","literatura brasileira","literatura contempor\u00e2nea","literatura goiana","livros brasileiros","Quebrando Correntes","resili\u00eancia","S\u00e3o Paulo","sess\u00e3o de aut\u00f3grafos","supera\u00e7\u00e3o","transforma\u00e7\u00e3o pessoal"],"articleSection":["Papo Com Artista"],"inLanguage":"pt-PT","potentialAction":[{"@type":"CommentAction","name":"Comment","target":["https:\/\/fyno.pt\/papo-com-artista\/geraldo-rocha-leva-quebrando-correntes-a-28a-bienal-do-livro-de-sao-paulo\/#respond"]}]},{"@type":"WebPage","@id":"https:\/\/fyno.pt\/papo-com-artista\/geraldo-rocha-leva-quebrando-correntes-a-28a-bienal-do-livro-de-sao-paulo\/","url":"https:\/\/fyno.pt\/papo-com-artista\/geraldo-rocha-leva-quebrando-correntes-a-28a-bienal-do-livro-de-sao-paulo\/","name":"Geraldo Rocha leva \u201cQuebrando Correntes\u201d \u00e0 28\u00aa Bienal do Livro de S\u00e3o Paulo - Fyno","isPartOf":{"@id":"https:\/\/fyno.pt\/#website"},"primaryImageOfPage":{"@id":"https:\/\/fyno.pt\/papo-com-artista\/geraldo-rocha-leva-quebrando-correntes-a-28a-bienal-do-livro-de-sao-paulo\/#primaryimage"},"image":{"@id":"https:\/\/fyno.pt\/papo-com-artista\/geraldo-rocha-leva-quebrando-correntes-a-28a-bienal-do-livro-de-sao-paulo\/#primaryimage"},"thumbnailUrl":"https:\/\/fyno.pt\/wp-content\/uploads\/2026\/09\/image_editor_output_image368255613-1788527354540.jpg","datePublished":"2026-09-04T13:09:59+00:00","dateModified":"2026-09-04T13:10:28+00:00","author":{"@id":"https:\/\/fyno.pt\/#\/schema\/person\/ab5b330ed5ed05f1b4a7b8e438f68187"},"breadcrumb":{"@id":"https:\/\/fyno.pt\/papo-com-artista\/geraldo-rocha-leva-quebrando-correntes-a-28a-bienal-do-livro-de-sao-paulo\/#breadcrumb"},"inLanguage":"pt-PT","potentialAction":[{"@type":"ReadAction","target":["https:\/\/fyno.pt\/papo-com-artista\/geraldo-rocha-leva-quebrando-correntes-a-28a-bienal-do-livro-de-sao-paulo\/"]}]},{"@type":"ImageObject","inLanguage":"pt-PT","@id":"https:\/\/fyno.pt\/papo-com-artista\/geraldo-rocha-leva-quebrando-correntes-a-28a-bienal-do-livro-de-sao-paulo\/#primaryimage","url":"https:\/\/fyno.pt\/wp-content\/uploads\/2026\/09\/image_editor_output_image368255613-1788527354540.jpg","contentUrl":"https:\/\/fyno.pt\/wp-content\/uploads\/2026\/09\/image_editor_output_image368255613-1788527354540.jpg","width":1096,"height":645},{"@type":"BreadcrumbList","@id":"https:\/\/fyno.pt\/papo-com-artista\/geraldo-rocha-leva-quebrando-correntes-a-28a-bienal-do-livro-de-sao-paulo\/#breadcrumb","itemListElement":[{"@type":"ListItem","position":1,"name":"In\u00edcio","item":"https:\/\/fyno.pt\/"},{"@type":"ListItem","position":2,"name":"Geraldo Rocha leva \u201cQuebrando Correntes\u201d \u00e0 28\u00aa Bienal do Livro de S\u00e3o Paulo"}]},{"@type":"WebSite","@id":"https:\/\/fyno.pt\/#website","url":"https:\/\/fyno.pt\/","name":"Fyno","description":"Not\u00edcia e informa\u00e7\u00e3o","potentialAction":[{"@type":"SearchAction","target":{"@type":"EntryPoint","urlTemplate":"https:\/\/fyno.pt\/?s={search_term_string}"},"query-input":{"@type":"PropertyValueSpecification","valueRequired":true,"valueName":"search_term_string"}}],"inLanguage":"pt-PT"},{"@type":"Person","@id":"https:\/\/fyno.pt\/#\/schema\/person\/ab5b330ed5ed05f1b4a7b8e438f68187","name":"Fyno","image":{"@type":"ImageObject","inLanguage":"pt-PT","@id":"https:\/\/fyno.pt\/wp-content\/litespeed\/avatar\/8f51870e8d94c234e288da840d914372.jpg?ver=1788205134","url":"https:\/\/fyno.pt\/wp-content\/litespeed\/avatar\/8f51870e8d94c234e288da840d914372.jpg?ver=1788205134","contentUrl":"https:\/\/fyno.pt\/wp-content\/litespeed\/avatar\/8f51870e8d94c234e288da840d914372.jpg?ver=1788205134","caption":"Fyno"},"description":"A sua fonte de informa\u00e7\u00e3o.","url":"https:\/\/fyno.pt\/pt\/author\/fynopt\/"}]}},"_links":{"self":[{"href":"https:\/\/fyno.pt\/pt\/wp-json\/wp\/v2\/posts\/43806","targetHints":{"allow":["GET"]}}],"collection":[{"href":"https:\/\/fyno.pt\/pt\/wp-json\/wp\/v2\/posts"}],"about":[{"href":"https:\/\/fyno.pt\/pt\/wp-json\/wp\/v2\/types\/post"}],"author":[{"embeddable":true,"href":"https:\/\/fyno.pt\/pt\/wp-json\/wp\/v2\/users\/9"}],"replies":[{"embeddable":true,"href":"https:\/\/fyno.pt\/pt\/wp-json\/wp\/v2\/comments?post=43806"}],"version-history":[{"count":1,"href":"https:\/\/fyno.pt\/pt\/wp-json\/wp\/v2\/posts\/43806\/revisions"}],"predecessor-version":[{"id":43807,"href":"https:\/\/fyno.pt\/pt\/wp-json\/wp\/v2\/posts\/43806\/revisions\/43807"}],"wp:featuredmedia":[{"embeddable":true,"href":"https:\/\/fyno.pt\/pt\/wp-json\/wp\/v2\/media\/43803"}],"wp:attachment":[{"href":"https:\/\/fyno.pt\/pt\/wp-json\/wp\/v2\/media?parent=43806"}],"wp:term":[{"taxonomy":"category","embeddable":true,"href":"https:\/\/fyno.pt\/pt\/wp-json\/wp\/v2\/categories?post=43806"},{"taxonomy":"post_tag","embeddable":true,"href":"https:\/\/fyno.pt\/pt\/wp-json\/wp\/v2\/tags?post=43806"}],"curies":[{"name":"wp","href":"https:\/\/api.w.org\/{rel}","templated":true}]}}