{"id":43799,"date":"2026-09-04T09:34:41","date_gmt":"2026-09-04T12:34:41","guid":{"rendered":"https:\/\/fyno.pt\/?p=43799"},"modified":"2026-09-04T09:34:44","modified_gmt":"2026-09-04T12:34:44","slug":"renatto-venancio-da-baixada-fluminense-a-televisao-uma-trajetoria-marcada-por-talento-superacao-e-comunicacao","status":"publish","type":"post","link":"https:\/\/fyno.pt\/pt\/famosos\/renatto-venancio-da-baixada-fluminense-a-televisao-uma-trajetoria-marcada-por-talento-superacao-e-comunicacao\/","title":{"rendered":"Renatto Ven\u00e2ncio: da Baixada Fluminense \u00e0 televis\u00e3o, uma trajet\u00f3ria marcada por talento, supera\u00e7\u00e3o e comunica\u00e7\u00e3o"},"content":{"rendered":"<h3 class=\"wp-block-heading\"><em>Ator, cantor, apresentador e palestrante, Renatto Ven\u00e2ncio construiu uma carreira multifacetada e ganhou proje\u00e7\u00e3o nacional \u00e0 frente do programa Sempre Melhor, da Rede Mais Fam\u00edlia<\/em><\/h3>\n\n\n\n<p>A hist\u00f3ria de <strong>Renatto Ven\u00e2ncio<\/strong> \u00e9 marcada por movimento. Entre diferentes profiss\u00f5es, desafios pessoais e a busca por um espa\u00e7o no meio art\u00edstico, o carioca criado na Baixada Fluminense transformou experi\u00eancias de vida em combust\u00edvel para construir uma trajet\u00f3ria que hoje passa pela televis\u00e3o, atua\u00e7\u00e3o, m\u00fasica, eventos e palestras.<\/p>\n\n\n\n<p>Atualmente, Renatto integra o time de apresentadores do <strong>Sempre Melhor<\/strong>, revista eletr\u00f4nica exibida pela Rede Mais Fam\u00edlia, onde divide a condu\u00e7\u00e3o da atra\u00e7\u00e3o com B\u00e1rbara Amorim, Kelly Lima e Bruno Cardoso. O programa vai ao ar de segunda a sexta-feira, das 15h \u00e0s 18h, reunindo informa\u00e7\u00e3o, entretenimento, sa\u00fade, culin\u00e1ria, beleza, empreendedorismo, moda, direito e outros assuntos do cotidiano.<\/p>\n\n\n\n<p>Mas antes de chegar \u00e0 televis\u00e3o, Renatto precisou construir seu caminho longe dos holofotes.<\/p>\n\n\n\n<h2 class=\"wp-block-heading\">Uma hist\u00f3ria constru\u00edda com trabalho<\/h2>\n\n\n\n<p>Criado em uma fam\u00edlia simples da Baixada Fluminense, Renatto carregou desde cedo o desejo de trabalhar com arte. A realidade, entretanto, exigiu que ele desempenhasse diferentes fun\u00e7\u00f5es para ajudar no sustento da fam\u00edlia.<\/p>\n\n\n\n<p>Segundo reportagem publicada pelo Metr\u00f3poles, sua trajet\u00f3ria profissional passou por trabalhos como atendente de fast-food, camel\u00f4, panfleteiro, animador de festas, office boy e entregador de marmitas.<\/p>\n\n\n\n<p>A diversidade dessas experi\u00eancias acabou contribuindo para formar uma das caracter\u00edsticas mais reconhecidas em seu trabalho diante das c\u00e2meras: a capacidade de conversar com diferentes p\u00fablicos.<\/p>\n\n\n\n<h2 class=\"wp-block-heading\">A televis\u00e3o como ponto de virada<\/h2>\n\n\n\n<p>A experi\u00eancia de Renatto na comunica\u00e7\u00e3o n\u00e3o come\u00e7ou no <em>Sempre Melhor<\/em>. Antes de chegar \u00e0 Rede Mais Fam\u00edlia, ele j\u00e1 havia trabalhado como apresentador em outras emissoras.<\/p>\n\n\n\n<p>Segundo publica\u00e7\u00e3o sobre o programa, Renatto passou pela <strong>TV Cuiab\u00e1<\/strong> e posteriormente comandou durante dois anos o programa <strong>Ligada\u00e7o<\/strong>, exibido pela TV Mato Grosso. Ele tamb\u00e9m apresentou o programa de r\u00e1dio <em>Ligada\u00e7o Mania<\/em> entre 2019 e 2020.<\/p>\n\n\n\n<p>Em 7 de mar\u00e7o de 2022, veio uma nova etapa: Renatto e B\u00e1rbara Amorim foram escolhidos para apresentar a estreia do <em>Sempre Melhor<\/em>. A dupla assumiu o desafio de conduzir uma revista eletr\u00f4nica ao vivo, apostando em improviso, intera\u00e7\u00e3o e proximidade com o p\u00fablico.<\/p>\n\n\n\n<p>A qu\u00edmica entre os dois apresentadores chamou aten\u00e7\u00e3o. Uma publica\u00e7\u00e3o sobre o primeiro anivers\u00e1rio do programa destacou justamente a capacidade da dupla de trabalhar sem o uso de teleprompter, utilizando improvisa\u00e7\u00e3o e espontaneidade durante a atra\u00e7\u00e3o.<\/p>\n\n\n\n<h2 class=\"wp-block-heading\">Carisma como marca<\/h2>\n\n\n\n<p>Se existe uma palavra frequentemente associada a Renatto Ven\u00e2ncio, ela \u00e9 <strong>carisma<\/strong>.<\/p>\n\n\n\n<p>Reportagem do Metr\u00f3poles destacou sua simpatia e a maneira como sua personalidade diante das c\u00e2meras conquistou espectadores de diferentes idades.<\/p>\n\n\n\n<p>Essa caracter\u00edstica tamb\u00e9m aparece em sua atua\u00e7\u00e3o no <em>Sempre Melhor<\/em>, programa que busca justamente aproximar informa\u00e7\u00e3o e entretenimento do cotidiano do telespectador.<\/p>\n\n\n\n<p>Ao longo das temporadas, Renatto participou de entrevistas, reportagens externas e diferentes quadros da atra\u00e7\u00e3o. Em 2025, por exemplo, esteve ao lado de B\u00e1rbara Amorim na entrevista com o psic\u00f3logo e escritor Alexander Bez, em uma conversa sobre sa\u00fade emocional e qualidade de vida.<\/p>\n\n\n\n<h2 class=\"wp-block-heading\">Do est\u00fadio para os grandes eventos<\/h2>\n\n\n\n<p>A atua\u00e7\u00e3o de Renatto tamb\u00e9m ultrapassou os limites dos est\u00fadios de televis\u00e3o.<\/p>\n\n\n\n<p>Em 2023, ele foi escolhido para apresentar o <strong>\u00c1frica Fashion Week Tribal<\/strong>, evento de moda angolana realizado em S\u00e3o Paulo, reunindo profissionais da moda, modelos, estilistas e empres\u00e1rios.<\/p>\n\n\n\n<p>Naquele mesmo per\u00edodo, tamb\u00e9m realizou a cobertura da inaugura\u00e7\u00e3o da Casa Ra\u00e7a, na Vila Madalena, em S\u00e3o Paulo, onde entrevistou personalidades e acompanhou a programa\u00e7\u00e3o do espa\u00e7o.<\/p>\n\n\n\n<p>A experi\u00eancia demonstra outro lado de sua carreira: o de comunicador capaz de transitar entre televis\u00e3o, eventos, entrevistas e cobertura jornal\u00edstica.<\/p>\n\n\n\n<h2 class=\"wp-block-heading\">Uma voz que tamb\u00e9m alcan\u00e7a outros pa\u00edses<\/h2>\n\n\n\n<p>Al\u00e9m da televis\u00e3o, Renatto construiu uma trajet\u00f3ria ligada \u00e0s palestras motivacionais.<\/p>\n\n\n\n<p>Publica\u00e7\u00f5es sobre sua carreira registram que ele j\u00e1 esteve em <strong>17 pa\u00edses como palestrante motivacional<\/strong>, ampliando sua atua\u00e7\u00e3o para al\u00e9m do p\u00fablico brasileiro.<\/p>\n\n\n\n<p>A comunica\u00e7\u00e3o tamb\u00e9m ganhou uma dimens\u00e3o ligada \u00e0 f\u00e9. Em 2023, sua chamada <em>Live Prof\u00e9tica<\/em>, realizada aos s\u00e1bados, era apresentada como um projeto com alcance no Brasil e em diferentes pa\u00edses, incluindo Estados Unidos, Espanha, Argentina, Portugal, Su\u00ed\u00e7a, Inglaterra, B\u00e9lgica e Jap\u00e3o.<\/p>\n\n\n\n<h2 class=\"wp-block-heading\">Reconhecimento profissional<\/h2>\n\n\n\n<p>A trajet\u00f3ria constru\u00edda diante das c\u00e2meras tamb\u00e9m rendeu reconhecimento.<\/p>\n\n\n\n<p>Em <strong>16 de mar\u00e7o de 2023<\/strong>, Renatto recebeu o pr\u00eamio de <strong>Apresentador Revela\u00e7\u00e3o 2022 \u2013 Carisma e Simpatia<\/strong>, em cerim\u00f4nia realizada no Copacabana Palace, no Rio de Janeiro.<\/p>\n\n\n\n<p>O reconhecimento aconteceu pouco mais de um ano depois de sua chegada ao <em>Sempre Melhor<\/em>, per\u00edodo em que o apresentador consolidava sua presen\u00e7a na televis\u00e3o.<\/p>\n\n\n\n<h2 class=\"wp-block-heading\">Tamb\u00e9m no cinema<\/h2>\n\n\n\n<figure class=\"wp-block-image size-large\"><img fetchpriority=\"high\" decoding=\"async\" width=\"913\" height=\"1024\" src=\"https:\/\/fyno.pt\/wp-content\/uploads\/2026\/09\/image_editor_output_image-477408096-17885252718308346762125502882486-913x1024.jpg\" alt=\"\" class=\"wp-image-43798\" srcset=\"https:\/\/fyno.pt\/wp-content\/uploads\/2026\/09\/image_editor_output_image-477408096-17885252718308346762125502882486-913x1024.jpg 913w, https:\/\/fyno.pt\/wp-content\/uploads\/2026\/09\/image_editor_output_image-477408096-17885252718308346762125502882486-268x300.jpg 268w, https:\/\/fyno.pt\/wp-content\/uploads\/2026\/09\/image_editor_output_image-477408096-17885252718308346762125502882486-768x861.jpg 768w, https:\/\/fyno.pt\/wp-content\/uploads\/2026\/09\/image_editor_output_image-477408096-17885252718308346762125502882486-11x12.jpg 11w, https:\/\/fyno.pt\/wp-content\/uploads\/2026\/09\/image_editor_output_image-477408096-17885252718308346762125502882486-750x841.jpg 750w, https:\/\/fyno.pt\/wp-content\/uploads\/2026\/09\/image_editor_output_image-477408096-17885252718308346762125502882486-1140x1278.jpg 1140w, https:\/\/fyno.pt\/wp-content\/uploads\/2026\/09\/image_editor_output_image-477408096-17885252718308346762125502882486.jpg 1280w\" sizes=\"(max-width: 913px) 100vw, 913px\" \/><figcaption class=\"wp-element-caption\">Foto Reprodu\u00e7\u00e3o.<\/figcaption><\/figure>\n\n\n\n<p>A carreira art\u00edstica de Renatto ainda inclui o cinema.<\/p>\n\n\n\n<p>Ele integra o elenco de <strong>O Mundo dos Mortos<\/strong>, filme dirigido por Pedro Tavares, produzido no Rio de Janeiro e lan\u00e7ado em 2025. A produ\u00e7\u00e3o teve passagem por festivais, incluindo a 28\u00aa Mostra de Cinema de Tiradentes e o Festival de Cinema Independente de Madrid.<\/p>\n\n\n\n<p>A participa\u00e7\u00e3o refor\u00e7a a amplitude de uma carreira que n\u00e3o se limita \u00e0 apresenta\u00e7\u00e3o televisiva.<\/p>\n\n\n\n<h2 class=\"wp-block-heading\">Uma carreira em constante movimento<\/h2>\n\n\n\n<p>A trajet\u00f3ria de Renatto Ven\u00e2ncio chama aten\u00e7\u00e3o justamente por n\u00e3o seguir uma \u00fanica dire\u00e7\u00e3o.<\/p>\n\n\n\n<p><strong>Ator, cantor, modelo, apresentador, palestrante e comunicador<\/strong>, ele construiu uma carreira baseada na capacidade de se reinventar e ocupar diferentes espa\u00e7os.<\/p>\n\n\n\n<p>Da Baixada Fluminense aos est\u00fadios de televis\u00e3o, dos trabalhos que exerceu para ajudar a fam\u00edlia aos palcos e eventos de moda, Renatto transformou uma hist\u00f3ria de dificuldades em uma trajet\u00f3ria profissional marcada pela comunica\u00e7\u00e3o.<\/p>\n\n\n\n<p>Hoje, diante das c\u00e2meras do <em>Sempre Melhor<\/em>, sua presen\u00e7a representa mais um cap\u00edtulo de uma carreira que continua em constru\u00e7\u00e3o.<\/p>\n\n\n\n<p><strong><em>Renatto Ven\u00e2ncio n\u00e3o chegou \u00e0 televis\u00e3o por acaso. Chegou carregando hist\u00f3rias, experi\u00eancias e a determina\u00e7\u00e3o de quem aprendeu, muito antes dos holofotes, que cada oportunidade pode ser o come\u00e7o de um novo cap\u00edtulo.<\/em><\/strong><\/p>","protected":false},"excerpt":{"rendered":"<p>Ator, cantor, apresentador e palestrante, Renatto Ven\u00e2ncio construiu uma carreira multifacetada e ganhou proje\u00e7\u00e3o nacional \u00e0 frente do programa Sempre Melhor, da Rede Mais Fam\u00edlia A hist\u00f3ria de Renatto Ven\u00e2ncio \u00e9 marcada por movimento. Entre diferentes profiss\u00f5es, desafios pessoais e a busca por um espa\u00e7o no meio art\u00edstico, o carioca criado na Baixada Fluminense transformou [&hellip;]<\/p>\n","protected":false},"author":9,"featured_media":43797,"comment_status":"open","ping_status":"open","sticky":false,"template":"","format":"standard","meta":{"footnotes":""},"categories":[50],"tags":[2268,1744,2261,2271,2273,2260,2264,1621,2272,878,873,688,572,2269,2266,2267,1283,2265,2263,2259,1889,2262,611,2270],"class_list":["post-43799","post","type-post","status-publish","format-standard","has-post-thumbnail","hentry","category-famosos","tag-africa-fashion-week-tribal","tag-apresentador","tag-apresentador-de-televisao","tag-apresentador-revelacao","tag-artista-brasileiro","tag-ator","tag-baixada-fluminense","tag-cantor","tag-carisma-e-simpatia","tag-carreira-artistica","tag-cinema-brasileiro","tag-comunicacao","tag-entretenimento","tag-eventos-de-moda","tag-live-profetica","tag-o-mundo-dos-mortos","tag-palestrante","tag-palestrante-internacional","tag-rede-mais-familia","tag-renatto-venancio","tag-rio-de-janeiro","tag-sempre-melhor","tag-televisao-brasileira","tag-trajetoria-de-superacao"],"yoast_head":"<!-- This site is optimized with the Yoast SEO Premium plugin v27.9 (Yoast SEO v27.9) - https:\/\/yoast.com\/product\/yoast-seo-premium-wordpress\/ -->\n<title>Renatto Ven\u00e2ncio: da Baixada Fluminense \u00e0 televis\u00e3o, uma trajet\u00f3ria marcada por talento, supera\u00e7\u00e3o e comunica\u00e7\u00e3o - Fyno<\/title>\n<meta name=\"robots\" content=\"index, follow, max-snippet:-1, max-image-preview:large, max-video-preview:-1\" \/>\n<link rel=\"canonical\" href=\"https:\/\/fyno.pt\/pt\/famosos\/renatto-venancio-da-baixada-fluminense-a-televisao-uma-trajetoria-marcada-por-talento-superacao-e-comunicacao\/\" \/>\n<meta property=\"og:locale\" content=\"pt_PT\" \/>\n<meta property=\"og:type\" content=\"article\" \/>\n<meta property=\"og:title\" content=\"Renatto Ven\u00e2ncio: da Baixada Fluminense \u00e0 televis\u00e3o, uma trajet\u00f3ria marcada por talento, supera\u00e7\u00e3o e comunica\u00e7\u00e3o\" \/>\n<meta property=\"og:description\" content=\"Ator, cantor, apresentador e palestrante, Renatto Ven\u00e2ncio construiu uma carreira multifacetada e ganhou proje\u00e7\u00e3o nacional \u00e0 frente do programa Sempre Melhor, da Rede Mais Fam\u00edlia A hist\u00f3ria de Renatto Ven\u00e2ncio \u00e9 marcada por movimento. Entre diferentes profiss\u00f5es, desafios pessoais e a busca por um espa\u00e7o no meio art\u00edstico, o carioca criado na Baixada Fluminense transformou [&hellip;]\" \/>\n<meta property=\"og:url\" content=\"https:\/\/fyno.pt\/pt\/famosos\/renatto-venancio-da-baixada-fluminense-a-televisao-uma-trajetoria-marcada-por-talento-superacao-e-comunicacao\/\" \/>\n<meta property=\"og:site_name\" content=\"Fyno\" \/>\n<meta property=\"article:published_time\" content=\"2026-09-04T12:34:41+00:00\" \/>\n<meta property=\"article:modified_time\" content=\"2026-09-04T12:34:44+00:00\" \/>\n<meta property=\"og:image\" content=\"https:\/\/fyno.pt\/wp-content\/uploads\/2026\/09\/image_editor_output_image858539177-1788525244177.jpg\" \/>\n\t<meta property=\"og:image:width\" content=\"1280\" \/>\n\t<meta property=\"og:image:height\" content=\"746\" \/>\n\t<meta property=\"og:image:type\" content=\"image\/jpeg\" \/>\n<meta name=\"author\" content=\"Fyno\" \/>\n<meta name=\"twitter:card\" content=\"summary_large_image\" \/>\n<meta name=\"twitter:label1\" content=\"Escrito por\" \/>\n\t<meta name=\"twitter:data1\" content=\"Fyno\" \/>\n\t<meta name=\"twitter:label2\" content=\"Tempo estimado de leitura\" \/>\n\t<meta name=\"twitter:data2\" content=\"5 minutos\" \/>\n<script type=\"application\/ld+json\" class=\"yoast-schema-graph\">{\"@context\":\"https:\\\/\\\/schema.org\",\"@graph\":[{\"@type\":\"Article\",\"@id\":\"https:\\\/\\\/fyno.pt\\\/famosos\\\/renatto-venancio-da-baixada-fluminense-a-televisao-uma-trajetoria-marcada-por-talento-superacao-e-comunicacao\\\/#article\",\"isPartOf\":{\"@id\":\"https:\\\/\\\/fyno.pt\\\/famosos\\\/renatto-venancio-da-baixada-fluminense-a-televisao-uma-trajetoria-marcada-por-talento-superacao-e-comunicacao\\\/\"},\"author\":{\"name\":\"Fyno\",\"@id\":\"https:\\\/\\\/fyno.pt\\\/#\\\/schema\\\/person\\\/ab5b330ed5ed05f1b4a7b8e438f68187\"},\"headline\":\"Renatto Ven\u00e2ncio: da Baixada Fluminense \u00e0 televis\u00e3o, uma trajet\u00f3ria marcada por talento, supera\u00e7\u00e3o e comunica\u00e7\u00e3o\",\"datePublished\":\"2026-09-04T12:34:41+00:00\",\"dateModified\":\"2026-09-04T12:34:44+00:00\",\"mainEntityOfPage\":{\"@id\":\"https:\\\/\\\/fyno.pt\\\/famosos\\\/renatto-venancio-da-baixada-fluminense-a-televisao-uma-trajetoria-marcada-por-talento-superacao-e-comunicacao\\\/\"},\"wordCount\":1074,\"commentCount\":0,\"image\":{\"@id\":\"https:\\\/\\\/fyno.pt\\\/famosos\\\/renatto-venancio-da-baixada-fluminense-a-televisao-uma-trajetoria-marcada-por-talento-superacao-e-comunicacao\\\/#primaryimage\"},\"thumbnailUrl\":\"https:\\\/\\\/fyno.pt\\\/wp-content\\\/uploads\\\/2026\\\/09\\\/image_editor_output_image858539177-1788525244177.jpg\",\"keywords\":[\"\u00c1frica Fashion Week Tribal\",\"apresentador\",\"apresentador de televis\u00e3o\",\"apresentador revela\u00e7\u00e3o\",\"artista brasileiro\",\"ator\",\"Baixada Fluminense\",\"cantor\",\"carisma e simpatia\",\"carreira art\u00edstica\",\"cinema brasileiro\",\"comunica\u00e7\u00e3o\",\"Entretenimento\",\"eventos de moda\",\"Live Prof\u00e9tica\",\"O Mundo dos Mortos\",\"palestrante\",\"palestrante internacional\",\"Rede Mais Fam\u00edlia\",\"Renatto Ven\u00e2ncio\",\"Rio de Janeiro\",\"Sempre Melhor\",\"televis\u00e3o brasileira\",\"trajet\u00f3ria de supera\u00e7\u00e3o\"],\"articleSection\":[\"Famosos\"],\"inLanguage\":\"pt-PT\",\"potentialAction\":[{\"@type\":\"CommentAction\",\"name\":\"Comment\",\"target\":[\"https:\\\/\\\/fyno.pt\\\/famosos\\\/renatto-venancio-da-baixada-fluminense-a-televisao-uma-trajetoria-marcada-por-talento-superacao-e-comunicacao\\\/#respond\"]}]},{\"@type\":\"WebPage\",\"@id\":\"https:\\\/\\\/fyno.pt\\\/famosos\\\/renatto-venancio-da-baixada-fluminense-a-televisao-uma-trajetoria-marcada-por-talento-superacao-e-comunicacao\\\/\",\"url\":\"https:\\\/\\\/fyno.pt\\\/famosos\\\/renatto-venancio-da-baixada-fluminense-a-televisao-uma-trajetoria-marcada-por-talento-superacao-e-comunicacao\\\/\",\"name\":\"Renatto Ven\u00e2ncio: da Baixada Fluminense \u00e0 televis\u00e3o, uma trajet\u00f3ria marcada por talento, supera\u00e7\u00e3o e comunica\u00e7\u00e3o - Fyno\",\"isPartOf\":{\"@id\":\"https:\\\/\\\/fyno.pt\\\/#website\"},\"primaryImageOfPage\":{\"@id\":\"https:\\\/\\\/fyno.pt\\\/famosos\\\/renatto-venancio-da-baixada-fluminense-a-televisao-uma-trajetoria-marcada-por-talento-superacao-e-comunicacao\\\/#primaryimage\"},\"image\":{\"@id\":\"https:\\\/\\\/fyno.pt\\\/famosos\\\/renatto-venancio-da-baixada-fluminense-a-televisao-uma-trajetoria-marcada-por-talento-superacao-e-comunicacao\\\/#primaryimage\"},\"thumbnailUrl\":\"https:\\\/\\\/fyno.pt\\\/wp-content\\\/uploads\\\/2026\\\/09\\\/image_editor_output_image858539177-1788525244177.jpg\",\"datePublished\":\"2026-09-04T12:34:41+00:00\",\"dateModified\":\"2026-09-04T12:34:44+00:00\",\"author\":{\"@id\":\"https:\\\/\\\/fyno.pt\\\/#\\\/schema\\\/person\\\/ab5b330ed5ed05f1b4a7b8e438f68187\"},\"breadcrumb\":{\"@id\":\"https:\\\/\\\/fyno.pt\\\/famosos\\\/renatto-venancio-da-baixada-fluminense-a-televisao-uma-trajetoria-marcada-por-talento-superacao-e-comunicacao\\\/#breadcrumb\"},\"inLanguage\":\"pt-PT\",\"potentialAction\":[{\"@type\":\"ReadAction\",\"target\":[\"https:\\\/\\\/fyno.pt\\\/famosos\\\/renatto-venancio-da-baixada-fluminense-a-televisao-uma-trajetoria-marcada-por-talento-superacao-e-comunicacao\\\/\"]}]},{\"@type\":\"ImageObject\",\"inLanguage\":\"pt-PT\",\"@id\":\"https:\\\/\\\/fyno.pt\\\/famosos\\\/renatto-venancio-da-baixada-fluminense-a-televisao-uma-trajetoria-marcada-por-talento-superacao-e-comunicacao\\\/#primaryimage\",\"url\":\"https:\\\/\\\/fyno.pt\\\/wp-content\\\/uploads\\\/2026\\\/09\\\/image_editor_output_image858539177-1788525244177.jpg\",\"contentUrl\":\"https:\\\/\\\/fyno.pt\\\/wp-content\\\/uploads\\\/2026\\\/09\\\/image_editor_output_image858539177-1788525244177.jpg\",\"width\":1280,\"height\":746},{\"@type\":\"BreadcrumbList\",\"@id\":\"https:\\\/\\\/fyno.pt\\\/famosos\\\/renatto-venancio-da-baixada-fluminense-a-televisao-uma-trajetoria-marcada-por-talento-superacao-e-comunicacao\\\/#breadcrumb\",\"itemListElement\":[{\"@type\":\"ListItem\",\"position\":1,\"name\":\"In\u00edcio\",\"item\":\"https:\\\/\\\/fyno.pt\\\/\"},{\"@type\":\"ListItem\",\"position\":2,\"name\":\"Renatto Ven\u00e2ncio: da Baixada Fluminense \u00e0 televis\u00e3o, uma trajet\u00f3ria marcada por talento, supera\u00e7\u00e3o e comunica\u00e7\u00e3o\"}]},{\"@type\":\"WebSite\",\"@id\":\"https:\\\/\\\/fyno.pt\\\/#website\",\"url\":\"https:\\\/\\\/fyno.pt\\\/\",\"name\":\"Fyno\",\"description\":\"Not\u00edcia e informa\u00e7\u00e3o\",\"potentialAction\":[{\"@type\":\"SearchAction\",\"target\":{\"@type\":\"EntryPoint\",\"urlTemplate\":\"https:\\\/\\\/fyno.pt\\\/?s={search_term_string}\"},\"query-input\":{\"@type\":\"PropertyValueSpecification\",\"valueRequired\":true,\"valueName\":\"search_term_string\"}}],\"inLanguage\":\"pt-PT\"},{\"@type\":\"Person\",\"@id\":\"https:\\\/\\\/fyno.pt\\\/#\\\/schema\\\/person\\\/ab5b330ed5ed05f1b4a7b8e438f68187\",\"name\":\"Fyno\",\"image\":{\"@type\":\"ImageObject\",\"inLanguage\":\"pt-PT\",\"@id\":\"https:\\\/\\\/fyno.pt\\\/wp-content\\\/litespeed\\\/avatar\\\/8f51870e8d94c234e288da840d914372.jpg?ver=1788205134\",\"url\":\"https:\\\/\\\/fyno.pt\\\/wp-content\\\/litespeed\\\/avatar\\\/8f51870e8d94c234e288da840d914372.jpg?ver=1788205134\",\"contentUrl\":\"https:\\\/\\\/fyno.pt\\\/wp-content\\\/litespeed\\\/avatar\\\/8f51870e8d94c234e288da840d914372.jpg?ver=1788205134\",\"caption\":\"Fyno\"},\"description\":\"A sua fonte de informa\u00e7\u00e3o.\",\"url\":\"https:\\\/\\\/fyno.pt\\\/pt\\\/author\\\/fynopt\\\/\"}]}<\/script>\n<!-- \/ Yoast SEO Premium plugin. -->","yoast_head_json":{"title":"Renatto Ven\u00e2ncio: da Baixada Fluminense \u00e0 televis\u00e3o, uma trajet\u00f3ria marcada por talento, supera\u00e7\u00e3o e comunica\u00e7\u00e3o - Fyno","robots":{"index":"index","follow":"follow","max-snippet":"max-snippet:-1","max-image-preview":"max-image-preview:large","max-video-preview":"max-video-preview:-1"},"canonical":"https:\/\/fyno.pt\/pt\/famosos\/renatto-venancio-da-baixada-fluminense-a-televisao-uma-trajetoria-marcada-por-talento-superacao-e-comunicacao\/","og_locale":"pt_PT","og_type":"article","og_title":"Renatto Ven\u00e2ncio: da Baixada Fluminense \u00e0 televis\u00e3o, uma trajet\u00f3ria marcada por talento, supera\u00e7\u00e3o e comunica\u00e7\u00e3o","og_description":"Ator, cantor, apresentador e palestrante, Renatto Ven\u00e2ncio construiu uma carreira multifacetada e ganhou proje\u00e7\u00e3o nacional \u00e0 frente do programa Sempre Melhor, da Rede Mais Fam\u00edlia A hist\u00f3ria de Renatto Ven\u00e2ncio \u00e9 marcada por movimento. Entre diferentes profiss\u00f5es, desafios pessoais e a busca por um espa\u00e7o no meio art\u00edstico, o carioca criado na Baixada Fluminense transformou [&hellip;]","og_url":"https:\/\/fyno.pt\/pt\/famosos\/renatto-venancio-da-baixada-fluminense-a-televisao-uma-trajetoria-marcada-por-talento-superacao-e-comunicacao\/","og_site_name":"Fyno","article_published_time":"2026-09-04T12:34:41+00:00","article_modified_time":"2026-09-04T12:34:44+00:00","og_image":[{"width":1280,"height":746,"url":"https:\/\/fyno.pt\/wp-content\/uploads\/2026\/09\/image_editor_output_image858539177-1788525244177.jpg","type":"image\/jpeg"}],"author":"Fyno","twitter_card":"summary_large_image","twitter_misc":{"Escrito por":"Fyno","Tempo estimado de leitura":"5 minutos"},"schema":{"@context":"https:\/\/schema.org","@graph":[{"@type":"Article","@id":"https:\/\/fyno.pt\/famosos\/renatto-venancio-da-baixada-fluminense-a-televisao-uma-trajetoria-marcada-por-talento-superacao-e-comunicacao\/#article","isPartOf":{"@id":"https:\/\/fyno.pt\/famosos\/renatto-venancio-da-baixada-fluminense-a-televisao-uma-trajetoria-marcada-por-talento-superacao-e-comunicacao\/"},"author":{"name":"Fyno","@id":"https:\/\/fyno.pt\/#\/schema\/person\/ab5b330ed5ed05f1b4a7b8e438f68187"},"headline":"Renatto Ven\u00e2ncio: da Baixada Fluminense \u00e0 televis\u00e3o, uma trajet\u00f3ria marcada por talento, supera\u00e7\u00e3o e comunica\u00e7\u00e3o","datePublished":"2026-09-04T12:34:41+00:00","dateModified":"2026-09-04T12:34:44+00:00","mainEntityOfPage":{"@id":"https:\/\/fyno.pt\/famosos\/renatto-venancio-da-baixada-fluminense-a-televisao-uma-trajetoria-marcada-por-talento-superacao-e-comunicacao\/"},"wordCount":1074,"commentCount":0,"image":{"@id":"https:\/\/fyno.pt\/famosos\/renatto-venancio-da-baixada-fluminense-a-televisao-uma-trajetoria-marcada-por-talento-superacao-e-comunicacao\/#primaryimage"},"thumbnailUrl":"https:\/\/fyno.pt\/wp-content\/uploads\/2026\/09\/image_editor_output_image858539177-1788525244177.jpg","keywords":["\u00c1frica Fashion Week Tribal","apresentador","apresentador de televis\u00e3o","apresentador revela\u00e7\u00e3o","artista brasileiro","ator","Baixada Fluminense","cantor","carisma e simpatia","carreira art\u00edstica","cinema brasileiro","comunica\u00e7\u00e3o","Entretenimento","eventos de moda","Live Prof\u00e9tica","O Mundo dos Mortos","palestrante","palestrante internacional","Rede Mais Fam\u00edlia","Renatto Ven\u00e2ncio","Rio de Janeiro","Sempre Melhor","televis\u00e3o brasileira","trajet\u00f3ria de supera\u00e7\u00e3o"],"articleSection":["Famosos"],"inLanguage":"pt-PT","potentialAction":[{"@type":"CommentAction","name":"Comment","target":["https:\/\/fyno.pt\/famosos\/renatto-venancio-da-baixada-fluminense-a-televisao-uma-trajetoria-marcada-por-talento-superacao-e-comunicacao\/#respond"]}]},{"@type":"WebPage","@id":"https:\/\/fyno.pt\/famosos\/renatto-venancio-da-baixada-fluminense-a-televisao-uma-trajetoria-marcada-por-talento-superacao-e-comunicacao\/","url":"https:\/\/fyno.pt\/famosos\/renatto-venancio-da-baixada-fluminense-a-televisao-uma-trajetoria-marcada-por-talento-superacao-e-comunicacao\/","name":"Renatto Ven\u00e2ncio: da Baixada Fluminense \u00e0 televis\u00e3o, uma trajet\u00f3ria marcada por talento, supera\u00e7\u00e3o e comunica\u00e7\u00e3o - Fyno","isPartOf":{"@id":"https:\/\/fyno.pt\/#website"},"primaryImageOfPage":{"@id":"https:\/\/fyno.pt\/famosos\/renatto-venancio-da-baixada-fluminense-a-televisao-uma-trajetoria-marcada-por-talento-superacao-e-comunicacao\/#primaryimage"},"image":{"@id":"https:\/\/fyno.pt\/famosos\/renatto-venancio-da-baixada-fluminense-a-televisao-uma-trajetoria-marcada-por-talento-superacao-e-comunicacao\/#primaryimage"},"thumbnailUrl":"https:\/\/fyno.pt\/wp-content\/uploads\/2026\/09\/image_editor_output_image858539177-1788525244177.jpg","datePublished":"2026-09-04T12:34:41+00:00","dateModified":"2026-09-04T12:34:44+00:00","author":{"@id":"https:\/\/fyno.pt\/#\/schema\/person\/ab5b330ed5ed05f1b4a7b8e438f68187"},"breadcrumb":{"@id":"https:\/\/fyno.pt\/famosos\/renatto-venancio-da-baixada-fluminense-a-televisao-uma-trajetoria-marcada-por-talento-superacao-e-comunicacao\/#breadcrumb"},"inLanguage":"pt-PT","potentialAction":[{"@type":"ReadAction","target":["https:\/\/fyno.pt\/famosos\/renatto-venancio-da-baixada-fluminense-a-televisao-uma-trajetoria-marcada-por-talento-superacao-e-comunicacao\/"]}]},{"@type":"ImageObject","inLanguage":"pt-PT","@id":"https:\/\/fyno.pt\/famosos\/renatto-venancio-da-baixada-fluminense-a-televisao-uma-trajetoria-marcada-por-talento-superacao-e-comunicacao\/#primaryimage","url":"https:\/\/fyno.pt\/wp-content\/uploads\/2026\/09\/image_editor_output_image858539177-1788525244177.jpg","contentUrl":"https:\/\/fyno.pt\/wp-content\/uploads\/2026\/09\/image_editor_output_image858539177-1788525244177.jpg","width":1280,"height":746},{"@type":"BreadcrumbList","@id":"https:\/\/fyno.pt\/famosos\/renatto-venancio-da-baixada-fluminense-a-televisao-uma-trajetoria-marcada-por-talento-superacao-e-comunicacao\/#breadcrumb","itemListElement":[{"@type":"ListItem","position":1,"name":"In\u00edcio","item":"https:\/\/fyno.pt\/"},{"@type":"ListItem","position":2,"name":"Renatto Ven\u00e2ncio: da Baixada Fluminense \u00e0 televis\u00e3o, uma trajet\u00f3ria marcada por talento, supera\u00e7\u00e3o e comunica\u00e7\u00e3o"}]},{"@type":"WebSite","@id":"https:\/\/fyno.pt\/#website","url":"https:\/\/fyno.pt\/","name":"Fyno","description":"Not\u00edcia e informa\u00e7\u00e3o","potentialAction":[{"@type":"SearchAction","target":{"@type":"EntryPoint","urlTemplate":"https:\/\/fyno.pt\/?s={search_term_string}"},"query-input":{"@type":"PropertyValueSpecification","valueRequired":true,"valueName":"search_term_string"}}],"inLanguage":"pt-PT"},{"@type":"Person","@id":"https:\/\/fyno.pt\/#\/schema\/person\/ab5b330ed5ed05f1b4a7b8e438f68187","name":"Fyno","image":{"@type":"ImageObject","inLanguage":"pt-PT","@id":"https:\/\/fyno.pt\/wp-content\/litespeed\/avatar\/8f51870e8d94c234e288da840d914372.jpg?ver=1788205134","url":"https:\/\/fyno.pt\/wp-content\/litespeed\/avatar\/8f51870e8d94c234e288da840d914372.jpg?ver=1788205134","contentUrl":"https:\/\/fyno.pt\/wp-content\/litespeed\/avatar\/8f51870e8d94c234e288da840d914372.jpg?ver=1788205134","caption":"Fyno"},"description":"A sua fonte de informa\u00e7\u00e3o.","url":"https:\/\/fyno.pt\/pt\/author\/fynopt\/"}]}},"_links":{"self":[{"href":"https:\/\/fyno.pt\/pt\/wp-json\/wp\/v2\/posts\/43799","targetHints":{"allow":["GET"]}}],"collection":[{"href":"https:\/\/fyno.pt\/pt\/wp-json\/wp\/v2\/posts"}],"about":[{"href":"https:\/\/fyno.pt\/pt\/wp-json\/wp\/v2\/types\/post"}],"author":[{"embeddable":true,"href":"https:\/\/fyno.pt\/pt\/wp-json\/wp\/v2\/users\/9"}],"replies":[{"embeddable":true,"href":"https:\/\/fyno.pt\/pt\/wp-json\/wp\/v2\/comments?post=43799"}],"version-history":[{"count":1,"href":"https:\/\/fyno.pt\/pt\/wp-json\/wp\/v2\/posts\/43799\/revisions"}],"predecessor-version":[{"id":43800,"href":"https:\/\/fyno.pt\/pt\/wp-json\/wp\/v2\/posts\/43799\/revisions\/43800"}],"wp:featuredmedia":[{"embeddable":true,"href":"https:\/\/fyno.pt\/pt\/wp-json\/wp\/v2\/media\/43797"}],"wp:attachment":[{"href":"https:\/\/fyno.pt\/pt\/wp-json\/wp\/v2\/media?parent=43799"}],"wp:term":[{"taxonomy":"category","embeddable":true,"href":"https:\/\/fyno.pt\/pt\/wp-json\/wp\/v2\/categories?post=43799"},{"taxonomy":"post_tag","embeddable":true,"href":"https:\/\/fyno.pt\/pt\/wp-json\/wp\/v2\/tags?post=43799"}],"curies":[{"name":"wp","href":"https:\/\/api.w.org\/{rel}","templated":true}]}}