{"id":43787,"date":"2026-09-03T20:43:09","date_gmt":"2026-09-03T23:43:09","guid":{"rendered":"https:\/\/fyno.pt\/?p=43787"},"modified":"2026-09-03T20:45:08","modified_gmt":"2026-09-03T23:45:08","slug":"mais-saude-conecta-aposta-em-saude-acessivel-e-amplia-solucoes-para-atendimento-e-bem-estar","status":"publish","type":"post","link":"https:\/\/fyno.pt\/pt\/saude\/mais-saude-conecta-aposta-em-saude-acessivel-e-amplia-solucoes-para-atendimento-e-bem-estar\/","title":{"rendered":"Mais Sa\u00fade Conecta aposta em sa\u00fade acess\u00edvel e amplia solu\u00e7\u00f5es para atendimento e bem-estar"},"content":{"rendered":"<h3 class=\"wp-block-heading\"><strong><em>Plataforma re\u00fane telemedicina, descontos em consultas e exames, benef\u00edcios em farm\u00e1cias e servi\u00e7os assistenciais em uma proposta voltada \u00e0 redu\u00e7\u00e3o de custos<\/em><\/strong><\/h3>\n\n\n\n<p>Em um cen\u00e1rio no qual o acesso a servi\u00e7os de sa\u00fade de qualidade ainda representa um desafio para muitas fam\u00edlias brasileiras, novas alternativas v\u00eam ganhando espa\u00e7o ao oferecer benef\u00edcios que buscam reduzir custos e facilitar o acesso a diferentes servi\u00e7os. \u00c9 nesse segmento que atua o <strong>Mais Sa\u00fade Conecta<\/strong>, plataforma de benef\u00edcios em sa\u00fade que re\u00fane uma s\u00e9rie de solu\u00e7\u00f5es destinadas a usu\u00e1rios de diferentes regi\u00f5es do pa\u00eds.<\/p>\n\n\n\n<p>Com uma proposta baseada em acessibilidade, praticidade e redu\u00e7\u00e3o de despesas, a empresa disponibiliza benef\u00edcios a partir de <strong>R$ 49,90<\/strong>, conforme as condi\u00e7\u00f5es divulgadas pela pr\u00f3pria plataforma. Entre os servi\u00e7os oferecidos est\u00e3o <strong>telemedicina 24 horas com cobertura nacional, descontos em consultas e exames e acesso a uma rede de farm\u00e1cias credenciadas<\/strong>.<\/p>\n\n\n\n<p>A proposta \u00e9 facilitar o acesso a servi\u00e7os que fazem parte da rotina de cuidados pessoais e familiares, utilizando um modelo de benef\u00edcios que busca oferecer alternativas ao consumidor que procura atendimento e servi\u00e7os de sa\u00fade com valores mais acess\u00edveis.<\/p>\n\n\n\n<h2 class=\"wp-block-heading\"><strong>Telemedicina e atendimento 24 horas<\/strong><\/h2>\n\n\n\n<p>Um dos destaques do Mais Sa\u00fade Conecta \u00e9 a oferta de <strong>telemedicina 24 horas<\/strong>, permitindo que os usu\u00e1rios tenham acesso remoto a atendimento m\u00e9dico, de acordo com as condi\u00e7\u00f5es previstas no benef\u00edcio contratado.<\/p>\n\n\n\n<p>A modalidade ganhou espa\u00e7o no Brasil ao permitir que determinadas demandas sejam atendidas de forma remota, proporcionando praticidade para pessoas que precisam de orienta\u00e7\u00e3o profissional sem necessariamente se deslocar at\u00e9 uma unidade de atendimento.<\/p>\n\n\n\n<p>Al\u00e9m da telemedicina, os planos divulgados pela empresa contemplam descontos em consultas e exames, ampliando o conjunto de benef\u00edcios disponibilizados aos participantes.<\/p>\n\n\n\n<h2 class=\"wp-block-heading\"><strong>Benef\u00edcios que v\u00e3o al\u00e9m das consultas<\/strong><\/h2>\n\n\n\n<p>A proposta do Mais Sa\u00fade Conecta n\u00e3o se limita ao atendimento m\u00e9dico. A plataforma tamb\u00e9m re\u00fane benef\u00edcios relacionados a <strong>farm\u00e1cias, seguro de vida e assist\u00eancia funeral<\/strong>, formando um pacote de servi\u00e7os voltado a diferentes necessidades do cotidiano.<\/p>\n\n\n\n<p>Segundo as informa\u00e7\u00f5es institucionais fornecidas pela empresa, a contrata\u00e7\u00e3o \u00e9 realizada de maneira clara, com apresenta\u00e7\u00e3o das condi\u00e7\u00f5es e dos benef\u00edcios antes da ades\u00e3o.<\/p>\n\n\n\n<p>Essa preocupa\u00e7\u00e3o com transpar\u00eancia \u00e9 especialmente relevante em um segmento no qual o consumidor precisa compreender exatamente quais servi\u00e7os est\u00e3o inclu\u00eddos, quais possuem descontos e quais s\u00e3o as condi\u00e7\u00f5es de utiliza\u00e7\u00e3o.<\/p>\n\n\n\n<h2 class=\"wp-block-heading\"><strong>Uma proposta tamb\u00e9m voltada ao empreendedorismo<\/strong><\/h2>\n\n\n\n<p>Outro diferencial apresentado pelo Mais Sa\u00fade Conecta est\u00e1 no modelo de atua\u00e7\u00e3o comercial. Al\u00e9m de oferecer benef\u00edcios aos usu\u00e1rios, a empresa possui um sistema que permite a participa\u00e7\u00e3o de representantes por meio de <strong>indica\u00e7\u00f5es diretas e recorrentes<\/strong>.<\/p>\n\n\n\n<p>A proposta abre espa\u00e7o para pessoas interessadas em atuar comercialmente com a plataforma, sem a exig\u00eancia de experi\u00eancia pr\u00e9via em vendas, segundo a apresenta\u00e7\u00e3o institucional da empresa.<\/p>\n\n\n\n<p>Dessa forma, o modelo combina duas frentes: de um lado, a busca por ampliar o acesso a benef\u00edcios de sa\u00fade; de outro, a cria\u00e7\u00e3o de oportunidades comerciais para representantes.<\/p>\n\n\n\n<h2 class=\"wp-block-heading\"><strong>Sa\u00fade acess\u00edvel como proposta de neg\u00f3cio<\/strong><\/h2>\n\n\n\n<p>A expans\u00e3o de modelos de benef\u00edcios em sa\u00fade acompanha uma mudan\u00e7a no comportamento do consumidor brasileiro, que busca cada vez mais alternativas para administrar despesas relacionadas a consultas, exames, medicamentos e outros servi\u00e7os.<\/p>\n\n\n\n<p>\u00c9 nesse contexto que o Mais Sa\u00fade Conecta procura posicionar sua atua\u00e7\u00e3o, oferecendo uma estrutura que re\u00fane diferentes benef\u00edcios em uma \u00fanica plataforma.<\/p>\n\n\n\n<p>Com presen\u00e7a nas redes sociais e comunica\u00e7\u00e3o voltada \u00e0 educa\u00e7\u00e3o e informa\u00e7\u00e3o em sa\u00fade, a marca tamb\u00e9m utiliza conte\u00fados digitais para abordar temas relacionados \u00e0 preven\u00e7\u00e3o, cuidados pessoais e qualidade de vida.<\/p>\n\n\n\n<h3 class=\"wp-block-heading\"><strong>Entre acesso e oportunidade<\/strong><\/h3>\n\n\n\n<p>A proposta do Mais Sa\u00fade Conecta combina <strong>benef\u00edcios em sa\u00fade, atendimento remoto, descontos e servi\u00e7os assistenciais<\/strong> com um modelo de representa\u00e7\u00e3o comercial. A estrat\u00e9gia procura atender tanto quem busca alternativas para reduzir despesas quanto pessoas interessadas em desenvolver uma atividade comercial no segmento.<\/p>\n\n\n\n<p>Em sua comunica\u00e7\u00e3o institucional, a empresa destaca como pilares <strong>transpar\u00eancia, acessibilidade, \u00e9tica e qualidade<\/strong>, apresentando como objetivo democratizar o acesso a servi\u00e7os e benef\u00edcios relacionados \u00e0 sa\u00fade.<\/p>\n\n\n\n<p>Em um mercado cada vez mais atento \u00e0 combina\u00e7\u00e3o entre <strong>acesso, praticidade e custo<\/strong>, o Mais Sa\u00fade Conecta busca ocupar seu espa\u00e7o oferecendo uma proposta que aproxima servi\u00e7os de sa\u00fade do consumidor e, ao mesmo tempo, cria possibilidades de participa\u00e7\u00e3o para representantes em diferentes regi\u00f5es do pa\u00eds.<\/p>","protected":false},"excerpt":{"rendered":"<p>Plataforma re\u00fane telemedicina, descontos em consultas e exames, benef\u00edcios em farm\u00e1cias e servi\u00e7os assistenciais em uma proposta voltada \u00e0 redu\u00e7\u00e3o de custos Em um cen\u00e1rio no qual o acesso a servi\u00e7os de sa\u00fade de qualidade ainda representa um desafio para muitas fam\u00edlias brasileiras, novas alternativas v\u00eam ganhando espa\u00e7o ao oferecer benef\u00edcios que buscam reduzir custos [&hellip;]<\/p>\n","protected":false},"author":9,"featured_media":43786,"comment_status":"open","ping_status":"open","sticky":false,"template":"","format":"standard","meta":{"footnotes":""},"categories":[1434],"tags":[2236,2234,2244,2225,2239,2228,2237,2231,2230,658,2229,2232,2240,2223,2246,2242,2238,2241,2224,2245,1355,2235,2233,2243,2227,2226],"class_list":["post-43787","post","type-post","status-publish","format-standard","has-post-thumbnail","hentry","category-saude","tag-acesso-a-saude","tag-assistencia-funeral","tag-atendimento-medico","tag-beneficios-em-saude","tag-beneficios-medicos","tag-consultas-medicas","tag-cuidados-com-a-saude","tag-descontos-em-farmacias","tag-descontos-em-saude","tag-empreendedorismo","tag-exames-medicos","tag-farmacias-credenciadas","tag-geracao-de-renda","tag-mais-saude-conecta","tag-medicina-acessivel","tag-oportunidade-de-negocio","tag-plataforma-de-saude","tag-representante-mais-saude-conecta","tag-saude-acessivel","tag-saude-digital","tag-saude-e-bem-estar","tag-saude-no-brasil","tag-seguro-de-vida","tag-servicos-de-saude","tag-telemedicina","tag-telemedicina-24-horas"],"yoast_head":"<!-- This site is optimized with the Yoast SEO Premium plugin v27.9 (Yoast SEO v27.9) - https:\/\/yoast.com\/product\/yoast-seo-premium-wordpress\/ -->\n<title>Mais Sa\u00fade Conecta aposta em sa\u00fade acess\u00edvel e amplia solu\u00e7\u00f5es para atendimento e bem-estar - Fyno<\/title>\n<meta name=\"robots\" content=\"index, follow, max-snippet:-1, max-image-preview:large, max-video-preview:-1\" \/>\n<link rel=\"canonical\" href=\"https:\/\/fyno.pt\/pt\/saude\/mais-saude-conecta-aposta-em-saude-acessivel-e-amplia-solucoes-para-atendimento-e-bem-estar\/\" \/>\n<meta property=\"og:locale\" content=\"pt_PT\" \/>\n<meta property=\"og:type\" content=\"article\" \/>\n<meta property=\"og:title\" content=\"Mais Sa\u00fade Conecta aposta em sa\u00fade acess\u00edvel e amplia solu\u00e7\u00f5es para atendimento e bem-estar\" \/>\n<meta property=\"og:description\" content=\"Plataforma re\u00fane telemedicina, descontos em consultas e exames, benef\u00edcios em farm\u00e1cias e servi\u00e7os assistenciais em uma proposta voltada \u00e0 redu\u00e7\u00e3o de custos Em um cen\u00e1rio no qual o acesso a servi\u00e7os de sa\u00fade de qualidade ainda representa um desafio para muitas fam\u00edlias brasileiras, novas alternativas v\u00eam ganhando espa\u00e7o ao oferecer benef\u00edcios que buscam reduzir custos [&hellip;]\" \/>\n<meta property=\"og:url\" content=\"https:\/\/fyno.pt\/pt\/saude\/mais-saude-conecta-aposta-em-saude-acessivel-e-amplia-solucoes-para-atendimento-e-bem-estar\/\" \/>\n<meta property=\"og:site_name\" content=\"Fyno\" \/>\n<meta property=\"article:published_time\" content=\"2026-09-03T23:43:09+00:00\" \/>\n<meta property=\"article:modified_time\" content=\"2026-09-03T23:45:08+00:00\" \/>\n<meta property=\"og:image\" content=\"https:\/\/fyno.pt\/wp-content\/uploads\/2026\/09\/image_editor_output_image196605371-1788478997575.jpg\" \/>\n\t<meta property=\"og:image:width\" content=\"1280\" \/>\n\t<meta property=\"og:image:height\" content=\"897\" \/>\n\t<meta property=\"og:image:type\" content=\"image\/jpeg\" \/>\n<meta name=\"author\" content=\"Fyno\" \/>\n<meta name=\"twitter:card\" content=\"summary_large_image\" \/>\n<meta name=\"twitter:label1\" content=\"Escrito por\" \/>\n\t<meta name=\"twitter:data1\" content=\"Fyno\" \/>\n\t<meta name=\"twitter:label2\" content=\"Tempo estimado de leitura\" \/>\n\t<meta name=\"twitter:data2\" content=\"4 minutos\" \/>\n<script type=\"application\/ld+json\" class=\"yoast-schema-graph\">{\"@context\":\"https:\\\/\\\/schema.org\",\"@graph\":[{\"@type\":\"Article\",\"@id\":\"https:\\\/\\\/fyno.pt\\\/saude\\\/mais-saude-conecta-aposta-em-saude-acessivel-e-amplia-solucoes-para-atendimento-e-bem-estar\\\/#article\",\"isPartOf\":{\"@id\":\"https:\\\/\\\/fyno.pt\\\/saude\\\/mais-saude-conecta-aposta-em-saude-acessivel-e-amplia-solucoes-para-atendimento-e-bem-estar\\\/\"},\"author\":{\"name\":\"Fyno\",\"@id\":\"https:\\\/\\\/fyno.pt\\\/#\\\/schema\\\/person\\\/ab5b330ed5ed05f1b4a7b8e438f68187\"},\"headline\":\"Mais Sa\u00fade Conecta aposta em sa\u00fade acess\u00edvel e amplia solu\u00e7\u00f5es para atendimento e bem-estar\",\"datePublished\":\"2026-09-03T23:43:09+00:00\",\"dateModified\":\"2026-09-03T23:45:08+00:00\",\"mainEntityOfPage\":{\"@id\":\"https:\\\/\\\/fyno.pt\\\/saude\\\/mais-saude-conecta-aposta-em-saude-acessivel-e-amplia-solucoes-para-atendimento-e-bem-estar\\\/\"},\"wordCount\":814,\"commentCount\":0,\"image\":{\"@id\":\"https:\\\/\\\/fyno.pt\\\/saude\\\/mais-saude-conecta-aposta-em-saude-acessivel-e-amplia-solucoes-para-atendimento-e-bem-estar\\\/#primaryimage\"},\"thumbnailUrl\":\"https:\\\/\\\/fyno.pt\\\/wp-content\\\/uploads\\\/2026\\\/09\\\/image_editor_output_image196605371-1788478997575.jpg\",\"keywords\":[\"acesso \u00e0 sa\u00fade\",\"assist\u00eancia funeral\",\"atendimento m\u00e9dico\",\"benef\u00edcios em sa\u00fade\",\"benef\u00edcios m\u00e9dicos\",\"consultas m\u00e9dicas\",\"cuidados com a sa\u00fade\",\"descontos em farm\u00e1cias\",\"descontos em sa\u00fade\",\"empreendedorismo\",\"exames m\u00e9dicos\",\"farm\u00e1cias credenciadas\",\"gera\u00e7\u00e3o de renda\",\"Mais Sa\u00fade Conecta\",\"medicina acess\u00edvel\",\"oportunidade de neg\u00f3cio\",\"plataforma de sa\u00fade\",\"representante Mais Sa\u00fade Conecta\",\"sa\u00fade acess\u00edvel\",\"sa\u00fade digital\",\"sa\u00fade e bem-estar\",\"sa\u00fade no Brasil\",\"seguro de vida\",\"servi\u00e7os de sa\u00fade\",\"telemedicina\",\"telemedicina 24 horas\"],\"articleSection\":[\"Sa\u00fade\"],\"inLanguage\":\"pt-PT\",\"potentialAction\":[{\"@type\":\"CommentAction\",\"name\":\"Comment\",\"target\":[\"https:\\\/\\\/fyno.pt\\\/saude\\\/mais-saude-conecta-aposta-em-saude-acessivel-e-amplia-solucoes-para-atendimento-e-bem-estar\\\/#respond\"]}]},{\"@type\":\"WebPage\",\"@id\":\"https:\\\/\\\/fyno.pt\\\/saude\\\/mais-saude-conecta-aposta-em-saude-acessivel-e-amplia-solucoes-para-atendimento-e-bem-estar\\\/\",\"url\":\"https:\\\/\\\/fyno.pt\\\/saude\\\/mais-saude-conecta-aposta-em-saude-acessivel-e-amplia-solucoes-para-atendimento-e-bem-estar\\\/\",\"name\":\"Mais Sa\u00fade Conecta aposta em sa\u00fade acess\u00edvel e amplia solu\u00e7\u00f5es para atendimento e bem-estar - Fyno\",\"isPartOf\":{\"@id\":\"https:\\\/\\\/fyno.pt\\\/#website\"},\"primaryImageOfPage\":{\"@id\":\"https:\\\/\\\/fyno.pt\\\/saude\\\/mais-saude-conecta-aposta-em-saude-acessivel-e-amplia-solucoes-para-atendimento-e-bem-estar\\\/#primaryimage\"},\"image\":{\"@id\":\"https:\\\/\\\/fyno.pt\\\/saude\\\/mais-saude-conecta-aposta-em-saude-acessivel-e-amplia-solucoes-para-atendimento-e-bem-estar\\\/#primaryimage\"},\"thumbnailUrl\":\"https:\\\/\\\/fyno.pt\\\/wp-content\\\/uploads\\\/2026\\\/09\\\/image_editor_output_image196605371-1788478997575.jpg\",\"datePublished\":\"2026-09-03T23:43:09+00:00\",\"dateModified\":\"2026-09-03T23:45:08+00:00\",\"author\":{\"@id\":\"https:\\\/\\\/fyno.pt\\\/#\\\/schema\\\/person\\\/ab5b330ed5ed05f1b4a7b8e438f68187\"},\"breadcrumb\":{\"@id\":\"https:\\\/\\\/fyno.pt\\\/saude\\\/mais-saude-conecta-aposta-em-saude-acessivel-e-amplia-solucoes-para-atendimento-e-bem-estar\\\/#breadcrumb\"},\"inLanguage\":\"pt-PT\",\"potentialAction\":[{\"@type\":\"ReadAction\",\"target\":[\"https:\\\/\\\/fyno.pt\\\/saude\\\/mais-saude-conecta-aposta-em-saude-acessivel-e-amplia-solucoes-para-atendimento-e-bem-estar\\\/\"]}]},{\"@type\":\"ImageObject\",\"inLanguage\":\"pt-PT\",\"@id\":\"https:\\\/\\\/fyno.pt\\\/saude\\\/mais-saude-conecta-aposta-em-saude-acessivel-e-amplia-solucoes-para-atendimento-e-bem-estar\\\/#primaryimage\",\"url\":\"https:\\\/\\\/fyno.pt\\\/wp-content\\\/uploads\\\/2026\\\/09\\\/image_editor_output_image196605371-1788478997575.jpg\",\"contentUrl\":\"https:\\\/\\\/fyno.pt\\\/wp-content\\\/uploads\\\/2026\\\/09\\\/image_editor_output_image196605371-1788478997575.jpg\",\"width\":1280,\"height\":897},{\"@type\":\"BreadcrumbList\",\"@id\":\"https:\\\/\\\/fyno.pt\\\/saude\\\/mais-saude-conecta-aposta-em-saude-acessivel-e-amplia-solucoes-para-atendimento-e-bem-estar\\\/#breadcrumb\",\"itemListElement\":[{\"@type\":\"ListItem\",\"position\":1,\"name\":\"In\u00edcio\",\"item\":\"https:\\\/\\\/fyno.pt\\\/\"},{\"@type\":\"ListItem\",\"position\":2,\"name\":\"Mais Sa\u00fade Conecta aposta em sa\u00fade acess\u00edvel e amplia solu\u00e7\u00f5es para atendimento e bem-estar\"}]},{\"@type\":\"WebSite\",\"@id\":\"https:\\\/\\\/fyno.pt\\\/#website\",\"url\":\"https:\\\/\\\/fyno.pt\\\/\",\"name\":\"Fyno\",\"description\":\"Not\u00edcia e informa\u00e7\u00e3o\",\"potentialAction\":[{\"@type\":\"SearchAction\",\"target\":{\"@type\":\"EntryPoint\",\"urlTemplate\":\"https:\\\/\\\/fyno.pt\\\/?s={search_term_string}\"},\"query-input\":{\"@type\":\"PropertyValueSpecification\",\"valueRequired\":true,\"valueName\":\"search_term_string\"}}],\"inLanguage\":\"pt-PT\"},{\"@type\":\"Person\",\"@id\":\"https:\\\/\\\/fyno.pt\\\/#\\\/schema\\\/person\\\/ab5b330ed5ed05f1b4a7b8e438f68187\",\"name\":\"Fyno\",\"image\":{\"@type\":\"ImageObject\",\"inLanguage\":\"pt-PT\",\"@id\":\"https:\\\/\\\/fyno.pt\\\/wp-content\\\/litespeed\\\/avatar\\\/8f51870e8d94c234e288da840d914372.jpg?ver=1788205134\",\"url\":\"https:\\\/\\\/fyno.pt\\\/wp-content\\\/litespeed\\\/avatar\\\/8f51870e8d94c234e288da840d914372.jpg?ver=1788205134\",\"contentUrl\":\"https:\\\/\\\/fyno.pt\\\/wp-content\\\/litespeed\\\/avatar\\\/8f51870e8d94c234e288da840d914372.jpg?ver=1788205134\",\"caption\":\"Fyno\"},\"description\":\"A sua fonte de informa\u00e7\u00e3o.\",\"url\":\"https:\\\/\\\/fyno.pt\\\/pt\\\/author\\\/fynopt\\\/\"}]}<\/script>\n<!-- \/ Yoast SEO Premium plugin. -->","yoast_head_json":{"title":"Mais Sa\u00fade Conecta aposta em sa\u00fade acess\u00edvel e amplia solu\u00e7\u00f5es para atendimento e bem-estar - Fyno","robots":{"index":"index","follow":"follow","max-snippet":"max-snippet:-1","max-image-preview":"max-image-preview:large","max-video-preview":"max-video-preview:-1"},"canonical":"https:\/\/fyno.pt\/pt\/saude\/mais-saude-conecta-aposta-em-saude-acessivel-e-amplia-solucoes-para-atendimento-e-bem-estar\/","og_locale":"pt_PT","og_type":"article","og_title":"Mais Sa\u00fade Conecta aposta em sa\u00fade acess\u00edvel e amplia solu\u00e7\u00f5es para atendimento e bem-estar","og_description":"Plataforma re\u00fane telemedicina, descontos em consultas e exames, benef\u00edcios em farm\u00e1cias e servi\u00e7os assistenciais em uma proposta voltada \u00e0 redu\u00e7\u00e3o de custos Em um cen\u00e1rio no qual o acesso a servi\u00e7os de sa\u00fade de qualidade ainda representa um desafio para muitas fam\u00edlias brasileiras, novas alternativas v\u00eam ganhando espa\u00e7o ao oferecer benef\u00edcios que buscam reduzir custos [&hellip;]","og_url":"https:\/\/fyno.pt\/pt\/saude\/mais-saude-conecta-aposta-em-saude-acessivel-e-amplia-solucoes-para-atendimento-e-bem-estar\/","og_site_name":"Fyno","article_published_time":"2026-09-03T23:43:09+00:00","article_modified_time":"2026-09-03T23:45:08+00:00","og_image":[{"width":1280,"height":897,"url":"https:\/\/fyno.pt\/wp-content\/uploads\/2026\/09\/image_editor_output_image196605371-1788478997575.jpg","type":"image\/jpeg"}],"author":"Fyno","twitter_card":"summary_large_image","twitter_misc":{"Escrito por":"Fyno","Tempo estimado de leitura":"4 minutos"},"schema":{"@context":"https:\/\/schema.org","@graph":[{"@type":"Article","@id":"https:\/\/fyno.pt\/saude\/mais-saude-conecta-aposta-em-saude-acessivel-e-amplia-solucoes-para-atendimento-e-bem-estar\/#article","isPartOf":{"@id":"https:\/\/fyno.pt\/saude\/mais-saude-conecta-aposta-em-saude-acessivel-e-amplia-solucoes-para-atendimento-e-bem-estar\/"},"author":{"name":"Fyno","@id":"https:\/\/fyno.pt\/#\/schema\/person\/ab5b330ed5ed05f1b4a7b8e438f68187"},"headline":"Mais Sa\u00fade Conecta aposta em sa\u00fade acess\u00edvel e amplia solu\u00e7\u00f5es para atendimento e bem-estar","datePublished":"2026-09-03T23:43:09+00:00","dateModified":"2026-09-03T23:45:08+00:00","mainEntityOfPage":{"@id":"https:\/\/fyno.pt\/saude\/mais-saude-conecta-aposta-em-saude-acessivel-e-amplia-solucoes-para-atendimento-e-bem-estar\/"},"wordCount":814,"commentCount":0,"image":{"@id":"https:\/\/fyno.pt\/saude\/mais-saude-conecta-aposta-em-saude-acessivel-e-amplia-solucoes-para-atendimento-e-bem-estar\/#primaryimage"},"thumbnailUrl":"https:\/\/fyno.pt\/wp-content\/uploads\/2026\/09\/image_editor_output_image196605371-1788478997575.jpg","keywords":["acesso \u00e0 sa\u00fade","assist\u00eancia funeral","atendimento m\u00e9dico","benef\u00edcios em sa\u00fade","benef\u00edcios m\u00e9dicos","consultas m\u00e9dicas","cuidados com a sa\u00fade","descontos em farm\u00e1cias","descontos em sa\u00fade","empreendedorismo","exames m\u00e9dicos","farm\u00e1cias credenciadas","gera\u00e7\u00e3o de renda","Mais Sa\u00fade Conecta","medicina acess\u00edvel","oportunidade de neg\u00f3cio","plataforma de sa\u00fade","representante Mais Sa\u00fade Conecta","sa\u00fade acess\u00edvel","sa\u00fade digital","sa\u00fade e bem-estar","sa\u00fade no Brasil","seguro de vida","servi\u00e7os de sa\u00fade","telemedicina","telemedicina 24 horas"],"articleSection":["Sa\u00fade"],"inLanguage":"pt-PT","potentialAction":[{"@type":"CommentAction","name":"Comment","target":["https:\/\/fyno.pt\/saude\/mais-saude-conecta-aposta-em-saude-acessivel-e-amplia-solucoes-para-atendimento-e-bem-estar\/#respond"]}]},{"@type":"WebPage","@id":"https:\/\/fyno.pt\/saude\/mais-saude-conecta-aposta-em-saude-acessivel-e-amplia-solucoes-para-atendimento-e-bem-estar\/","url":"https:\/\/fyno.pt\/saude\/mais-saude-conecta-aposta-em-saude-acessivel-e-amplia-solucoes-para-atendimento-e-bem-estar\/","name":"Mais Sa\u00fade Conecta aposta em sa\u00fade acess\u00edvel e amplia solu\u00e7\u00f5es para atendimento e bem-estar - Fyno","isPartOf":{"@id":"https:\/\/fyno.pt\/#website"},"primaryImageOfPage":{"@id":"https:\/\/fyno.pt\/saude\/mais-saude-conecta-aposta-em-saude-acessivel-e-amplia-solucoes-para-atendimento-e-bem-estar\/#primaryimage"},"image":{"@id":"https:\/\/fyno.pt\/saude\/mais-saude-conecta-aposta-em-saude-acessivel-e-amplia-solucoes-para-atendimento-e-bem-estar\/#primaryimage"},"thumbnailUrl":"https:\/\/fyno.pt\/wp-content\/uploads\/2026\/09\/image_editor_output_image196605371-1788478997575.jpg","datePublished":"2026-09-03T23:43:09+00:00","dateModified":"2026-09-03T23:45:08+00:00","author":{"@id":"https:\/\/fyno.pt\/#\/schema\/person\/ab5b330ed5ed05f1b4a7b8e438f68187"},"breadcrumb":{"@id":"https:\/\/fyno.pt\/saude\/mais-saude-conecta-aposta-em-saude-acessivel-e-amplia-solucoes-para-atendimento-e-bem-estar\/#breadcrumb"},"inLanguage":"pt-PT","potentialAction":[{"@type":"ReadAction","target":["https:\/\/fyno.pt\/saude\/mais-saude-conecta-aposta-em-saude-acessivel-e-amplia-solucoes-para-atendimento-e-bem-estar\/"]}]},{"@type":"ImageObject","inLanguage":"pt-PT","@id":"https:\/\/fyno.pt\/saude\/mais-saude-conecta-aposta-em-saude-acessivel-e-amplia-solucoes-para-atendimento-e-bem-estar\/#primaryimage","url":"https:\/\/fyno.pt\/wp-content\/uploads\/2026\/09\/image_editor_output_image196605371-1788478997575.jpg","contentUrl":"https:\/\/fyno.pt\/wp-content\/uploads\/2026\/09\/image_editor_output_image196605371-1788478997575.jpg","width":1280,"height":897},{"@type":"BreadcrumbList","@id":"https:\/\/fyno.pt\/saude\/mais-saude-conecta-aposta-em-saude-acessivel-e-amplia-solucoes-para-atendimento-e-bem-estar\/#breadcrumb","itemListElement":[{"@type":"ListItem","position":1,"name":"In\u00edcio","item":"https:\/\/fyno.pt\/"},{"@type":"ListItem","position":2,"name":"Mais Sa\u00fade Conecta aposta em sa\u00fade acess\u00edvel e amplia solu\u00e7\u00f5es para atendimento e bem-estar"}]},{"@type":"WebSite","@id":"https:\/\/fyno.pt\/#website","url":"https:\/\/fyno.pt\/","name":"Fyno","description":"Not\u00edcia e informa\u00e7\u00e3o","potentialAction":[{"@type":"SearchAction","target":{"@type":"EntryPoint","urlTemplate":"https:\/\/fyno.pt\/?s={search_term_string}"},"query-input":{"@type":"PropertyValueSpecification","valueRequired":true,"valueName":"search_term_string"}}],"inLanguage":"pt-PT"},{"@type":"Person","@id":"https:\/\/fyno.pt\/#\/schema\/person\/ab5b330ed5ed05f1b4a7b8e438f68187","name":"Fyno","image":{"@type":"ImageObject","inLanguage":"pt-PT","@id":"https:\/\/fyno.pt\/wp-content\/litespeed\/avatar\/8f51870e8d94c234e288da840d914372.jpg?ver=1788205134","url":"https:\/\/fyno.pt\/wp-content\/litespeed\/avatar\/8f51870e8d94c234e288da840d914372.jpg?ver=1788205134","contentUrl":"https:\/\/fyno.pt\/wp-content\/litespeed\/avatar\/8f51870e8d94c234e288da840d914372.jpg?ver=1788205134","caption":"Fyno"},"description":"A sua fonte de informa\u00e7\u00e3o.","url":"https:\/\/fyno.pt\/pt\/author\/fynopt\/"}]}},"_links":{"self":[{"href":"https:\/\/fyno.pt\/pt\/wp-json\/wp\/v2\/posts\/43787","targetHints":{"allow":["GET"]}}],"collection":[{"href":"https:\/\/fyno.pt\/pt\/wp-json\/wp\/v2\/posts"}],"about":[{"href":"https:\/\/fyno.pt\/pt\/wp-json\/wp\/v2\/types\/post"}],"author":[{"embeddable":true,"href":"https:\/\/fyno.pt\/pt\/wp-json\/wp\/v2\/users\/9"}],"replies":[{"embeddable":true,"href":"https:\/\/fyno.pt\/pt\/wp-json\/wp\/v2\/comments?post=43787"}],"version-history":[{"count":1,"href":"https:\/\/fyno.pt\/pt\/wp-json\/wp\/v2\/posts\/43787\/revisions"}],"predecessor-version":[{"id":43788,"href":"https:\/\/fyno.pt\/pt\/wp-json\/wp\/v2\/posts\/43787\/revisions\/43788"}],"wp:featuredmedia":[{"embeddable":true,"href":"https:\/\/fyno.pt\/pt\/wp-json\/wp\/v2\/media\/43786"}],"wp:attachment":[{"href":"https:\/\/fyno.pt\/pt\/wp-json\/wp\/v2\/media?parent=43787"}],"wp:term":[{"taxonomy":"category","embeddable":true,"href":"https:\/\/fyno.pt\/pt\/wp-json\/wp\/v2\/categories?post=43787"},{"taxonomy":"post_tag","embeddable":true,"href":"https:\/\/fyno.pt\/pt\/wp-json\/wp\/v2\/tags?post=43787"}],"curies":[{"name":"wp","href":"https:\/\/api.w.org\/{rel}","templated":true}]}}