{"id":43784,"date":"2026-09-03T20:32:33","date_gmt":"2026-09-03T23:32:33","guid":{"rendered":"https:\/\/fyno.pt\/?p=43784"},"modified":"2026-09-03T20:32:35","modified_gmt":"2026-09-03T23:32:35","slug":"mc-vk-fortalece-trajetoria-no-funk-e-amplia-atuacao-como-empresario-no-mercado-musical","status":"publish","type":"post","link":"https:\/\/fyno.pt\/pt\/famosos\/mc-vk-fortalece-trajetoria-no-funk-e-amplia-atuacao-como-empresario-no-mercado-musical\/","title":{"rendered":"MC VK fortalece trajet\u00f3ria no funk e amplia atua\u00e7\u00e3o como empres\u00e1rio no mercado musical"},"content":{"rendered":"<h3 class=\"wp-block-heading\"><strong><em>Com presen\u00e7a consolidada nas redes sociais, artista constr\u00f3i carreira que une m\u00fasica, influ\u00eancia e empreendedorismo<\/em><\/strong><\/h3>\n\n\n\n<p>O funk brasileiro se tornou, nas \u00faltimas d\u00e9cadas, um dos principais movimentos culturais do pa\u00eds e tamb\u00e9m um importante espa\u00e7o para o surgimento de novos artistas, produtores e empreendedores. Dentro dessa realidade est\u00e1 <strong>MC VK<\/strong>, nome que ganhou proje\u00e7\u00e3o na cena do funk e construiu uma trajet\u00f3ria marcada pela m\u00fasica, pela influ\u00eancia digital e pela atua\u00e7\u00e3o no mercado de entretenimento.<\/p>\n\n\n\n<p>Com uma carreira desenvolvida pr\u00f3xima a importantes nomes do g\u00eanero, MC VK conquistou espa\u00e7o n\u00e3o apenas como cantor, mas tamb\u00e9m como empres\u00e1rio ligado ao universo musical. Sua trajet\u00f3ria acompanha uma gera\u00e7\u00e3o de artistas que encontrou nas plataformas digitais uma nova forma de se comunicar com o p\u00fablico, divulgar trabalhos e transformar audi\u00eancia em oportunidades.<\/p>\n\n\n\n<p>A presen\u00e7a nas redes sociais \u00e9 um dos reflexos dessa trajet\u00f3ria. O perfil oficial do artista, <strong>@mcvk.oficial<\/strong>, re\u00fane cerca de <strong>850 mil seguidores<\/strong>, formando uma comunidade expressiva em torno de seu trabalho e de sua imagem p\u00fablica.<\/p>\n\n\n\n<h3 class=\"wp-block-heading\"><strong>Uma trajet\u00f3ria constru\u00edda dentro do funk<\/strong><\/h3>\n\n\n\n<p>MC VK esteve presente em diferentes momentos da expans\u00e3o do funk paulista e manteve rela\u00e7\u00f5es profissionais e de amizade com artistas que ajudaram a levar o g\u00eanero para p\u00fablicos cada vez maiores.<\/p>\n\n\n\n<p>Entre essas conex\u00f5es est\u00e1 sua parceria com <strong>MC Kevin<\/strong>, com quem dividiu trabalhos e viveu uma amizade que ganhou grande repercuss\u00e3o no cen\u00e1rio musical brasileiro.<\/p>\n\n\n\n<p>A m\u00fasica <strong>\u201cFavelado Vencedor\u201d<\/strong>, que re\u00fane MC Kevin, MC VK, MC GP e L\u00e9o Caneta de Ouro, est\u00e1 entre os trabalhos associados \u00e0 trajet\u00f3ria do artista e representa um dos registros de sua participa\u00e7\u00e3o na cena.<\/p>\n\n\n\n<p>Ao longo desse per\u00edodo, o nome de MC VK tamb\u00e9m esteve ligado a outros artistas e projetos do funk, fortalecendo sua circula\u00e7\u00e3o dentro de um dos segmentos mais populares da m\u00fasica brasileira contempor\u00e2nea.<\/p>\n\n\n\n<h3 class=\"wp-block-heading\"><strong>Mais do que m\u00fasica<\/strong><\/h3>\n\n\n\n<figure class=\"wp-block-image size-large\"><img fetchpriority=\"high\" decoding=\"async\" width=\"1024\" height=\"998\" src=\"https:\/\/fyno.pt\/wp-content\/uploads\/2026\/09\/image_editor_output_image120210798-17884783390582596381545337890055-1024x998.jpg\" alt=\"\" class=\"wp-image-43783\" srcset=\"https:\/\/fyno.pt\/wp-content\/uploads\/2026\/09\/image_editor_output_image120210798-17884783390582596381545337890055-1024x998.jpg 1024w, https:\/\/fyno.pt\/wp-content\/uploads\/2026\/09\/image_editor_output_image120210798-17884783390582596381545337890055-300x293.jpg 300w, https:\/\/fyno.pt\/wp-content\/uploads\/2026\/09\/image_editor_output_image120210798-17884783390582596381545337890055-768x749.jpg 768w, https:\/\/fyno.pt\/wp-content\/uploads\/2026\/09\/image_editor_output_image120210798-17884783390582596381545337890055-12x12.jpg 12w, https:\/\/fyno.pt\/wp-content\/uploads\/2026\/09\/image_editor_output_image120210798-17884783390582596381545337890055-750x731.jpg 750w, https:\/\/fyno.pt\/wp-content\/uploads\/2026\/09\/image_editor_output_image120210798-17884783390582596381545337890055-1140x1112.jpg 1140w, https:\/\/fyno.pt\/wp-content\/uploads\/2026\/09\/image_editor_output_image120210798-17884783390582596381545337890055.jpg 1280w\" sizes=\"(max-width: 1024px) 100vw, 1024px\" \/><figcaption class=\"wp-element-caption\">Foto Reprodu\u00e7\u00e3o.<\/figcaption><\/figure>\n\n\n\n<p>A trajet\u00f3ria de MC VK tamb\u00e9m chama aten\u00e7\u00e3o pela capacidade de transitar entre diferentes \u00e1reas do entretenimento. Al\u00e9m da carreira art\u00edstica, o cantor atua no <strong>empreendedorismo e na gest\u00e3o de neg\u00f3cios relacionados ao mercado musical<\/strong>, ampliando sua participa\u00e7\u00e3o em uma ind\u00fastria que movimenta artistas, produtores, empres\u00e1rios, eventos e plataformas digitais.<\/p>\n\n\n\n<p>Esse movimento acompanha uma tend\u00eancia cada vez mais presente no mercado: artistas que deixam de atuar exclusivamente como int\u00e9rpretes e passam a participar tamb\u00e9m das decis\u00f5es, neg\u00f3cios e estrat\u00e9gias que envolvem suas pr\u00f3prias carreiras.<\/p>\n\n\n\n<p>No caso de MC VK, m\u00fasica e empreendedorismo caminham juntos na constru\u00e7\u00e3o de uma marca pessoal que ultrapassa os limites do palco.<\/p>\n\n\n\n<h3 class=\"wp-block-heading\"><strong>Influ\u00eancia que ultrapassa as m\u00fasicas<\/strong><\/h3>\n\n\n\n<p>Outro elemento importante de sua trajet\u00f3ria \u00e9 a influ\u00eancia cultural constru\u00edda por meio da linguagem. MC VK ficou conhecido por express\u00f5es e g\u00edrias que ganharam espa\u00e7o nas redes sociais e entre o p\u00fablico do funk, contribuindo para a forma\u00e7\u00e3o de uma identidade reconhecida por seus seguidores.<\/p>\n\n\n\n<p>Em um mercado no qual a comunica\u00e7\u00e3o direta se tornou fundamental, essa capacidade de criar identifica\u00e7\u00e3o com o p\u00fablico representa um patrim\u00f4nio importante para qualquer artista.<\/p>\n\n\n\n<p>Hoje, MC VK re\u00fane experi\u00eancia na m\u00fasica, forte presen\u00e7a digital e atua\u00e7\u00e3o empresarial, caracter\u00edsticas que ajudam a explicar sua perman\u00eancia em evid\u00eancia dentro do universo do funk.<\/p>\n\n\n\n<h3 class=\"wp-block-heading\"><strong>Um nome que continua em movimento<\/strong><\/h3>\n\n\n\n<p>A hist\u00f3ria de MC VK est\u00e1 inserida em uma transforma\u00e7\u00e3o maior pela qual passa a m\u00fasica brasileira. O artista que chega ao p\u00fablico pelas can\u00e7\u00f5es tamb\u00e9m pode construir neg\u00f3cios, desenvolver audi\u00eancia, criar tend\u00eancias e participar de diferentes etapas da ind\u00fastria do entretenimento.<\/p>\n\n\n\n<p>Com uma trajet\u00f3ria constru\u00edda no funk e uma presen\u00e7a digital expressiva, <strong>MC VK segue ampliando seu espa\u00e7o como artista e empreendedor<\/strong>, mantendo uma rela\u00e7\u00e3o pr\u00f3xima com a cultura das periferias, com o mercado musical e com as novas formas de comunica\u00e7\u00e3o proporcionadas pelas redes sociais.<\/p>\n\n\n\n<p>Mais do que um nome ligado ao funk, sua trajet\u00f3ria representa <strong>a evolu\u00e7\u00e3o de uma gera\u00e7\u00e3o de artistas que transformou talento, influ\u00eancia e vis\u00e3o de neg\u00f3cios em ferramentas para construir carreira e ocupar novos espa\u00e7os no mercado brasileiro<\/strong>.<\/p>","protected":false},"excerpt":{"rendered":"<p>Com presen\u00e7a consolidada nas redes sociais, artista constr\u00f3i carreira que une m\u00fasica, influ\u00eancia e empreendedorismo O funk brasileiro se tornou, nas \u00faltimas d\u00e9cadas, um dos principais movimentos culturais do pa\u00eds e tamb\u00e9m um importante espa\u00e7o para o surgimento de novos artistas, produtores e empreendedores. Dentro dessa realidade est\u00e1 MC VK, nome que ganhou proje\u00e7\u00e3o na [&hellip;]<\/p>\n","protected":false},"author":9,"featured_media":43782,"comment_status":"open","ping_status":"open","sticky":false,"template":"","format":"standard","meta":{"footnotes":""},"categories":[50],"tags":[],"class_list":["post-43784","post","type-post","status-publish","format-standard","has-post-thumbnail","hentry","category-famosos"],"yoast_head":"<!-- This site is optimized with the Yoast SEO Premium plugin v27.9 (Yoast SEO v27.9) - https:\/\/yoast.com\/product\/yoast-seo-premium-wordpress\/ -->\n<title>MC VK fortalece trajet\u00f3ria no funk e amplia atua\u00e7\u00e3o como empres\u00e1rio no mercado musical - Fyno<\/title>\n<meta name=\"robots\" content=\"index, follow, max-snippet:-1, max-image-preview:large, max-video-preview:-1\" \/>\n<link rel=\"canonical\" href=\"https:\/\/fyno.pt\/pt\/famosos\/mc-vk-fortalece-trajetoria-no-funk-e-amplia-atuacao-como-empresario-no-mercado-musical\/\" \/>\n<meta property=\"og:locale\" content=\"pt_PT\" \/>\n<meta property=\"og:type\" content=\"article\" \/>\n<meta property=\"og:title\" content=\"MC VK fortalece trajet\u00f3ria no funk e amplia atua\u00e7\u00e3o como empres\u00e1rio no mercado musical\" \/>\n<meta property=\"og:description\" content=\"Com presen\u00e7a consolidada nas redes sociais, artista constr\u00f3i carreira que une m\u00fasica, influ\u00eancia e empreendedorismo O funk brasileiro se tornou, nas \u00faltimas d\u00e9cadas, um dos principais movimentos culturais do pa\u00eds e tamb\u00e9m um importante espa\u00e7o para o surgimento de novos artistas, produtores e empreendedores. Dentro dessa realidade est\u00e1 MC VK, nome que ganhou proje\u00e7\u00e3o na [&hellip;]\" \/>\n<meta property=\"og:url\" content=\"https:\/\/fyno.pt\/pt\/famosos\/mc-vk-fortalece-trajetoria-no-funk-e-amplia-atuacao-como-empresario-no-mercado-musical\/\" \/>\n<meta property=\"og:site_name\" content=\"Fyno\" \/>\n<meta property=\"article:published_time\" content=\"2026-09-03T23:32:33+00:00\" \/>\n<meta property=\"article:modified_time\" content=\"2026-09-03T23:32:35+00:00\" \/>\n<meta property=\"og:image\" content=\"https:\/\/fyno.pt\/wp-content\/uploads\/2026\/09\/image_editor_output_image-1980442886-1788478322751.jpg\" \/>\n\t<meta property=\"og:image:width\" content=\"1280\" \/>\n\t<meta property=\"og:image:height\" content=\"708\" \/>\n\t<meta property=\"og:image:type\" content=\"image\/jpeg\" \/>\n<meta name=\"author\" content=\"Fyno\" \/>\n<meta name=\"twitter:card\" content=\"summary_large_image\" \/>\n<meta name=\"twitter:label1\" content=\"Escrito por\" \/>\n\t<meta name=\"twitter:data1\" content=\"Fyno\" \/>\n\t<meta name=\"twitter:label2\" content=\"Tempo estimado de leitura\" \/>\n\t<meta name=\"twitter:data2\" content=\"4 minutos\" \/>\n<script type=\"application\/ld+json\" class=\"yoast-schema-graph\">{\"@context\":\"https:\\\/\\\/schema.org\",\"@graph\":[{\"@type\":\"Article\",\"@id\":\"https:\\\/\\\/fyno.pt\\\/famosos\\\/mc-vk-fortalece-trajetoria-no-funk-e-amplia-atuacao-como-empresario-no-mercado-musical\\\/#article\",\"isPartOf\":{\"@id\":\"https:\\\/\\\/fyno.pt\\\/famosos\\\/mc-vk-fortalece-trajetoria-no-funk-e-amplia-atuacao-como-empresario-no-mercado-musical\\\/\"},\"author\":{\"name\":\"Fyno\",\"@id\":\"https:\\\/\\\/fyno.pt\\\/#\\\/schema\\\/person\\\/ab5b330ed5ed05f1b4a7b8e438f68187\"},\"headline\":\"MC VK fortalece trajet\u00f3ria no funk e amplia atua\u00e7\u00e3o como empres\u00e1rio no mercado musical\",\"datePublished\":\"2026-09-03T23:32:33+00:00\",\"dateModified\":\"2026-09-03T23:32:35+00:00\",\"mainEntityOfPage\":{\"@id\":\"https:\\\/\\\/fyno.pt\\\/famosos\\\/mc-vk-fortalece-trajetoria-no-funk-e-amplia-atuacao-como-empresario-no-mercado-musical\\\/\"},\"wordCount\":772,\"commentCount\":0,\"image\":{\"@id\":\"https:\\\/\\\/fyno.pt\\\/famosos\\\/mc-vk-fortalece-trajetoria-no-funk-e-amplia-atuacao-como-empresario-no-mercado-musical\\\/#primaryimage\"},\"thumbnailUrl\":\"https:\\\/\\\/fyno.pt\\\/wp-content\\\/uploads\\\/2026\\\/09\\\/image_editor_output_image-1980442886-1788478322751.jpg\",\"articleSection\":[\"Famosos\"],\"inLanguage\":\"pt-PT\",\"potentialAction\":[{\"@type\":\"CommentAction\",\"name\":\"Comment\",\"target\":[\"https:\\\/\\\/fyno.pt\\\/famosos\\\/mc-vk-fortalece-trajetoria-no-funk-e-amplia-atuacao-como-empresario-no-mercado-musical\\\/#respond\"]}]},{\"@type\":\"WebPage\",\"@id\":\"https:\\\/\\\/fyno.pt\\\/famosos\\\/mc-vk-fortalece-trajetoria-no-funk-e-amplia-atuacao-como-empresario-no-mercado-musical\\\/\",\"url\":\"https:\\\/\\\/fyno.pt\\\/famosos\\\/mc-vk-fortalece-trajetoria-no-funk-e-amplia-atuacao-como-empresario-no-mercado-musical\\\/\",\"name\":\"MC VK fortalece trajet\u00f3ria no funk e amplia atua\u00e7\u00e3o como empres\u00e1rio no mercado musical - Fyno\",\"isPartOf\":{\"@id\":\"https:\\\/\\\/fyno.pt\\\/#website\"},\"primaryImageOfPage\":{\"@id\":\"https:\\\/\\\/fyno.pt\\\/famosos\\\/mc-vk-fortalece-trajetoria-no-funk-e-amplia-atuacao-como-empresario-no-mercado-musical\\\/#primaryimage\"},\"image\":{\"@id\":\"https:\\\/\\\/fyno.pt\\\/famosos\\\/mc-vk-fortalece-trajetoria-no-funk-e-amplia-atuacao-como-empresario-no-mercado-musical\\\/#primaryimage\"},\"thumbnailUrl\":\"https:\\\/\\\/fyno.pt\\\/wp-content\\\/uploads\\\/2026\\\/09\\\/image_editor_output_image-1980442886-1788478322751.jpg\",\"datePublished\":\"2026-09-03T23:32:33+00:00\",\"dateModified\":\"2026-09-03T23:32:35+00:00\",\"author\":{\"@id\":\"https:\\\/\\\/fyno.pt\\\/#\\\/schema\\\/person\\\/ab5b330ed5ed05f1b4a7b8e438f68187\"},\"breadcrumb\":{\"@id\":\"https:\\\/\\\/fyno.pt\\\/famosos\\\/mc-vk-fortalece-trajetoria-no-funk-e-amplia-atuacao-como-empresario-no-mercado-musical\\\/#breadcrumb\"},\"inLanguage\":\"pt-PT\",\"potentialAction\":[{\"@type\":\"ReadAction\",\"target\":[\"https:\\\/\\\/fyno.pt\\\/famosos\\\/mc-vk-fortalece-trajetoria-no-funk-e-amplia-atuacao-como-empresario-no-mercado-musical\\\/\"]}]},{\"@type\":\"ImageObject\",\"inLanguage\":\"pt-PT\",\"@id\":\"https:\\\/\\\/fyno.pt\\\/famosos\\\/mc-vk-fortalece-trajetoria-no-funk-e-amplia-atuacao-como-empresario-no-mercado-musical\\\/#primaryimage\",\"url\":\"https:\\\/\\\/fyno.pt\\\/wp-content\\\/uploads\\\/2026\\\/09\\\/image_editor_output_image-1980442886-1788478322751.jpg\",\"contentUrl\":\"https:\\\/\\\/fyno.pt\\\/wp-content\\\/uploads\\\/2026\\\/09\\\/image_editor_output_image-1980442886-1788478322751.jpg\",\"width\":1280,\"height\":708},{\"@type\":\"BreadcrumbList\",\"@id\":\"https:\\\/\\\/fyno.pt\\\/famosos\\\/mc-vk-fortalece-trajetoria-no-funk-e-amplia-atuacao-como-empresario-no-mercado-musical\\\/#breadcrumb\",\"itemListElement\":[{\"@type\":\"ListItem\",\"position\":1,\"name\":\"In\u00edcio\",\"item\":\"https:\\\/\\\/fyno.pt\\\/\"},{\"@type\":\"ListItem\",\"position\":2,\"name\":\"MC VK fortalece trajet\u00f3ria no funk e amplia atua\u00e7\u00e3o como empres\u00e1rio no mercado musical\"}]},{\"@type\":\"WebSite\",\"@id\":\"https:\\\/\\\/fyno.pt\\\/#website\",\"url\":\"https:\\\/\\\/fyno.pt\\\/\",\"name\":\"Fyno\",\"description\":\"Not\u00edcia e informa\u00e7\u00e3o\",\"potentialAction\":[{\"@type\":\"SearchAction\",\"target\":{\"@type\":\"EntryPoint\",\"urlTemplate\":\"https:\\\/\\\/fyno.pt\\\/?s={search_term_string}\"},\"query-input\":{\"@type\":\"PropertyValueSpecification\",\"valueRequired\":true,\"valueName\":\"search_term_string\"}}],\"inLanguage\":\"pt-PT\"},{\"@type\":\"Person\",\"@id\":\"https:\\\/\\\/fyno.pt\\\/#\\\/schema\\\/person\\\/ab5b330ed5ed05f1b4a7b8e438f68187\",\"name\":\"Fyno\",\"image\":{\"@type\":\"ImageObject\",\"inLanguage\":\"pt-PT\",\"@id\":\"https:\\\/\\\/fyno.pt\\\/wp-content\\\/litespeed\\\/avatar\\\/8f51870e8d94c234e288da840d914372.jpg?ver=1788205134\",\"url\":\"https:\\\/\\\/fyno.pt\\\/wp-content\\\/litespeed\\\/avatar\\\/8f51870e8d94c234e288da840d914372.jpg?ver=1788205134\",\"contentUrl\":\"https:\\\/\\\/fyno.pt\\\/wp-content\\\/litespeed\\\/avatar\\\/8f51870e8d94c234e288da840d914372.jpg?ver=1788205134\",\"caption\":\"Fyno\"},\"description\":\"A sua fonte de informa\u00e7\u00e3o.\",\"url\":\"https:\\\/\\\/fyno.pt\\\/pt\\\/author\\\/fynopt\\\/\"}]}<\/script>\n<!-- \/ Yoast SEO Premium plugin. -->","yoast_head_json":{"title":"MC VK fortalece trajet\u00f3ria no funk e amplia atua\u00e7\u00e3o como empres\u00e1rio no mercado musical - Fyno","robots":{"index":"index","follow":"follow","max-snippet":"max-snippet:-1","max-image-preview":"max-image-preview:large","max-video-preview":"max-video-preview:-1"},"canonical":"https:\/\/fyno.pt\/pt\/famosos\/mc-vk-fortalece-trajetoria-no-funk-e-amplia-atuacao-como-empresario-no-mercado-musical\/","og_locale":"pt_PT","og_type":"article","og_title":"MC VK fortalece trajet\u00f3ria no funk e amplia atua\u00e7\u00e3o como empres\u00e1rio no mercado musical","og_description":"Com presen\u00e7a consolidada nas redes sociais, artista constr\u00f3i carreira que une m\u00fasica, influ\u00eancia e empreendedorismo O funk brasileiro se tornou, nas \u00faltimas d\u00e9cadas, um dos principais movimentos culturais do pa\u00eds e tamb\u00e9m um importante espa\u00e7o para o surgimento de novos artistas, produtores e empreendedores. Dentro dessa realidade est\u00e1 MC VK, nome que ganhou proje\u00e7\u00e3o na [&hellip;]","og_url":"https:\/\/fyno.pt\/pt\/famosos\/mc-vk-fortalece-trajetoria-no-funk-e-amplia-atuacao-como-empresario-no-mercado-musical\/","og_site_name":"Fyno","article_published_time":"2026-09-03T23:32:33+00:00","article_modified_time":"2026-09-03T23:32:35+00:00","og_image":[{"width":1280,"height":708,"url":"https:\/\/fyno.pt\/wp-content\/uploads\/2026\/09\/image_editor_output_image-1980442886-1788478322751.jpg","type":"image\/jpeg"}],"author":"Fyno","twitter_card":"summary_large_image","twitter_misc":{"Escrito por":"Fyno","Tempo estimado de leitura":"4 minutos"},"schema":{"@context":"https:\/\/schema.org","@graph":[{"@type":"Article","@id":"https:\/\/fyno.pt\/famosos\/mc-vk-fortalece-trajetoria-no-funk-e-amplia-atuacao-como-empresario-no-mercado-musical\/#article","isPartOf":{"@id":"https:\/\/fyno.pt\/famosos\/mc-vk-fortalece-trajetoria-no-funk-e-amplia-atuacao-como-empresario-no-mercado-musical\/"},"author":{"name":"Fyno","@id":"https:\/\/fyno.pt\/#\/schema\/person\/ab5b330ed5ed05f1b4a7b8e438f68187"},"headline":"MC VK fortalece trajet\u00f3ria no funk e amplia atua\u00e7\u00e3o como empres\u00e1rio no mercado musical","datePublished":"2026-09-03T23:32:33+00:00","dateModified":"2026-09-03T23:32:35+00:00","mainEntityOfPage":{"@id":"https:\/\/fyno.pt\/famosos\/mc-vk-fortalece-trajetoria-no-funk-e-amplia-atuacao-como-empresario-no-mercado-musical\/"},"wordCount":772,"commentCount":0,"image":{"@id":"https:\/\/fyno.pt\/famosos\/mc-vk-fortalece-trajetoria-no-funk-e-amplia-atuacao-como-empresario-no-mercado-musical\/#primaryimage"},"thumbnailUrl":"https:\/\/fyno.pt\/wp-content\/uploads\/2026\/09\/image_editor_output_image-1980442886-1788478322751.jpg","articleSection":["Famosos"],"inLanguage":"pt-PT","potentialAction":[{"@type":"CommentAction","name":"Comment","target":["https:\/\/fyno.pt\/famosos\/mc-vk-fortalece-trajetoria-no-funk-e-amplia-atuacao-como-empresario-no-mercado-musical\/#respond"]}]},{"@type":"WebPage","@id":"https:\/\/fyno.pt\/famosos\/mc-vk-fortalece-trajetoria-no-funk-e-amplia-atuacao-como-empresario-no-mercado-musical\/","url":"https:\/\/fyno.pt\/famosos\/mc-vk-fortalece-trajetoria-no-funk-e-amplia-atuacao-como-empresario-no-mercado-musical\/","name":"MC VK fortalece trajet\u00f3ria no funk e amplia atua\u00e7\u00e3o como empres\u00e1rio no mercado musical - Fyno","isPartOf":{"@id":"https:\/\/fyno.pt\/#website"},"primaryImageOfPage":{"@id":"https:\/\/fyno.pt\/famosos\/mc-vk-fortalece-trajetoria-no-funk-e-amplia-atuacao-como-empresario-no-mercado-musical\/#primaryimage"},"image":{"@id":"https:\/\/fyno.pt\/famosos\/mc-vk-fortalece-trajetoria-no-funk-e-amplia-atuacao-como-empresario-no-mercado-musical\/#primaryimage"},"thumbnailUrl":"https:\/\/fyno.pt\/wp-content\/uploads\/2026\/09\/image_editor_output_image-1980442886-1788478322751.jpg","datePublished":"2026-09-03T23:32:33+00:00","dateModified":"2026-09-03T23:32:35+00:00","author":{"@id":"https:\/\/fyno.pt\/#\/schema\/person\/ab5b330ed5ed05f1b4a7b8e438f68187"},"breadcrumb":{"@id":"https:\/\/fyno.pt\/famosos\/mc-vk-fortalece-trajetoria-no-funk-e-amplia-atuacao-como-empresario-no-mercado-musical\/#breadcrumb"},"inLanguage":"pt-PT","potentialAction":[{"@type":"ReadAction","target":["https:\/\/fyno.pt\/famosos\/mc-vk-fortalece-trajetoria-no-funk-e-amplia-atuacao-como-empresario-no-mercado-musical\/"]}]},{"@type":"ImageObject","inLanguage":"pt-PT","@id":"https:\/\/fyno.pt\/famosos\/mc-vk-fortalece-trajetoria-no-funk-e-amplia-atuacao-como-empresario-no-mercado-musical\/#primaryimage","url":"https:\/\/fyno.pt\/wp-content\/uploads\/2026\/09\/image_editor_output_image-1980442886-1788478322751.jpg","contentUrl":"https:\/\/fyno.pt\/wp-content\/uploads\/2026\/09\/image_editor_output_image-1980442886-1788478322751.jpg","width":1280,"height":708},{"@type":"BreadcrumbList","@id":"https:\/\/fyno.pt\/famosos\/mc-vk-fortalece-trajetoria-no-funk-e-amplia-atuacao-como-empresario-no-mercado-musical\/#breadcrumb","itemListElement":[{"@type":"ListItem","position":1,"name":"In\u00edcio","item":"https:\/\/fyno.pt\/"},{"@type":"ListItem","position":2,"name":"MC VK fortalece trajet\u00f3ria no funk e amplia atua\u00e7\u00e3o como empres\u00e1rio no mercado musical"}]},{"@type":"WebSite","@id":"https:\/\/fyno.pt\/#website","url":"https:\/\/fyno.pt\/","name":"Fyno","description":"Not\u00edcia e informa\u00e7\u00e3o","potentialAction":[{"@type":"SearchAction","target":{"@type":"EntryPoint","urlTemplate":"https:\/\/fyno.pt\/?s={search_term_string}"},"query-input":{"@type":"PropertyValueSpecification","valueRequired":true,"valueName":"search_term_string"}}],"inLanguage":"pt-PT"},{"@type":"Person","@id":"https:\/\/fyno.pt\/#\/schema\/person\/ab5b330ed5ed05f1b4a7b8e438f68187","name":"Fyno","image":{"@type":"ImageObject","inLanguage":"pt-PT","@id":"https:\/\/fyno.pt\/wp-content\/litespeed\/avatar\/8f51870e8d94c234e288da840d914372.jpg?ver=1788205134","url":"https:\/\/fyno.pt\/wp-content\/litespeed\/avatar\/8f51870e8d94c234e288da840d914372.jpg?ver=1788205134","contentUrl":"https:\/\/fyno.pt\/wp-content\/litespeed\/avatar\/8f51870e8d94c234e288da840d914372.jpg?ver=1788205134","caption":"Fyno"},"description":"A sua fonte de informa\u00e7\u00e3o.","url":"https:\/\/fyno.pt\/pt\/author\/fynopt\/"}]}},"_links":{"self":[{"href":"https:\/\/fyno.pt\/pt\/wp-json\/wp\/v2\/posts\/43784","targetHints":{"allow":["GET"]}}],"collection":[{"href":"https:\/\/fyno.pt\/pt\/wp-json\/wp\/v2\/posts"}],"about":[{"href":"https:\/\/fyno.pt\/pt\/wp-json\/wp\/v2\/types\/post"}],"author":[{"embeddable":true,"href":"https:\/\/fyno.pt\/pt\/wp-json\/wp\/v2\/users\/9"}],"replies":[{"embeddable":true,"href":"https:\/\/fyno.pt\/pt\/wp-json\/wp\/v2\/comments?post=43784"}],"version-history":[{"count":1,"href":"https:\/\/fyno.pt\/pt\/wp-json\/wp\/v2\/posts\/43784\/revisions"}],"predecessor-version":[{"id":43785,"href":"https:\/\/fyno.pt\/pt\/wp-json\/wp\/v2\/posts\/43784\/revisions\/43785"}],"wp:featuredmedia":[{"embeddable":true,"href":"https:\/\/fyno.pt\/pt\/wp-json\/wp\/v2\/media\/43782"}],"wp:attachment":[{"href":"https:\/\/fyno.pt\/pt\/wp-json\/wp\/v2\/media?parent=43784"}],"wp:term":[{"taxonomy":"category","embeddable":true,"href":"https:\/\/fyno.pt\/pt\/wp-json\/wp\/v2\/categories?post=43784"},{"taxonomy":"post_tag","embeddable":true,"href":"https:\/\/fyno.pt\/pt\/wp-json\/wp\/v2\/tags?post=43784"}],"curies":[{"name":"wp","href":"https:\/\/api.w.org\/{rel}","templated":true}]}}