{"id":43777,"date":"2026-09-03T20:25:45","date_gmt":"2026-09-03T23:25:45","guid":{"rendered":"https:\/\/fyno.pt\/?p=43777"},"modified":"2026-09-03T20:25:48","modified_gmt":"2026-09-03T23:25:48","slug":"vitor-souza-aposta-na-forca-dos-palcos-e-das-redes-sociais-para-ampliar-presenca-no-cenario-musical","status":"publish","type":"post","link":"https:\/\/fyno.pt\/pt\/musica\/vitor-souza-aposta-na-forca-dos-palcos-e-das-redes-sociais-para-ampliar-presenca-no-cenario-musical\/","title":{"rendered":"V\u00edtor Souza aposta na for\u00e7a dos palcos e das redes sociais para ampliar presen\u00e7a no cen\u00e1rio musical"},"content":{"rendered":"<p>A m\u00fasica brasileira vive um momento de grande diversidade, em que novos artistas encontram nas plataformas digitais e nos palcos caminhos para construir suas pr\u00f3prias trajet\u00f3rias. Nesse cen\u00e1rio, o cantor <strong>V\u00edtor Souza<\/strong> vem trabalhando para ampliar sua presen\u00e7a no mercado e aproximar seu trabalho do p\u00fablico.<\/p>\n\n\n\n<p>Com atua\u00e7\u00e3o voltada para apresenta\u00e7\u00f5es ao vivo, o artista mant\u00e9m uma rotina de shows e divulga\u00e7\u00e3o nas redes sociais. Em seu perfil no Instagram, <strong>@vitorsouzacantor<\/strong>, V\u00edtor re\u00fane cerca de <strong>19,5 mil seguidores<\/strong>, utilizando a plataforma como uma das principais ferramentas para divulgar apresenta\u00e7\u00f5es, registros de palco e momentos de sua carreira.<\/p>\n\n\n\n<p>O perfil tamb\u00e9m evidencia uma rela\u00e7\u00e3o pr\u00f3xima com o p\u00fablico. V\u00eddeos publicados pelo cantor mostram apresenta\u00e7\u00f5es em ambientes diversos, com banda e participa\u00e7\u00f5es musicais, al\u00e9m de conte\u00fados relacionados \u00e0 sua agenda profissional.<\/p>\n\n\n\n<p>A estrat\u00e9gia acompanha uma transforma\u00e7\u00e3o importante na ind\u00fastria musical: para artistas independentes e em fase de expans\u00e3o, a presen\u00e7a digital deixou de ser apenas uma vitrine e passou a funcionar como extens\u00e3o do pr\u00f3prio palco. A combina\u00e7\u00e3o entre conte\u00fado, apresenta\u00e7\u00f5es e relacionamento direto com os f\u00e3s pode ajudar a consolidar uma identidade art\u00edstica e ampliar oportunidades.<\/p>\n\n\n\n<h3 class=\"wp-block-heading\"><strong>Palco como principal conex\u00e3o<\/strong><\/h3>\n\n\n\n<p>Nas imagens e v\u00eddeos divulgados em suas redes, V\u00edtor Souza aparece em diferentes momentos de apresenta\u00e7\u00e3o, colocando a performance ao vivo no centro de seu trabalho. A agenda divulgada pelo artista refor\u00e7a a busca por novas oportunidades e contrata\u00e7\u00e3o para eventos.<\/p>\n\n\n\n<p>Al\u00e9m da atividade nos palcos, o cantor utiliza as redes para mostrar bastidores e momentos descontra\u00eddos, criando uma comunica\u00e7\u00e3o mais pr\u00f3xima com quem acompanha sua carreira.<\/p>\n\n\n\n<p>O contato profissional divulgado para contrata\u00e7\u00e3o de shows \u00e9 <strong>(15) 99847-4164<\/strong>.<\/p>\n\n\n\n<h3 class=\"wp-block-heading\"><strong>Um artista em movimento<\/strong><\/h3>\n\n\n\n<figure class=\"wp-block-image size-large\"><img fetchpriority=\"high\" decoding=\"async\" width=\"1024\" height=\"802\" src=\"https:\/\/fyno.pt\/wp-content\/uploads\/2026\/09\/image_editor_output_image-911977920-17884779361883725039433903349420-1024x802.jpg\" alt=\"\" class=\"wp-image-43776\" srcset=\"https:\/\/fyno.pt\/wp-content\/uploads\/2026\/09\/image_editor_output_image-911977920-17884779361883725039433903349420-1024x802.jpg 1024w, https:\/\/fyno.pt\/wp-content\/uploads\/2026\/09\/image_editor_output_image-911977920-17884779361883725039433903349420-300x235.jpg 300w, https:\/\/fyno.pt\/wp-content\/uploads\/2026\/09\/image_editor_output_image-911977920-17884779361883725039433903349420-768x602.jpg 768w, https:\/\/fyno.pt\/wp-content\/uploads\/2026\/09\/image_editor_output_image-911977920-17884779361883725039433903349420-15x12.jpg 15w, https:\/\/fyno.pt\/wp-content\/uploads\/2026\/09\/image_editor_output_image-911977920-17884779361883725039433903349420-750x588.jpg 750w, https:\/\/fyno.pt\/wp-content\/uploads\/2026\/09\/image_editor_output_image-911977920-17884779361883725039433903349420-1140x893.jpg 1140w, https:\/\/fyno.pt\/wp-content\/uploads\/2026\/09\/image_editor_output_image-911977920-17884779361883725039433903349420.jpg 1280w\" sizes=\"(max-width: 1024px) 100vw, 1024px\" \/><\/figure>\n\n\n\n<p>Mais do que n\u00fameros nas redes sociais, a trajet\u00f3ria de um artista \u00e9 constru\u00edda pela capacidade de transformar cada apresenta\u00e7\u00e3o em uma oportunidade de conex\u00e3o com o p\u00fablico. \u00c9 justamente nesse processo que V\u00edtor Souza concentra sua atua\u00e7\u00e3o: presen\u00e7a nos palcos, produ\u00e7\u00e3o constante de conte\u00fado e aproxima\u00e7\u00e3o com os seguidores.<\/p>\n\n\n\n<p>A movimenta\u00e7\u00e3o tamb\u00e9m acompanha o crescimento do consumo de m\u00fasica e entretenimento por meio das redes, onde artistas podem apresentar seu trabalho diretamente ao p\u00fablico e conquistar novos espa\u00e7os sem depender exclusivamente dos meios tradicionais de divulga\u00e7\u00e3o.<\/p>\n\n\n\n<p>Com uma base digital j\u00e1 estabelecida e uma agenda voltada para shows, <strong>V\u00edtor Souza trabalha para transformar a visibilidade conquistada nas redes em novos palcos, parcerias e oportunidades dentro do mercado musical<\/strong>.<\/p>\n\n\n\n<p>A presen\u00e7a de artistas como V\u00edtor Souza evidencia ainda a for\u00e7a de uma nova gera\u00e7\u00e3o da m\u00fasica brasileira, que utiliza tecnologia, performance e comunica\u00e7\u00e3o direta para construir carreira e disputar espa\u00e7o em um mercado cada vez mais competitivo.<\/p>\n\n\n\n<p><strong>Instagram:<\/strong> @vitorsouzacantor<br \/><strong>Contrata\u00e7\u00e3o de shows:<\/strong> (15) 99847-4164<\/p>","protected":false},"excerpt":{"rendered":"<p>Cantor vem fortalecendo sua trajet\u00f3ria art\u00edstica com apresenta\u00e7\u00f5es, produ\u00e7\u00e3o de conte\u00fado e uma agenda voltada para eventos e shows<\/p>","protected":false},"author":9,"featured_media":43775,"comment_status":"open","ping_status":"open","sticky":false,"template":"","format":"standard","meta":{"footnotes":""},"categories":[562],"tags":[],"class_list":["post-43777","post","type-post","status-publish","format-standard","has-post-thumbnail","hentry","category-musica"],"yoast_head":"<!-- This site is optimized with the Yoast SEO Premium plugin v27.9 (Yoast SEO v27.9) - https:\/\/yoast.com\/product\/yoast-seo-premium-wordpress\/ -->\n<title>V\u00edtor Souza aposta na for\u00e7a dos palcos e das redes sociais para ampliar presen\u00e7a no cen\u00e1rio musical - Fyno<\/title>\n<meta name=\"robots\" content=\"index, follow, max-snippet:-1, max-image-preview:large, max-video-preview:-1\" \/>\n<link rel=\"canonical\" href=\"https:\/\/fyno.pt\/pt\/musica\/vitor-souza-aposta-na-forca-dos-palcos-e-das-redes-sociais-para-ampliar-presenca-no-cenario-musical\/\" \/>\n<meta property=\"og:locale\" content=\"pt_PT\" \/>\n<meta property=\"og:type\" content=\"article\" \/>\n<meta property=\"og:title\" content=\"V\u00edtor Souza aposta na for\u00e7a dos palcos e das redes sociais para ampliar presen\u00e7a no cen\u00e1rio musical\" \/>\n<meta property=\"og:description\" content=\"Cantor vem fortalecendo sua trajet\u00f3ria art\u00edstica com apresenta\u00e7\u00f5es, produ\u00e7\u00e3o de conte\u00fado e uma agenda voltada para eventos e shows\" \/>\n<meta property=\"og:url\" content=\"https:\/\/fyno.pt\/pt\/musica\/vitor-souza-aposta-na-forca-dos-palcos-e-das-redes-sociais-para-ampliar-presenca-no-cenario-musical\/\" \/>\n<meta property=\"og:site_name\" content=\"Fyno\" \/>\n<meta property=\"article:published_time\" content=\"2026-09-03T23:25:45+00:00\" \/>\n<meta property=\"article:modified_time\" content=\"2026-09-03T23:25:48+00:00\" \/>\n<meta property=\"og:image\" content=\"https:\/\/fyno.pt\/wp-content\/uploads\/2026\/09\/image_editor_output_image-1136825608-1788477905920.jpg\" \/>\n\t<meta property=\"og:image:width\" content=\"1280\" \/>\n\t<meta property=\"og:image:height\" content=\"855\" \/>\n\t<meta property=\"og:image:type\" content=\"image\/jpeg\" \/>\n<meta name=\"author\" content=\"Fyno\" \/>\n<meta name=\"twitter:card\" content=\"summary_large_image\" \/>\n<meta name=\"twitter:label1\" content=\"Escrito por\" \/>\n\t<meta name=\"twitter:data1\" content=\"Fyno\" \/>\n\t<meta name=\"twitter:label2\" content=\"Tempo estimado de leitura\" \/>\n\t<meta name=\"twitter:data2\" content=\"3 minutos\" \/>\n<script type=\"application\/ld+json\" class=\"yoast-schema-graph\">{\"@context\":\"https:\\\/\\\/schema.org\",\"@graph\":[{\"@type\":\"Article\",\"@id\":\"https:\\\/\\\/fyno.pt\\\/musica\\\/vitor-souza-aposta-na-forca-dos-palcos-e-das-redes-sociais-para-ampliar-presenca-no-cenario-musical\\\/#article\",\"isPartOf\":{\"@id\":\"https:\\\/\\\/fyno.pt\\\/musica\\\/vitor-souza-aposta-na-forca-dos-palcos-e-das-redes-sociais-para-ampliar-presenca-no-cenario-musical\\\/\"},\"author\":{\"name\":\"Fyno\",\"@id\":\"https:\\\/\\\/fyno.pt\\\/#\\\/schema\\\/person\\\/ab5b330ed5ed05f1b4a7b8e438f68187\"},\"headline\":\"V\u00edtor Souza aposta na for\u00e7a dos palcos e das redes sociais para ampliar presen\u00e7a no cen\u00e1rio musical\",\"datePublished\":\"2026-09-03T23:25:45+00:00\",\"dateModified\":\"2026-09-03T23:25:48+00:00\",\"mainEntityOfPage\":{\"@id\":\"https:\\\/\\\/fyno.pt\\\/musica\\\/vitor-souza-aposta-na-forca-dos-palcos-e-das-redes-sociais-para-ampliar-presenca-no-cenario-musical\\\/\"},\"wordCount\":522,\"commentCount\":0,\"image\":{\"@id\":\"https:\\\/\\\/fyno.pt\\\/musica\\\/vitor-souza-aposta-na-forca-dos-palcos-e-das-redes-sociais-para-ampliar-presenca-no-cenario-musical\\\/#primaryimage\"},\"thumbnailUrl\":\"https:\\\/\\\/fyno.pt\\\/wp-content\\\/uploads\\\/2026\\\/09\\\/image_editor_output_image-1136825608-1788477905920.jpg\",\"articleSection\":[\"M\u00fasica\"],\"inLanguage\":\"pt-PT\",\"potentialAction\":[{\"@type\":\"CommentAction\",\"name\":\"Comment\",\"target\":[\"https:\\\/\\\/fyno.pt\\\/musica\\\/vitor-souza-aposta-na-forca-dos-palcos-e-das-redes-sociais-para-ampliar-presenca-no-cenario-musical\\\/#respond\"]}]},{\"@type\":\"WebPage\",\"@id\":\"https:\\\/\\\/fyno.pt\\\/musica\\\/vitor-souza-aposta-na-forca-dos-palcos-e-das-redes-sociais-para-ampliar-presenca-no-cenario-musical\\\/\",\"url\":\"https:\\\/\\\/fyno.pt\\\/musica\\\/vitor-souza-aposta-na-forca-dos-palcos-e-das-redes-sociais-para-ampliar-presenca-no-cenario-musical\\\/\",\"name\":\"V\u00edtor Souza aposta na for\u00e7a dos palcos e das redes sociais para ampliar presen\u00e7a no cen\u00e1rio musical - Fyno\",\"isPartOf\":{\"@id\":\"https:\\\/\\\/fyno.pt\\\/#website\"},\"primaryImageOfPage\":{\"@id\":\"https:\\\/\\\/fyno.pt\\\/musica\\\/vitor-souza-aposta-na-forca-dos-palcos-e-das-redes-sociais-para-ampliar-presenca-no-cenario-musical\\\/#primaryimage\"},\"image\":{\"@id\":\"https:\\\/\\\/fyno.pt\\\/musica\\\/vitor-souza-aposta-na-forca-dos-palcos-e-das-redes-sociais-para-ampliar-presenca-no-cenario-musical\\\/#primaryimage\"},\"thumbnailUrl\":\"https:\\\/\\\/fyno.pt\\\/wp-content\\\/uploads\\\/2026\\\/09\\\/image_editor_output_image-1136825608-1788477905920.jpg\",\"datePublished\":\"2026-09-03T23:25:45+00:00\",\"dateModified\":\"2026-09-03T23:25:48+00:00\",\"author\":{\"@id\":\"https:\\\/\\\/fyno.pt\\\/#\\\/schema\\\/person\\\/ab5b330ed5ed05f1b4a7b8e438f68187\"},\"breadcrumb\":{\"@id\":\"https:\\\/\\\/fyno.pt\\\/musica\\\/vitor-souza-aposta-na-forca-dos-palcos-e-das-redes-sociais-para-ampliar-presenca-no-cenario-musical\\\/#breadcrumb\"},\"inLanguage\":\"pt-PT\",\"potentialAction\":[{\"@type\":\"ReadAction\",\"target\":[\"https:\\\/\\\/fyno.pt\\\/musica\\\/vitor-souza-aposta-na-forca-dos-palcos-e-das-redes-sociais-para-ampliar-presenca-no-cenario-musical\\\/\"]}]},{\"@type\":\"ImageObject\",\"inLanguage\":\"pt-PT\",\"@id\":\"https:\\\/\\\/fyno.pt\\\/musica\\\/vitor-souza-aposta-na-forca-dos-palcos-e-das-redes-sociais-para-ampliar-presenca-no-cenario-musical\\\/#primaryimage\",\"url\":\"https:\\\/\\\/fyno.pt\\\/wp-content\\\/uploads\\\/2026\\\/09\\\/image_editor_output_image-1136825608-1788477905920.jpg\",\"contentUrl\":\"https:\\\/\\\/fyno.pt\\\/wp-content\\\/uploads\\\/2026\\\/09\\\/image_editor_output_image-1136825608-1788477905920.jpg\",\"width\":1280,\"height\":855},{\"@type\":\"BreadcrumbList\",\"@id\":\"https:\\\/\\\/fyno.pt\\\/musica\\\/vitor-souza-aposta-na-forca-dos-palcos-e-das-redes-sociais-para-ampliar-presenca-no-cenario-musical\\\/#breadcrumb\",\"itemListElement\":[{\"@type\":\"ListItem\",\"position\":1,\"name\":\"In\u00edcio\",\"item\":\"https:\\\/\\\/fyno.pt\\\/\"},{\"@type\":\"ListItem\",\"position\":2,\"name\":\"V\u00edtor Souza aposta na for\u00e7a dos palcos e das redes sociais para ampliar presen\u00e7a no cen\u00e1rio musical\"}]},{\"@type\":\"WebSite\",\"@id\":\"https:\\\/\\\/fyno.pt\\\/#website\",\"url\":\"https:\\\/\\\/fyno.pt\\\/\",\"name\":\"Fyno\",\"description\":\"Not\u00edcia e informa\u00e7\u00e3o\",\"potentialAction\":[{\"@type\":\"SearchAction\",\"target\":{\"@type\":\"EntryPoint\",\"urlTemplate\":\"https:\\\/\\\/fyno.pt\\\/?s={search_term_string}\"},\"query-input\":{\"@type\":\"PropertyValueSpecification\",\"valueRequired\":true,\"valueName\":\"search_term_string\"}}],\"inLanguage\":\"pt-PT\"},{\"@type\":\"Person\",\"@id\":\"https:\\\/\\\/fyno.pt\\\/#\\\/schema\\\/person\\\/ab5b330ed5ed05f1b4a7b8e438f68187\",\"name\":\"Fyno\",\"image\":{\"@type\":\"ImageObject\",\"inLanguage\":\"pt-PT\",\"@id\":\"https:\\\/\\\/fyno.pt\\\/wp-content\\\/litespeed\\\/avatar\\\/8f51870e8d94c234e288da840d914372.jpg?ver=1788205134\",\"url\":\"https:\\\/\\\/fyno.pt\\\/wp-content\\\/litespeed\\\/avatar\\\/8f51870e8d94c234e288da840d914372.jpg?ver=1788205134\",\"contentUrl\":\"https:\\\/\\\/fyno.pt\\\/wp-content\\\/litespeed\\\/avatar\\\/8f51870e8d94c234e288da840d914372.jpg?ver=1788205134\",\"caption\":\"Fyno\"},\"description\":\"A sua fonte de informa\u00e7\u00e3o.\",\"url\":\"https:\\\/\\\/fyno.pt\\\/pt\\\/author\\\/fynopt\\\/\"}]}<\/script>\n<!-- \/ Yoast SEO Premium plugin. -->","yoast_head_json":{"title":"V\u00edtor Souza aposta na for\u00e7a dos palcos e das redes sociais para ampliar presen\u00e7a no cen\u00e1rio musical - Fyno","robots":{"index":"index","follow":"follow","max-snippet":"max-snippet:-1","max-image-preview":"max-image-preview:large","max-video-preview":"max-video-preview:-1"},"canonical":"https:\/\/fyno.pt\/pt\/musica\/vitor-souza-aposta-na-forca-dos-palcos-e-das-redes-sociais-para-ampliar-presenca-no-cenario-musical\/","og_locale":"pt_PT","og_type":"article","og_title":"V\u00edtor Souza aposta na for\u00e7a dos palcos e das redes sociais para ampliar presen\u00e7a no cen\u00e1rio musical","og_description":"Cantor vem fortalecendo sua trajet\u00f3ria art\u00edstica com apresenta\u00e7\u00f5es, produ\u00e7\u00e3o de conte\u00fado e uma agenda voltada para eventos e shows","og_url":"https:\/\/fyno.pt\/pt\/musica\/vitor-souza-aposta-na-forca-dos-palcos-e-das-redes-sociais-para-ampliar-presenca-no-cenario-musical\/","og_site_name":"Fyno","article_published_time":"2026-09-03T23:25:45+00:00","article_modified_time":"2026-09-03T23:25:48+00:00","og_image":[{"width":1280,"height":855,"url":"https:\/\/fyno.pt\/wp-content\/uploads\/2026\/09\/image_editor_output_image-1136825608-1788477905920.jpg","type":"image\/jpeg"}],"author":"Fyno","twitter_card":"summary_large_image","twitter_misc":{"Escrito por":"Fyno","Tempo estimado de leitura":"3 minutos"},"schema":{"@context":"https:\/\/schema.org","@graph":[{"@type":"Article","@id":"https:\/\/fyno.pt\/musica\/vitor-souza-aposta-na-forca-dos-palcos-e-das-redes-sociais-para-ampliar-presenca-no-cenario-musical\/#article","isPartOf":{"@id":"https:\/\/fyno.pt\/musica\/vitor-souza-aposta-na-forca-dos-palcos-e-das-redes-sociais-para-ampliar-presenca-no-cenario-musical\/"},"author":{"name":"Fyno","@id":"https:\/\/fyno.pt\/#\/schema\/person\/ab5b330ed5ed05f1b4a7b8e438f68187"},"headline":"V\u00edtor Souza aposta na for\u00e7a dos palcos e das redes sociais para ampliar presen\u00e7a no cen\u00e1rio musical","datePublished":"2026-09-03T23:25:45+00:00","dateModified":"2026-09-03T23:25:48+00:00","mainEntityOfPage":{"@id":"https:\/\/fyno.pt\/musica\/vitor-souza-aposta-na-forca-dos-palcos-e-das-redes-sociais-para-ampliar-presenca-no-cenario-musical\/"},"wordCount":522,"commentCount":0,"image":{"@id":"https:\/\/fyno.pt\/musica\/vitor-souza-aposta-na-forca-dos-palcos-e-das-redes-sociais-para-ampliar-presenca-no-cenario-musical\/#primaryimage"},"thumbnailUrl":"https:\/\/fyno.pt\/wp-content\/uploads\/2026\/09\/image_editor_output_image-1136825608-1788477905920.jpg","articleSection":["M\u00fasica"],"inLanguage":"pt-PT","potentialAction":[{"@type":"CommentAction","name":"Comment","target":["https:\/\/fyno.pt\/musica\/vitor-souza-aposta-na-forca-dos-palcos-e-das-redes-sociais-para-ampliar-presenca-no-cenario-musical\/#respond"]}]},{"@type":"WebPage","@id":"https:\/\/fyno.pt\/musica\/vitor-souza-aposta-na-forca-dos-palcos-e-das-redes-sociais-para-ampliar-presenca-no-cenario-musical\/","url":"https:\/\/fyno.pt\/musica\/vitor-souza-aposta-na-forca-dos-palcos-e-das-redes-sociais-para-ampliar-presenca-no-cenario-musical\/","name":"V\u00edtor Souza aposta na for\u00e7a dos palcos e das redes sociais para ampliar presen\u00e7a no cen\u00e1rio musical - Fyno","isPartOf":{"@id":"https:\/\/fyno.pt\/#website"},"primaryImageOfPage":{"@id":"https:\/\/fyno.pt\/musica\/vitor-souza-aposta-na-forca-dos-palcos-e-das-redes-sociais-para-ampliar-presenca-no-cenario-musical\/#primaryimage"},"image":{"@id":"https:\/\/fyno.pt\/musica\/vitor-souza-aposta-na-forca-dos-palcos-e-das-redes-sociais-para-ampliar-presenca-no-cenario-musical\/#primaryimage"},"thumbnailUrl":"https:\/\/fyno.pt\/wp-content\/uploads\/2026\/09\/image_editor_output_image-1136825608-1788477905920.jpg","datePublished":"2026-09-03T23:25:45+00:00","dateModified":"2026-09-03T23:25:48+00:00","author":{"@id":"https:\/\/fyno.pt\/#\/schema\/person\/ab5b330ed5ed05f1b4a7b8e438f68187"},"breadcrumb":{"@id":"https:\/\/fyno.pt\/musica\/vitor-souza-aposta-na-forca-dos-palcos-e-das-redes-sociais-para-ampliar-presenca-no-cenario-musical\/#breadcrumb"},"inLanguage":"pt-PT","potentialAction":[{"@type":"ReadAction","target":["https:\/\/fyno.pt\/musica\/vitor-souza-aposta-na-forca-dos-palcos-e-das-redes-sociais-para-ampliar-presenca-no-cenario-musical\/"]}]},{"@type":"ImageObject","inLanguage":"pt-PT","@id":"https:\/\/fyno.pt\/musica\/vitor-souza-aposta-na-forca-dos-palcos-e-das-redes-sociais-para-ampliar-presenca-no-cenario-musical\/#primaryimage","url":"https:\/\/fyno.pt\/wp-content\/uploads\/2026\/09\/image_editor_output_image-1136825608-1788477905920.jpg","contentUrl":"https:\/\/fyno.pt\/wp-content\/uploads\/2026\/09\/image_editor_output_image-1136825608-1788477905920.jpg","width":1280,"height":855},{"@type":"BreadcrumbList","@id":"https:\/\/fyno.pt\/musica\/vitor-souza-aposta-na-forca-dos-palcos-e-das-redes-sociais-para-ampliar-presenca-no-cenario-musical\/#breadcrumb","itemListElement":[{"@type":"ListItem","position":1,"name":"In\u00edcio","item":"https:\/\/fyno.pt\/"},{"@type":"ListItem","position":2,"name":"V\u00edtor Souza aposta na for\u00e7a dos palcos e das redes sociais para ampliar presen\u00e7a no cen\u00e1rio musical"}]},{"@type":"WebSite","@id":"https:\/\/fyno.pt\/#website","url":"https:\/\/fyno.pt\/","name":"Fyno","description":"Not\u00edcia e informa\u00e7\u00e3o","potentialAction":[{"@type":"SearchAction","target":{"@type":"EntryPoint","urlTemplate":"https:\/\/fyno.pt\/?s={search_term_string}"},"query-input":{"@type":"PropertyValueSpecification","valueRequired":true,"valueName":"search_term_string"}}],"inLanguage":"pt-PT"},{"@type":"Person","@id":"https:\/\/fyno.pt\/#\/schema\/person\/ab5b330ed5ed05f1b4a7b8e438f68187","name":"Fyno","image":{"@type":"ImageObject","inLanguage":"pt-PT","@id":"https:\/\/fyno.pt\/wp-content\/litespeed\/avatar\/8f51870e8d94c234e288da840d914372.jpg?ver=1788205134","url":"https:\/\/fyno.pt\/wp-content\/litespeed\/avatar\/8f51870e8d94c234e288da840d914372.jpg?ver=1788205134","contentUrl":"https:\/\/fyno.pt\/wp-content\/litespeed\/avatar\/8f51870e8d94c234e288da840d914372.jpg?ver=1788205134","caption":"Fyno"},"description":"A sua fonte de informa\u00e7\u00e3o.","url":"https:\/\/fyno.pt\/pt\/author\/fynopt\/"}]}},"_links":{"self":[{"href":"https:\/\/fyno.pt\/pt\/wp-json\/wp\/v2\/posts\/43777","targetHints":{"allow":["GET"]}}],"collection":[{"href":"https:\/\/fyno.pt\/pt\/wp-json\/wp\/v2\/posts"}],"about":[{"href":"https:\/\/fyno.pt\/pt\/wp-json\/wp\/v2\/types\/post"}],"author":[{"embeddable":true,"href":"https:\/\/fyno.pt\/pt\/wp-json\/wp\/v2\/users\/9"}],"replies":[{"embeddable":true,"href":"https:\/\/fyno.pt\/pt\/wp-json\/wp\/v2\/comments?post=43777"}],"version-history":[{"count":1,"href":"https:\/\/fyno.pt\/pt\/wp-json\/wp\/v2\/posts\/43777\/revisions"}],"predecessor-version":[{"id":43778,"href":"https:\/\/fyno.pt\/pt\/wp-json\/wp\/v2\/posts\/43777\/revisions\/43778"}],"wp:featuredmedia":[{"embeddable":true,"href":"https:\/\/fyno.pt\/pt\/wp-json\/wp\/v2\/media\/43775"}],"wp:attachment":[{"href":"https:\/\/fyno.pt\/pt\/wp-json\/wp\/v2\/media?parent=43777"}],"wp:term":[{"taxonomy":"category","embeddable":true,"href":"https:\/\/fyno.pt\/pt\/wp-json\/wp\/v2\/categories?post=43777"},{"taxonomy":"post_tag","embeddable":true,"href":"https:\/\/fyno.pt\/pt\/wp-json\/wp\/v2\/tags?post=43777"}],"curies":[{"name":"wp","href":"https:\/\/api.w.org\/{rel}","templated":true}]}}