{"id":43762,"date":"2026-09-02T21:29:50","date_gmt":"2026-09-03T00:29:50","guid":{"rendered":"https:\/\/fyno.pt\/pt\/?p=43762"},"modified":"2026-09-02T21:29:50","modified_gmt":"2026-09-03T00:29:50","slug":"festival-manta-guimaraes","status":"publish","type":"post","link":"https:\/\/fyno.pt\/pt\/mundo\/festival-manta-guimaraes\/","title":{"rendered":"Festival Manta retorna aos jardins do Centro Cultural Vila Flor em Guimar\u00e3es"},"content":{"rendered":"<p>O Festival Manta ser\u00e1 realizado nos dias 11 e 12 de setembro nos jardins do Centro Cultural Vila Flor, em Guimar\u00e3es, trazendo uma programa\u00e7\u00e3o variada com concertos e oficinas participativas voltadas para o p\u00fablico familiar.<\/p>\n\n\n\n<h2 class=\"wp-block-heading\">Programa\u00e7\u00e3o do festival<\/h2>\n\n\n\n<p>No dia 11, o festival contar\u00e1 com apresenta\u00e7\u00f5es da artista catal\u00e3 Mar Pujol, do brasileiro Leo Middea e um set do DJ Corleone Jr. J\u00e1 no dia 12, o palco ser\u00e1 ocupado pelo sul-africano Bongeziwe Mabandla e pela portuguesa Milhanas, al\u00e9m de um DJ set de Not Fritzen.<\/p>\n\n\n\n<h2 class=\"wp-block-heading\">Atividades para as fam\u00edlias<\/h2>\n\n\n\n<p>O segundo dia do festival ser\u00e1 especialmente dedicado \u00e0s fam\u00edlias. Haver\u00e1 uma oficina participativa chamada &#039;Assim Juntos D\u00e1 Menos Trabalho&#039;, marcada para as 11h, seguida pelo espet\u00e1culo musical &#039;At\u00e9 Cantar D\u00e1 Trabalho&#039;, \u00e0s 17h. Essas atividades visam convidar crian\u00e7as e adultos a explorar como o canto tem sido uma parte essencial do trabalho coletivo e da vida em comunidade.<\/p>\n\n\n\n<h2 class=\"wp-block-heading\">Acesso e inscri\u00e7\u00f5es<\/h2>\n\n\n\n<p>O Festival Manta \u00e9 gratuito, por\u00e9m, a participa\u00e7\u00e3o nas oficinas requer inscri\u00e7\u00e3o pr\u00e9via. Os interessados devem se atentar para garantir suas vagas e aproveitar a programa\u00e7\u00e3o diversificada que promete enriquecer a experi\u00eancia cultural em Guimar\u00e3es.<\/p>","protected":false},"excerpt":{"rendered":"<p>Evento contar\u00e1 com concertos e oficinas para fam\u00edlias nos dias 11 e 12 de setembro.<\/p>","protected":false},"author":9,"featured_media":43763,"comment_status":"open","ping_status":"open","sticky":false,"template":"","format":"standard","meta":{"footnotes":""},"categories":[51],"tags":[795,2043,1942,1385,2208],"class_list":["post-43762","post","type-post","status-publish","format-standard","has-post-thumbnail","hentry","category-mundo","tag-cultura","tag-festival","tag-guimaraes","tag-musica","tag-oficinas"],"yoast_head":"<!-- This site is optimized with the Yoast SEO Premium plugin v27.9 (Yoast SEO v27.9) - https:\/\/yoast.com\/product\/yoast-seo-premium-wordpress\/ -->\n<title>festival manta acontece em guimar\u00e3es nos dias 11 e 12 de setembro<\/title>\n<meta name=\"description\" content=\"Festival Manta retorna a Guimar\u00e3es com concertos e oficinas para toda a fam\u00edlia nos dias 11 e 12 de setembro.\" \/>\n<meta name=\"robots\" content=\"index, follow, max-snippet:-1, max-image-preview:large, max-video-preview:-1\" \/>\n<link rel=\"canonical\" href=\"https:\/\/fyno.pt\/pt\/mundo\/festival-manta-guimaraes\/\" \/>\n<meta property=\"og:locale\" content=\"pt_PT\" \/>\n<meta property=\"og:type\" content=\"article\" \/>\n<meta property=\"og:title\" content=\"Festival Manta retorna aos jardins do Centro Cultural Vila Flor em Guimar\u00e3es\" \/>\n<meta property=\"og:description\" content=\"Festival Manta retorna a Guimar\u00e3es com concertos e oficinas para toda a fam\u00edlia nos dias 11 e 12 de setembro.\" \/>\n<meta property=\"og:url\" content=\"https:\/\/fyno.pt\/pt\/mundo\/festival-manta-guimaraes\/\" \/>\n<meta property=\"og:site_name\" content=\"Fyno\" \/>\n<meta property=\"article:published_time\" content=\"2026-09-03T00:29:50+00:00\" \/>\n<meta property=\"og:image\" content=\"https:\/\/fyno.pt\/wp-content\/uploads\/2026\/09\/mar-pujol-1160x630-1.jpg\" \/>\n\t<meta property=\"og:image:width\" content=\"1160\" \/>\n\t<meta property=\"og:image:height\" content=\"630\" \/>\n\t<meta property=\"og:image:type\" content=\"image\/jpeg\" \/>\n<meta name=\"author\" content=\"Fyno\" \/>\n<meta name=\"twitter:card\" content=\"summary_large_image\" \/>\n<meta name=\"twitter:label1\" content=\"Escrito por\" \/>\n\t<meta name=\"twitter:data1\" content=\"Fyno\" \/>\n\t<meta name=\"twitter:label2\" content=\"Tempo estimado de leitura\" \/>\n\t<meta name=\"twitter:data2\" content=\"1 minuto\" \/>\n<script type=\"application\/ld+json\" class=\"yoast-schema-graph\">{\"@context\":\"https:\\\/\\\/schema.org\",\"@graph\":[{\"@type\":\"Article\",\"@id\":\"https:\\\/\\\/fyno.pt\\\/pt\\\/mundo\\\/festival-manta-guimaraes\\\/#article\",\"isPartOf\":{\"@id\":\"https:\\\/\\\/fyno.pt\\\/pt\\\/mundo\\\/festival-manta-guimaraes\\\/\"},\"author\":{\"name\":\"Fyno\",\"@id\":\"https:\\\/\\\/fyno.pt\\\/#\\\/schema\\\/person\\\/ab5b330ed5ed05f1b4a7b8e438f68187\"},\"headline\":\"Festival Manta retorna aos jardins do Centro Cultural Vila Flor em Guimar\u00e3es\",\"datePublished\":\"2026-09-03T00:29:50+00:00\",\"mainEntityOfPage\":{\"@id\":\"https:\\\/\\\/fyno.pt\\\/pt\\\/mundo\\\/festival-manta-guimaraes\\\/\"},\"wordCount\":213,\"commentCount\":0,\"image\":{\"@id\":\"https:\\\/\\\/fyno.pt\\\/pt\\\/mundo\\\/festival-manta-guimaraes\\\/#primaryimage\"},\"thumbnailUrl\":\"https:\\\/\\\/fyno.pt\\\/wp-content\\\/uploads\\\/2026\\\/09\\\/mar-pujol-1160x630-1.jpg\",\"keywords\":[\"cultura\",\"festival\",\"Guimar\u00e3es\",\"m\u00fasica\",\"oficinas\"],\"articleSection\":[\"Mundo\"],\"inLanguage\":\"pt-PT\",\"potentialAction\":[{\"@type\":\"CommentAction\",\"name\":\"Comment\",\"target\":[\"https:\\\/\\\/fyno.pt\\\/pt\\\/mundo\\\/festival-manta-guimaraes\\\/#respond\"]}]},{\"@type\":\"WebPage\",\"@id\":\"https:\\\/\\\/fyno.pt\\\/pt\\\/mundo\\\/festival-manta-guimaraes\\\/\",\"url\":\"https:\\\/\\\/fyno.pt\\\/pt\\\/mundo\\\/festival-manta-guimaraes\\\/\",\"name\":\"festival manta acontece em guimar\u00e3es nos dias 11 e 12 de setembro\",\"isPartOf\":{\"@id\":\"https:\\\/\\\/fyno.pt\\\/#website\"},\"primaryImageOfPage\":{\"@id\":\"https:\\\/\\\/fyno.pt\\\/pt\\\/mundo\\\/festival-manta-guimaraes\\\/#primaryimage\"},\"image\":{\"@id\":\"https:\\\/\\\/fyno.pt\\\/pt\\\/mundo\\\/festival-manta-guimaraes\\\/#primaryimage\"},\"thumbnailUrl\":\"https:\\\/\\\/fyno.pt\\\/wp-content\\\/uploads\\\/2026\\\/09\\\/mar-pujol-1160x630-1.jpg\",\"datePublished\":\"2026-09-03T00:29:50+00:00\",\"author\":{\"@id\":\"https:\\\/\\\/fyno.pt\\\/#\\\/schema\\\/person\\\/ab5b330ed5ed05f1b4a7b8e438f68187\"},\"description\":\"Festival Manta retorna a Guimar\u00e3es com concertos e oficinas para toda a fam\u00edlia nos dias 11 e 12 de setembro.\",\"breadcrumb\":{\"@id\":\"https:\\\/\\\/fyno.pt\\\/pt\\\/mundo\\\/festival-manta-guimaraes\\\/#breadcrumb\"},\"inLanguage\":\"pt-PT\",\"potentialAction\":[{\"@type\":\"ReadAction\",\"target\":[\"https:\\\/\\\/fyno.pt\\\/pt\\\/mundo\\\/festival-manta-guimaraes\\\/\"]}]},{\"@type\":\"ImageObject\",\"inLanguage\":\"pt-PT\",\"@id\":\"https:\\\/\\\/fyno.pt\\\/pt\\\/mundo\\\/festival-manta-guimaraes\\\/#primaryimage\",\"url\":\"https:\\\/\\\/fyno.pt\\\/wp-content\\\/uploads\\\/2026\\\/09\\\/mar-pujol-1160x630-1.jpg\",\"contentUrl\":\"https:\\\/\\\/fyno.pt\\\/wp-content\\\/uploads\\\/2026\\\/09\\\/mar-pujol-1160x630-1.jpg\",\"width\":1160,\"height\":630,\"caption\":\"Divulga\u00e7\u00e3o\"},{\"@type\":\"BreadcrumbList\",\"@id\":\"https:\\\/\\\/fyno.pt\\\/pt\\\/mundo\\\/festival-manta-guimaraes\\\/#breadcrumb\",\"itemListElement\":[{\"@type\":\"ListItem\",\"position\":1,\"name\":\"In\u00edcio\",\"item\":\"https:\\\/\\\/fyno.pt\\\/\"},{\"@type\":\"ListItem\",\"position\":2,\"name\":\"Festival Manta retorna aos jardins do Centro Cultural Vila Flor em Guimar\u00e3es\"}]},{\"@type\":\"WebSite\",\"@id\":\"https:\\\/\\\/fyno.pt\\\/#website\",\"url\":\"https:\\\/\\\/fyno.pt\\\/\",\"name\":\"Fyno\",\"description\":\"Not\u00edcia e informa\u00e7\u00e3o\",\"potentialAction\":[{\"@type\":\"SearchAction\",\"target\":{\"@type\":\"EntryPoint\",\"urlTemplate\":\"https:\\\/\\\/fyno.pt\\\/?s={search_term_string}\"},\"query-input\":{\"@type\":\"PropertyValueSpecification\",\"valueRequired\":true,\"valueName\":\"search_term_string\"}}],\"inLanguage\":\"pt-PT\"},{\"@type\":\"Person\",\"@id\":\"https:\\\/\\\/fyno.pt\\\/#\\\/schema\\\/person\\\/ab5b330ed5ed05f1b4a7b8e438f68187\",\"name\":\"Fyno\",\"image\":{\"@type\":\"ImageObject\",\"inLanguage\":\"pt-PT\",\"@id\":\"https:\\\/\\\/fyno.pt\\\/wp-content\\\/litespeed\\\/avatar\\\/8f51870e8d94c234e288da840d914372.jpg?ver=1788205134\",\"url\":\"https:\\\/\\\/fyno.pt\\\/wp-content\\\/litespeed\\\/avatar\\\/8f51870e8d94c234e288da840d914372.jpg?ver=1788205134\",\"contentUrl\":\"https:\\\/\\\/fyno.pt\\\/wp-content\\\/litespeed\\\/avatar\\\/8f51870e8d94c234e288da840d914372.jpg?ver=1788205134\",\"caption\":\"Fyno\"},\"description\":\"A sua fonte de informa\u00e7\u00e3o.\",\"url\":\"https:\\\/\\\/fyno.pt\\\/pt\\\/author\\\/fynopt\\\/\"}]}<\/script>\n<!-- \/ Yoast SEO Premium plugin. -->","yoast_head_json":{"title":"festival manta acontece em guimar\u00e3es nos dias 11 e 12 de setembro","description":"Festival Manta retorna a Guimar\u00e3es com concertos e oficinas para toda a fam\u00edlia nos dias 11 e 12 de setembro.","robots":{"index":"index","follow":"follow","max-snippet":"max-snippet:-1","max-image-preview":"max-image-preview:large","max-video-preview":"max-video-preview:-1"},"canonical":"https:\/\/fyno.pt\/pt\/mundo\/festival-manta-guimaraes\/","og_locale":"pt_PT","og_type":"article","og_title":"Festival Manta retorna aos jardins do Centro Cultural Vila Flor em Guimar\u00e3es","og_description":"Festival Manta retorna a Guimar\u00e3es com concertos e oficinas para toda a fam\u00edlia nos dias 11 e 12 de setembro.","og_url":"https:\/\/fyno.pt\/pt\/mundo\/festival-manta-guimaraes\/","og_site_name":"Fyno","article_published_time":"2026-09-03T00:29:50+00:00","og_image":[{"width":1160,"height":630,"url":"https:\/\/fyno.pt\/wp-content\/uploads\/2026\/09\/mar-pujol-1160x630-1.jpg","type":"image\/jpeg"}],"author":"Fyno","twitter_card":"summary_large_image","twitter_misc":{"Escrito por":"Fyno","Tempo estimado de leitura":"1 minuto"},"schema":{"@context":"https:\/\/schema.org","@graph":[{"@type":"Article","@id":"https:\/\/fyno.pt\/pt\/mundo\/festival-manta-guimaraes\/#article","isPartOf":{"@id":"https:\/\/fyno.pt\/pt\/mundo\/festival-manta-guimaraes\/"},"author":{"name":"Fyno","@id":"https:\/\/fyno.pt\/#\/schema\/person\/ab5b330ed5ed05f1b4a7b8e438f68187"},"headline":"Festival Manta retorna aos jardins do Centro Cultural Vila Flor em Guimar\u00e3es","datePublished":"2026-09-03T00:29:50+00:00","mainEntityOfPage":{"@id":"https:\/\/fyno.pt\/pt\/mundo\/festival-manta-guimaraes\/"},"wordCount":213,"commentCount":0,"image":{"@id":"https:\/\/fyno.pt\/pt\/mundo\/festival-manta-guimaraes\/#primaryimage"},"thumbnailUrl":"https:\/\/fyno.pt\/wp-content\/uploads\/2026\/09\/mar-pujol-1160x630-1.jpg","keywords":["cultura","festival","Guimar\u00e3es","m\u00fasica","oficinas"],"articleSection":["Mundo"],"inLanguage":"pt-PT","potentialAction":[{"@type":"CommentAction","name":"Comment","target":["https:\/\/fyno.pt\/pt\/mundo\/festival-manta-guimaraes\/#respond"]}]},{"@type":"WebPage","@id":"https:\/\/fyno.pt\/pt\/mundo\/festival-manta-guimaraes\/","url":"https:\/\/fyno.pt\/pt\/mundo\/festival-manta-guimaraes\/","name":"festival manta acontece em guimar\u00e3es nos dias 11 e 12 de setembro","isPartOf":{"@id":"https:\/\/fyno.pt\/#website"},"primaryImageOfPage":{"@id":"https:\/\/fyno.pt\/pt\/mundo\/festival-manta-guimaraes\/#primaryimage"},"image":{"@id":"https:\/\/fyno.pt\/pt\/mundo\/festival-manta-guimaraes\/#primaryimage"},"thumbnailUrl":"https:\/\/fyno.pt\/wp-content\/uploads\/2026\/09\/mar-pujol-1160x630-1.jpg","datePublished":"2026-09-03T00:29:50+00:00","author":{"@id":"https:\/\/fyno.pt\/#\/schema\/person\/ab5b330ed5ed05f1b4a7b8e438f68187"},"description":"Festival Manta retorna a Guimar\u00e3es com concertos e oficinas para toda a fam\u00edlia nos dias 11 e 12 de setembro.","breadcrumb":{"@id":"https:\/\/fyno.pt\/pt\/mundo\/festival-manta-guimaraes\/#breadcrumb"},"inLanguage":"pt-PT","potentialAction":[{"@type":"ReadAction","target":["https:\/\/fyno.pt\/pt\/mundo\/festival-manta-guimaraes\/"]}]},{"@type":"ImageObject","inLanguage":"pt-PT","@id":"https:\/\/fyno.pt\/pt\/mundo\/festival-manta-guimaraes\/#primaryimage","url":"https:\/\/fyno.pt\/wp-content\/uploads\/2026\/09\/mar-pujol-1160x630-1.jpg","contentUrl":"https:\/\/fyno.pt\/wp-content\/uploads\/2026\/09\/mar-pujol-1160x630-1.jpg","width":1160,"height":630,"caption":"Divulga\u00e7\u00e3o"},{"@type":"BreadcrumbList","@id":"https:\/\/fyno.pt\/pt\/mundo\/festival-manta-guimaraes\/#breadcrumb","itemListElement":[{"@type":"ListItem","position":1,"name":"In\u00edcio","item":"https:\/\/fyno.pt\/"},{"@type":"ListItem","position":2,"name":"Festival Manta retorna aos jardins do Centro Cultural Vila Flor em Guimar\u00e3es"}]},{"@type":"WebSite","@id":"https:\/\/fyno.pt\/#website","url":"https:\/\/fyno.pt\/","name":"Fyno","description":"Not\u00edcia e informa\u00e7\u00e3o","potentialAction":[{"@type":"SearchAction","target":{"@type":"EntryPoint","urlTemplate":"https:\/\/fyno.pt\/?s={search_term_string}"},"query-input":{"@type":"PropertyValueSpecification","valueRequired":true,"valueName":"search_term_string"}}],"inLanguage":"pt-PT"},{"@type":"Person","@id":"https:\/\/fyno.pt\/#\/schema\/person\/ab5b330ed5ed05f1b4a7b8e438f68187","name":"Fyno","image":{"@type":"ImageObject","inLanguage":"pt-PT","@id":"https:\/\/fyno.pt\/wp-content\/litespeed\/avatar\/8f51870e8d94c234e288da840d914372.jpg?ver=1788205134","url":"https:\/\/fyno.pt\/wp-content\/litespeed\/avatar\/8f51870e8d94c234e288da840d914372.jpg?ver=1788205134","contentUrl":"https:\/\/fyno.pt\/wp-content\/litespeed\/avatar\/8f51870e8d94c234e288da840d914372.jpg?ver=1788205134","caption":"Fyno"},"description":"A sua fonte de informa\u00e7\u00e3o.","url":"https:\/\/fyno.pt\/pt\/author\/fynopt\/"}]}},"_links":{"self":[{"href":"https:\/\/fyno.pt\/pt\/wp-json\/wp\/v2\/posts\/43762","targetHints":{"allow":["GET"]}}],"collection":[{"href":"https:\/\/fyno.pt\/pt\/wp-json\/wp\/v2\/posts"}],"about":[{"href":"https:\/\/fyno.pt\/pt\/wp-json\/wp\/v2\/types\/post"}],"author":[{"embeddable":true,"href":"https:\/\/fyno.pt\/pt\/wp-json\/wp\/v2\/users\/9"}],"replies":[{"embeddable":true,"href":"https:\/\/fyno.pt\/pt\/wp-json\/wp\/v2\/comments?post=43762"}],"version-history":[{"count":1,"href":"https:\/\/fyno.pt\/pt\/wp-json\/wp\/v2\/posts\/43762\/revisions"}],"predecessor-version":[{"id":43764,"href":"https:\/\/fyno.pt\/pt\/wp-json\/wp\/v2\/posts\/43762\/revisions\/43764"}],"wp:featuredmedia":[{"embeddable":true,"href":"https:\/\/fyno.pt\/pt\/wp-json\/wp\/v2\/media\/43763"}],"wp:attachment":[{"href":"https:\/\/fyno.pt\/pt\/wp-json\/wp\/v2\/media?parent=43762"}],"wp:term":[{"taxonomy":"category","embeddable":true,"href":"https:\/\/fyno.pt\/pt\/wp-json\/wp\/v2\/categories?post=43762"},{"taxonomy":"post_tag","embeddable":true,"href":"https:\/\/fyno.pt\/pt\/wp-json\/wp\/v2\/tags?post=43762"}],"curies":[{"name":"wp","href":"https:\/\/api.w.org\/{rel}","templated":true}]}}