{"id":43756,"date":"2026-09-02T20:59:17","date_gmt":"2026-09-02T23:59:17","guid":{"rendered":"https:\/\/fyno.pt\/?p=43756"},"modified":"2026-09-02T20:59:17","modified_gmt":"2026-09-02T23:59:17","slug":"livre-critica-chega-censura","status":"publish","type":"post","link":"https:\/\/fyno.pt\/pt\/mundo\/livre-critica-chega-censura\/","title":{"rendered":"Livre critica Chega por mo\u00e7\u00e3o de censura ao governo como &#8216;folclore&#8217;"},"content":{"rendered":"<p>A porta-voz do Livre, Isabel Mendes Lopes, manifestou hoje cr\u00edticas ao Chega, acusando o partido de criar &quot;mais um epis\u00f3dio de folclore&quot; ao apresentar uma mo\u00e7\u00e3o de censura ao Governo. A declara\u00e7\u00e3o foi feita durante uma coletiva de imprensa na Assembleia da Rep\u00fablica.<\/p>\n\n\n\n<h2 class=\"wp-block-heading\">Cr\u00edticas \u00e0 mo\u00e7\u00e3o de censura<\/h2>\n\n\n\n<p>Isabel Mendes Lopes afirmou que, embora o ministro da Administra\u00e7\u00e3o Interna, Lu\u00eds Neves, tenha quest\u00f5es a esclarecer e o primeiro-ministro deva se pronunciar, a mo\u00e7\u00e3o de censura do Chega coincidir\u00e1 com a audi\u00eancia parlamentar de Neves, marcada para o dia 08. Segundo a l\u00edder parlamentar do Livre, isso demonstra um desrespeito pelo tempo do parlamento.<\/p>\n\n\n\n<p>&quot;Assistimos a mais um epis\u00f3dio de folclore. \u00c9 certo que Lu\u00eds Neves tem v\u00e1rias explica\u00e7\u00f5es para dar, que o primeiro-ministro tem que se pronunciar, mas tamb\u00e9m \u00e9 certo que Lu\u00eds Neves vir\u00e1 ao parlamento dia 08&quot;, disse Mendes Lopes.<\/p>\n\n\n\n<h2 class=\"wp-block-heading\">Desvio de aten\u00e7\u00e3o<\/h2>\n\n\n\n<p>A porta-voz do Livre criticou a estrat\u00e9gia do Chega, afirmando que o partido liderado por Andr\u00e9 Ventura busca sempre se colocar no centro das pol\u00eamicas para dominar o espa\u00e7o na m\u00eddia. &quot;O Chega cavalga sempre a maior pol\u00e9mica para estar sempre na crista da onda e ocupar todo o espa\u00e7o medi\u00e1tico&quot;, comentou Mendes Lopes, ressaltando que isso impede a discuss\u00e3o de quest\u00f5es que realmente preocupam a popula\u00e7\u00e3o.<\/p>\n\n\n\n<p>Questionada sobre como a bancada do Livre votar\u00e1 na mo\u00e7\u00e3o de censura, Mendes Lopes afirmou que a decis\u00e3o ser\u00e1 tomada pelos \u00f3rg\u00e3os internos do partido. Contudo, destacou que o Livre nunca apoiou uma mo\u00e7\u00e3o de censura apresentada pelo Chega.<\/p>\n\n\n\n<p>&quot;O Livre n\u00e3o acompanha o folclore do Chega de maneira nenhuma e, portanto, nunca vot\u00e1mos favoravelmente. Ali\u00e1s, vot\u00e1mos sempre contra as mo\u00e7\u00f5es de censura apresentadas pelo Chega, porque s\u00e3o exatamente mais um processo de degrada\u00e7\u00e3o das institui\u00e7\u00f5es a que o Chega nos tem habituado&quot;, concluiu.<\/p>\n\n\n\n<h2 class=\"wp-block-heading\">Contexto da mo\u00e7\u00e3o de censura<\/h2>\n\n\n\n<p>A mo\u00e7\u00e3o de censura apresentada pelo Chega surge em meio a pol\u00eamicas envolvendo o ministro da Administra\u00e7\u00e3o Interna. O l\u00edder do Chega anunciou a entrega do documento no parlamento, o que acirrou ainda mais os \u00e2nimos entre os partidos.<\/p>","protected":false},"excerpt":{"rendered":"<p>Isabel Mendes Lopes defende que Chega desrespeita o tempo do parlamento e desvia o foco de temas importantes.<\/p>","protected":false},"author":9,"featured_media":43757,"comment_status":"open","ping_status":"open","sticky":false,"template":"","format":"standard","meta":{"footnotes":""},"categories":[51],"tags":[1999,1970,1867,2206,1040],"class_list":["post-43756","post","type-post","status-publish","format-standard","has-post-thumbnail","hentry","category-mundo","tag-assembleia","tag-censura","tag-chega","tag-livre","tag-politica"],"yoast_head":"<!-- This site is optimized with the Yoast SEO Premium plugin v27.9 (Yoast SEO v27.9) - https:\/\/yoast.com\/product\/yoast-seo-premium-wordpress\/ -->\n<title>livre critica chega por mo\u00e7\u00e3o de censura ao governo<\/title>\n<meta name=\"description\" content=\"Isabel Mendes Lopes, do Livre, critica Chega por mo\u00e7\u00e3o de censura, chamando-a de &#039;folclore&#039; durante coletiva na Assembleia da Rep\u00fablica.\" \/>\n<meta name=\"robots\" content=\"index, follow, max-snippet:-1, max-image-preview:large, max-video-preview:-1\" \/>\n<link rel=\"canonical\" href=\"https:\/\/fyno.pt\/pt\/mundo\/livre-critica-chega-censura\/\" \/>\n<meta property=\"og:locale\" content=\"pt_PT\" \/>\n<meta property=\"og:type\" content=\"article\" \/>\n<meta property=\"og:title\" content=\"Livre critica Chega por mo\u00e7\u00e3o de censura ao governo como &#039;folclore&#039;\" \/>\n<meta property=\"og:description\" content=\"Isabel Mendes Lopes, do Livre, critica Chega por mo\u00e7\u00e3o de censura, chamando-a de &#039;folclore&#039; durante coletiva na Assembleia da Rep\u00fablica.\" \/>\n<meta property=\"og:url\" content=\"https:\/\/fyno.pt\/pt\/mundo\/livre-critica-chega-censura\/\" \/>\n<meta property=\"og:site_name\" content=\"Fyno\" \/>\n<meta property=\"article:published_time\" content=\"2026-09-02T23:59:17+00:00\" \/>\n<meta property=\"og:image\" content=\"https:\/\/fyno.pt\/wp-content\/uploads\/2026\/09\/Isabel-Mendes-Lopes-1160x630-1.jpeg\" \/>\n\t<meta property=\"og:image:width\" content=\"1160\" \/>\n\t<meta property=\"og:image:height\" content=\"630\" \/>\n\t<meta property=\"og:image:type\" content=\"image\/jpeg\" \/>\n<meta name=\"author\" content=\"Fyno\" \/>\n<meta name=\"twitter:card\" content=\"summary_large_image\" \/>\n<meta name=\"twitter:label1\" content=\"Escrito por\" \/>\n\t<meta name=\"twitter:data1\" content=\"Fyno\" \/>\n\t<meta name=\"twitter:label2\" content=\"Tempo estimado de leitura\" \/>\n\t<meta name=\"twitter:data2\" content=\"2 minutos\" \/>\n<script type=\"application\/ld+json\" class=\"yoast-schema-graph\">{\"@context\":\"https:\\\/\\\/schema.org\",\"@graph\":[{\"@type\":\"Article\",\"@id\":\"https:\\\/\\\/fyno.pt\\\/mundo\\\/livre-critica-chega-censura\\\/#article\",\"isPartOf\":{\"@id\":\"https:\\\/\\\/fyno.pt\\\/mundo\\\/livre-critica-chega-censura\\\/\"},\"author\":{\"name\":\"Fyno\",\"@id\":\"https:\\\/\\\/fyno.pt\\\/#\\\/schema\\\/person\\\/ab5b330ed5ed05f1b4a7b8e438f68187\"},\"headline\":\"Livre critica Chega por mo\u00e7\u00e3o de censura ao governo como &#8216;folclore&#8217;\",\"datePublished\":\"2026-09-02T23:59:17+00:00\",\"mainEntityOfPage\":{\"@id\":\"https:\\\/\\\/fyno.pt\\\/mundo\\\/livre-critica-chega-censura\\\/\"},\"wordCount\":402,\"commentCount\":0,\"image\":{\"@id\":\"https:\\\/\\\/fyno.pt\\\/mundo\\\/livre-critica-chega-censura\\\/#primaryimage\"},\"thumbnailUrl\":\"https:\\\/\\\/fyno.pt\\\/wp-content\\\/uploads\\\/2026\\\/09\\\/Isabel-Mendes-Lopes-1160x630-1.jpeg\",\"keywords\":[\"assembleia\",\"censura\",\"Chega\",\"Livre\",\"pol\u00edtica\"],\"articleSection\":[\"Mundo\"],\"inLanguage\":\"pt-PT\",\"potentialAction\":[{\"@type\":\"CommentAction\",\"name\":\"Comment\",\"target\":[\"https:\\\/\\\/fyno.pt\\\/mundo\\\/livre-critica-chega-censura\\\/#respond\"]}]},{\"@type\":\"WebPage\",\"@id\":\"https:\\\/\\\/fyno.pt\\\/mundo\\\/livre-critica-chega-censura\\\/\",\"url\":\"https:\\\/\\\/fyno.pt\\\/mundo\\\/livre-critica-chega-censura\\\/\",\"name\":\"livre critica chega por mo\u00e7\u00e3o de censura ao governo\",\"isPartOf\":{\"@id\":\"https:\\\/\\\/fyno.pt\\\/#website\"},\"primaryImageOfPage\":{\"@id\":\"https:\\\/\\\/fyno.pt\\\/mundo\\\/livre-critica-chega-censura\\\/#primaryimage\"},\"image\":{\"@id\":\"https:\\\/\\\/fyno.pt\\\/mundo\\\/livre-critica-chega-censura\\\/#primaryimage\"},\"thumbnailUrl\":\"https:\\\/\\\/fyno.pt\\\/wp-content\\\/uploads\\\/2026\\\/09\\\/Isabel-Mendes-Lopes-1160x630-1.jpeg\",\"datePublished\":\"2026-09-02T23:59:17+00:00\",\"author\":{\"@id\":\"https:\\\/\\\/fyno.pt\\\/#\\\/schema\\\/person\\\/ab5b330ed5ed05f1b4a7b8e438f68187\"},\"description\":\"Isabel Mendes Lopes, do Livre, critica Chega por mo\u00e7\u00e3o de censura, chamando-a de 'folclore' durante coletiva na Assembleia da Rep\u00fablica.\",\"breadcrumb\":{\"@id\":\"https:\\\/\\\/fyno.pt\\\/mundo\\\/livre-critica-chega-censura\\\/#breadcrumb\"},\"inLanguage\":\"pt-PT\",\"potentialAction\":[{\"@type\":\"ReadAction\",\"target\":[\"https:\\\/\\\/fyno.pt\\\/mundo\\\/livre-critica-chega-censura\\\/\"]}]},{\"@type\":\"ImageObject\",\"inLanguage\":\"pt-PT\",\"@id\":\"https:\\\/\\\/fyno.pt\\\/mundo\\\/livre-critica-chega-censura\\\/#primaryimage\",\"url\":\"https:\\\/\\\/fyno.pt\\\/wp-content\\\/uploads\\\/2026\\\/09\\\/Isabel-Mendes-Lopes-1160x630-1.jpeg\",\"contentUrl\":\"https:\\\/\\\/fyno.pt\\\/wp-content\\\/uploads\\\/2026\\\/09\\\/Isabel-Mendes-Lopes-1160x630-1.jpeg\",\"width\":1160,\"height\":630,\"caption\":\"Foto: Lusa\"},{\"@type\":\"BreadcrumbList\",\"@id\":\"https:\\\/\\\/fyno.pt\\\/mundo\\\/livre-critica-chega-censura\\\/#breadcrumb\",\"itemListElement\":[{\"@type\":\"ListItem\",\"position\":1,\"name\":\"In\u00edcio\",\"item\":\"https:\\\/\\\/fyno.pt\\\/\"},{\"@type\":\"ListItem\",\"position\":2,\"name\":\"Livre critica Chega por mo\u00e7\u00e3o de censura ao governo como &#8216;folclore&#8217;\"}]},{\"@type\":\"WebSite\",\"@id\":\"https:\\\/\\\/fyno.pt\\\/#website\",\"url\":\"https:\\\/\\\/fyno.pt\\\/\",\"name\":\"Fyno\",\"description\":\"Not\u00edcia e informa\u00e7\u00e3o\",\"potentialAction\":[{\"@type\":\"SearchAction\",\"target\":{\"@type\":\"EntryPoint\",\"urlTemplate\":\"https:\\\/\\\/fyno.pt\\\/?s={search_term_string}\"},\"query-input\":{\"@type\":\"PropertyValueSpecification\",\"valueRequired\":true,\"valueName\":\"search_term_string\"}}],\"inLanguage\":\"pt-PT\"},{\"@type\":\"Person\",\"@id\":\"https:\\\/\\\/fyno.pt\\\/#\\\/schema\\\/person\\\/ab5b330ed5ed05f1b4a7b8e438f68187\",\"name\":\"Fyno\",\"image\":{\"@type\":\"ImageObject\",\"inLanguage\":\"pt-PT\",\"@id\":\"https:\\\/\\\/fyno.pt\\\/wp-content\\\/litespeed\\\/avatar\\\/8f51870e8d94c234e288da840d914372.jpg?ver=1788205134\",\"url\":\"https:\\\/\\\/fyno.pt\\\/wp-content\\\/litespeed\\\/avatar\\\/8f51870e8d94c234e288da840d914372.jpg?ver=1788205134\",\"contentUrl\":\"https:\\\/\\\/fyno.pt\\\/wp-content\\\/litespeed\\\/avatar\\\/8f51870e8d94c234e288da840d914372.jpg?ver=1788205134\",\"caption\":\"Fyno\"},\"description\":\"A sua fonte de informa\u00e7\u00e3o.\",\"url\":\"https:\\\/\\\/fyno.pt\\\/pt\\\/author\\\/fynopt\\\/\"}]}<\/script>\n<!-- \/ Yoast SEO Premium plugin. -->","yoast_head_json":{"title":"livre critica chega por mo\u00e7\u00e3o de censura ao governo","description":"Isabel Mendes Lopes, do Livre, critica Chega por mo\u00e7\u00e3o de censura, chamando-a de 'folclore' durante coletiva na Assembleia da Rep\u00fablica.","robots":{"index":"index","follow":"follow","max-snippet":"max-snippet:-1","max-image-preview":"max-image-preview:large","max-video-preview":"max-video-preview:-1"},"canonical":"https:\/\/fyno.pt\/pt\/mundo\/livre-critica-chega-censura\/","og_locale":"pt_PT","og_type":"article","og_title":"Livre critica Chega por mo\u00e7\u00e3o de censura ao governo como 'folclore'","og_description":"Isabel Mendes Lopes, do Livre, critica Chega por mo\u00e7\u00e3o de censura, chamando-a de 'folclore' durante coletiva na Assembleia da Rep\u00fablica.","og_url":"https:\/\/fyno.pt\/pt\/mundo\/livre-critica-chega-censura\/","og_site_name":"Fyno","article_published_time":"2026-09-02T23:59:17+00:00","og_image":[{"width":1160,"height":630,"url":"https:\/\/fyno.pt\/wp-content\/uploads\/2026\/09\/Isabel-Mendes-Lopes-1160x630-1.jpeg","type":"image\/jpeg"}],"author":"Fyno","twitter_card":"summary_large_image","twitter_misc":{"Escrito por":"Fyno","Tempo estimado de leitura":"2 minutos"},"schema":{"@context":"https:\/\/schema.org","@graph":[{"@type":"Article","@id":"https:\/\/fyno.pt\/mundo\/livre-critica-chega-censura\/#article","isPartOf":{"@id":"https:\/\/fyno.pt\/mundo\/livre-critica-chega-censura\/"},"author":{"name":"Fyno","@id":"https:\/\/fyno.pt\/#\/schema\/person\/ab5b330ed5ed05f1b4a7b8e438f68187"},"headline":"Livre critica Chega por mo\u00e7\u00e3o de censura ao governo como &#8216;folclore&#8217;","datePublished":"2026-09-02T23:59:17+00:00","mainEntityOfPage":{"@id":"https:\/\/fyno.pt\/mundo\/livre-critica-chega-censura\/"},"wordCount":402,"commentCount":0,"image":{"@id":"https:\/\/fyno.pt\/mundo\/livre-critica-chega-censura\/#primaryimage"},"thumbnailUrl":"https:\/\/fyno.pt\/wp-content\/uploads\/2026\/09\/Isabel-Mendes-Lopes-1160x630-1.jpeg","keywords":["assembleia","censura","Chega","Livre","pol\u00edtica"],"articleSection":["Mundo"],"inLanguage":"pt-PT","potentialAction":[{"@type":"CommentAction","name":"Comment","target":["https:\/\/fyno.pt\/mundo\/livre-critica-chega-censura\/#respond"]}]},{"@type":"WebPage","@id":"https:\/\/fyno.pt\/mundo\/livre-critica-chega-censura\/","url":"https:\/\/fyno.pt\/mundo\/livre-critica-chega-censura\/","name":"livre critica chega por mo\u00e7\u00e3o de censura ao governo","isPartOf":{"@id":"https:\/\/fyno.pt\/#website"},"primaryImageOfPage":{"@id":"https:\/\/fyno.pt\/mundo\/livre-critica-chega-censura\/#primaryimage"},"image":{"@id":"https:\/\/fyno.pt\/mundo\/livre-critica-chega-censura\/#primaryimage"},"thumbnailUrl":"https:\/\/fyno.pt\/wp-content\/uploads\/2026\/09\/Isabel-Mendes-Lopes-1160x630-1.jpeg","datePublished":"2026-09-02T23:59:17+00:00","author":{"@id":"https:\/\/fyno.pt\/#\/schema\/person\/ab5b330ed5ed05f1b4a7b8e438f68187"},"description":"Isabel Mendes Lopes, do Livre, critica Chega por mo\u00e7\u00e3o de censura, chamando-a de 'folclore' durante coletiva na Assembleia da Rep\u00fablica.","breadcrumb":{"@id":"https:\/\/fyno.pt\/mundo\/livre-critica-chega-censura\/#breadcrumb"},"inLanguage":"pt-PT","potentialAction":[{"@type":"ReadAction","target":["https:\/\/fyno.pt\/mundo\/livre-critica-chega-censura\/"]}]},{"@type":"ImageObject","inLanguage":"pt-PT","@id":"https:\/\/fyno.pt\/mundo\/livre-critica-chega-censura\/#primaryimage","url":"https:\/\/fyno.pt\/wp-content\/uploads\/2026\/09\/Isabel-Mendes-Lopes-1160x630-1.jpeg","contentUrl":"https:\/\/fyno.pt\/wp-content\/uploads\/2026\/09\/Isabel-Mendes-Lopes-1160x630-1.jpeg","width":1160,"height":630,"caption":"Foto: Lusa"},{"@type":"BreadcrumbList","@id":"https:\/\/fyno.pt\/mundo\/livre-critica-chega-censura\/#breadcrumb","itemListElement":[{"@type":"ListItem","position":1,"name":"In\u00edcio","item":"https:\/\/fyno.pt\/"},{"@type":"ListItem","position":2,"name":"Livre critica Chega por mo\u00e7\u00e3o de censura ao governo como &#8216;folclore&#8217;"}]},{"@type":"WebSite","@id":"https:\/\/fyno.pt\/#website","url":"https:\/\/fyno.pt\/","name":"Fyno","description":"Not\u00edcia e informa\u00e7\u00e3o","potentialAction":[{"@type":"SearchAction","target":{"@type":"EntryPoint","urlTemplate":"https:\/\/fyno.pt\/?s={search_term_string}"},"query-input":{"@type":"PropertyValueSpecification","valueRequired":true,"valueName":"search_term_string"}}],"inLanguage":"pt-PT"},{"@type":"Person","@id":"https:\/\/fyno.pt\/#\/schema\/person\/ab5b330ed5ed05f1b4a7b8e438f68187","name":"Fyno","image":{"@type":"ImageObject","inLanguage":"pt-PT","@id":"https:\/\/fyno.pt\/wp-content\/litespeed\/avatar\/8f51870e8d94c234e288da840d914372.jpg?ver=1788205134","url":"https:\/\/fyno.pt\/wp-content\/litespeed\/avatar\/8f51870e8d94c234e288da840d914372.jpg?ver=1788205134","contentUrl":"https:\/\/fyno.pt\/wp-content\/litespeed\/avatar\/8f51870e8d94c234e288da840d914372.jpg?ver=1788205134","caption":"Fyno"},"description":"A sua fonte de informa\u00e7\u00e3o.","url":"https:\/\/fyno.pt\/pt\/author\/fynopt\/"}]}},"_links":{"self":[{"href":"https:\/\/fyno.pt\/pt\/wp-json\/wp\/v2\/posts\/43756","targetHints":{"allow":["GET"]}}],"collection":[{"href":"https:\/\/fyno.pt\/pt\/wp-json\/wp\/v2\/posts"}],"about":[{"href":"https:\/\/fyno.pt\/pt\/wp-json\/wp\/v2\/types\/post"}],"author":[{"embeddable":true,"href":"https:\/\/fyno.pt\/pt\/wp-json\/wp\/v2\/users\/9"}],"replies":[{"embeddable":true,"href":"https:\/\/fyno.pt\/pt\/wp-json\/wp\/v2\/comments?post=43756"}],"version-history":[{"count":1,"href":"https:\/\/fyno.pt\/pt\/wp-json\/wp\/v2\/posts\/43756\/revisions"}],"predecessor-version":[{"id":43758,"href":"https:\/\/fyno.pt\/pt\/wp-json\/wp\/v2\/posts\/43756\/revisions\/43758"}],"wp:featuredmedia":[{"embeddable":true,"href":"https:\/\/fyno.pt\/pt\/wp-json\/wp\/v2\/media\/43757"}],"wp:attachment":[{"href":"https:\/\/fyno.pt\/pt\/wp-json\/wp\/v2\/media?parent=43756"}],"wp:term":[{"taxonomy":"category","embeddable":true,"href":"https:\/\/fyno.pt\/pt\/wp-json\/wp\/v2\/categories?post=43756"},{"taxonomy":"post_tag","embeddable":true,"href":"https:\/\/fyno.pt\/pt\/wp-json\/wp\/v2\/tags?post=43756"}],"curies":[{"name":"wp","href":"https:\/\/api.w.org\/{rel}","templated":true}]}}