{"id":43753,"date":"2026-09-02T20:29:17","date_gmt":"2026-09-02T23:29:17","guid":{"rendered":"https:\/\/fyno.pt\/?p=43753"},"modified":"2026-09-02T20:29:17","modified_gmt":"2026-09-02T23:29:17","slug":"hugo-soares-critica-mocao-chega","status":"publish","type":"post","link":"https:\/\/fyno.pt\/pt\/news\/hugo-soares-critica-mocao-chega\/","title":{"rendered":"Hugo Soares critica mo\u00e7\u00e3o do Chega e defende Lu\u00eds Neves"},"content":{"rendered":"<p>Hugo Soares, l\u00edder parlamentar do PSD, manifestou sua opini\u00e3o sobre a mo\u00e7\u00e3o apresentada pelo Chega, a qual classificou como &quot;rid\u00edcula&quot;. Durante sua fala, Soares tamb\u00e9m defendeu o colega de partido, Lu\u00eds Neves, e expressou confian\u00e7a nas decis\u00f5es do l\u00edder do PSD, Lu\u00eds Montenegro.<\/p>\n\n\n\n<h2 class=\"wp-block-heading\">Defesa de Lu\u00eds Neves<\/h2>\n\n\n\n<p>Soares destacou a import\u00e2ncia de apoiar Neves em meio a cr\u00edticas e desafios enfrentados por ele. O l\u00edder parlamentar enfatizou que a postura de Neves \u00e9 fundamental para o fortalecimento do partido e para a continuidade de suas propostas.<\/p>\n\n\n\n<h2 class=\"wp-block-heading\">Confian\u00e7a em Montenegro<\/h2>\n\n\n\n<p>Al\u00e9m de defender Neves, Hugo Soares reiterou sua confian\u00e7a em Lu\u00eds Montenegro como l\u00edder do PSD. Para Soares, o discernimento de Montenegro \u00e9 crucial para a condu\u00e7\u00e3o do partido e para a defini\u00e7\u00e3o de estrat\u00e9gias que atendam \u00e0s necessidades da popula\u00e7\u00e3o.<\/p>\n\n\n\n<h2 class=\"wp-block-heading\">Voto em Ant\u00f3nio Jos\u00e9 Seguro<\/h2>\n\n\n\n<p>Em uma revela\u00e7\u00e3o pessoal, Soares mencionou que votou em Ant\u00f3nio Jos\u00e9 Seguro nas \u00faltimas elei\u00e7\u00f5es presidenciais. Essa declara\u00e7\u00e3o acrescenta uma dimens\u00e3o interessante ao seu perfil pol\u00edtico e \u00e0s suas decis\u00f5es eleitorais.<\/p>","protected":false},"excerpt":{"rendered":"<p>L\u00edder do PSD expressa apoio a Neves e destaca confian\u00e7a em Montenegro.<\/p>","protected":false},"author":9,"featured_media":43754,"comment_status":"open","ping_status":"open","sticky":false,"template":"","format":"standard","meta":{"footnotes":""},"categories":[560],"tags":[1867,2205,1865,1040,1917],"class_list":["post-43753","post","type-post","status-publish","format-standard","has-post-thumbnail","hentry","category-news","tag-chega","tag-hugo-soares","tag-luis-neves","tag-politica","tag-psd"],"yoast_head":"<!-- This site is optimized with the Yoast SEO Premium plugin v27.9 (Yoast SEO v27.9) - https:\/\/yoast.com\/product\/yoast-seo-premium-wordpress\/ -->\n<title>hugo soares classifica mocao do chega como ridicula<\/title>\n<meta name=\"description\" content=\"Hugo Soares critica mo\u00e7\u00e3o do Chega e defende Lu\u00eds Neves em discurso durante sess\u00e3o parlamentar.\" \/>\n<meta name=\"robots\" content=\"index, follow, max-snippet:-1, max-image-preview:large, max-video-preview:-1\" \/>\n<link rel=\"canonical\" href=\"https:\/\/fyno.pt\/pt\/news\/hugo-soares-critica-mocao-chega\/\" \/>\n<meta property=\"og:locale\" content=\"pt_PT\" \/>\n<meta property=\"og:type\" content=\"article\" \/>\n<meta property=\"og:title\" content=\"Hugo Soares critica mo\u00e7\u00e3o do Chega e defende Lu\u00eds Neves\" \/>\n<meta property=\"og:description\" content=\"Hugo Soares critica mo\u00e7\u00e3o do Chega e defende Lu\u00eds Neves em discurso durante sess\u00e3o parlamentar.\" \/>\n<meta property=\"og:url\" content=\"https:\/\/fyno.pt\/pt\/news\/hugo-soares-critica-mocao-chega\/\" \/>\n<meta property=\"og:site_name\" content=\"Fyno\" \/>\n<meta property=\"article:published_time\" content=\"2026-09-02T23:29:17+00:00\" \/>\n<meta property=\"og:image\" content=\"https:\/\/fyno.pt\/wp-content\/uploads\/2026\/09\/46600704.jpg\" \/>\n\t<meta property=\"og:image:width\" content=\"1200\" \/>\n\t<meta property=\"og:image:height\" content=\"800\" \/>\n\t<meta property=\"og:image:type\" content=\"image\/jpeg\" \/>\n<meta name=\"author\" content=\"Fyno\" \/>\n<meta name=\"twitter:card\" content=\"summary_large_image\" \/>\n<meta name=\"twitter:label1\" content=\"Escrito por\" \/>\n\t<meta name=\"twitter:data1\" content=\"Fyno\" \/>\n\t<meta name=\"twitter:label2\" content=\"Tempo estimado de leitura\" \/>\n\t<meta name=\"twitter:data2\" content=\"1 minuto\" \/>\n<script type=\"application\/ld+json\" class=\"yoast-schema-graph\">{\"@context\":\"https:\\\/\\\/schema.org\",\"@graph\":[{\"@type\":\"Article\",\"@id\":\"https:\\\/\\\/fyno.pt\\\/news\\\/hugo-soares-critica-mocao-chega\\\/#article\",\"isPartOf\":{\"@id\":\"https:\\\/\\\/fyno.pt\\\/news\\\/hugo-soares-critica-mocao-chega\\\/\"},\"author\":{\"name\":\"Fyno\",\"@id\":\"https:\\\/\\\/fyno.pt\\\/#\\\/schema\\\/person\\\/ab5b330ed5ed05f1b4a7b8e438f68187\"},\"headline\":\"Hugo Soares critica mo\u00e7\u00e3o do Chega e defende Lu\u00eds Neves\",\"datePublished\":\"2026-09-02T23:29:17+00:00\",\"mainEntityOfPage\":{\"@id\":\"https:\\\/\\\/fyno.pt\\\/news\\\/hugo-soares-critica-mocao-chega\\\/\"},\"wordCount\":209,\"commentCount\":0,\"image\":{\"@id\":\"https:\\\/\\\/fyno.pt\\\/news\\\/hugo-soares-critica-mocao-chega\\\/#primaryimage\"},\"thumbnailUrl\":\"https:\\\/\\\/fyno.pt\\\/wp-content\\\/uploads\\\/2026\\\/09\\\/46600704.jpg\",\"keywords\":[\"Chega\",\"Hugo Soares\",\"Lu\u00eds Neves\",\"pol\u00edtica\",\"PSD\"],\"articleSection\":[\"News\"],\"inLanguage\":\"pt-PT\",\"potentialAction\":[{\"@type\":\"CommentAction\",\"name\":\"Comment\",\"target\":[\"https:\\\/\\\/fyno.pt\\\/news\\\/hugo-soares-critica-mocao-chega\\\/#respond\"]}]},{\"@type\":\"WebPage\",\"@id\":\"https:\\\/\\\/fyno.pt\\\/news\\\/hugo-soares-critica-mocao-chega\\\/\",\"url\":\"https:\\\/\\\/fyno.pt\\\/news\\\/hugo-soares-critica-mocao-chega\\\/\",\"name\":\"hugo soares classifica mocao do chega como ridicula\",\"isPartOf\":{\"@id\":\"https:\\\/\\\/fyno.pt\\\/#website\"},\"primaryImageOfPage\":{\"@id\":\"https:\\\/\\\/fyno.pt\\\/news\\\/hugo-soares-critica-mocao-chega\\\/#primaryimage\"},\"image\":{\"@id\":\"https:\\\/\\\/fyno.pt\\\/news\\\/hugo-soares-critica-mocao-chega\\\/#primaryimage\"},\"thumbnailUrl\":\"https:\\\/\\\/fyno.pt\\\/wp-content\\\/uploads\\\/2026\\\/09\\\/46600704.jpg\",\"datePublished\":\"2026-09-02T23:29:17+00:00\",\"author\":{\"@id\":\"https:\\\/\\\/fyno.pt\\\/#\\\/schema\\\/person\\\/ab5b330ed5ed05f1b4a7b8e438f68187\"},\"description\":\"Hugo Soares critica mo\u00e7\u00e3o do Chega e defende Lu\u00eds Neves em discurso durante sess\u00e3o parlamentar.\",\"breadcrumb\":{\"@id\":\"https:\\\/\\\/fyno.pt\\\/news\\\/hugo-soares-critica-mocao-chega\\\/#breadcrumb\"},\"inLanguage\":\"pt-PT\",\"potentialAction\":[{\"@type\":\"ReadAction\",\"target\":[\"https:\\\/\\\/fyno.pt\\\/news\\\/hugo-soares-critica-mocao-chega\\\/\"]}]},{\"@type\":\"ImageObject\",\"inLanguage\":\"pt-PT\",\"@id\":\"https:\\\/\\\/fyno.pt\\\/news\\\/hugo-soares-critica-mocao-chega\\\/#primaryimage\",\"url\":\"https:\\\/\\\/fyno.pt\\\/wp-content\\\/uploads\\\/2026\\\/09\\\/46600704.jpg\",\"contentUrl\":\"https:\\\/\\\/fyno.pt\\\/wp-content\\\/uploads\\\/2026\\\/09\\\/46600704.jpg\",\"width\":1200,\"height\":800,\"caption\":\"COTRIM\\\/LUSA\"},{\"@type\":\"BreadcrumbList\",\"@id\":\"https:\\\/\\\/fyno.pt\\\/news\\\/hugo-soares-critica-mocao-chega\\\/#breadcrumb\",\"itemListElement\":[{\"@type\":\"ListItem\",\"position\":1,\"name\":\"In\u00edcio\",\"item\":\"https:\\\/\\\/fyno.pt\\\/\"},{\"@type\":\"ListItem\",\"position\":2,\"name\":\"Hugo Soares critica mo\u00e7\u00e3o do Chega e defende Lu\u00eds Neves\"}]},{\"@type\":\"WebSite\",\"@id\":\"https:\\\/\\\/fyno.pt\\\/#website\",\"url\":\"https:\\\/\\\/fyno.pt\\\/\",\"name\":\"Fyno\",\"description\":\"Not\u00edcia e informa\u00e7\u00e3o\",\"potentialAction\":[{\"@type\":\"SearchAction\",\"target\":{\"@type\":\"EntryPoint\",\"urlTemplate\":\"https:\\\/\\\/fyno.pt\\\/?s={search_term_string}\"},\"query-input\":{\"@type\":\"PropertyValueSpecification\",\"valueRequired\":true,\"valueName\":\"search_term_string\"}}],\"inLanguage\":\"pt-PT\"},{\"@type\":\"Person\",\"@id\":\"https:\\\/\\\/fyno.pt\\\/#\\\/schema\\\/person\\\/ab5b330ed5ed05f1b4a7b8e438f68187\",\"name\":\"Fyno\",\"image\":{\"@type\":\"ImageObject\",\"inLanguage\":\"pt-PT\",\"@id\":\"https:\\\/\\\/fyno.pt\\\/wp-content\\\/litespeed\\\/avatar\\\/8f51870e8d94c234e288da840d914372.jpg?ver=1788205134\",\"url\":\"https:\\\/\\\/fyno.pt\\\/wp-content\\\/litespeed\\\/avatar\\\/8f51870e8d94c234e288da840d914372.jpg?ver=1788205134\",\"contentUrl\":\"https:\\\/\\\/fyno.pt\\\/wp-content\\\/litespeed\\\/avatar\\\/8f51870e8d94c234e288da840d914372.jpg?ver=1788205134\",\"caption\":\"Fyno\"},\"description\":\"A sua fonte de informa\u00e7\u00e3o.\",\"url\":\"https:\\\/\\\/fyno.pt\\\/pt\\\/author\\\/fynopt\\\/\"}]}<\/script>\n<!-- \/ Yoast SEO Premium plugin. -->","yoast_head_json":{"title":"hugo soares classifica mocao do chega como ridicula","description":"Hugo Soares critica mo\u00e7\u00e3o do Chega e defende Lu\u00eds Neves em discurso durante sess\u00e3o parlamentar.","robots":{"index":"index","follow":"follow","max-snippet":"max-snippet:-1","max-image-preview":"max-image-preview:large","max-video-preview":"max-video-preview:-1"},"canonical":"https:\/\/fyno.pt\/pt\/news\/hugo-soares-critica-mocao-chega\/","og_locale":"pt_PT","og_type":"article","og_title":"Hugo Soares critica mo\u00e7\u00e3o do Chega e defende Lu\u00eds Neves","og_description":"Hugo Soares critica mo\u00e7\u00e3o do Chega e defende Lu\u00eds Neves em discurso durante sess\u00e3o parlamentar.","og_url":"https:\/\/fyno.pt\/pt\/news\/hugo-soares-critica-mocao-chega\/","og_site_name":"Fyno","article_published_time":"2026-09-02T23:29:17+00:00","og_image":[{"width":1200,"height":800,"url":"https:\/\/fyno.pt\/wp-content\/uploads\/2026\/09\/46600704.jpg","type":"image\/jpeg"}],"author":"Fyno","twitter_card":"summary_large_image","twitter_misc":{"Escrito por":"Fyno","Tempo estimado de leitura":"1 minuto"},"schema":{"@context":"https:\/\/schema.org","@graph":[{"@type":"Article","@id":"https:\/\/fyno.pt\/news\/hugo-soares-critica-mocao-chega\/#article","isPartOf":{"@id":"https:\/\/fyno.pt\/news\/hugo-soares-critica-mocao-chega\/"},"author":{"name":"Fyno","@id":"https:\/\/fyno.pt\/#\/schema\/person\/ab5b330ed5ed05f1b4a7b8e438f68187"},"headline":"Hugo Soares critica mo\u00e7\u00e3o do Chega e defende Lu\u00eds Neves","datePublished":"2026-09-02T23:29:17+00:00","mainEntityOfPage":{"@id":"https:\/\/fyno.pt\/news\/hugo-soares-critica-mocao-chega\/"},"wordCount":209,"commentCount":0,"image":{"@id":"https:\/\/fyno.pt\/news\/hugo-soares-critica-mocao-chega\/#primaryimage"},"thumbnailUrl":"https:\/\/fyno.pt\/wp-content\/uploads\/2026\/09\/46600704.jpg","keywords":["Chega","Hugo Soares","Lu\u00eds Neves","pol\u00edtica","PSD"],"articleSection":["News"],"inLanguage":"pt-PT","potentialAction":[{"@type":"CommentAction","name":"Comment","target":["https:\/\/fyno.pt\/news\/hugo-soares-critica-mocao-chega\/#respond"]}]},{"@type":"WebPage","@id":"https:\/\/fyno.pt\/news\/hugo-soares-critica-mocao-chega\/","url":"https:\/\/fyno.pt\/news\/hugo-soares-critica-mocao-chega\/","name":"hugo soares classifica mocao do chega como ridicula","isPartOf":{"@id":"https:\/\/fyno.pt\/#website"},"primaryImageOfPage":{"@id":"https:\/\/fyno.pt\/news\/hugo-soares-critica-mocao-chega\/#primaryimage"},"image":{"@id":"https:\/\/fyno.pt\/news\/hugo-soares-critica-mocao-chega\/#primaryimage"},"thumbnailUrl":"https:\/\/fyno.pt\/wp-content\/uploads\/2026\/09\/46600704.jpg","datePublished":"2026-09-02T23:29:17+00:00","author":{"@id":"https:\/\/fyno.pt\/#\/schema\/person\/ab5b330ed5ed05f1b4a7b8e438f68187"},"description":"Hugo Soares critica mo\u00e7\u00e3o do Chega e defende Lu\u00eds Neves em discurso durante sess\u00e3o parlamentar.","breadcrumb":{"@id":"https:\/\/fyno.pt\/news\/hugo-soares-critica-mocao-chega\/#breadcrumb"},"inLanguage":"pt-PT","potentialAction":[{"@type":"ReadAction","target":["https:\/\/fyno.pt\/news\/hugo-soares-critica-mocao-chega\/"]}]},{"@type":"ImageObject","inLanguage":"pt-PT","@id":"https:\/\/fyno.pt\/news\/hugo-soares-critica-mocao-chega\/#primaryimage","url":"https:\/\/fyno.pt\/wp-content\/uploads\/2026\/09\/46600704.jpg","contentUrl":"https:\/\/fyno.pt\/wp-content\/uploads\/2026\/09\/46600704.jpg","width":1200,"height":800,"caption":"COTRIM\/LUSA"},{"@type":"BreadcrumbList","@id":"https:\/\/fyno.pt\/news\/hugo-soares-critica-mocao-chega\/#breadcrumb","itemListElement":[{"@type":"ListItem","position":1,"name":"In\u00edcio","item":"https:\/\/fyno.pt\/"},{"@type":"ListItem","position":2,"name":"Hugo Soares critica mo\u00e7\u00e3o do Chega e defende Lu\u00eds Neves"}]},{"@type":"WebSite","@id":"https:\/\/fyno.pt\/#website","url":"https:\/\/fyno.pt\/","name":"Fyno","description":"Not\u00edcia e informa\u00e7\u00e3o","potentialAction":[{"@type":"SearchAction","target":{"@type":"EntryPoint","urlTemplate":"https:\/\/fyno.pt\/?s={search_term_string}"},"query-input":{"@type":"PropertyValueSpecification","valueRequired":true,"valueName":"search_term_string"}}],"inLanguage":"pt-PT"},{"@type":"Person","@id":"https:\/\/fyno.pt\/#\/schema\/person\/ab5b330ed5ed05f1b4a7b8e438f68187","name":"Fyno","image":{"@type":"ImageObject","inLanguage":"pt-PT","@id":"https:\/\/fyno.pt\/wp-content\/litespeed\/avatar\/8f51870e8d94c234e288da840d914372.jpg?ver=1788205134","url":"https:\/\/fyno.pt\/wp-content\/litespeed\/avatar\/8f51870e8d94c234e288da840d914372.jpg?ver=1788205134","contentUrl":"https:\/\/fyno.pt\/wp-content\/litespeed\/avatar\/8f51870e8d94c234e288da840d914372.jpg?ver=1788205134","caption":"Fyno"},"description":"A sua fonte de informa\u00e7\u00e3o.","url":"https:\/\/fyno.pt\/pt\/author\/fynopt\/"}]}},"_links":{"self":[{"href":"https:\/\/fyno.pt\/pt\/wp-json\/wp\/v2\/posts\/43753","targetHints":{"allow":["GET"]}}],"collection":[{"href":"https:\/\/fyno.pt\/pt\/wp-json\/wp\/v2\/posts"}],"about":[{"href":"https:\/\/fyno.pt\/pt\/wp-json\/wp\/v2\/types\/post"}],"author":[{"embeddable":true,"href":"https:\/\/fyno.pt\/pt\/wp-json\/wp\/v2\/users\/9"}],"replies":[{"embeddable":true,"href":"https:\/\/fyno.pt\/pt\/wp-json\/wp\/v2\/comments?post=43753"}],"version-history":[{"count":1,"href":"https:\/\/fyno.pt\/pt\/wp-json\/wp\/v2\/posts\/43753\/revisions"}],"predecessor-version":[{"id":43755,"href":"https:\/\/fyno.pt\/pt\/wp-json\/wp\/v2\/posts\/43753\/revisions\/43755"}],"wp:featuredmedia":[{"embeddable":true,"href":"https:\/\/fyno.pt\/pt\/wp-json\/wp\/v2\/media\/43754"}],"wp:attachment":[{"href":"https:\/\/fyno.pt\/pt\/wp-json\/wp\/v2\/media?parent=43753"}],"wp:term":[{"taxonomy":"category","embeddable":true,"href":"https:\/\/fyno.pt\/pt\/wp-json\/wp\/v2\/categories?post=43753"},{"taxonomy":"post_tag","embeddable":true,"href":"https:\/\/fyno.pt\/pt\/wp-json\/wp\/v2\/tags?post=43753"}],"curies":[{"name":"wp","href":"https:\/\/api.w.org\/{rel}","templated":true}]}}