{"id":43750,"date":"2026-09-02T20:29:05","date_gmt":"2026-09-02T23:29:05","guid":{"rendered":"https:\/\/fyno.pt\/?p=43750"},"modified":"2026-09-02T20:29:05","modified_gmt":"2026-09-02T23:29:05","slug":"coronel-carlos-nuno-morgado-deixa-comando-gnr-braga","status":"publish","type":"post","link":"https:\/\/fyno.pt\/pt\/mundo\/coronel-carlos-nuno-morgado-deixa-comando-gnr-braga\/","title":{"rendered":"Coronel Carlos Nuno Morgado deixa comando da GNR em Braga"},"content":{"rendered":"<p>O coronel Carlos Nuno Morgado, que comanda a GNR no distrito de Braga, deixar\u00e1 seu posto nos pr\u00f3ximos dias para iniciar o curso de ascens\u00e3o a Oficial General. Natural da freguesia de S\u00e3o Bernardo, em Aveiro, Morgado lidera a GNR em Braga h\u00e1 quatro anos, per\u00edodo marcado por diversas melhorias nas instala\u00e7\u00f5es da corpora\u00e7\u00e3o.<\/p>\n\n\n\n<h2 class=\"wp-block-heading\">Contribui\u00e7\u00f5es durante o comando<\/h2>\n\n\n\n<p>Durante sua gest\u00e3o, o coronel Morgado focou na recupera\u00e7\u00e3o e moderniza\u00e7\u00e3o de v\u00e1rios quart\u00e9is da GNR no distrito, muitos dos quais j\u00e1 foram conclu\u00eddos, enquanto outros ainda est\u00e3o em andamento. Ele promoveu um di\u00e1logo constante com o Comando-Geral da GNR e com as autarquias locais para garantir a execu\u00e7\u00e3o dessas obras. Al\u00e9m disso, incentivou a realiza\u00e7\u00e3o de iniciativas esportivas e sociais, buscando aproximar a Guarda Nacional Republicana da comunidade.<\/p>\n\n\n\n<h2 class=\"wp-block-heading\">Carreira e forma\u00e7\u00e3o<\/h2>\n\n\n\n<p>Ingressando na GNR em 1996, Carlos Nuno Morgado acumulou uma vasta experi\u00eancia em diversas fun\u00e7\u00f5es ao longo de sua carreira. Entre elas, destaca-se a atua\u00e7\u00e3o como Chefe de Sec\u00e7\u00e3o no Estado Maior do Comando Territorial de Aveiro. Ele \u00e9 Mestre em Direito e Seguran\u00e7a pela Universidade Nova de Lisboa e em Ci\u00eancias Militares pela Academia Militar, al\u00e9m de ter uma p\u00f3s-gradua\u00e7\u00e3o em ci\u00eancias militares e policiais.<\/p>\n\n\n\n<p>Sua trajet\u00f3ria inclui cargos como subdiretor do Departamento de Opera\u00e7\u00f5es do Comando Operacional e diretor do Servi\u00e7o Municipal de Prote\u00e7\u00e3o Civil de Lisboa. Morgado tamb\u00e9m atuou em miss\u00f5es internacionais, como comandante de Pelot\u00e3o da For\u00e7a Multinacional de Estabiliza\u00e7\u00e3o do Iraque.<\/p>\n\n\n\n<h2 class=\"wp-block-heading\">Reconhecimento e futuro<\/h2>\n\n\n\n<p>O coronel tem em sua folha de servi\u00e7o diversos louvores e condecora\u00e7\u00f5es, refletindo sua dedica\u00e7\u00e3o ao longo de 30 anos na corpora\u00e7\u00e3o. Sua designa\u00e7\u00e3o para o curso de Promo\u00e7\u00e3o a Oficial General no Comando-Geral da GNR em Lisboa \u00e9 um reconhecimento de seu trabalho e compet\u00eancia. A expectativa agora \u00e9 que ele leve sua experi\u00eancia e lideran\u00e7a para os novos desafios que encontrar\u00e1 na pr\u00f3xima etapa de sua carreira.<\/p>","protected":false},"excerpt":{"rendered":"<p>O oficial vai se dedicar a curso de ascens\u00e3o para Oficial General ap\u00f3s quatro anos de lideran\u00e7a.<\/p>","protected":false},"author":9,"featured_media":43751,"comment_status":"open","ping_status":"open","sticky":false,"template":"","format":"standard","meta":{"footnotes":""},"categories":[51],"tags":[1841,2203,2139,2204,1823],"class_list":["post-43750","post","type-post","status-publish","format-standard","has-post-thumbnail","hentry","category-mundo","tag-braga","tag-carlos-morgado","tag-gnr","tag-policia","tag-seguranca"],"yoast_head":"<!-- This site is optimized with the Yoast SEO Premium plugin v27.9 (Yoast SEO v27.9) - https:\/\/yoast.com\/product\/yoast-seo-premium-wordpress\/ -->\n<title>Coronel Carlos Nuno Morgado deixa GNR ap\u00f3s quatro anos de comando<\/title>\n<meta name=\"description\" content=\"Coronel Carlos Nuno Morgado deixa comando da GNR em Braga para iniciar curso de ascens\u00e3o a Oficial General.\" \/>\n<meta name=\"robots\" content=\"index, follow, max-snippet:-1, max-image-preview:large, max-video-preview:-1\" \/>\n<link rel=\"canonical\" href=\"https:\/\/fyno.pt\/pt\/mundo\/coronel-carlos-nuno-morgado-deixa-comando-gnr-braga\/\" \/>\n<meta property=\"og:locale\" content=\"pt_PT\" \/>\n<meta property=\"og:type\" content=\"article\" \/>\n<meta property=\"og:title\" content=\"Coronel Carlos Nuno Morgado deixa comando da GNR em Braga\" \/>\n<meta property=\"og:description\" content=\"Coronel Carlos Nuno Morgado deixa comando da GNR em Braga para iniciar curso de ascens\u00e3o a Oficial General.\" \/>\n<meta property=\"og:url\" content=\"https:\/\/fyno.pt\/pt\/mundo\/coronel-carlos-nuno-morgado-deixa-comando-gnr-braga\/\" \/>\n<meta property=\"og:site_name\" content=\"Fyno\" \/>\n<meta property=\"article:published_time\" content=\"2026-09-02T23:29:05+00:00\" \/>\n<meta property=\"og:image\" content=\"https:\/\/fyno.pt\/wp-content\/uploads\/2026\/09\/coronel-morgado-1160x630-1.jpg\" \/>\n\t<meta property=\"og:image:width\" content=\"1160\" \/>\n\t<meta property=\"og:image:height\" content=\"630\" \/>\n\t<meta property=\"og:image:type\" content=\"image\/jpeg\" \/>\n<meta name=\"author\" content=\"Fyno\" \/>\n<meta name=\"twitter:card\" content=\"summary_large_image\" \/>\n<meta name=\"twitter:label1\" content=\"Escrito por\" \/>\n\t<meta name=\"twitter:data1\" content=\"Fyno\" \/>\n\t<meta name=\"twitter:label2\" content=\"Tempo estimado de leitura\" \/>\n\t<meta name=\"twitter:data2\" content=\"2 minutos\" \/>\n<script type=\"application\/ld+json\" class=\"yoast-schema-graph\">{\"@context\":\"https:\\\/\\\/schema.org\",\"@graph\":[{\"@type\":\"Article\",\"@id\":\"https:\\\/\\\/fyno.pt\\\/mundo\\\/coronel-carlos-nuno-morgado-deixa-comando-gnr-braga\\\/#article\",\"isPartOf\":{\"@id\":\"https:\\\/\\\/fyno.pt\\\/mundo\\\/coronel-carlos-nuno-morgado-deixa-comando-gnr-braga\\\/\"},\"author\":{\"name\":\"Fyno\",\"@id\":\"https:\\\/\\\/fyno.pt\\\/#\\\/schema\\\/person\\\/ab5b330ed5ed05f1b4a7b8e438f68187\"},\"headline\":\"Coronel Carlos Nuno Morgado deixa comando da GNR em Braga\",\"datePublished\":\"2026-09-02T23:29:05+00:00\",\"mainEntityOfPage\":{\"@id\":\"https:\\\/\\\/fyno.pt\\\/mundo\\\/coronel-carlos-nuno-morgado-deixa-comando-gnr-braga\\\/\"},\"wordCount\":361,\"commentCount\":0,\"image\":{\"@id\":\"https:\\\/\\\/fyno.pt\\\/mundo\\\/coronel-carlos-nuno-morgado-deixa-comando-gnr-braga\\\/#primaryimage\"},\"thumbnailUrl\":\"https:\\\/\\\/fyno.pt\\\/wp-content\\\/uploads\\\/2026\\\/09\\\/coronel-morgado-1160x630-1.jpg\",\"keywords\":[\"Braga\",\"Carlos Morgado\",\"GNR\",\"pol\u00edcia\",\"seguran\u00e7a\"],\"articleSection\":[\"Mundo\"],\"inLanguage\":\"pt-PT\",\"potentialAction\":[{\"@type\":\"CommentAction\",\"name\":\"Comment\",\"target\":[\"https:\\\/\\\/fyno.pt\\\/mundo\\\/coronel-carlos-nuno-morgado-deixa-comando-gnr-braga\\\/#respond\"]}]},{\"@type\":\"WebPage\",\"@id\":\"https:\\\/\\\/fyno.pt\\\/mundo\\\/coronel-carlos-nuno-morgado-deixa-comando-gnr-braga\\\/\",\"url\":\"https:\\\/\\\/fyno.pt\\\/mundo\\\/coronel-carlos-nuno-morgado-deixa-comando-gnr-braga\\\/\",\"name\":\"Coronel Carlos Nuno Morgado deixa GNR ap\u00f3s quatro anos de comando\",\"isPartOf\":{\"@id\":\"https:\\\/\\\/fyno.pt\\\/#website\"},\"primaryImageOfPage\":{\"@id\":\"https:\\\/\\\/fyno.pt\\\/mundo\\\/coronel-carlos-nuno-morgado-deixa-comando-gnr-braga\\\/#primaryimage\"},\"image\":{\"@id\":\"https:\\\/\\\/fyno.pt\\\/mundo\\\/coronel-carlos-nuno-morgado-deixa-comando-gnr-braga\\\/#primaryimage\"},\"thumbnailUrl\":\"https:\\\/\\\/fyno.pt\\\/wp-content\\\/uploads\\\/2026\\\/09\\\/coronel-morgado-1160x630-1.jpg\",\"datePublished\":\"2026-09-02T23:29:05+00:00\",\"author\":{\"@id\":\"https:\\\/\\\/fyno.pt\\\/#\\\/schema\\\/person\\\/ab5b330ed5ed05f1b4a7b8e438f68187\"},\"description\":\"Coronel Carlos Nuno Morgado deixa comando da GNR em Braga para iniciar curso de ascens\u00e3o a Oficial General.\",\"breadcrumb\":{\"@id\":\"https:\\\/\\\/fyno.pt\\\/mundo\\\/coronel-carlos-nuno-morgado-deixa-comando-gnr-braga\\\/#breadcrumb\"},\"inLanguage\":\"pt-PT\",\"potentialAction\":[{\"@type\":\"ReadAction\",\"target\":[\"https:\\\/\\\/fyno.pt\\\/mundo\\\/coronel-carlos-nuno-morgado-deixa-comando-gnr-braga\\\/\"]}]},{\"@type\":\"ImageObject\",\"inLanguage\":\"pt-PT\",\"@id\":\"https:\\\/\\\/fyno.pt\\\/mundo\\\/coronel-carlos-nuno-morgado-deixa-comando-gnr-braga\\\/#primaryimage\",\"url\":\"https:\\\/\\\/fyno.pt\\\/wp-content\\\/uploads\\\/2026\\\/09\\\/coronel-morgado-1160x630-1.jpg\",\"contentUrl\":\"https:\\\/\\\/fyno.pt\\\/wp-content\\\/uploads\\\/2026\\\/09\\\/coronel-morgado-1160x630-1.jpg\",\"width\":1160,\"height\":630,\"caption\":\"Foto: Joaquim Gomes \\\/ O MINHO\"},{\"@type\":\"BreadcrumbList\",\"@id\":\"https:\\\/\\\/fyno.pt\\\/mundo\\\/coronel-carlos-nuno-morgado-deixa-comando-gnr-braga\\\/#breadcrumb\",\"itemListElement\":[{\"@type\":\"ListItem\",\"position\":1,\"name\":\"In\u00edcio\",\"item\":\"https:\\\/\\\/fyno.pt\\\/\"},{\"@type\":\"ListItem\",\"position\":2,\"name\":\"Coronel Carlos Nuno Morgado deixa comando da GNR em Braga\"}]},{\"@type\":\"WebSite\",\"@id\":\"https:\\\/\\\/fyno.pt\\\/#website\",\"url\":\"https:\\\/\\\/fyno.pt\\\/\",\"name\":\"Fyno\",\"description\":\"Not\u00edcia e informa\u00e7\u00e3o\",\"potentialAction\":[{\"@type\":\"SearchAction\",\"target\":{\"@type\":\"EntryPoint\",\"urlTemplate\":\"https:\\\/\\\/fyno.pt\\\/?s={search_term_string}\"},\"query-input\":{\"@type\":\"PropertyValueSpecification\",\"valueRequired\":true,\"valueName\":\"search_term_string\"}}],\"inLanguage\":\"pt-PT\"},{\"@type\":\"Person\",\"@id\":\"https:\\\/\\\/fyno.pt\\\/#\\\/schema\\\/person\\\/ab5b330ed5ed05f1b4a7b8e438f68187\",\"name\":\"Fyno\",\"image\":{\"@type\":\"ImageObject\",\"inLanguage\":\"pt-PT\",\"@id\":\"https:\\\/\\\/fyno.pt\\\/wp-content\\\/litespeed\\\/avatar\\\/8f51870e8d94c234e288da840d914372.jpg?ver=1788205134\",\"url\":\"https:\\\/\\\/fyno.pt\\\/wp-content\\\/litespeed\\\/avatar\\\/8f51870e8d94c234e288da840d914372.jpg?ver=1788205134\",\"contentUrl\":\"https:\\\/\\\/fyno.pt\\\/wp-content\\\/litespeed\\\/avatar\\\/8f51870e8d94c234e288da840d914372.jpg?ver=1788205134\",\"caption\":\"Fyno\"},\"description\":\"A sua fonte de informa\u00e7\u00e3o.\",\"url\":\"https:\\\/\\\/fyno.pt\\\/pt\\\/author\\\/fynopt\\\/\"}]}<\/script>\n<!-- \/ Yoast SEO Premium plugin. -->","yoast_head_json":{"title":"Coronel Carlos Nuno Morgado deixa GNR ap\u00f3s quatro anos de comando","description":"Coronel Carlos Nuno Morgado deixa comando da GNR em Braga para iniciar curso de ascens\u00e3o a Oficial General.","robots":{"index":"index","follow":"follow","max-snippet":"max-snippet:-1","max-image-preview":"max-image-preview:large","max-video-preview":"max-video-preview:-1"},"canonical":"https:\/\/fyno.pt\/pt\/mundo\/coronel-carlos-nuno-morgado-deixa-comando-gnr-braga\/","og_locale":"pt_PT","og_type":"article","og_title":"Coronel Carlos Nuno Morgado deixa comando da GNR em Braga","og_description":"Coronel Carlos Nuno Morgado deixa comando da GNR em Braga para iniciar curso de ascens\u00e3o a Oficial General.","og_url":"https:\/\/fyno.pt\/pt\/mundo\/coronel-carlos-nuno-morgado-deixa-comando-gnr-braga\/","og_site_name":"Fyno","article_published_time":"2026-09-02T23:29:05+00:00","og_image":[{"width":1160,"height":630,"url":"https:\/\/fyno.pt\/wp-content\/uploads\/2026\/09\/coronel-morgado-1160x630-1.jpg","type":"image\/jpeg"}],"author":"Fyno","twitter_card":"summary_large_image","twitter_misc":{"Escrito por":"Fyno","Tempo estimado de leitura":"2 minutos"},"schema":{"@context":"https:\/\/schema.org","@graph":[{"@type":"Article","@id":"https:\/\/fyno.pt\/mundo\/coronel-carlos-nuno-morgado-deixa-comando-gnr-braga\/#article","isPartOf":{"@id":"https:\/\/fyno.pt\/mundo\/coronel-carlos-nuno-morgado-deixa-comando-gnr-braga\/"},"author":{"name":"Fyno","@id":"https:\/\/fyno.pt\/#\/schema\/person\/ab5b330ed5ed05f1b4a7b8e438f68187"},"headline":"Coronel Carlos Nuno Morgado deixa comando da GNR em Braga","datePublished":"2026-09-02T23:29:05+00:00","mainEntityOfPage":{"@id":"https:\/\/fyno.pt\/mundo\/coronel-carlos-nuno-morgado-deixa-comando-gnr-braga\/"},"wordCount":361,"commentCount":0,"image":{"@id":"https:\/\/fyno.pt\/mundo\/coronel-carlos-nuno-morgado-deixa-comando-gnr-braga\/#primaryimage"},"thumbnailUrl":"https:\/\/fyno.pt\/wp-content\/uploads\/2026\/09\/coronel-morgado-1160x630-1.jpg","keywords":["Braga","Carlos Morgado","GNR","pol\u00edcia","seguran\u00e7a"],"articleSection":["Mundo"],"inLanguage":"pt-PT","potentialAction":[{"@type":"CommentAction","name":"Comment","target":["https:\/\/fyno.pt\/mundo\/coronel-carlos-nuno-morgado-deixa-comando-gnr-braga\/#respond"]}]},{"@type":"WebPage","@id":"https:\/\/fyno.pt\/mundo\/coronel-carlos-nuno-morgado-deixa-comando-gnr-braga\/","url":"https:\/\/fyno.pt\/mundo\/coronel-carlos-nuno-morgado-deixa-comando-gnr-braga\/","name":"Coronel Carlos Nuno Morgado deixa GNR ap\u00f3s quatro anos de comando","isPartOf":{"@id":"https:\/\/fyno.pt\/#website"},"primaryImageOfPage":{"@id":"https:\/\/fyno.pt\/mundo\/coronel-carlos-nuno-morgado-deixa-comando-gnr-braga\/#primaryimage"},"image":{"@id":"https:\/\/fyno.pt\/mundo\/coronel-carlos-nuno-morgado-deixa-comando-gnr-braga\/#primaryimage"},"thumbnailUrl":"https:\/\/fyno.pt\/wp-content\/uploads\/2026\/09\/coronel-morgado-1160x630-1.jpg","datePublished":"2026-09-02T23:29:05+00:00","author":{"@id":"https:\/\/fyno.pt\/#\/schema\/person\/ab5b330ed5ed05f1b4a7b8e438f68187"},"description":"Coronel Carlos Nuno Morgado deixa comando da GNR em Braga para iniciar curso de ascens\u00e3o a Oficial General.","breadcrumb":{"@id":"https:\/\/fyno.pt\/mundo\/coronel-carlos-nuno-morgado-deixa-comando-gnr-braga\/#breadcrumb"},"inLanguage":"pt-PT","potentialAction":[{"@type":"ReadAction","target":["https:\/\/fyno.pt\/mundo\/coronel-carlos-nuno-morgado-deixa-comando-gnr-braga\/"]}]},{"@type":"ImageObject","inLanguage":"pt-PT","@id":"https:\/\/fyno.pt\/mundo\/coronel-carlos-nuno-morgado-deixa-comando-gnr-braga\/#primaryimage","url":"https:\/\/fyno.pt\/wp-content\/uploads\/2026\/09\/coronel-morgado-1160x630-1.jpg","contentUrl":"https:\/\/fyno.pt\/wp-content\/uploads\/2026\/09\/coronel-morgado-1160x630-1.jpg","width":1160,"height":630,"caption":"Foto: Joaquim Gomes \/ O MINHO"},{"@type":"BreadcrumbList","@id":"https:\/\/fyno.pt\/mundo\/coronel-carlos-nuno-morgado-deixa-comando-gnr-braga\/#breadcrumb","itemListElement":[{"@type":"ListItem","position":1,"name":"In\u00edcio","item":"https:\/\/fyno.pt\/"},{"@type":"ListItem","position":2,"name":"Coronel Carlos Nuno Morgado deixa comando da GNR em Braga"}]},{"@type":"WebSite","@id":"https:\/\/fyno.pt\/#website","url":"https:\/\/fyno.pt\/","name":"Fyno","description":"Not\u00edcia e informa\u00e7\u00e3o","potentialAction":[{"@type":"SearchAction","target":{"@type":"EntryPoint","urlTemplate":"https:\/\/fyno.pt\/?s={search_term_string}"},"query-input":{"@type":"PropertyValueSpecification","valueRequired":true,"valueName":"search_term_string"}}],"inLanguage":"pt-PT"},{"@type":"Person","@id":"https:\/\/fyno.pt\/#\/schema\/person\/ab5b330ed5ed05f1b4a7b8e438f68187","name":"Fyno","image":{"@type":"ImageObject","inLanguage":"pt-PT","@id":"https:\/\/fyno.pt\/wp-content\/litespeed\/avatar\/8f51870e8d94c234e288da840d914372.jpg?ver=1788205134","url":"https:\/\/fyno.pt\/wp-content\/litespeed\/avatar\/8f51870e8d94c234e288da840d914372.jpg?ver=1788205134","contentUrl":"https:\/\/fyno.pt\/wp-content\/litespeed\/avatar\/8f51870e8d94c234e288da840d914372.jpg?ver=1788205134","caption":"Fyno"},"description":"A sua fonte de informa\u00e7\u00e3o.","url":"https:\/\/fyno.pt\/pt\/author\/fynopt\/"}]}},"_links":{"self":[{"href":"https:\/\/fyno.pt\/pt\/wp-json\/wp\/v2\/posts\/43750","targetHints":{"allow":["GET"]}}],"collection":[{"href":"https:\/\/fyno.pt\/pt\/wp-json\/wp\/v2\/posts"}],"about":[{"href":"https:\/\/fyno.pt\/pt\/wp-json\/wp\/v2\/types\/post"}],"author":[{"embeddable":true,"href":"https:\/\/fyno.pt\/pt\/wp-json\/wp\/v2\/users\/9"}],"replies":[{"embeddable":true,"href":"https:\/\/fyno.pt\/pt\/wp-json\/wp\/v2\/comments?post=43750"}],"version-history":[{"count":1,"href":"https:\/\/fyno.pt\/pt\/wp-json\/wp\/v2\/posts\/43750\/revisions"}],"predecessor-version":[{"id":43752,"href":"https:\/\/fyno.pt\/pt\/wp-json\/wp\/v2\/posts\/43750\/revisions\/43752"}],"wp:featuredmedia":[{"embeddable":true,"href":"https:\/\/fyno.pt\/pt\/wp-json\/wp\/v2\/media\/43751"}],"wp:attachment":[{"href":"https:\/\/fyno.pt\/pt\/wp-json\/wp\/v2\/media?parent=43750"}],"wp:term":[{"taxonomy":"category","embeddable":true,"href":"https:\/\/fyno.pt\/pt\/wp-json\/wp\/v2\/categories?post=43750"},{"taxonomy":"post_tag","embeddable":true,"href":"https:\/\/fyno.pt\/pt\/wp-json\/wp\/v2\/tags?post=43750"}],"curies":[{"name":"wp","href":"https:\/\/api.w.org\/{rel}","templated":true}]}}