{"id":43747,"date":"2026-09-02T19:59:10","date_gmt":"2026-09-02T22:59:10","guid":{"rendered":"https:\/\/fyno.pt\/?p=43747"},"modified":"2026-09-02T19:59:10","modified_gmt":"2026-09-02T22:59:10","slug":"memorial-vitimas-ascensor-gloria","status":"publish","type":"post","link":"https:\/\/fyno.pt\/pt\/news\/memorial-vitimas-ascensor-gloria\/","title":{"rendered":"Lisboa inaugura memorial para v\u00edtimas do acidente do Ascensor da Gl\u00f3ria"},"content":{"rendered":"<p>Lisboa inaugurou um memorial dedicado \u00e0s v\u00edtimas do tr\u00e1gico acidente do Ascensor da Gl\u00f3ria, um dos marcos da cidade, que ocorreu h\u00e1 alguns anos. O espa\u00e7o foi projetado para ser um local de homenagem e reflex\u00e3o, oferecendo um ambiente que convida \u00e0 lembran\u00e7a dos que perderam suas vidas.<\/p>\n\n\n\n<h2 class=\"wp-block-heading\">Elementos do memorial<\/h2>\n\n\n\n<p>O novo memorial \u00e9 caracterizado por uma oliveira centen\u00e1ria, que simboliza a paz e a resist\u00eancia. Al\u00e9m disso, foram instalados blocos de calc\u00e1rio que exibem os nomes das v\u00edtimas, permitindo que familiares e visitantes prestem suas homenagens de maneira respeitosa. A ilumina\u00e7\u00e3o integrada proporciona um ambiente acolhedor para aqueles que desejam refletir sobre o ocorrido.<\/p>\n\n\n\n<h2 class=\"wp-block-heading\">Significado do memorial<\/h2>\n\n\n\n<p>Este espa\u00e7o n\u00e3o s\u00f3 serve como um tributo \u00e0s vidas perdidas, mas tamb\u00e9m como um lembrete da import\u00e2ncia da seguran\u00e7a em transportes p\u00fablicos. A cria\u00e7\u00e3o do memorial foi recebida com gratid\u00e3o por familiares das v\u00edtimas, que enfatizaram a necessidade de nunca esquecer os tr\u00e1gicos eventos que marcaram a hist\u00f3ria da cidade.<\/p>\n\n\n\n<p>A inaugura\u00e7\u00e3o do memorial destaca o compromisso de Lisboa em honrar sua mem\u00f3ria coletiva e promover a reflex\u00e3o sobre a seguran\u00e7a no transporte p\u00fablico. Com isso, espera-se que o local se torne um ponto de encontro para aqueles que desejam recordar e homenagear as v\u00edtimas de maneira digna.<\/p>","protected":false},"excerpt":{"rendered":"<p>Novo espa\u00e7o conta com oliveira centen\u00e1ria e elementos de homenagem \u00e0s v\u00edtimas.<\/p>","protected":false},"author":9,"featured_media":43748,"comment_status":"open","ping_status":"open","sticky":false,"template":"","format":"standard","meta":{"footnotes":""},"categories":[560],"tags":[1940,2202,1433,2201,1823],"class_list":["post-43747","post","type-post","status-publish","format-standard","has-post-thumbnail","hentry","category-news","tag-acidente","tag-ascensor-da-gloria","tag-lisboa","tag-memorial","tag-seguranca"],"yoast_head":"<!-- This site is optimized with the Yoast SEO Premium plugin v27.9 (Yoast SEO v27.9) - https:\/\/yoast.com\/product\/yoast-seo-premium-wordpress\/ -->\n<title>Lisboa homenageia v\u00edtimas do acidente do Ascensor da Gl\u00f3ria<\/title>\n<meta name=\"description\" content=\"Lisboa inaugura memorial em homenagem \u00e0s v\u00edtimas do acidente do Ascensor da Gl\u00f3ria, com elementos que promovem reflex\u00e3o e seguran\u00e7a.\" \/>\n<meta name=\"robots\" content=\"index, follow, max-snippet:-1, max-image-preview:large, max-video-preview:-1\" \/>\n<link rel=\"canonical\" href=\"https:\/\/fyno.pt\/pt\/news\/memorial-vitimas-ascensor-gloria\/\" \/>\n<meta property=\"og:locale\" content=\"pt_PT\" \/>\n<meta property=\"og:type\" content=\"article\" \/>\n<meta property=\"og:title\" content=\"Lisboa inaugura memorial para v\u00edtimas do acidente do Ascensor da Gl\u00f3ria\" \/>\n<meta property=\"og:description\" content=\"Lisboa inaugura memorial em homenagem \u00e0s v\u00edtimas do acidente do Ascensor da Gl\u00f3ria, com elementos que promovem reflex\u00e3o e seguran\u00e7a.\" \/>\n<meta property=\"og:url\" content=\"https:\/\/fyno.pt\/pt\/news\/memorial-vitimas-ascensor-gloria\/\" \/>\n<meta property=\"og:site_name\" content=\"Fyno\" \/>\n<meta property=\"article:published_time\" content=\"2026-09-02T22:59:10+00:00\" \/>\n<meta property=\"og:image\" content=\"https:\/\/fyno.pt\/wp-content\/uploads\/2026\/09\/postiaf5-image-1788389948.jpg\" \/>\n\t<meta property=\"og:image:width\" content=\"1200\" \/>\n\t<meta property=\"og:image:height\" content=\"630\" \/>\n\t<meta property=\"og:image:type\" content=\"image\/jpeg\" \/>\n<meta name=\"author\" content=\"Fyno\" \/>\n<meta name=\"twitter:card\" content=\"summary_large_image\" \/>\n<meta name=\"twitter:label1\" content=\"Escrito por\" \/>\n\t<meta name=\"twitter:data1\" content=\"Fyno\" \/>\n\t<meta name=\"twitter:label2\" content=\"Tempo estimado de leitura\" \/>\n\t<meta name=\"twitter:data2\" content=\"1 minuto\" \/>\n<script type=\"application\/ld+json\" class=\"yoast-schema-graph\">{\"@context\":\"https:\\\/\\\/schema.org\",\"@graph\":[{\"@type\":\"Article\",\"@id\":\"https:\\\/\\\/fyno.pt\\\/news\\\/memorial-vitimas-ascensor-gloria\\\/#article\",\"isPartOf\":{\"@id\":\"https:\\\/\\\/fyno.pt\\\/news\\\/memorial-vitimas-ascensor-gloria\\\/\"},\"author\":{\"name\":\"Fyno\",\"@id\":\"https:\\\/\\\/fyno.pt\\\/#\\\/schema\\\/person\\\/ab5b330ed5ed05f1b4a7b8e438f68187\"},\"headline\":\"Lisboa inaugura memorial para v\u00edtimas do acidente do Ascensor da Gl\u00f3ria\",\"datePublished\":\"2026-09-02T22:59:10+00:00\",\"mainEntityOfPage\":{\"@id\":\"https:\\\/\\\/fyno.pt\\\/news\\\/memorial-vitimas-ascensor-gloria\\\/\"},\"wordCount\":248,\"commentCount\":0,\"image\":{\"@id\":\"https:\\\/\\\/fyno.pt\\\/news\\\/memorial-vitimas-ascensor-gloria\\\/#primaryimage\"},\"thumbnailUrl\":\"https:\\\/\\\/fyno.pt\\\/wp-content\\\/uploads\\\/2026\\\/09\\\/postiaf5-image-1788389948.jpg\",\"keywords\":[\"acidente\",\"Ascensor da Gl\u00f3ria\",\"Lisboa\",\"memorial\",\"seguran\u00e7a\"],\"articleSection\":[\"News\"],\"inLanguage\":\"pt-PT\",\"potentialAction\":[{\"@type\":\"CommentAction\",\"name\":\"Comment\",\"target\":[\"https:\\\/\\\/fyno.pt\\\/news\\\/memorial-vitimas-ascensor-gloria\\\/#respond\"]}]},{\"@type\":\"WebPage\",\"@id\":\"https:\\\/\\\/fyno.pt\\\/news\\\/memorial-vitimas-ascensor-gloria\\\/\",\"url\":\"https:\\\/\\\/fyno.pt\\\/news\\\/memorial-vitimas-ascensor-gloria\\\/\",\"name\":\"Lisboa homenageia v\u00edtimas do acidente do Ascensor da Gl\u00f3ria\",\"isPartOf\":{\"@id\":\"https:\\\/\\\/fyno.pt\\\/#website\"},\"primaryImageOfPage\":{\"@id\":\"https:\\\/\\\/fyno.pt\\\/news\\\/memorial-vitimas-ascensor-gloria\\\/#primaryimage\"},\"image\":{\"@id\":\"https:\\\/\\\/fyno.pt\\\/news\\\/memorial-vitimas-ascensor-gloria\\\/#primaryimage\"},\"thumbnailUrl\":\"https:\\\/\\\/fyno.pt\\\/wp-content\\\/uploads\\\/2026\\\/09\\\/postiaf5-image-1788389948.jpg\",\"datePublished\":\"2026-09-02T22:59:10+00:00\",\"author\":{\"@id\":\"https:\\\/\\\/fyno.pt\\\/#\\\/schema\\\/person\\\/ab5b330ed5ed05f1b4a7b8e438f68187\"},\"description\":\"Lisboa inaugura memorial em homenagem \u00e0s v\u00edtimas do acidente do Ascensor da Gl\u00f3ria, com elementos que promovem reflex\u00e3o e seguran\u00e7a.\",\"breadcrumb\":{\"@id\":\"https:\\\/\\\/fyno.pt\\\/news\\\/memorial-vitimas-ascensor-gloria\\\/#breadcrumb\"},\"inLanguage\":\"pt-PT\",\"potentialAction\":[{\"@type\":\"ReadAction\",\"target\":[\"https:\\\/\\\/fyno.pt\\\/news\\\/memorial-vitimas-ascensor-gloria\\\/\"]}]},{\"@type\":\"ImageObject\",\"inLanguage\":\"pt-PT\",\"@id\":\"https:\\\/\\\/fyno.pt\\\/news\\\/memorial-vitimas-ascensor-gloria\\\/#primaryimage\",\"url\":\"https:\\\/\\\/fyno.pt\\\/wp-content\\\/uploads\\\/2026\\\/09\\\/postiaf5-image-1788389948.jpg\",\"contentUrl\":\"https:\\\/\\\/fyno.pt\\\/wp-content\\\/uploads\\\/2026\\\/09\\\/postiaf5-image-1788389948.jpg\",\"width\":1200,\"height\":630,\"caption\":\"Lisboa inaugura memorial em homenagem \u00e0s v\u00edtimas do acidente do Ascensor da Gl\u00f3riaCr\u00e9ditos:Tiago Figueiras | CML\"},{\"@type\":\"BreadcrumbList\",\"@id\":\"https:\\\/\\\/fyno.pt\\\/news\\\/memorial-vitimas-ascensor-gloria\\\/#breadcrumb\",\"itemListElement\":[{\"@type\":\"ListItem\",\"position\":1,\"name\":\"In\u00edcio\",\"item\":\"https:\\\/\\\/fyno.pt\\\/\"},{\"@type\":\"ListItem\",\"position\":2,\"name\":\"Lisboa inaugura memorial para v\u00edtimas do acidente do Ascensor da Gl\u00f3ria\"}]},{\"@type\":\"WebSite\",\"@id\":\"https:\\\/\\\/fyno.pt\\\/#website\",\"url\":\"https:\\\/\\\/fyno.pt\\\/\",\"name\":\"Fyno\",\"description\":\"Not\u00edcia e informa\u00e7\u00e3o\",\"potentialAction\":[{\"@type\":\"SearchAction\",\"target\":{\"@type\":\"EntryPoint\",\"urlTemplate\":\"https:\\\/\\\/fyno.pt\\\/?s={search_term_string}\"},\"query-input\":{\"@type\":\"PropertyValueSpecification\",\"valueRequired\":true,\"valueName\":\"search_term_string\"}}],\"inLanguage\":\"pt-PT\"},{\"@type\":\"Person\",\"@id\":\"https:\\\/\\\/fyno.pt\\\/#\\\/schema\\\/person\\\/ab5b330ed5ed05f1b4a7b8e438f68187\",\"name\":\"Fyno\",\"image\":{\"@type\":\"ImageObject\",\"inLanguage\":\"pt-PT\",\"@id\":\"https:\\\/\\\/fyno.pt\\\/wp-content\\\/litespeed\\\/avatar\\\/8f51870e8d94c234e288da840d914372.jpg?ver=1788205134\",\"url\":\"https:\\\/\\\/fyno.pt\\\/wp-content\\\/litespeed\\\/avatar\\\/8f51870e8d94c234e288da840d914372.jpg?ver=1788205134\",\"contentUrl\":\"https:\\\/\\\/fyno.pt\\\/wp-content\\\/litespeed\\\/avatar\\\/8f51870e8d94c234e288da840d914372.jpg?ver=1788205134\",\"caption\":\"Fyno\"},\"description\":\"A sua fonte de informa\u00e7\u00e3o.\",\"url\":\"https:\\\/\\\/fyno.pt\\\/pt\\\/author\\\/fynopt\\\/\"}]}<\/script>\n<!-- \/ Yoast SEO Premium plugin. -->","yoast_head_json":{"title":"Lisboa homenageia v\u00edtimas do acidente do Ascensor da Gl\u00f3ria","description":"Lisboa inaugura memorial em homenagem \u00e0s v\u00edtimas do acidente do Ascensor da Gl\u00f3ria, com elementos que promovem reflex\u00e3o e seguran\u00e7a.","robots":{"index":"index","follow":"follow","max-snippet":"max-snippet:-1","max-image-preview":"max-image-preview:large","max-video-preview":"max-video-preview:-1"},"canonical":"https:\/\/fyno.pt\/pt\/news\/memorial-vitimas-ascensor-gloria\/","og_locale":"pt_PT","og_type":"article","og_title":"Lisboa inaugura memorial para v\u00edtimas do acidente do Ascensor da Gl\u00f3ria","og_description":"Lisboa inaugura memorial em homenagem \u00e0s v\u00edtimas do acidente do Ascensor da Gl\u00f3ria, com elementos que promovem reflex\u00e3o e seguran\u00e7a.","og_url":"https:\/\/fyno.pt\/pt\/news\/memorial-vitimas-ascensor-gloria\/","og_site_name":"Fyno","article_published_time":"2026-09-02T22:59:10+00:00","og_image":[{"width":1200,"height":630,"url":"https:\/\/fyno.pt\/wp-content\/uploads\/2026\/09\/postiaf5-image-1788389948.jpg","type":"image\/jpeg"}],"author":"Fyno","twitter_card":"summary_large_image","twitter_misc":{"Escrito por":"Fyno","Tempo estimado de leitura":"1 minuto"},"schema":{"@context":"https:\/\/schema.org","@graph":[{"@type":"Article","@id":"https:\/\/fyno.pt\/news\/memorial-vitimas-ascensor-gloria\/#article","isPartOf":{"@id":"https:\/\/fyno.pt\/news\/memorial-vitimas-ascensor-gloria\/"},"author":{"name":"Fyno","@id":"https:\/\/fyno.pt\/#\/schema\/person\/ab5b330ed5ed05f1b4a7b8e438f68187"},"headline":"Lisboa inaugura memorial para v\u00edtimas do acidente do Ascensor da Gl\u00f3ria","datePublished":"2026-09-02T22:59:10+00:00","mainEntityOfPage":{"@id":"https:\/\/fyno.pt\/news\/memorial-vitimas-ascensor-gloria\/"},"wordCount":248,"commentCount":0,"image":{"@id":"https:\/\/fyno.pt\/news\/memorial-vitimas-ascensor-gloria\/#primaryimage"},"thumbnailUrl":"https:\/\/fyno.pt\/wp-content\/uploads\/2026\/09\/postiaf5-image-1788389948.jpg","keywords":["acidente","Ascensor da Gl\u00f3ria","Lisboa","memorial","seguran\u00e7a"],"articleSection":["News"],"inLanguage":"pt-PT","potentialAction":[{"@type":"CommentAction","name":"Comment","target":["https:\/\/fyno.pt\/news\/memorial-vitimas-ascensor-gloria\/#respond"]}]},{"@type":"WebPage","@id":"https:\/\/fyno.pt\/news\/memorial-vitimas-ascensor-gloria\/","url":"https:\/\/fyno.pt\/news\/memorial-vitimas-ascensor-gloria\/","name":"Lisboa homenageia v\u00edtimas do acidente do Ascensor da Gl\u00f3ria","isPartOf":{"@id":"https:\/\/fyno.pt\/#website"},"primaryImageOfPage":{"@id":"https:\/\/fyno.pt\/news\/memorial-vitimas-ascensor-gloria\/#primaryimage"},"image":{"@id":"https:\/\/fyno.pt\/news\/memorial-vitimas-ascensor-gloria\/#primaryimage"},"thumbnailUrl":"https:\/\/fyno.pt\/wp-content\/uploads\/2026\/09\/postiaf5-image-1788389948.jpg","datePublished":"2026-09-02T22:59:10+00:00","author":{"@id":"https:\/\/fyno.pt\/#\/schema\/person\/ab5b330ed5ed05f1b4a7b8e438f68187"},"description":"Lisboa inaugura memorial em homenagem \u00e0s v\u00edtimas do acidente do Ascensor da Gl\u00f3ria, com elementos que promovem reflex\u00e3o e seguran\u00e7a.","breadcrumb":{"@id":"https:\/\/fyno.pt\/news\/memorial-vitimas-ascensor-gloria\/#breadcrumb"},"inLanguage":"pt-PT","potentialAction":[{"@type":"ReadAction","target":["https:\/\/fyno.pt\/news\/memorial-vitimas-ascensor-gloria\/"]}]},{"@type":"ImageObject","inLanguage":"pt-PT","@id":"https:\/\/fyno.pt\/news\/memorial-vitimas-ascensor-gloria\/#primaryimage","url":"https:\/\/fyno.pt\/wp-content\/uploads\/2026\/09\/postiaf5-image-1788389948.jpg","contentUrl":"https:\/\/fyno.pt\/wp-content\/uploads\/2026\/09\/postiaf5-image-1788389948.jpg","width":1200,"height":630,"caption":"Lisboa inaugura memorial em homenagem \u00e0s v\u00edtimas do acidente do Ascensor da Gl\u00f3riaCr\u00e9ditos:Tiago Figueiras | CML"},{"@type":"BreadcrumbList","@id":"https:\/\/fyno.pt\/news\/memorial-vitimas-ascensor-gloria\/#breadcrumb","itemListElement":[{"@type":"ListItem","position":1,"name":"In\u00edcio","item":"https:\/\/fyno.pt\/"},{"@type":"ListItem","position":2,"name":"Lisboa inaugura memorial para v\u00edtimas do acidente do Ascensor da Gl\u00f3ria"}]},{"@type":"WebSite","@id":"https:\/\/fyno.pt\/#website","url":"https:\/\/fyno.pt\/","name":"Fyno","description":"Not\u00edcia e informa\u00e7\u00e3o","potentialAction":[{"@type":"SearchAction","target":{"@type":"EntryPoint","urlTemplate":"https:\/\/fyno.pt\/?s={search_term_string}"},"query-input":{"@type":"PropertyValueSpecification","valueRequired":true,"valueName":"search_term_string"}}],"inLanguage":"pt-PT"},{"@type":"Person","@id":"https:\/\/fyno.pt\/#\/schema\/person\/ab5b330ed5ed05f1b4a7b8e438f68187","name":"Fyno","image":{"@type":"ImageObject","inLanguage":"pt-PT","@id":"https:\/\/fyno.pt\/wp-content\/litespeed\/avatar\/8f51870e8d94c234e288da840d914372.jpg?ver=1788205134","url":"https:\/\/fyno.pt\/wp-content\/litespeed\/avatar\/8f51870e8d94c234e288da840d914372.jpg?ver=1788205134","contentUrl":"https:\/\/fyno.pt\/wp-content\/litespeed\/avatar\/8f51870e8d94c234e288da840d914372.jpg?ver=1788205134","caption":"Fyno"},"description":"A sua fonte de informa\u00e7\u00e3o.","url":"https:\/\/fyno.pt\/pt\/author\/fynopt\/"}]}},"_links":{"self":[{"href":"https:\/\/fyno.pt\/pt\/wp-json\/wp\/v2\/posts\/43747","targetHints":{"allow":["GET"]}}],"collection":[{"href":"https:\/\/fyno.pt\/pt\/wp-json\/wp\/v2\/posts"}],"about":[{"href":"https:\/\/fyno.pt\/pt\/wp-json\/wp\/v2\/types\/post"}],"author":[{"embeddable":true,"href":"https:\/\/fyno.pt\/pt\/wp-json\/wp\/v2\/users\/9"}],"replies":[{"embeddable":true,"href":"https:\/\/fyno.pt\/pt\/wp-json\/wp\/v2\/comments?post=43747"}],"version-history":[{"count":1,"href":"https:\/\/fyno.pt\/pt\/wp-json\/wp\/v2\/posts\/43747\/revisions"}],"predecessor-version":[{"id":43749,"href":"https:\/\/fyno.pt\/pt\/wp-json\/wp\/v2\/posts\/43747\/revisions\/43749"}],"wp:featuredmedia":[{"embeddable":true,"href":"https:\/\/fyno.pt\/pt\/wp-json\/wp\/v2\/media\/43748"}],"wp:attachment":[{"href":"https:\/\/fyno.pt\/pt\/wp-json\/wp\/v2\/media?parent=43747"}],"wp:term":[{"taxonomy":"category","embeddable":true,"href":"https:\/\/fyno.pt\/pt\/wp-json\/wp\/v2\/categories?post=43747"},{"taxonomy":"post_tag","embeddable":true,"href":"https:\/\/fyno.pt\/pt\/wp-json\/wp\/v2\/tags?post=43747"}],"curies":[{"name":"wp","href":"https:\/\/api.w.org\/{rel}","templated":true}]}}