{"id":43744,"date":"2026-09-02T19:58:59","date_gmt":"2026-09-02T22:58:59","guid":{"rendered":"https:\/\/fyno.pt\/?p=43744"},"modified":"2026-09-02T19:58:59","modified_gmt":"2026-09-02T22:58:59","slug":"sc-braga-wdowik-jagiellonia","status":"publish","type":"post","link":"https:\/\/fyno.pt\/pt\/mundo\/sc-braga-wdowik-jagiellonia\/","title":{"rendered":"SC Braga realiza novo empr\u00e9stimo de Wdowik ao Jagiellonia Bialystok"},"content":{"rendered":"<p>O SC Braga confirmou o empr\u00e9stimo do lateral-esquerdo polaco Wdowik ao Jagiellonia Bialystok at\u00e9 o final da temporada. A informa\u00e7\u00e3o foi divulgada pelo clube da I Liga de futebol nesta ter\u00e7a-feira.<\/p>\n\n\n\n<h2 class=\"wp-block-heading\">Hist\u00f3rico de Wdowik no Braga<\/h2>\n\n\n\n<p>Wdowik, que chegou ao SC Braga em junho de 2024, foi adquirido por 1,5 milh\u00f5es de euros, vindo diretamente do Jagiellonia Bialystok. Contudo, ap\u00f3s um curto per\u00edodo, ele foi emprestado ao Hamburgo, na Alemanha, em agosto do mesmo ano.<\/p>\n\n\n\n<h2 class=\"wp-block-heading\">Retorno ao Jagiellonia Bialystok<\/h2>\n\n\n\n<p>Na temporada passada, o jogador de 25 anos teve um retorno ao Jagiellonia Bialystok, onde desempenhou um papel fundamental na conquista do t\u00edtulo de campe\u00e3o polon\u00eas na temporada 2023\/24. Agora, ele volta ao clube que o lan\u00e7ou ao sucesso, em busca de mais oportunidades para se destacar.<\/p>\n\n\n\n<h2 class=\"wp-block-heading\">Expectativas para a nova temporada<\/h2>\n\n\n\n<p>A expectativa \u00e9 que Wdowik continue a evoluir e contribua significativamente para o desempenho do Jagiellonia Bialystok nesta nova fase da sua carreira. O clube e os torcedores aguardam ansiosos por suas atua\u00e7\u00f5es, especialmente ap\u00f3s seu desempenho anterior que culminou em um t\u00edtulo.<\/p>","protected":false},"excerpt":{"rendered":"<p>O lateral-esquerdo polaco retorna ao clube onde se destacou na \u00faltima temporada.<\/p>","protected":false},"author":9,"featured_media":43745,"comment_status":"open","ping_status":"open","sticky":false,"template":"","format":"standard","meta":{"footnotes":""},"categories":[51],"tags":[2200,595,2199,1924,2198],"class_list":["post-43744","post","type-post","status-publish","format-standard","has-post-thumbnail","hentry","category-mundo","tag-emprestimo","tag-futebol","tag-jagiellonia","tag-sc-braga","tag-wdowik"],"yoast_head":"<!-- This site is optimized with the Yoast SEO Premium plugin v27.9 (Yoast SEO v27.9) - https:\/\/yoast.com\/product\/yoast-seo-premium-wordpress\/ -->\n<title>sc braga empresta wdowik ao jagiellonia bialystok<\/title>\n<meta name=\"description\" content=\"SC Braga confirma empr\u00e9stimo de Wdowik ao Jagiellonia Bialystok at\u00e9 o final da temporada.\" \/>\n<meta name=\"robots\" content=\"index, follow, max-snippet:-1, max-image-preview:large, max-video-preview:-1\" \/>\n<link rel=\"canonical\" href=\"https:\/\/fyno.pt\/pt\/mundo\/sc-braga-wdowik-jagiellonia\/\" \/>\n<meta property=\"og:locale\" content=\"pt_PT\" \/>\n<meta property=\"og:type\" content=\"article\" \/>\n<meta property=\"og:title\" content=\"SC Braga realiza novo empr\u00e9stimo de Wdowik ao Jagiellonia Bialystok\" \/>\n<meta property=\"og:description\" content=\"SC Braga confirma empr\u00e9stimo de Wdowik ao Jagiellonia Bialystok at\u00e9 o final da temporada.\" \/>\n<meta property=\"og:url\" content=\"https:\/\/fyno.pt\/pt\/mundo\/sc-braga-wdowik-jagiellonia\/\" \/>\n<meta property=\"og:site_name\" content=\"Fyno\" \/>\n<meta property=\"article:published_time\" content=\"2026-09-02T22:58:59+00:00\" \/>\n<meta property=\"og:image\" content=\"https:\/\/fyno.pt\/wp-content\/uploads\/2026\/09\/Bartlomiej-Wdowik-1160x630-1.jpg\" \/>\n\t<meta property=\"og:image:width\" content=\"1160\" \/>\n\t<meta property=\"og:image:height\" content=\"630\" \/>\n\t<meta property=\"og:image:type\" content=\"image\/jpeg\" \/>\n<meta name=\"author\" content=\"Fyno\" \/>\n<meta name=\"twitter:card\" content=\"summary_large_image\" \/>\n<meta name=\"twitter:label1\" content=\"Escrito por\" \/>\n\t<meta name=\"twitter:data1\" content=\"Fyno\" \/>\n\t<meta name=\"twitter:label2\" content=\"Tempo estimado de leitura\" \/>\n\t<meta name=\"twitter:data2\" content=\"1 minuto\" \/>\n<script type=\"application\/ld+json\" class=\"yoast-schema-graph\">{\"@context\":\"https:\\\/\\\/schema.org\",\"@graph\":[{\"@type\":\"Article\",\"@id\":\"https:\\\/\\\/fyno.pt\\\/mundo\\\/sc-braga-wdowik-jagiellonia\\\/#article\",\"isPartOf\":{\"@id\":\"https:\\\/\\\/fyno.pt\\\/mundo\\\/sc-braga-wdowik-jagiellonia\\\/\"},\"author\":{\"name\":\"Fyno\",\"@id\":\"https:\\\/\\\/fyno.pt\\\/#\\\/schema\\\/person\\\/ab5b330ed5ed05f1b4a7b8e438f68187\"},\"headline\":\"SC Braga realiza novo empr\u00e9stimo de Wdowik ao Jagiellonia Bialystok\",\"datePublished\":\"2026-09-02T22:58:59+00:00\",\"mainEntityOfPage\":{\"@id\":\"https:\\\/\\\/fyno.pt\\\/mundo\\\/sc-braga-wdowik-jagiellonia\\\/\"},\"wordCount\":194,\"commentCount\":0,\"image\":{\"@id\":\"https:\\\/\\\/fyno.pt\\\/mundo\\\/sc-braga-wdowik-jagiellonia\\\/#primaryimage\"},\"thumbnailUrl\":\"https:\\\/\\\/fyno.pt\\\/wp-content\\\/uploads\\\/2026\\\/09\\\/Bartlomiej-Wdowik-1160x630-1.jpg\",\"keywords\":[\"empr\u00e9stimo\",\"Futebol\",\"Jagiellonia\",\"SC Braga\",\"Wdowik\"],\"articleSection\":[\"Mundo\"],\"inLanguage\":\"pt-PT\",\"potentialAction\":[{\"@type\":\"CommentAction\",\"name\":\"Comment\",\"target\":[\"https:\\\/\\\/fyno.pt\\\/mundo\\\/sc-braga-wdowik-jagiellonia\\\/#respond\"]}]},{\"@type\":\"WebPage\",\"@id\":\"https:\\\/\\\/fyno.pt\\\/mundo\\\/sc-braga-wdowik-jagiellonia\\\/\",\"url\":\"https:\\\/\\\/fyno.pt\\\/mundo\\\/sc-braga-wdowik-jagiellonia\\\/\",\"name\":\"sc braga empresta wdowik ao jagiellonia bialystok\",\"isPartOf\":{\"@id\":\"https:\\\/\\\/fyno.pt\\\/#website\"},\"primaryImageOfPage\":{\"@id\":\"https:\\\/\\\/fyno.pt\\\/mundo\\\/sc-braga-wdowik-jagiellonia\\\/#primaryimage\"},\"image\":{\"@id\":\"https:\\\/\\\/fyno.pt\\\/mundo\\\/sc-braga-wdowik-jagiellonia\\\/#primaryimage\"},\"thumbnailUrl\":\"https:\\\/\\\/fyno.pt\\\/wp-content\\\/uploads\\\/2026\\\/09\\\/Bartlomiej-Wdowik-1160x630-1.jpg\",\"datePublished\":\"2026-09-02T22:58:59+00:00\",\"author\":{\"@id\":\"https:\\\/\\\/fyno.pt\\\/#\\\/schema\\\/person\\\/ab5b330ed5ed05f1b4a7b8e438f68187\"},\"description\":\"SC Braga confirma empr\u00e9stimo de Wdowik ao Jagiellonia Bialystok at\u00e9 o final da temporada.\",\"breadcrumb\":{\"@id\":\"https:\\\/\\\/fyno.pt\\\/mundo\\\/sc-braga-wdowik-jagiellonia\\\/#breadcrumb\"},\"inLanguage\":\"pt-PT\",\"potentialAction\":[{\"@type\":\"ReadAction\",\"target\":[\"https:\\\/\\\/fyno.pt\\\/mundo\\\/sc-braga-wdowik-jagiellonia\\\/\"]}]},{\"@type\":\"ImageObject\",\"inLanguage\":\"pt-PT\",\"@id\":\"https:\\\/\\\/fyno.pt\\\/mundo\\\/sc-braga-wdowik-jagiellonia\\\/#primaryimage\",\"url\":\"https:\\\/\\\/fyno.pt\\\/wp-content\\\/uploads\\\/2026\\\/09\\\/Bartlomiej-Wdowik-1160x630-1.jpg\",\"contentUrl\":\"https:\\\/\\\/fyno.pt\\\/wp-content\\\/uploads\\\/2026\\\/09\\\/Bartlomiej-Wdowik-1160x630-1.jpg\",\"width\":1160,\"height\":630,\"caption\":\"Foto: SC Braga\"},{\"@type\":\"BreadcrumbList\",\"@id\":\"https:\\\/\\\/fyno.pt\\\/mundo\\\/sc-braga-wdowik-jagiellonia\\\/#breadcrumb\",\"itemListElement\":[{\"@type\":\"ListItem\",\"position\":1,\"name\":\"In\u00edcio\",\"item\":\"https:\\\/\\\/fyno.pt\\\/\"},{\"@type\":\"ListItem\",\"position\":2,\"name\":\"SC Braga realiza novo empr\u00e9stimo de Wdowik ao Jagiellonia Bialystok\"}]},{\"@type\":\"WebSite\",\"@id\":\"https:\\\/\\\/fyno.pt\\\/#website\",\"url\":\"https:\\\/\\\/fyno.pt\\\/\",\"name\":\"Fyno\",\"description\":\"Not\u00edcia e informa\u00e7\u00e3o\",\"potentialAction\":[{\"@type\":\"SearchAction\",\"target\":{\"@type\":\"EntryPoint\",\"urlTemplate\":\"https:\\\/\\\/fyno.pt\\\/?s={search_term_string}\"},\"query-input\":{\"@type\":\"PropertyValueSpecification\",\"valueRequired\":true,\"valueName\":\"search_term_string\"}}],\"inLanguage\":\"pt-PT\"},{\"@type\":\"Person\",\"@id\":\"https:\\\/\\\/fyno.pt\\\/#\\\/schema\\\/person\\\/ab5b330ed5ed05f1b4a7b8e438f68187\",\"name\":\"Fyno\",\"image\":{\"@type\":\"ImageObject\",\"inLanguage\":\"pt-PT\",\"@id\":\"https:\\\/\\\/fyno.pt\\\/wp-content\\\/litespeed\\\/avatar\\\/8f51870e8d94c234e288da840d914372.jpg?ver=1788205134\",\"url\":\"https:\\\/\\\/fyno.pt\\\/wp-content\\\/litespeed\\\/avatar\\\/8f51870e8d94c234e288da840d914372.jpg?ver=1788205134\",\"contentUrl\":\"https:\\\/\\\/fyno.pt\\\/wp-content\\\/litespeed\\\/avatar\\\/8f51870e8d94c234e288da840d914372.jpg?ver=1788205134\",\"caption\":\"Fyno\"},\"description\":\"A sua fonte de informa\u00e7\u00e3o.\",\"url\":\"https:\\\/\\\/fyno.pt\\\/pt\\\/author\\\/fynopt\\\/\"}]}<\/script>\n<!-- \/ Yoast SEO Premium plugin. -->","yoast_head_json":{"title":"sc braga empresta wdowik ao jagiellonia bialystok","description":"SC Braga confirma empr\u00e9stimo de Wdowik ao Jagiellonia Bialystok at\u00e9 o final da temporada.","robots":{"index":"index","follow":"follow","max-snippet":"max-snippet:-1","max-image-preview":"max-image-preview:large","max-video-preview":"max-video-preview:-1"},"canonical":"https:\/\/fyno.pt\/pt\/mundo\/sc-braga-wdowik-jagiellonia\/","og_locale":"pt_PT","og_type":"article","og_title":"SC Braga realiza novo empr\u00e9stimo de Wdowik ao Jagiellonia Bialystok","og_description":"SC Braga confirma empr\u00e9stimo de Wdowik ao Jagiellonia Bialystok at\u00e9 o final da temporada.","og_url":"https:\/\/fyno.pt\/pt\/mundo\/sc-braga-wdowik-jagiellonia\/","og_site_name":"Fyno","article_published_time":"2026-09-02T22:58:59+00:00","og_image":[{"width":1160,"height":630,"url":"https:\/\/fyno.pt\/wp-content\/uploads\/2026\/09\/Bartlomiej-Wdowik-1160x630-1.jpg","type":"image\/jpeg"}],"author":"Fyno","twitter_card":"summary_large_image","twitter_misc":{"Escrito por":"Fyno","Tempo estimado de leitura":"1 minuto"},"schema":{"@context":"https:\/\/schema.org","@graph":[{"@type":"Article","@id":"https:\/\/fyno.pt\/mundo\/sc-braga-wdowik-jagiellonia\/#article","isPartOf":{"@id":"https:\/\/fyno.pt\/mundo\/sc-braga-wdowik-jagiellonia\/"},"author":{"name":"Fyno","@id":"https:\/\/fyno.pt\/#\/schema\/person\/ab5b330ed5ed05f1b4a7b8e438f68187"},"headline":"SC Braga realiza novo empr\u00e9stimo de Wdowik ao Jagiellonia Bialystok","datePublished":"2026-09-02T22:58:59+00:00","mainEntityOfPage":{"@id":"https:\/\/fyno.pt\/mundo\/sc-braga-wdowik-jagiellonia\/"},"wordCount":194,"commentCount":0,"image":{"@id":"https:\/\/fyno.pt\/mundo\/sc-braga-wdowik-jagiellonia\/#primaryimage"},"thumbnailUrl":"https:\/\/fyno.pt\/wp-content\/uploads\/2026\/09\/Bartlomiej-Wdowik-1160x630-1.jpg","keywords":["empr\u00e9stimo","Futebol","Jagiellonia","SC Braga","Wdowik"],"articleSection":["Mundo"],"inLanguage":"pt-PT","potentialAction":[{"@type":"CommentAction","name":"Comment","target":["https:\/\/fyno.pt\/mundo\/sc-braga-wdowik-jagiellonia\/#respond"]}]},{"@type":"WebPage","@id":"https:\/\/fyno.pt\/mundo\/sc-braga-wdowik-jagiellonia\/","url":"https:\/\/fyno.pt\/mundo\/sc-braga-wdowik-jagiellonia\/","name":"sc braga empresta wdowik ao jagiellonia bialystok","isPartOf":{"@id":"https:\/\/fyno.pt\/#website"},"primaryImageOfPage":{"@id":"https:\/\/fyno.pt\/mundo\/sc-braga-wdowik-jagiellonia\/#primaryimage"},"image":{"@id":"https:\/\/fyno.pt\/mundo\/sc-braga-wdowik-jagiellonia\/#primaryimage"},"thumbnailUrl":"https:\/\/fyno.pt\/wp-content\/uploads\/2026\/09\/Bartlomiej-Wdowik-1160x630-1.jpg","datePublished":"2026-09-02T22:58:59+00:00","author":{"@id":"https:\/\/fyno.pt\/#\/schema\/person\/ab5b330ed5ed05f1b4a7b8e438f68187"},"description":"SC Braga confirma empr\u00e9stimo de Wdowik ao Jagiellonia Bialystok at\u00e9 o final da temporada.","breadcrumb":{"@id":"https:\/\/fyno.pt\/mundo\/sc-braga-wdowik-jagiellonia\/#breadcrumb"},"inLanguage":"pt-PT","potentialAction":[{"@type":"ReadAction","target":["https:\/\/fyno.pt\/mundo\/sc-braga-wdowik-jagiellonia\/"]}]},{"@type":"ImageObject","inLanguage":"pt-PT","@id":"https:\/\/fyno.pt\/mundo\/sc-braga-wdowik-jagiellonia\/#primaryimage","url":"https:\/\/fyno.pt\/wp-content\/uploads\/2026\/09\/Bartlomiej-Wdowik-1160x630-1.jpg","contentUrl":"https:\/\/fyno.pt\/wp-content\/uploads\/2026\/09\/Bartlomiej-Wdowik-1160x630-1.jpg","width":1160,"height":630,"caption":"Foto: SC Braga"},{"@type":"BreadcrumbList","@id":"https:\/\/fyno.pt\/mundo\/sc-braga-wdowik-jagiellonia\/#breadcrumb","itemListElement":[{"@type":"ListItem","position":1,"name":"In\u00edcio","item":"https:\/\/fyno.pt\/"},{"@type":"ListItem","position":2,"name":"SC Braga realiza novo empr\u00e9stimo de Wdowik ao Jagiellonia Bialystok"}]},{"@type":"WebSite","@id":"https:\/\/fyno.pt\/#website","url":"https:\/\/fyno.pt\/","name":"Fyno","description":"Not\u00edcia e informa\u00e7\u00e3o","potentialAction":[{"@type":"SearchAction","target":{"@type":"EntryPoint","urlTemplate":"https:\/\/fyno.pt\/?s={search_term_string}"},"query-input":{"@type":"PropertyValueSpecification","valueRequired":true,"valueName":"search_term_string"}}],"inLanguage":"pt-PT"},{"@type":"Person","@id":"https:\/\/fyno.pt\/#\/schema\/person\/ab5b330ed5ed05f1b4a7b8e438f68187","name":"Fyno","image":{"@type":"ImageObject","inLanguage":"pt-PT","@id":"https:\/\/fyno.pt\/wp-content\/litespeed\/avatar\/8f51870e8d94c234e288da840d914372.jpg?ver=1788205134","url":"https:\/\/fyno.pt\/wp-content\/litespeed\/avatar\/8f51870e8d94c234e288da840d914372.jpg?ver=1788205134","contentUrl":"https:\/\/fyno.pt\/wp-content\/litespeed\/avatar\/8f51870e8d94c234e288da840d914372.jpg?ver=1788205134","caption":"Fyno"},"description":"A sua fonte de informa\u00e7\u00e3o.","url":"https:\/\/fyno.pt\/pt\/author\/fynopt\/"}]}},"_links":{"self":[{"href":"https:\/\/fyno.pt\/pt\/wp-json\/wp\/v2\/posts\/43744","targetHints":{"allow":["GET"]}}],"collection":[{"href":"https:\/\/fyno.pt\/pt\/wp-json\/wp\/v2\/posts"}],"about":[{"href":"https:\/\/fyno.pt\/pt\/wp-json\/wp\/v2\/types\/post"}],"author":[{"embeddable":true,"href":"https:\/\/fyno.pt\/pt\/wp-json\/wp\/v2\/users\/9"}],"replies":[{"embeddable":true,"href":"https:\/\/fyno.pt\/pt\/wp-json\/wp\/v2\/comments?post=43744"}],"version-history":[{"count":1,"href":"https:\/\/fyno.pt\/pt\/wp-json\/wp\/v2\/posts\/43744\/revisions"}],"predecessor-version":[{"id":43746,"href":"https:\/\/fyno.pt\/pt\/wp-json\/wp\/v2\/posts\/43744\/revisions\/43746"}],"wp:featuredmedia":[{"embeddable":true,"href":"https:\/\/fyno.pt\/pt\/wp-json\/wp\/v2\/media\/43745"}],"wp:attachment":[{"href":"https:\/\/fyno.pt\/pt\/wp-json\/wp\/v2\/media?parent=43744"}],"wp:term":[{"taxonomy":"category","embeddable":true,"href":"https:\/\/fyno.pt\/pt\/wp-json\/wp\/v2\/categories?post=43744"},{"taxonomy":"post_tag","embeddable":true,"href":"https:\/\/fyno.pt\/pt\/wp-json\/wp\/v2\/tags?post=43744"}],"curies":[{"name":"wp","href":"https:\/\/api.w.org\/{rel}","templated":true}]}}