{"id":43742,"date":"2026-09-02T19:38:45","date_gmt":"2026-09-02T22:38:45","guid":{"rendered":"https:\/\/fyno.pt\/?p=43742"},"modified":"2026-09-02T19:39:35","modified_gmt":"2026-09-02T22:39:35","slug":"rafa-cout-o-artista-pernambucano-que-transformou-versatilidade-em-marca-e-conquistou-espaco-nos-grandes-eventos","status":"publish","type":"post","link":"https:\/\/fyno.pt\/pt\/musica\/rafa-cout-o-artista-pernambucano-que-transformou-versatilidade-em-marca-e-conquistou-espaco-nos-grandes-eventos\/","title":{"rendered":"Rafa Cout: o artista pernambucano que transformou versatilidade em marca e conquistou espa\u00e7o nos grandes eventos"},"content":{"rendered":"<p><strong><em>Cantor e compositor, Rafa Cout transita entre ax\u00e9, sertanejo, forr\u00f3 e pop, divide palcos com grandes nomes da m\u00fasica brasileira e se consolidou como uma das atra\u00e7\u00f5es presentes no circuito de eventos sociais de Pernambuco<\/em><\/strong><\/p>\n\n\n\n<p>H\u00e1 artistas que escolhem um \u00fanico caminho musical. Outros fazem da diversidade justamente a sua identidade. <strong>Rafa Cout<\/strong> pertence ao segundo grupo.<\/p>\n\n\n\n<p>Cantor e compositor pernambucano, o artista construiu uma trajet\u00f3ria marcada pela mistura de ritmos, pela presen\u00e7a de palco e por uma proposta que privilegia, acima de tudo, a conex\u00e3o com o p\u00fablico. Seu repert\u00f3rio transita pelo <strong>ax\u00e9, sertanejo, forr\u00f3 e m\u00fasica pop<\/strong>, combina\u00e7\u00e3o que ajudou a estabelecer uma identidade pr\u00f3pria ao longo dos anos.<\/p>\n\n\n\n<p>A carreira solo ganhou um cap\u00edtulo importante em <strong>2018<\/strong>, quando Rafa Cout lan\u00e7ou a m\u00fasica <em>Sim<\/em>, em parceria com o produtor musical <strong>Dudu Borges<\/strong> e o compositor e produtor <strong>C\u00e9sar Lemos<\/strong>. No ano seguinte, veio o EP <em>Rafa Cout Ac\u00fastico<\/em>, reunindo cinco faixas autorais e mostrando uma faceta mais intimista do artista.<\/p>\n\n\n\n<p>Entre as m\u00fasicas do projeto est\u00e3o <em>Cupido Vacil\u00e3o<\/em>, <em>Bateu Saudade<\/em>, <em>Hora Errada<\/em>, <em>Fa\u00e7o Direitin<\/em> e <em>N\u00e3o \u00c9 Sorte<\/em>. A produ\u00e7\u00e3o evidenciou tamb\u00e9m a capacidade de Rafa de transitar por diferentes refer\u00eancias musicais&nbsp; do sertanejo ao reggae, passando pelo romantismo e pelo humor.<\/p>\n\n\n\n<h3 class=\"wp-block-heading\">Do palco com grandes nomes aos eventos sociais<\/h3>\n\n\n\n<p>Ao longo da carreira, Rafa Cout passou a dividir o palco com alguns dos principais nomes da m\u00fasica brasileira. Entre eles est\u00e3o <strong>Gusttavo Lima, Jorge &amp; Mateus, Anitta, Matheus &amp; Kauan e Xand Avi\u00e3o<\/strong>, segundo registros publicados por entidades e ve\u00edculos que acompanham a agenda cultural pernambucana.<\/p>\n\n\n\n<p>Essa experi\u00eancia ajudou a ampliar o alcance de seu trabalho, mas foi no circuito de <strong>casamentos, anivers\u00e1rios de 15 anos e grandes celebra\u00e7\u00f5es privadas<\/strong> que o cantor encontrou um dos espa\u00e7os mais importantes de sua atua\u00e7\u00e3o.<\/p>\n\n\n\n<p>A imprensa especializada em eventos sociais do Recife j\u00e1 destacou sua participa\u00e7\u00e3o em celebra\u00e7\u00f5es de grande porte. Em 2023, por exemplo, Rafa Cout integrou a programa\u00e7\u00e3o musical de um casamento realizado no Mar Hotel Conventions, em Recife.<\/p>\n\n\n\n<p>No ano seguinte, tamb\u00e9m esteve entre as atra\u00e7\u00f5es de um casamento realizado na Usina Dois Irm\u00e3os, tradicional espa\u00e7o de eventos da capital pernambucana.<\/p>\n\n\n\n<h3 class=\"wp-block-heading\">Um artista presente na programa\u00e7\u00e3o cultural do Recife<\/h3>\n\n\n\n<figure class=\"wp-block-image size-large\"><img fetchpriority=\"high\" decoding=\"async\" width=\"958\" height=\"1024\" src=\"https:\/\/fyno.pt\/wp-content\/uploads\/2026\/09\/image_editor_output_image-897433311-17883886774687908461263722257231-958x1024.jpg\" alt=\"\" class=\"wp-image-43740\" srcset=\"https:\/\/fyno.pt\/wp-content\/uploads\/2026\/09\/image_editor_output_image-897433311-17883886774687908461263722257231-958x1024.jpg 958w, https:\/\/fyno.pt\/wp-content\/uploads\/2026\/09\/image_editor_output_image-897433311-17883886774687908461263722257231-281x300.jpg 281w, https:\/\/fyno.pt\/wp-content\/uploads\/2026\/09\/image_editor_output_image-897433311-17883886774687908461263722257231-768x821.jpg 768w, https:\/\/fyno.pt\/wp-content\/uploads\/2026\/09\/image_editor_output_image-897433311-17883886774687908461263722257231-11x12.jpg 11w, https:\/\/fyno.pt\/wp-content\/uploads\/2026\/09\/image_editor_output_image-897433311-17883886774687908461263722257231-750x802.jpg 750w, https:\/\/fyno.pt\/wp-content\/uploads\/2026\/09\/image_editor_output_image-897433311-17883886774687908461263722257231-1140x1218.jpg 1140w, https:\/\/fyno.pt\/wp-content\/uploads\/2026\/09\/image_editor_output_image-897433311-17883886774687908461263722257231.jpg 1280w\" sizes=\"(max-width: 958px) 100vw, 958px\" \/><figcaption class=\"wp-element-caption\">Foto Reprodu\u00e7\u00e3o.<\/figcaption><\/figure>\n\n\n\n<p>A rela\u00e7\u00e3o de Rafa Cout com grandes eventos n\u00e3o se limita ao circuito privado.<\/p>\n\n\n\n<p>Em <strong>2025<\/strong>, o cantor integrou a programa\u00e7\u00e3o oficial do Carnaval do Recife, com apresenta\u00e7\u00e3o no polo do Ibura. A Prefeitura do Recife incluiu o artista entre as atra\u00e7\u00f5es daquele ciclo carnavalesco.<\/p>\n\n\n\n<p>Sua presen\u00e7a tamb\u00e9m aparece em diferentes programa\u00e7\u00f5es culturais e comerciais da capital pernambucana. Em 2024, Rafa Cout foi atra\u00e7\u00e3o do projeto <strong>Taca Mais M\u00fasica<\/strong>, do Shopping Tacaruna, em uma apresenta\u00e7\u00e3o que reuniu justamente os estilos que caracterizam sua carreira: ax\u00e9, sertanejo, forr\u00f3 e pop.<\/p>\n\n\n\n<p>Em 2026, o nome do artista voltou a aparecer em eventos de destaque. Rafa Cout participou, ao lado de Maestro Spok, Andr\u00e9 Rio e outros convidados, do <strong>Baile CiS<\/strong>, realizado no Mirante do Pa\u00e7o, no Recife.<\/p>\n\n\n\n<p>Tamb\u00e9m integrou a programa\u00e7\u00e3o do <strong>Gravat\u00e1 Winter Festival<\/strong>, realizado em julho de 2026, ampliando sua presen\u00e7a no circuito de eventos pernambucano.<\/p>\n\n\n\n<h3 class=\"wp-block-heading\">A m\u00fasica como experi\u00eancia<\/h3>\n\n\n\n<p>Mais do que se apresentar, Rafa Cout parece ter constru\u00eddo sua carreira em torno de uma ideia simples: fazer do show uma experi\u00eancia.<\/p>\n\n\n\n<p>Em sua apresenta\u00e7\u00e3o profissional, o pr\u00f3prio artista se define como algu\u00e9m de perfil leve e descontra\u00eddo e afirma que procura entregar o m\u00e1ximo em cada apresenta\u00e7\u00e3o. Essa caracter\u00edstica combina com o tipo de evento em que seu trabalho ganhou for\u00e7a: festas que dependem n\u00e3o apenas da m\u00fasica, mas tamb\u00e9m da capacidade do artista de interagir com diferentes p\u00fablicos.<\/p>\n\n\n\n<p>\u00c9 justamente essa versatilidade que permite que seu repert\u00f3rio transite entre diferentes gera\u00e7\u00f5es e estilos.<\/p>\n\n\n\n<h3 class=\"wp-block-heading\">Uma trajet\u00f3ria que ultrapassou Pernambuco<\/h3>\n\n\n\n<figure class=\"wp-block-image size-large\"><img decoding=\"async\" width=\"962\" height=\"1024\" src=\"https:\/\/fyno.pt\/wp-content\/uploads\/2026\/09\/image_editor_output_image1374946761-17883887106892378367854519996559-962x1024.jpg\" alt=\"\" class=\"wp-image-43741\" srcset=\"https:\/\/fyno.pt\/wp-content\/uploads\/2026\/09\/image_editor_output_image1374946761-17883887106892378367854519996559-962x1024.jpg 962w, https:\/\/fyno.pt\/wp-content\/uploads\/2026\/09\/image_editor_output_image1374946761-17883887106892378367854519996559-282x300.jpg 282w, https:\/\/fyno.pt\/wp-content\/uploads\/2026\/09\/image_editor_output_image1374946761-17883887106892378367854519996559-768x818.jpg 768w, https:\/\/fyno.pt\/wp-content\/uploads\/2026\/09\/image_editor_output_image1374946761-17883887106892378367854519996559-11x12.jpg 11w, https:\/\/fyno.pt\/wp-content\/uploads\/2026\/09\/image_editor_output_image1374946761-17883887106892378367854519996559-750x799.jpg 750w, https:\/\/fyno.pt\/wp-content\/uploads\/2026\/09\/image_editor_output_image1374946761-17883887106892378367854519996559-1140x1214.jpg 1140w, https:\/\/fyno.pt\/wp-content\/uploads\/2026\/09\/image_editor_output_image1374946761-17883887106892378367854519996559.jpg 1280w\" sizes=\"(max-width: 962px) 100vw, 962px\" \/><figcaption class=\"wp-element-caption\">Foto Reprodu\u00e7\u00e3o.<\/figcaption><\/figure>\n\n\n\n<p>Embora tenha suas ra\u00edzes profissionais ligadas a Pernambuco, Rafa Cout afirma j\u00e1 ter levado seu trabalho para outros territ\u00f3rios.<\/p>\n\n\n\n<p>Em sua apresenta\u00e7\u00e3o pessoal, o cantor relata ter realizado <strong>13 shows nos Estados Unidos<\/strong>, al\u00e9m de apresenta\u00e7\u00f5es em Portugal e em estados brasileiros como Goi\u00e1s, Minas Gerais, Alagoas, Para\u00edba e Rio Grande do Norte.<\/p>\n\n\n\n<p>Os n\u00fameros fazem parte da trajet\u00f3ria divulgada pelo pr\u00f3prio artista e ajudam a dimensionar a expans\u00e3o de seu trabalho para al\u00e9m do mercado pernambucano.<\/p>\n\n\n\n<h3 class=\"wp-block-heading\">O pr\u00f3ximo cap\u00edtulo<\/h3>\n\n\n\n<p>Com uma carreira constru\u00edda entre a m\u00fasica autoral, os grandes eventos e a capacidade de dialogar com diferentes estilos, Rafa Cout ocupa hoje um espa\u00e7o particular na cena musical pernambucana.<\/p>\n\n\n\n<p>N\u00e3o \u00e9 apenas o cantor de um g\u00eanero espec\u00edfico. \u00c9 o artista contratado para fazer a festa acontecer seja em um grande evento corporativo, em um casamento, em uma celebra\u00e7\u00e3o social ou em uma programa\u00e7\u00e3o p\u00fablica.<\/p>\n\n\n\n<p>Sua hist\u00f3ria tamb\u00e9m mostra como artistas regionais podem construir carreiras consistentes quando conseguem transformar <strong>versatilidade em identidade<\/strong>.<\/p>\n\n\n\n<p>E, no caso de Rafa Cout, talvez esteja justamente a\u00ed a explica\u00e7\u00e3o para a longevidade de seu trabalho: <strong>ele n\u00e3o escolheu entre ritmos; escolheu fazer da m\u00fasica o seu territ\u00f3rio.<\/strong><\/p>\n\n\n\n<hr class=\"wp-block-separator has-alpha-channel-opacity\"\/>\n\n\n\n<h3 class=\"wp-block-heading\"><strong>RAIO-X | RAFA COUT<\/strong><\/h3>\n\n\n\n<p><strong>Nome art\u00edstico:<\/strong> Rafa Cout<br \/><strong>Origem:<\/strong> Pernambuco<br \/><strong>Atua\u00e7\u00e3o:<\/strong> Cantor e compositor<br \/><strong>Estilos:<\/strong> Ax\u00e9, sertanejo, forr\u00f3 e pop<br \/><strong>Carreira solo:<\/strong> iniciada em 2018<br \/><strong>EP:<\/strong> <em>Rafa Cout Ac\u00fastico<\/em><br \/><strong>Faixas de destaque do EP:<\/strong> <em>Cupido Vacil\u00e3o<\/em>, <em>Bateu Saudade<\/em>, <em>Hora Errada<\/em>, <em>Fa\u00e7o Direitin<\/em> e <em>N\u00e3o \u00c9 Sorte<\/em><br \/><strong>Palcos compartilhados:<\/strong> Gusttavo Lima, Jorge &amp; Mateus, Anitta, Matheus &amp; Kauan, Xand Avi\u00e3o, entre outros.<br \/><strong>Atua\u00e7\u00e3o internacional divulgada pelo artista:<\/strong> Estados Unidos e Portugal<br \/><strong>Instagram:<\/strong> @rafacout.oficial<\/p>","protected":false},"excerpt":{"rendered":"<p>Cantor e compositor, Rafa Cout transita entre ax\u00e9, sertanejo, forr\u00f3 e pop, divide palcos com grandes nomes da m\u00fasica brasileira e se consolidou como uma das atra\u00e7\u00f5es presentes no circuito de eventos sociais de Pernambuco H\u00e1 artistas que escolhem um \u00fanico caminho musical. Outros fazem da diversidade justamente a sua identidade. Rafa Cout pertence ao [&hellip;]<\/p>\n","protected":false},"author":9,"featured_media":43739,"comment_status":"open","ping_status":"open","sticky":false,"template":"","format":"standard","meta":{"footnotes":""},"categories":[562],"tags":[797,2183,2190,2184,2188,1708,823,2193,2196,2195,850,2187,2192,2197,829,2194,1558,733,2191,1705,2189,2185,2180,2186,2181,2182,731,832],"class_list":["post-43742","post","type-post","status-publish","format-standard","has-post-thumbnail","hentry","category-musica","tag-artistas-brasileiros-2","tag-artistas-de-pernambuco","tag-artistas-do-recife","tag-axe","tag-bateu-saudade","tag-cantor-de-pernambuco","tag-cantor-pernambucano","tag-carnaval-do-recife","tag-casamentos-recife","tag-cena-musical-pernambucana","tag-compositor-pernambucano","tag-cupido-vacilao","tag-eventos-em-pernambuco","tag-eventos-sociais-recife","tag-forro","tag-gravata-winter-festival","tag-megalopolis-news","tag-musica-brasileira","tag-musica-do-recife","tag-musica-pernambucana","tag-nao-e-sorte","tag-pop","tag-rafa-cout","tag-rafa-cout-acustico","tag-rafa-cout-cantor","tag-rafa-cout-compositor","tag-sertanejo","tag-shows-em-pernambuco"],"yoast_head":"<!-- This site is optimized with the Yoast SEO Premium plugin v27.9 (Yoast SEO v27.9) - https:\/\/yoast.com\/product\/yoast-seo-premium-wordpress\/ -->\n<title>Rafa Cout: o artista pernambucano que transformou versatilidade em marca e conquistou espa\u00e7o nos grandes eventos - Fyno<\/title>\n<meta name=\"robots\" content=\"index, follow, max-snippet:-1, max-image-preview:large, max-video-preview:-1\" \/>\n<link rel=\"canonical\" href=\"https:\/\/fyno.pt\/pt\/musica\/rafa-cout-o-artista-pernambucano-que-transformou-versatilidade-em-marca-e-conquistou-espaco-nos-grandes-eventos\/\" \/>\n<meta property=\"og:locale\" content=\"pt_PT\" \/>\n<meta property=\"og:type\" content=\"article\" \/>\n<meta property=\"og:title\" content=\"Rafa Cout: o artista pernambucano que transformou versatilidade em marca e conquistou espa\u00e7o nos grandes eventos\" \/>\n<meta property=\"og:description\" content=\"Cantor e compositor, Rafa Cout transita entre ax\u00e9, sertanejo, forr\u00f3 e pop, divide palcos com grandes nomes da m\u00fasica brasileira e se consolidou como uma das atra\u00e7\u00f5es presentes no circuito de eventos sociais de Pernambuco H\u00e1 artistas que escolhem um \u00fanico caminho musical. Outros fazem da diversidade justamente a sua identidade. Rafa Cout pertence ao [&hellip;]\" \/>\n<meta property=\"og:url\" content=\"https:\/\/fyno.pt\/pt\/musica\/rafa-cout-o-artista-pernambucano-que-transformou-versatilidade-em-marca-e-conquistou-espaco-nos-grandes-eventos\/\" \/>\n<meta property=\"og:site_name\" content=\"Fyno\" \/>\n<meta property=\"article:published_time\" content=\"2026-09-02T22:38:45+00:00\" \/>\n<meta property=\"article:modified_time\" content=\"2026-09-02T22:39:35+00:00\" \/>\n<meta property=\"og:image\" content=\"https:\/\/fyno.pt\/wp-content\/uploads\/2026\/09\/image_editor_output_image-897433311-1788388653889.jpg\" \/>\n\t<meta property=\"og:image:width\" content=\"1280\" \/>\n\t<meta property=\"og:image:height\" content=\"704\" \/>\n\t<meta property=\"og:image:type\" content=\"image\/jpeg\" \/>\n<meta name=\"author\" content=\"Fyno\" \/>\n<meta name=\"twitter:card\" content=\"summary_large_image\" \/>\n<meta name=\"twitter:label1\" content=\"Escrito por\" \/>\n\t<meta name=\"twitter:data1\" content=\"Fyno\" \/>\n\t<meta name=\"twitter:label2\" content=\"Tempo estimado de leitura\" \/>\n\t<meta name=\"twitter:data2\" content=\"5 minutos\" \/>\n<script type=\"application\/ld+json\" class=\"yoast-schema-graph\">{\"@context\":\"https:\\\/\\\/schema.org\",\"@graph\":[{\"@type\":\"Article\",\"@id\":\"https:\\\/\\\/fyno.pt\\\/musica\\\/rafa-cout-o-artista-pernambucano-que-transformou-versatilidade-em-marca-e-conquistou-espaco-nos-grandes-eventos\\\/#article\",\"isPartOf\":{\"@id\":\"https:\\\/\\\/fyno.pt\\\/musica\\\/rafa-cout-o-artista-pernambucano-que-transformou-versatilidade-em-marca-e-conquistou-espaco-nos-grandes-eventos\\\/\"},\"author\":{\"name\":\"Fyno\",\"@id\":\"https:\\\/\\\/fyno.pt\\\/#\\\/schema\\\/person\\\/ab5b330ed5ed05f1b4a7b8e438f68187\"},\"headline\":\"Rafa Cout: o artista pernambucano que transformou versatilidade em marca e conquistou espa\u00e7o nos grandes eventos\",\"datePublished\":\"2026-09-02T22:38:45+00:00\",\"dateModified\":\"2026-09-02T22:39:35+00:00\",\"mainEntityOfPage\":{\"@id\":\"https:\\\/\\\/fyno.pt\\\/musica\\\/rafa-cout-o-artista-pernambucano-que-transformou-versatilidade-em-marca-e-conquistou-espaco-nos-grandes-eventos\\\/\"},\"wordCount\":1001,\"commentCount\":0,\"image\":{\"@id\":\"https:\\\/\\\/fyno.pt\\\/musica\\\/rafa-cout-o-artista-pernambucano-que-transformou-versatilidade-em-marca-e-conquistou-espaco-nos-grandes-eventos\\\/#primaryimage\"},\"thumbnailUrl\":\"https:\\\/\\\/fyno.pt\\\/wp-content\\\/uploads\\\/2026\\\/09\\\/image_editor_output_image-897433311-1788388653889.jpg\",\"keywords\":[\"artistas brasileiros\",\"artistas de Pernambuco\",\"artistas do Recife\",\"ax\u00e9\",\"Bateu Saudade\",\"cantor de Pernambuco\",\"cantor pernambucano\",\"Carnaval do Recife\",\"casamentos Recife\",\"cena musical pernambucana\",\"compositor pernambucano\",\"Cupido Vacil\u00e3o\",\"eventos em Pernambuco\",\"eventos sociais Recife\",\"forr\u00f3\",\"Gravat\u00e1 Winter Festival\",\"Megal\u00f3polis News\",\"M\u00fasica Brasileira\",\"m\u00fasica do Recife\",\"m\u00fasica pernambucana\",\"N\u00e3o \u00c9 Sorte\",\"pop\",\"Rafa Cout\",\"Rafa Cout Ac\u00fastico\",\"Rafa Cout cantor\",\"Rafa Cout compositor\",\"Sertanejo\",\"shows em Pernambuco\"],\"articleSection\":[\"M\u00fasica\"],\"inLanguage\":\"pt-PT\",\"potentialAction\":[{\"@type\":\"CommentAction\",\"name\":\"Comment\",\"target\":[\"https:\\\/\\\/fyno.pt\\\/musica\\\/rafa-cout-o-artista-pernambucano-que-transformou-versatilidade-em-marca-e-conquistou-espaco-nos-grandes-eventos\\\/#respond\"]}]},{\"@type\":\"WebPage\",\"@id\":\"https:\\\/\\\/fyno.pt\\\/musica\\\/rafa-cout-o-artista-pernambucano-que-transformou-versatilidade-em-marca-e-conquistou-espaco-nos-grandes-eventos\\\/\",\"url\":\"https:\\\/\\\/fyno.pt\\\/musica\\\/rafa-cout-o-artista-pernambucano-que-transformou-versatilidade-em-marca-e-conquistou-espaco-nos-grandes-eventos\\\/\",\"name\":\"Rafa Cout: o artista pernambucano que transformou versatilidade em marca e conquistou espa\u00e7o nos grandes eventos - Fyno\",\"isPartOf\":{\"@id\":\"https:\\\/\\\/fyno.pt\\\/#website\"},\"primaryImageOfPage\":{\"@id\":\"https:\\\/\\\/fyno.pt\\\/musica\\\/rafa-cout-o-artista-pernambucano-que-transformou-versatilidade-em-marca-e-conquistou-espaco-nos-grandes-eventos\\\/#primaryimage\"},\"image\":{\"@id\":\"https:\\\/\\\/fyno.pt\\\/musica\\\/rafa-cout-o-artista-pernambucano-que-transformou-versatilidade-em-marca-e-conquistou-espaco-nos-grandes-eventos\\\/#primaryimage\"},\"thumbnailUrl\":\"https:\\\/\\\/fyno.pt\\\/wp-content\\\/uploads\\\/2026\\\/09\\\/image_editor_output_image-897433311-1788388653889.jpg\",\"datePublished\":\"2026-09-02T22:38:45+00:00\",\"dateModified\":\"2026-09-02T22:39:35+00:00\",\"author\":{\"@id\":\"https:\\\/\\\/fyno.pt\\\/#\\\/schema\\\/person\\\/ab5b330ed5ed05f1b4a7b8e438f68187\"},\"breadcrumb\":{\"@id\":\"https:\\\/\\\/fyno.pt\\\/musica\\\/rafa-cout-o-artista-pernambucano-que-transformou-versatilidade-em-marca-e-conquistou-espaco-nos-grandes-eventos\\\/#breadcrumb\"},\"inLanguage\":\"pt-PT\",\"potentialAction\":[{\"@type\":\"ReadAction\",\"target\":[\"https:\\\/\\\/fyno.pt\\\/musica\\\/rafa-cout-o-artista-pernambucano-que-transformou-versatilidade-em-marca-e-conquistou-espaco-nos-grandes-eventos\\\/\"]}]},{\"@type\":\"ImageObject\",\"inLanguage\":\"pt-PT\",\"@id\":\"https:\\\/\\\/fyno.pt\\\/musica\\\/rafa-cout-o-artista-pernambucano-que-transformou-versatilidade-em-marca-e-conquistou-espaco-nos-grandes-eventos\\\/#primaryimage\",\"url\":\"https:\\\/\\\/fyno.pt\\\/wp-content\\\/uploads\\\/2026\\\/09\\\/image_editor_output_image-897433311-1788388653889.jpg\",\"contentUrl\":\"https:\\\/\\\/fyno.pt\\\/wp-content\\\/uploads\\\/2026\\\/09\\\/image_editor_output_image-897433311-1788388653889.jpg\",\"width\":1280,\"height\":704},{\"@type\":\"BreadcrumbList\",\"@id\":\"https:\\\/\\\/fyno.pt\\\/musica\\\/rafa-cout-o-artista-pernambucano-que-transformou-versatilidade-em-marca-e-conquistou-espaco-nos-grandes-eventos\\\/#breadcrumb\",\"itemListElement\":[{\"@type\":\"ListItem\",\"position\":1,\"name\":\"In\u00edcio\",\"item\":\"https:\\\/\\\/fyno.pt\\\/\"},{\"@type\":\"ListItem\",\"position\":2,\"name\":\"Rafa Cout: o artista pernambucano que transformou versatilidade em marca e conquistou espa\u00e7o nos grandes eventos\"}]},{\"@type\":\"WebSite\",\"@id\":\"https:\\\/\\\/fyno.pt\\\/#website\",\"url\":\"https:\\\/\\\/fyno.pt\\\/\",\"name\":\"Fyno\",\"description\":\"Not\u00edcia e informa\u00e7\u00e3o\",\"potentialAction\":[{\"@type\":\"SearchAction\",\"target\":{\"@type\":\"EntryPoint\",\"urlTemplate\":\"https:\\\/\\\/fyno.pt\\\/?s={search_term_string}\"},\"query-input\":{\"@type\":\"PropertyValueSpecification\",\"valueRequired\":true,\"valueName\":\"search_term_string\"}}],\"inLanguage\":\"pt-PT\"},{\"@type\":\"Person\",\"@id\":\"https:\\\/\\\/fyno.pt\\\/#\\\/schema\\\/person\\\/ab5b330ed5ed05f1b4a7b8e438f68187\",\"name\":\"Fyno\",\"image\":{\"@type\":\"ImageObject\",\"inLanguage\":\"pt-PT\",\"@id\":\"https:\\\/\\\/fyno.pt\\\/wp-content\\\/litespeed\\\/avatar\\\/8f51870e8d94c234e288da840d914372.jpg?ver=1788205134\",\"url\":\"https:\\\/\\\/fyno.pt\\\/wp-content\\\/litespeed\\\/avatar\\\/8f51870e8d94c234e288da840d914372.jpg?ver=1788205134\",\"contentUrl\":\"https:\\\/\\\/fyno.pt\\\/wp-content\\\/litespeed\\\/avatar\\\/8f51870e8d94c234e288da840d914372.jpg?ver=1788205134\",\"caption\":\"Fyno\"},\"description\":\"A sua fonte de informa\u00e7\u00e3o.\",\"url\":\"https:\\\/\\\/fyno.pt\\\/pt\\\/author\\\/fynopt\\\/\"}]}<\/script>\n<!-- \/ Yoast SEO Premium plugin. -->","yoast_head_json":{"title":"Rafa Cout: o artista pernambucano que transformou versatilidade em marca e conquistou espa\u00e7o nos grandes eventos - Fyno","robots":{"index":"index","follow":"follow","max-snippet":"max-snippet:-1","max-image-preview":"max-image-preview:large","max-video-preview":"max-video-preview:-1"},"canonical":"https:\/\/fyno.pt\/pt\/musica\/rafa-cout-o-artista-pernambucano-que-transformou-versatilidade-em-marca-e-conquistou-espaco-nos-grandes-eventos\/","og_locale":"pt_PT","og_type":"article","og_title":"Rafa Cout: o artista pernambucano que transformou versatilidade em marca e conquistou espa\u00e7o nos grandes eventos","og_description":"Cantor e compositor, Rafa Cout transita entre ax\u00e9, sertanejo, forr\u00f3 e pop, divide palcos com grandes nomes da m\u00fasica brasileira e se consolidou como uma das atra\u00e7\u00f5es presentes no circuito de eventos sociais de Pernambuco H\u00e1 artistas que escolhem um \u00fanico caminho musical. Outros fazem da diversidade justamente a sua identidade. Rafa Cout pertence ao [&hellip;]","og_url":"https:\/\/fyno.pt\/pt\/musica\/rafa-cout-o-artista-pernambucano-que-transformou-versatilidade-em-marca-e-conquistou-espaco-nos-grandes-eventos\/","og_site_name":"Fyno","article_published_time":"2026-09-02T22:38:45+00:00","article_modified_time":"2026-09-02T22:39:35+00:00","og_image":[{"width":1280,"height":704,"url":"https:\/\/fyno.pt\/wp-content\/uploads\/2026\/09\/image_editor_output_image-897433311-1788388653889.jpg","type":"image\/jpeg"}],"author":"Fyno","twitter_card":"summary_large_image","twitter_misc":{"Escrito por":"Fyno","Tempo estimado de leitura":"5 minutos"},"schema":{"@context":"https:\/\/schema.org","@graph":[{"@type":"Article","@id":"https:\/\/fyno.pt\/musica\/rafa-cout-o-artista-pernambucano-que-transformou-versatilidade-em-marca-e-conquistou-espaco-nos-grandes-eventos\/#article","isPartOf":{"@id":"https:\/\/fyno.pt\/musica\/rafa-cout-o-artista-pernambucano-que-transformou-versatilidade-em-marca-e-conquistou-espaco-nos-grandes-eventos\/"},"author":{"name":"Fyno","@id":"https:\/\/fyno.pt\/#\/schema\/person\/ab5b330ed5ed05f1b4a7b8e438f68187"},"headline":"Rafa Cout: o artista pernambucano que transformou versatilidade em marca e conquistou espa\u00e7o nos grandes eventos","datePublished":"2026-09-02T22:38:45+00:00","dateModified":"2026-09-02T22:39:35+00:00","mainEntityOfPage":{"@id":"https:\/\/fyno.pt\/musica\/rafa-cout-o-artista-pernambucano-que-transformou-versatilidade-em-marca-e-conquistou-espaco-nos-grandes-eventos\/"},"wordCount":1001,"commentCount":0,"image":{"@id":"https:\/\/fyno.pt\/musica\/rafa-cout-o-artista-pernambucano-que-transformou-versatilidade-em-marca-e-conquistou-espaco-nos-grandes-eventos\/#primaryimage"},"thumbnailUrl":"https:\/\/fyno.pt\/wp-content\/uploads\/2026\/09\/image_editor_output_image-897433311-1788388653889.jpg","keywords":["artistas brasileiros","artistas de Pernambuco","artistas do Recife","ax\u00e9","Bateu Saudade","cantor de Pernambuco","cantor pernambucano","Carnaval do Recife","casamentos Recife","cena musical pernambucana","compositor pernambucano","Cupido Vacil\u00e3o","eventos em Pernambuco","eventos sociais Recife","forr\u00f3","Gravat\u00e1 Winter Festival","Megal\u00f3polis News","M\u00fasica Brasileira","m\u00fasica do Recife","m\u00fasica pernambucana","N\u00e3o \u00c9 Sorte","pop","Rafa Cout","Rafa Cout Ac\u00fastico","Rafa Cout cantor","Rafa Cout compositor","Sertanejo","shows em Pernambuco"],"articleSection":["M\u00fasica"],"inLanguage":"pt-PT","potentialAction":[{"@type":"CommentAction","name":"Comment","target":["https:\/\/fyno.pt\/musica\/rafa-cout-o-artista-pernambucano-que-transformou-versatilidade-em-marca-e-conquistou-espaco-nos-grandes-eventos\/#respond"]}]},{"@type":"WebPage","@id":"https:\/\/fyno.pt\/musica\/rafa-cout-o-artista-pernambucano-que-transformou-versatilidade-em-marca-e-conquistou-espaco-nos-grandes-eventos\/","url":"https:\/\/fyno.pt\/musica\/rafa-cout-o-artista-pernambucano-que-transformou-versatilidade-em-marca-e-conquistou-espaco-nos-grandes-eventos\/","name":"Rafa Cout: o artista pernambucano que transformou versatilidade em marca e conquistou espa\u00e7o nos grandes eventos - Fyno","isPartOf":{"@id":"https:\/\/fyno.pt\/#website"},"primaryImageOfPage":{"@id":"https:\/\/fyno.pt\/musica\/rafa-cout-o-artista-pernambucano-que-transformou-versatilidade-em-marca-e-conquistou-espaco-nos-grandes-eventos\/#primaryimage"},"image":{"@id":"https:\/\/fyno.pt\/musica\/rafa-cout-o-artista-pernambucano-que-transformou-versatilidade-em-marca-e-conquistou-espaco-nos-grandes-eventos\/#primaryimage"},"thumbnailUrl":"https:\/\/fyno.pt\/wp-content\/uploads\/2026\/09\/image_editor_output_image-897433311-1788388653889.jpg","datePublished":"2026-09-02T22:38:45+00:00","dateModified":"2026-09-02T22:39:35+00:00","author":{"@id":"https:\/\/fyno.pt\/#\/schema\/person\/ab5b330ed5ed05f1b4a7b8e438f68187"},"breadcrumb":{"@id":"https:\/\/fyno.pt\/musica\/rafa-cout-o-artista-pernambucano-que-transformou-versatilidade-em-marca-e-conquistou-espaco-nos-grandes-eventos\/#breadcrumb"},"inLanguage":"pt-PT","potentialAction":[{"@type":"ReadAction","target":["https:\/\/fyno.pt\/musica\/rafa-cout-o-artista-pernambucano-que-transformou-versatilidade-em-marca-e-conquistou-espaco-nos-grandes-eventos\/"]}]},{"@type":"ImageObject","inLanguage":"pt-PT","@id":"https:\/\/fyno.pt\/musica\/rafa-cout-o-artista-pernambucano-que-transformou-versatilidade-em-marca-e-conquistou-espaco-nos-grandes-eventos\/#primaryimage","url":"https:\/\/fyno.pt\/wp-content\/uploads\/2026\/09\/image_editor_output_image-897433311-1788388653889.jpg","contentUrl":"https:\/\/fyno.pt\/wp-content\/uploads\/2026\/09\/image_editor_output_image-897433311-1788388653889.jpg","width":1280,"height":704},{"@type":"BreadcrumbList","@id":"https:\/\/fyno.pt\/musica\/rafa-cout-o-artista-pernambucano-que-transformou-versatilidade-em-marca-e-conquistou-espaco-nos-grandes-eventos\/#breadcrumb","itemListElement":[{"@type":"ListItem","position":1,"name":"In\u00edcio","item":"https:\/\/fyno.pt\/"},{"@type":"ListItem","position":2,"name":"Rafa Cout: o artista pernambucano que transformou versatilidade em marca e conquistou espa\u00e7o nos grandes eventos"}]},{"@type":"WebSite","@id":"https:\/\/fyno.pt\/#website","url":"https:\/\/fyno.pt\/","name":"Fyno","description":"Not\u00edcia e informa\u00e7\u00e3o","potentialAction":[{"@type":"SearchAction","target":{"@type":"EntryPoint","urlTemplate":"https:\/\/fyno.pt\/?s={search_term_string}"},"query-input":{"@type":"PropertyValueSpecification","valueRequired":true,"valueName":"search_term_string"}}],"inLanguage":"pt-PT"},{"@type":"Person","@id":"https:\/\/fyno.pt\/#\/schema\/person\/ab5b330ed5ed05f1b4a7b8e438f68187","name":"Fyno","image":{"@type":"ImageObject","inLanguage":"pt-PT","@id":"https:\/\/fyno.pt\/wp-content\/litespeed\/avatar\/8f51870e8d94c234e288da840d914372.jpg?ver=1788205134","url":"https:\/\/fyno.pt\/wp-content\/litespeed\/avatar\/8f51870e8d94c234e288da840d914372.jpg?ver=1788205134","contentUrl":"https:\/\/fyno.pt\/wp-content\/litespeed\/avatar\/8f51870e8d94c234e288da840d914372.jpg?ver=1788205134","caption":"Fyno"},"description":"A sua fonte de informa\u00e7\u00e3o.","url":"https:\/\/fyno.pt\/pt\/author\/fynopt\/"}]}},"_links":{"self":[{"href":"https:\/\/fyno.pt\/pt\/wp-json\/wp\/v2\/posts\/43742","targetHints":{"allow":["GET"]}}],"collection":[{"href":"https:\/\/fyno.pt\/pt\/wp-json\/wp\/v2\/posts"}],"about":[{"href":"https:\/\/fyno.pt\/pt\/wp-json\/wp\/v2\/types\/post"}],"author":[{"embeddable":true,"href":"https:\/\/fyno.pt\/pt\/wp-json\/wp\/v2\/users\/9"}],"replies":[{"embeddable":true,"href":"https:\/\/fyno.pt\/pt\/wp-json\/wp\/v2\/comments?post=43742"}],"version-history":[{"count":1,"href":"https:\/\/fyno.pt\/pt\/wp-json\/wp\/v2\/posts\/43742\/revisions"}],"predecessor-version":[{"id":43743,"href":"https:\/\/fyno.pt\/pt\/wp-json\/wp\/v2\/posts\/43742\/revisions\/43743"}],"wp:featuredmedia":[{"embeddable":true,"href":"https:\/\/fyno.pt\/pt\/wp-json\/wp\/v2\/media\/43739"}],"wp:attachment":[{"href":"https:\/\/fyno.pt\/pt\/wp-json\/wp\/v2\/media?parent=43742"}],"wp:term":[{"taxonomy":"category","embeddable":true,"href":"https:\/\/fyno.pt\/pt\/wp-json\/wp\/v2\/categories?post=43742"},{"taxonomy":"post_tag","embeddable":true,"href":"https:\/\/fyno.pt\/pt\/wp-json\/wp\/v2\/tags?post=43742"}],"curies":[{"name":"wp","href":"https:\/\/api.w.org\/{rel}","templated":true}]}}