{"id":43729,"date":"2026-09-02T19:23:10","date_gmt":"2026-09-02T22:23:10","guid":{"rendered":"https:\/\/fyno.pt\/?p=43729"},"modified":"2026-09-02T19:23:10","modified_gmt":"2026-09-02T22:23:10","slug":"o-proposito-festival-leva-isadora-pompeo-valesca-mayssa-e-gabriela-rocha-em-teresina-pi","status":"publish","type":"post","link":"https:\/\/fyno.pt\/pt\/religioso\/o-proposito-festival-leva-isadora-pompeo-valesca-mayssa-e-gabriela-rocha-em-teresina-pi\/","title":{"rendered":"O Prop\u00f3sito Festival &#8211; leva Isadora Pompeo, Valesca Mayssa e Gabriela Rocha em Teresina-PI"},"content":{"rendered":"<p>A primeira edi\u00e7\u00e3o do novo festival da ag\u00eancia acontece no dia 8 de dezembro, uma ter\u00e7a-feira de feriado, no estacionamento da Ponte Estaiada, o mais famoso cart\u00e3o-postal da capital piauiense. Al\u00e9m dos nomes que puxam o an\u00fancio, o line-up re\u00fane Talita Pereira, Carol Tauber e Jefferson, da dupla Jefferson &amp; Suellen. O evento \u00e9 bilhetado e os ingressos ser\u00e3o vendidos pela plataforma Sympla.<\/p>\n<p><strong>Louvor e palavra no mesmo palco<\/strong><br \/>\nO Prop\u00f3sito nasce com um formato pr\u00f3prio. Al\u00e9m da grade musical, o festival ter\u00e1 uma programa\u00e7\u00e3o de pregadores, a ser anunciada, e a proposta \u00e9 que as duas coisas aconte\u00e7am com o mesmo peso. &#8220;N\u00e3o pode faltar o show e n\u00e3o pode faltar a palavra. O Prop\u00f3sito \u00e9 a jun\u00e7\u00e3o disso tudo, para que o prop\u00f3sito seja cumprido&#8221;, resume Jadson Aguiar, fundador e CEO da Aguiar MultiMusic. A chamada do evento sintetiza o conceito: leve o seu prop\u00f3sito e receba a sua resposta.<\/p>\n<p style=\"text-align: center;\"><img fetchpriority=\"high\" decoding=\"async\" class=\"alignnone size-full wp-image-207101\" src=\"https:\/\/tonamidia.com.br\/wp-content\/uploads\/2026\/09\/OpropositoTersinaPI-02_mavicaassessoria.jpg\" alt=\"\" width=\"760\" height=\"697\" \/><\/p>\n<p><strong>Um festival com a assinatura da casa<\/strong><br \/>\nO Prop\u00f3sito amplia o portf\u00f3lio de eventos assinados pela Aguiar MultiMusic, uma das maiores ag\u00eancias do pa\u00eds no segmento gospel e presen\u00e7a constante nos principais encontros do calend\u00e1rio da m\u00fasica crist\u00e3, do Ore Comigo, em Belo Horizonte, aos grandes palcos das cinco regi\u00f5es. Desta vez, a casa desenha um festival do zero, com nome, identidade e line-up pr\u00f3prios. &#8220;Esse projeto j\u00e1 est\u00e1 no papel h\u00e1 algum tempo. Agora a gente vai tirar do papel&#8221;, diz Jadson.<\/p>\n<p>Teresina \u00e9 a primeira parada de um circuito j\u00e1 desenhado. Quatro cidades est\u00e3o definidas para as primeiras edi\u00e7\u00f5es: Teresina, Cuiab\u00e1, Porto Velho e Manaus, em formatos que variam entre est\u00e1dio, gin\u00e1sio e evento de rua, sempre em espa\u00e7os preparados para grande p\u00fablico. Depois delas, o plano \u00e9 atravessar fronteiras. &#8220;Depois dessas quatro edi\u00e7\u00f5es, n\u00f3s vamos para Londres, porque vamos levar esse projeto para a Europa e para os Estados Unidos. N\u00f3s t\u00ednhamos promessas de que n\u00e3o seria s\u00f3 Brasil, de que a palavra de Deus, atrav\u00e9s de n\u00f3s, iria ultrapassar barreiras. E as portas come\u00e7aram a se abrir&#8221;, afirma o fundador da ag\u00eancia.<\/p>\n<p><strong>Teresina no mapa dos grandes festivais<\/strong><br \/>\nA escolha da cidade carrega significado. Capital que raramente entra nas rotas das grandes turn\u00eas nacionais, Teresina recebe um festival de porte com atra\u00e7\u00f5es que costumam lotar arenas no Sudeste. O palco montado aos p\u00e9s da Ponte Estaiada coloca a capital piauiense no calend\u00e1rio dos grandes eventos da m\u00fasica crist\u00e3 do pa\u00eds.<\/p>\n<p>Marcado para um feriado, o evento nasce com voca\u00e7\u00e3o para atrair caravanas do interior do Piau\u00ed e dos estados vizinhos, movimento que \u00e9 marca registrada dos festivais do g\u00eanero e que costuma movimentar hotelaria, transporte e com\u00e9rcio nas cidades-sede.<\/p>\n<p>As pr\u00f3ximas informa\u00e7\u00f5es, incluindo a grade de pregadores e a abertura das vendas, ser\u00e3o divulgadas nos canais oficiais do festival e da Aguiar MultiMusic.<\/p>\n<p style=\"text-align: center;\"><img decoding=\"async\" class=\"alignnone size-full wp-image-207100\" src=\"https:\/\/tonamidia.com.br\/wp-content\/uploads\/2026\/09\/OpropositoTersinaPI-01_mavicaassessoria.jpg\" alt=\"\" width=\"760\" height=\"404\" \/><\/p>\n<p>#fynopt #claudelopes70 #aguiarmultimusic #opropositofestival<\/p>","protected":false},"excerpt":{"rendered":"<p>A primeira edi\u00e7\u00e3o do novo festival da ag\u00eancia acontece no dia 8 de dezembro, uma ter\u00e7a-feira de feriado, no estacionamento da Ponte Estaiada, o mais famoso cart\u00e3o-postal da capital piauiense. Al\u00e9m dos nomes que puxam o an\u00fancio, o line-up re\u00fane Talita Pereira, Carol Tauber e Jefferson, da dupla Jefferson &amp; Suellen. O evento \u00e9 bilhetado [&hellip;]<\/p>\n","protected":false},"author":12,"featured_media":43730,"comment_status":"open","ping_status":"open","sticky":false,"template":"","format":"standard","meta":{"footnotes":""},"categories":[562,1601],"tags":[1608,1032,2176],"class_list":["post-43729","post","type-post","status-publish","format-standard","has-post-thumbnail","hentry","category-musica","category-religioso","tag-aguiarmultimusic","tag-claudelopes70","tag-opropositofestival"],"yoast_head":"<!-- This site is optimized with the Yoast SEO Premium plugin v27.9 (Yoast SEO v27.9) - https:\/\/yoast.com\/product\/yoast-seo-premium-wordpress\/ -->\n<title>O Prop\u00f3sito Festival - leva Isadora Pompeo, Valesca Mayssa e Gabriela Rocha em Teresina-PI - Fyno<\/title>\n<meta name=\"robots\" content=\"index, follow, max-snippet:-1, max-image-preview:large, max-video-preview:-1\" \/>\n<link rel=\"canonical\" href=\"https:\/\/fyno.pt\/pt\/religioso\/o-proposito-festival-leva-isadora-pompeo-valesca-mayssa-e-gabriela-rocha-em-teresina-pi\/\" \/>\n<meta property=\"og:locale\" content=\"pt_PT\" \/>\n<meta property=\"og:type\" content=\"article\" \/>\n<meta property=\"og:title\" content=\"O Prop\u00f3sito Festival - leva Isadora Pompeo, Valesca Mayssa e Gabriela Rocha em Teresina-PI\" \/>\n<meta property=\"og:description\" content=\"A primeira edi\u00e7\u00e3o do novo festival da ag\u00eancia acontece no dia 8 de dezembro, uma ter\u00e7a-feira de feriado, no estacionamento da Ponte Estaiada, o mais famoso cart\u00e3o-postal da capital piauiense. Al\u00e9m dos nomes que puxam o an\u00fancio, o line-up re\u00fane Talita Pereira, Carol Tauber e Jefferson, da dupla Jefferson &amp; Suellen. O evento \u00e9 bilhetado [&hellip;]\" \/>\n<meta property=\"og:url\" content=\"https:\/\/fyno.pt\/pt\/religioso\/o-proposito-festival-leva-isadora-pompeo-valesca-mayssa-e-gabriela-rocha-em-teresina-pi\/\" \/>\n<meta property=\"og:site_name\" content=\"Fyno\" \/>\n<meta property=\"article:published_time\" content=\"2026-09-02T22:23:10+00:00\" \/>\n<meta property=\"og:image\" content=\"https:\/\/fyno.pt\/wp-content\/uploads\/2026\/09\/OpropositoTersinaPI-03_fynopt.jpg\" \/>\n\t<meta property=\"og:image:width\" content=\"760\" \/>\n\t<meta property=\"og:image:height\" content=\"428\" \/>\n\t<meta property=\"og:image:type\" content=\"image\/jpeg\" \/>\n<meta name=\"author\" content=\"Claud\u00ea Lopes | @claudelopes70\" \/>\n<meta name=\"twitter:card\" content=\"summary_large_image\" \/>\n<meta name=\"twitter:label1\" content=\"Escrito por\" \/>\n\t<meta name=\"twitter:data1\" content=\"Claud\u00ea Lopes | @claudelopes70\" \/>\n\t<meta name=\"twitter:label2\" content=\"Tempo estimado de leitura\" \/>\n\t<meta name=\"twitter:data2\" content=\"4 minutos\" \/>\n<script type=\"application\/ld+json\" class=\"yoast-schema-graph\">{\"@context\":\"https:\\\/\\\/schema.org\",\"@graph\":[{\"@type\":\"Article\",\"@id\":\"https:\\\/\\\/fyno.pt\\\/religioso\\\/o-proposito-festival-leva-isadora-pompeo-valesca-mayssa-e-gabriela-rocha-em-teresina-pi\\\/#article\",\"isPartOf\":{\"@id\":\"https:\\\/\\\/fyno.pt\\\/religioso\\\/o-proposito-festival-leva-isadora-pompeo-valesca-mayssa-e-gabriela-rocha-em-teresina-pi\\\/\"},\"author\":{\"name\":\"Claud\u00ea Lopes | @claudelopes70\",\"@id\":\"https:\\\/\\\/fyno.pt\\\/#\\\/schema\\\/person\\\/37169bb5d636777a650de0f539adb319\"},\"headline\":\"O Prop\u00f3sito Festival &#8211; leva Isadora Pompeo, Valesca Mayssa e Gabriela Rocha em Teresina-PI\",\"datePublished\":\"2026-09-02T22:23:10+00:00\",\"mainEntityOfPage\":{\"@id\":\"https:\\\/\\\/fyno.pt\\\/religioso\\\/o-proposito-festival-leva-isadora-pompeo-valesca-mayssa-e-gabriela-rocha-em-teresina-pi\\\/\"},\"wordCount\":526,\"commentCount\":0,\"image\":{\"@id\":\"https:\\\/\\\/fyno.pt\\\/religioso\\\/o-proposito-festival-leva-isadora-pompeo-valesca-mayssa-e-gabriela-rocha-em-teresina-pi\\\/#primaryimage\"},\"thumbnailUrl\":\"https:\\\/\\\/fyno.pt\\\/wp-content\\\/uploads\\\/2026\\\/09\\\/OpropositoTersinaPI-03_fynopt.jpg\",\"keywords\":[\"aguiarmultimusic\",\"claudelopes70\",\"opropositofestival\"],\"articleSection\":[\"M\u00fasica\",\"Religioso\"],\"inLanguage\":\"pt-PT\",\"potentialAction\":[{\"@type\":\"CommentAction\",\"name\":\"Comment\",\"target\":[\"https:\\\/\\\/fyno.pt\\\/religioso\\\/o-proposito-festival-leva-isadora-pompeo-valesca-mayssa-e-gabriela-rocha-em-teresina-pi\\\/#respond\"]}]},{\"@type\":\"WebPage\",\"@id\":\"https:\\\/\\\/fyno.pt\\\/religioso\\\/o-proposito-festival-leva-isadora-pompeo-valesca-mayssa-e-gabriela-rocha-em-teresina-pi\\\/\",\"url\":\"https:\\\/\\\/fyno.pt\\\/religioso\\\/o-proposito-festival-leva-isadora-pompeo-valesca-mayssa-e-gabriela-rocha-em-teresina-pi\\\/\",\"name\":\"O Prop\u00f3sito Festival - leva Isadora Pompeo, Valesca Mayssa e Gabriela Rocha em Teresina-PI - Fyno\",\"isPartOf\":{\"@id\":\"https:\\\/\\\/fyno.pt\\\/#website\"},\"primaryImageOfPage\":{\"@id\":\"https:\\\/\\\/fyno.pt\\\/religioso\\\/o-proposito-festival-leva-isadora-pompeo-valesca-mayssa-e-gabriela-rocha-em-teresina-pi\\\/#primaryimage\"},\"image\":{\"@id\":\"https:\\\/\\\/fyno.pt\\\/religioso\\\/o-proposito-festival-leva-isadora-pompeo-valesca-mayssa-e-gabriela-rocha-em-teresina-pi\\\/#primaryimage\"},\"thumbnailUrl\":\"https:\\\/\\\/fyno.pt\\\/wp-content\\\/uploads\\\/2026\\\/09\\\/OpropositoTersinaPI-03_fynopt.jpg\",\"datePublished\":\"2026-09-02T22:23:10+00:00\",\"author\":{\"@id\":\"https:\\\/\\\/fyno.pt\\\/#\\\/schema\\\/person\\\/37169bb5d636777a650de0f539adb319\"},\"breadcrumb\":{\"@id\":\"https:\\\/\\\/fyno.pt\\\/religioso\\\/o-proposito-festival-leva-isadora-pompeo-valesca-mayssa-e-gabriela-rocha-em-teresina-pi\\\/#breadcrumb\"},\"inLanguage\":\"pt-PT\",\"potentialAction\":[{\"@type\":\"ReadAction\",\"target\":[\"https:\\\/\\\/fyno.pt\\\/religioso\\\/o-proposito-festival-leva-isadora-pompeo-valesca-mayssa-e-gabriela-rocha-em-teresina-pi\\\/\"]}]},{\"@type\":\"ImageObject\",\"inLanguage\":\"pt-PT\",\"@id\":\"https:\\\/\\\/fyno.pt\\\/religioso\\\/o-proposito-festival-leva-isadora-pompeo-valesca-mayssa-e-gabriela-rocha-em-teresina-pi\\\/#primaryimage\",\"url\":\"https:\\\/\\\/fyno.pt\\\/wp-content\\\/uploads\\\/2026\\\/09\\\/OpropositoTersinaPI-03_fynopt.jpg\",\"contentUrl\":\"https:\\\/\\\/fyno.pt\\\/wp-content\\\/uploads\\\/2026\\\/09\\\/OpropositoTersinaPI-03_fynopt.jpg\",\"width\":760,\"height\":428},{\"@type\":\"BreadcrumbList\",\"@id\":\"https:\\\/\\\/fyno.pt\\\/religioso\\\/o-proposito-festival-leva-isadora-pompeo-valesca-mayssa-e-gabriela-rocha-em-teresina-pi\\\/#breadcrumb\",\"itemListElement\":[{\"@type\":\"ListItem\",\"position\":1,\"name\":\"In\u00edcio\",\"item\":\"https:\\\/\\\/fyno.pt\\\/\"},{\"@type\":\"ListItem\",\"position\":2,\"name\":\"O Prop\u00f3sito Festival &#8211; leva Isadora Pompeo, Valesca Mayssa e Gabriela Rocha em Teresina-PI\"}]},{\"@type\":\"WebSite\",\"@id\":\"https:\\\/\\\/fyno.pt\\\/#website\",\"url\":\"https:\\\/\\\/fyno.pt\\\/\",\"name\":\"Fyno\",\"description\":\"Not\u00edcia e informa\u00e7\u00e3o\",\"potentialAction\":[{\"@type\":\"SearchAction\",\"target\":{\"@type\":\"EntryPoint\",\"urlTemplate\":\"https:\\\/\\\/fyno.pt\\\/?s={search_term_string}\"},\"query-input\":{\"@type\":\"PropertyValueSpecification\",\"valueRequired\":true,\"valueName\":\"search_term_string\"}}],\"inLanguage\":\"pt-PT\"},{\"@type\":\"Person\",\"@id\":\"https:\\\/\\\/fyno.pt\\\/#\\\/schema\\\/person\\\/37169bb5d636777a650de0f539adb319\",\"name\":\"Claud\u00ea Lopes | @claudelopes70\",\"image\":{\"@type\":\"ImageObject\",\"inLanguage\":\"pt-PT\",\"@id\":\"https:\\\/\\\/fyno.pt\\\/wp-content\\\/litespeed\\\/avatar\\\/001d99ef520cd393af2ce1679a502050.jpg?ver=1788203602\",\"url\":\"https:\\\/\\\/fyno.pt\\\/wp-content\\\/litespeed\\\/avatar\\\/001d99ef520cd393af2ce1679a502050.jpg?ver=1788203602\",\"contentUrl\":\"https:\\\/\\\/fyno.pt\\\/wp-content\\\/litespeed\\\/avatar\\\/001d99ef520cd393af2ce1679a502050.jpg?ver=1788203602\",\"caption\":\"Claud\u00ea Lopes | @claudelopes70\"},\"description\":\"Baiano de Iti\u00faba, radicado em S\u00e3o Paulo h\u00e1 mais de 30 anos. Jornalista, Pesquisador Musical, Produtor e Editor de conte\u00fado, Redator, Marketing Digital, Consultor Musical, Roteirista, Redator e Diretor de programa, Web Designer. @claudelopes70\",\"sameAs\":[\"https:\\\/\\\/www.instagram.com\\\/claudelopes70\\\/\"],\"url\":\"https:\\\/\\\/fyno.pt\\\/pt\\\/author\\\/claudelopes\\\/\"}]}<\/script>\n<!-- \/ Yoast SEO Premium plugin. -->","yoast_head_json":{"title":"O Prop\u00f3sito Festival - leva Isadora Pompeo, Valesca Mayssa e Gabriela Rocha em Teresina-PI - Fyno","robots":{"index":"index","follow":"follow","max-snippet":"max-snippet:-1","max-image-preview":"max-image-preview:large","max-video-preview":"max-video-preview:-1"},"canonical":"https:\/\/fyno.pt\/pt\/religioso\/o-proposito-festival-leva-isadora-pompeo-valesca-mayssa-e-gabriela-rocha-em-teresina-pi\/","og_locale":"pt_PT","og_type":"article","og_title":"O Prop\u00f3sito Festival - leva Isadora Pompeo, Valesca Mayssa e Gabriela Rocha em Teresina-PI","og_description":"A primeira edi\u00e7\u00e3o do novo festival da ag\u00eancia acontece no dia 8 de dezembro, uma ter\u00e7a-feira de feriado, no estacionamento da Ponte Estaiada, o mais famoso cart\u00e3o-postal da capital piauiense. Al\u00e9m dos nomes que puxam o an\u00fancio, o line-up re\u00fane Talita Pereira, Carol Tauber e Jefferson, da dupla Jefferson &amp; Suellen. O evento \u00e9 bilhetado [&hellip;]","og_url":"https:\/\/fyno.pt\/pt\/religioso\/o-proposito-festival-leva-isadora-pompeo-valesca-mayssa-e-gabriela-rocha-em-teresina-pi\/","og_site_name":"Fyno","article_published_time":"2026-09-02T22:23:10+00:00","og_image":[{"width":760,"height":428,"url":"https:\/\/fyno.pt\/wp-content\/uploads\/2026\/09\/OpropositoTersinaPI-03_fynopt.jpg","type":"image\/jpeg"}],"author":"Claud\u00ea Lopes | @claudelopes70","twitter_card":"summary_large_image","twitter_misc":{"Escrito por":"Claud\u00ea Lopes | @claudelopes70","Tempo estimado de leitura":"4 minutos"},"schema":{"@context":"https:\/\/schema.org","@graph":[{"@type":"Article","@id":"https:\/\/fyno.pt\/religioso\/o-proposito-festival-leva-isadora-pompeo-valesca-mayssa-e-gabriela-rocha-em-teresina-pi\/#article","isPartOf":{"@id":"https:\/\/fyno.pt\/religioso\/o-proposito-festival-leva-isadora-pompeo-valesca-mayssa-e-gabriela-rocha-em-teresina-pi\/"},"author":{"name":"Claud\u00ea Lopes | @claudelopes70","@id":"https:\/\/fyno.pt\/#\/schema\/person\/37169bb5d636777a650de0f539adb319"},"headline":"O Prop\u00f3sito Festival &#8211; leva Isadora Pompeo, Valesca Mayssa e Gabriela Rocha em Teresina-PI","datePublished":"2026-09-02T22:23:10+00:00","mainEntityOfPage":{"@id":"https:\/\/fyno.pt\/religioso\/o-proposito-festival-leva-isadora-pompeo-valesca-mayssa-e-gabriela-rocha-em-teresina-pi\/"},"wordCount":526,"commentCount":0,"image":{"@id":"https:\/\/fyno.pt\/religioso\/o-proposito-festival-leva-isadora-pompeo-valesca-mayssa-e-gabriela-rocha-em-teresina-pi\/#primaryimage"},"thumbnailUrl":"https:\/\/fyno.pt\/wp-content\/uploads\/2026\/09\/OpropositoTersinaPI-03_fynopt.jpg","keywords":["aguiarmultimusic","claudelopes70","opropositofestival"],"articleSection":["M\u00fasica","Religioso"],"inLanguage":"pt-PT","potentialAction":[{"@type":"CommentAction","name":"Comment","target":["https:\/\/fyno.pt\/religioso\/o-proposito-festival-leva-isadora-pompeo-valesca-mayssa-e-gabriela-rocha-em-teresina-pi\/#respond"]}]},{"@type":"WebPage","@id":"https:\/\/fyno.pt\/religioso\/o-proposito-festival-leva-isadora-pompeo-valesca-mayssa-e-gabriela-rocha-em-teresina-pi\/","url":"https:\/\/fyno.pt\/religioso\/o-proposito-festival-leva-isadora-pompeo-valesca-mayssa-e-gabriela-rocha-em-teresina-pi\/","name":"O Prop\u00f3sito Festival - leva Isadora Pompeo, Valesca Mayssa e Gabriela Rocha em Teresina-PI - Fyno","isPartOf":{"@id":"https:\/\/fyno.pt\/#website"},"primaryImageOfPage":{"@id":"https:\/\/fyno.pt\/religioso\/o-proposito-festival-leva-isadora-pompeo-valesca-mayssa-e-gabriela-rocha-em-teresina-pi\/#primaryimage"},"image":{"@id":"https:\/\/fyno.pt\/religioso\/o-proposito-festival-leva-isadora-pompeo-valesca-mayssa-e-gabriela-rocha-em-teresina-pi\/#primaryimage"},"thumbnailUrl":"https:\/\/fyno.pt\/wp-content\/uploads\/2026\/09\/OpropositoTersinaPI-03_fynopt.jpg","datePublished":"2026-09-02T22:23:10+00:00","author":{"@id":"https:\/\/fyno.pt\/#\/schema\/person\/37169bb5d636777a650de0f539adb319"},"breadcrumb":{"@id":"https:\/\/fyno.pt\/religioso\/o-proposito-festival-leva-isadora-pompeo-valesca-mayssa-e-gabriela-rocha-em-teresina-pi\/#breadcrumb"},"inLanguage":"pt-PT","potentialAction":[{"@type":"ReadAction","target":["https:\/\/fyno.pt\/religioso\/o-proposito-festival-leva-isadora-pompeo-valesca-mayssa-e-gabriela-rocha-em-teresina-pi\/"]}]},{"@type":"ImageObject","inLanguage":"pt-PT","@id":"https:\/\/fyno.pt\/religioso\/o-proposito-festival-leva-isadora-pompeo-valesca-mayssa-e-gabriela-rocha-em-teresina-pi\/#primaryimage","url":"https:\/\/fyno.pt\/wp-content\/uploads\/2026\/09\/OpropositoTersinaPI-03_fynopt.jpg","contentUrl":"https:\/\/fyno.pt\/wp-content\/uploads\/2026\/09\/OpropositoTersinaPI-03_fynopt.jpg","width":760,"height":428},{"@type":"BreadcrumbList","@id":"https:\/\/fyno.pt\/religioso\/o-proposito-festival-leva-isadora-pompeo-valesca-mayssa-e-gabriela-rocha-em-teresina-pi\/#breadcrumb","itemListElement":[{"@type":"ListItem","position":1,"name":"In\u00edcio","item":"https:\/\/fyno.pt\/"},{"@type":"ListItem","position":2,"name":"O Prop\u00f3sito Festival &#8211; leva Isadora Pompeo, Valesca Mayssa e Gabriela Rocha em Teresina-PI"}]},{"@type":"WebSite","@id":"https:\/\/fyno.pt\/#website","url":"https:\/\/fyno.pt\/","name":"Fyno","description":"Not\u00edcia e informa\u00e7\u00e3o","potentialAction":[{"@type":"SearchAction","target":{"@type":"EntryPoint","urlTemplate":"https:\/\/fyno.pt\/?s={search_term_string}"},"query-input":{"@type":"PropertyValueSpecification","valueRequired":true,"valueName":"search_term_string"}}],"inLanguage":"pt-PT"},{"@type":"Person","@id":"https:\/\/fyno.pt\/#\/schema\/person\/37169bb5d636777a650de0f539adb319","name":"Claud\u00ea Lopes | @claudelopes70","image":{"@type":"ImageObject","inLanguage":"pt-PT","@id":"https:\/\/fyno.pt\/wp-content\/litespeed\/avatar\/001d99ef520cd393af2ce1679a502050.jpg?ver=1788203602","url":"https:\/\/fyno.pt\/wp-content\/litespeed\/avatar\/001d99ef520cd393af2ce1679a502050.jpg?ver=1788203602","contentUrl":"https:\/\/fyno.pt\/wp-content\/litespeed\/avatar\/001d99ef520cd393af2ce1679a502050.jpg?ver=1788203602","caption":"Claud\u00ea Lopes | @claudelopes70"},"description":"Baiano de Iti\u00faba, radicado em S\u00e3o Paulo h\u00e1 mais de 30 anos. Jornalista, Pesquisador Musical, Produtor e Editor de conte\u00fado, Redator, Marketing Digital, Consultor Musical, Roteirista, Redator e Diretor de programa, Web Designer. @claudelopes70","sameAs":["https:\/\/www.instagram.com\/claudelopes70\/"],"url":"https:\/\/fyno.pt\/pt\/author\/claudelopes\/"}]}},"_links":{"self":[{"href":"https:\/\/fyno.pt\/pt\/wp-json\/wp\/v2\/posts\/43729","targetHints":{"allow":["GET"]}}],"collection":[{"href":"https:\/\/fyno.pt\/pt\/wp-json\/wp\/v2\/posts"}],"about":[{"href":"https:\/\/fyno.pt\/pt\/wp-json\/wp\/v2\/types\/post"}],"author":[{"embeddable":true,"href":"https:\/\/fyno.pt\/pt\/wp-json\/wp\/v2\/users\/12"}],"replies":[{"embeddable":true,"href":"https:\/\/fyno.pt\/pt\/wp-json\/wp\/v2\/comments?post=43729"}],"version-history":[{"count":1,"href":"https:\/\/fyno.pt\/pt\/wp-json\/wp\/v2\/posts\/43729\/revisions"}],"predecessor-version":[{"id":43731,"href":"https:\/\/fyno.pt\/pt\/wp-json\/wp\/v2\/posts\/43729\/revisions\/43731"}],"wp:featuredmedia":[{"embeddable":true,"href":"https:\/\/fyno.pt\/pt\/wp-json\/wp\/v2\/media\/43730"}],"wp:attachment":[{"href":"https:\/\/fyno.pt\/pt\/wp-json\/wp\/v2\/media?parent=43729"}],"wp:term":[{"taxonomy":"category","embeddable":true,"href":"https:\/\/fyno.pt\/pt\/wp-json\/wp\/v2\/categories?post=43729"},{"taxonomy":"post_tag","embeddable":true,"href":"https:\/\/fyno.pt\/pt\/wp-json\/wp\/v2\/tags?post=43729"}],"curies":[{"name":"wp","href":"https:\/\/api.w.org\/{rel}","templated":true}]}}