{"id":43719,"date":"2026-09-02T18:28:30","date_gmt":"2026-09-02T21:28:30","guid":{"rendered":"https:\/\/fyno.pt\/?p=43719"},"modified":"2026-09-02T18:28:30","modified_gmt":"2026-09-02T21:28:30","slug":"ue-nato-unem-apoio-ucrania","status":"publish","type":"post","link":"https:\/\/fyno.pt\/pt\/news\/ue-nato-unem-apoio-ucrania\/","title":{"rendered":"UE e NATO se unem contra amea\u00e7as da R\u00fassia e reafirmam apoio \u00e0 Ucr\u00e2nia"},"content":{"rendered":"<p>Dirigentes da Uni\u00e3o Europeia e da NATO manifestaram um forte consenso ao condenar as a\u00e7\u00f5es da R\u00fassia, caracterizadas como uma guerra h\u00edbrida, e reafirmaram seu apoio incondicional \u00e0 Ucr\u00e2nia. A declara\u00e7\u00e3o conjunta ocorre em um momento de crescente tens\u00e3o na regi\u00e3o, onde a R\u00fassia tem intensificado suas atividades militares.<\/p>\n\n\n\n<h2 class=\"wp-block-heading\">Condena\u00e7\u00e3o das A\u00e7\u00f5es Russas<\/h2>\n\n\n\n<p>Durante uma reuni\u00e3o recente, os l\u00edderes da UE expressaram preocupa\u00e7\u00e3o com as manobras militares e a desinforma\u00e7\u00e3o promovidas pela R\u00fassia. Eles destacaram que essas a\u00e7\u00f5es n\u00e3o ser\u00e3o toleradas e que a comunidade internacional permanecer\u00e1 firme na defesa da soberania ucraniana. A posi\u00e7\u00e3o unificada dos l\u00edderes europeus \u00e9 um indicativo da determina\u00e7\u00e3o de enfrentar a agress\u00e3o russa.<\/p>\n\n\n\n<h2 class=\"wp-block-heading\">Rea\u00e7\u00e3o de Moscovo<\/h2>\n\n\n\n<p>A resposta do Kremlin n\u00e3o se fez esperar. O presidente russo, Vladimir Putin, alegou que as provas de um ataque com drones, que t\u00eam sido atribu\u00eddas \u00e0 R\u00fassia, foram manipuladas e plantadas por Berlim. Essa afirma\u00e7\u00e3o reflete a estrat\u00e9gia de Moscovo de deslegitimar as acusa\u00e7\u00f5es e refor\u00e7ar sua narrativa em meio \u00e0 crescente press\u00e3o internacional.<\/p>\n\n\n\n<h2 class=\"wp-block-heading\">Solidariedade com a Ucr\u00e2nia<\/h2>\n\n\n\n<p>A reafirma\u00e7\u00e3o do apoio \u00e0 Ucr\u00e2nia por parte da UE e da NATO \u00e9 um passo crucial em um cen\u00e1rio marcado por incertezas. Os l\u00edderes enfatizaram que a solidariedade com a Ucr\u00e2nia \u00e9 fundamental para garantir a estabilidade na Europa e que a comunidade internacional deve permanecer vigilante diante das amea\u00e7as representadas pela R\u00fassia. A unidade entre os aliados \u00e9 vista como uma resposta necess\u00e1ria para dissuadir futuras agress\u00f5es.<\/p>","protected":false},"excerpt":{"rendered":"<p>L\u00edderes europeus condenam a\u00e7\u00f5es russas e destacam a import\u00e2ncia da solidariedade com a Ucr\u00e2nia.<\/p>","protected":false},"author":9,"featured_media":43720,"comment_status":"open","ping_status":"open","sticky":false,"template":"","format":"standard","meta":{"footnotes":""},"categories":[560],"tags":[981,1847,2170,2056,2169],"class_list":["post-43719","post","type-post","status-publish","format-standard","has-post-thumbnail","hentry","category-news","tag-nato","tag-russia","tag-tensao","tag-ucrania","tag-ue"],"yoast_head":"<!-- This site is optimized with the Yoast SEO Premium plugin v27.9 (Yoast SEO v27.9) - https:\/\/yoast.com\/product\/yoast-seo-premium-wordpress\/ -->\n<title>ue e nato condenam a\u00e7\u00f5es da r\u00fassia e apoiam a ucr\u00e2nia<\/title>\n<meta name=\"description\" content=\"UE e NATO condenam a\u00e7\u00f5es da R\u00fassia e reafirmam apoio \u00e0 Ucr\u00e2nia em declara\u00e7\u00e3o conjunta.\" \/>\n<meta name=\"robots\" content=\"index, follow, max-snippet:-1, max-image-preview:large, max-video-preview:-1\" \/>\n<link rel=\"canonical\" href=\"https:\/\/fyno.pt\/pt\/news\/ue-nato-unem-apoio-ucrania\/\" \/>\n<meta property=\"og:locale\" content=\"pt_PT\" \/>\n<meta property=\"og:type\" content=\"article\" \/>\n<meta property=\"og:title\" content=\"UE e NATO se unem contra amea\u00e7as da R\u00fassia e reafirmam apoio \u00e0 Ucr\u00e2nia\" \/>\n<meta property=\"og:description\" content=\"UE e NATO condenam a\u00e7\u00f5es da R\u00fassia e reafirmam apoio \u00e0 Ucr\u00e2nia em declara\u00e7\u00e3o conjunta.\" \/>\n<meta property=\"og:url\" content=\"https:\/\/fyno.pt\/pt\/news\/ue-nato-unem-apoio-ucrania\/\" \/>\n<meta property=\"og:site_name\" content=\"Fyno\" \/>\n<meta property=\"article:published_time\" content=\"2026-09-02T21:28:30+00:00\" \/>\n<meta name=\"author\" content=\"Fyno\" \/>\n<meta name=\"twitter:card\" content=\"summary_large_image\" \/>\n<meta name=\"twitter:label1\" content=\"Escrito por\" \/>\n\t<meta name=\"twitter:data1\" content=\"Fyno\" \/>\n\t<meta name=\"twitter:label2\" content=\"Tempo estimado de leitura\" \/>\n\t<meta name=\"twitter:data2\" content=\"1 minuto\" \/>\n<script type=\"application\/ld+json\" class=\"yoast-schema-graph\">{\"@context\":\"https:\\\/\\\/schema.org\",\"@graph\":[{\"@type\":\"Article\",\"@id\":\"https:\\\/\\\/fyno.pt\\\/news\\\/ue-nato-unem-apoio-ucrania\\\/#article\",\"isPartOf\":{\"@id\":\"https:\\\/\\\/fyno.pt\\\/news\\\/ue-nato-unem-apoio-ucrania\\\/\"},\"author\":{\"name\":\"Fyno\",\"@id\":\"https:\\\/\\\/fyno.pt\\\/#\\\/schema\\\/person\\\/ab5b330ed5ed05f1b4a7b8e438f68187\"},\"headline\":\"UE e NATO se unem contra amea\u00e7as da R\u00fassia e reafirmam apoio \u00e0 Ucr\u00e2nia\",\"datePublished\":\"2026-09-02T21:28:30+00:00\",\"mainEntityOfPage\":{\"@id\":\"https:\\\/\\\/fyno.pt\\\/news\\\/ue-nato-unem-apoio-ucrania\\\/\"},\"wordCount\":291,\"commentCount\":0,\"image\":{\"@id\":\"https:\\\/\\\/fyno.pt\\\/news\\\/ue-nato-unem-apoio-ucrania\\\/#primaryimage\"},\"thumbnailUrl\":\"https:\\\/\\\/fyno.pt\\\/wp-content\\\/uploads\\\/2026\\\/09\\\/DOC.20260902.47701828.13206479.jpg\",\"keywords\":[\"NATO\",\"R\u00fassia\",\"tens\u00e3o\",\"Ucr\u00e2nia\",\"UE\"],\"articleSection\":[\"News\"],\"inLanguage\":\"pt-PT\",\"potentialAction\":[{\"@type\":\"CommentAction\",\"name\":\"Comment\",\"target\":[\"https:\\\/\\\/fyno.pt\\\/news\\\/ue-nato-unem-apoio-ucrania\\\/#respond\"]}]},{\"@type\":\"WebPage\",\"@id\":\"https:\\\/\\\/fyno.pt\\\/news\\\/ue-nato-unem-apoio-ucrania\\\/\",\"url\":\"https:\\\/\\\/fyno.pt\\\/news\\\/ue-nato-unem-apoio-ucrania\\\/\",\"name\":\"ue e nato condenam a\u00e7\u00f5es da r\u00fassia e apoiam a ucr\u00e2nia\",\"isPartOf\":{\"@id\":\"https:\\\/\\\/fyno.pt\\\/#website\"},\"primaryImageOfPage\":{\"@id\":\"https:\\\/\\\/fyno.pt\\\/news\\\/ue-nato-unem-apoio-ucrania\\\/#primaryimage\"},\"image\":{\"@id\":\"https:\\\/\\\/fyno.pt\\\/news\\\/ue-nato-unem-apoio-ucrania\\\/#primaryimage\"},\"thumbnailUrl\":\"https:\\\/\\\/fyno.pt\\\/wp-content\\\/uploads\\\/2026\\\/09\\\/DOC.20260902.47701828.13206479.jpg\",\"datePublished\":\"2026-09-02T21:28:30+00:00\",\"author\":{\"@id\":\"https:\\\/\\\/fyno.pt\\\/#\\\/schema\\\/person\\\/ab5b330ed5ed05f1b4a7b8e438f68187\"},\"description\":\"UE e NATO condenam a\u00e7\u00f5es da R\u00fassia e reafirmam apoio \u00e0 Ucr\u00e2nia em declara\u00e7\u00e3o conjunta.\",\"breadcrumb\":{\"@id\":\"https:\\\/\\\/fyno.pt\\\/news\\\/ue-nato-unem-apoio-ucrania\\\/#breadcrumb\"},\"inLanguage\":\"pt-PT\",\"potentialAction\":[{\"@type\":\"ReadAction\",\"target\":[\"https:\\\/\\\/fyno.pt\\\/news\\\/ue-nato-unem-apoio-ucrania\\\/\"]}]},{\"@type\":\"ImageObject\",\"inLanguage\":\"pt-PT\",\"@id\":\"https:\\\/\\\/fyno.pt\\\/news\\\/ue-nato-unem-apoio-ucrania\\\/#primaryimage\",\"url\":\"https:\\\/\\\/fyno.pt\\\/wp-content\\\/uploads\\\/2026\\\/09\\\/DOC.20260902.47701828.13206479.jpg\",\"contentUrl\":\"https:\\\/\\\/fyno.pt\\\/wp-content\\\/uploads\\\/2026\\\/09\\\/DOC.20260902.47701828.13206479.jpg\",\"width\":1200,\"height\":800,\"caption\":\"EPA\\\/OLIVIER HOSLET\"},{\"@type\":\"BreadcrumbList\",\"@id\":\"https:\\\/\\\/fyno.pt\\\/news\\\/ue-nato-unem-apoio-ucrania\\\/#breadcrumb\",\"itemListElement\":[{\"@type\":\"ListItem\",\"position\":1,\"name\":\"In\u00edcio\",\"item\":\"https:\\\/\\\/fyno.pt\\\/\"},{\"@type\":\"ListItem\",\"position\":2,\"name\":\"UE e NATO se unem contra amea\u00e7as da R\u00fassia e reafirmam apoio \u00e0 Ucr\u00e2nia\"}]},{\"@type\":\"WebSite\",\"@id\":\"https:\\\/\\\/fyno.pt\\\/#website\",\"url\":\"https:\\\/\\\/fyno.pt\\\/\",\"name\":\"Fyno\",\"description\":\"Not\u00edcia e informa\u00e7\u00e3o\",\"potentialAction\":[{\"@type\":\"SearchAction\",\"target\":{\"@type\":\"EntryPoint\",\"urlTemplate\":\"https:\\\/\\\/fyno.pt\\\/?s={search_term_string}\"},\"query-input\":{\"@type\":\"PropertyValueSpecification\",\"valueRequired\":true,\"valueName\":\"search_term_string\"}}],\"inLanguage\":\"pt-PT\"},{\"@type\":\"Person\",\"@id\":\"https:\\\/\\\/fyno.pt\\\/#\\\/schema\\\/person\\\/ab5b330ed5ed05f1b4a7b8e438f68187\",\"name\":\"Fyno\",\"image\":{\"@type\":\"ImageObject\",\"inLanguage\":\"pt-PT\",\"@id\":\"https:\\\/\\\/fyno.pt\\\/wp-content\\\/litespeed\\\/avatar\\\/8f51870e8d94c234e288da840d914372.jpg?ver=1788205134\",\"url\":\"https:\\\/\\\/fyno.pt\\\/wp-content\\\/litespeed\\\/avatar\\\/8f51870e8d94c234e288da840d914372.jpg?ver=1788205134\",\"contentUrl\":\"https:\\\/\\\/fyno.pt\\\/wp-content\\\/litespeed\\\/avatar\\\/8f51870e8d94c234e288da840d914372.jpg?ver=1788205134\",\"caption\":\"Fyno\"},\"description\":\"A sua fonte de informa\u00e7\u00e3o.\",\"url\":\"https:\\\/\\\/fyno.pt\\\/pt\\\/author\\\/fynopt\\\/\"}]}<\/script>\n<!-- \/ Yoast SEO Premium plugin. -->","yoast_head_json":{"title":"ue e nato condenam a\u00e7\u00f5es da r\u00fassia e apoiam a ucr\u00e2nia","description":"UE e NATO condenam a\u00e7\u00f5es da R\u00fassia e reafirmam apoio \u00e0 Ucr\u00e2nia em declara\u00e7\u00e3o conjunta.","robots":{"index":"index","follow":"follow","max-snippet":"max-snippet:-1","max-image-preview":"max-image-preview:large","max-video-preview":"max-video-preview:-1"},"canonical":"https:\/\/fyno.pt\/pt\/news\/ue-nato-unem-apoio-ucrania\/","og_locale":"pt_PT","og_type":"article","og_title":"UE e NATO se unem contra amea\u00e7as da R\u00fassia e reafirmam apoio \u00e0 Ucr\u00e2nia","og_description":"UE e NATO condenam a\u00e7\u00f5es da R\u00fassia e reafirmam apoio \u00e0 Ucr\u00e2nia em declara\u00e7\u00e3o conjunta.","og_url":"https:\/\/fyno.pt\/pt\/news\/ue-nato-unem-apoio-ucrania\/","og_site_name":"Fyno","article_published_time":"2026-09-02T21:28:30+00:00","author":"Fyno","twitter_card":"summary_large_image","twitter_misc":{"Escrito por":"Fyno","Tempo estimado de leitura":"1 minuto"},"schema":{"@context":"https:\/\/schema.org","@graph":[{"@type":"Article","@id":"https:\/\/fyno.pt\/news\/ue-nato-unem-apoio-ucrania\/#article","isPartOf":{"@id":"https:\/\/fyno.pt\/news\/ue-nato-unem-apoio-ucrania\/"},"author":{"name":"Fyno","@id":"https:\/\/fyno.pt\/#\/schema\/person\/ab5b330ed5ed05f1b4a7b8e438f68187"},"headline":"UE e NATO se unem contra amea\u00e7as da R\u00fassia e reafirmam apoio \u00e0 Ucr\u00e2nia","datePublished":"2026-09-02T21:28:30+00:00","mainEntityOfPage":{"@id":"https:\/\/fyno.pt\/news\/ue-nato-unem-apoio-ucrania\/"},"wordCount":291,"commentCount":0,"image":{"@id":"https:\/\/fyno.pt\/news\/ue-nato-unem-apoio-ucrania\/#primaryimage"},"thumbnailUrl":"https:\/\/fyno.pt\/wp-content\/uploads\/2026\/09\/DOC.20260902.47701828.13206479.jpg","keywords":["NATO","R\u00fassia","tens\u00e3o","Ucr\u00e2nia","UE"],"articleSection":["News"],"inLanguage":"pt-PT","potentialAction":[{"@type":"CommentAction","name":"Comment","target":["https:\/\/fyno.pt\/news\/ue-nato-unem-apoio-ucrania\/#respond"]}]},{"@type":"WebPage","@id":"https:\/\/fyno.pt\/news\/ue-nato-unem-apoio-ucrania\/","url":"https:\/\/fyno.pt\/news\/ue-nato-unem-apoio-ucrania\/","name":"ue e nato condenam a\u00e7\u00f5es da r\u00fassia e apoiam a ucr\u00e2nia","isPartOf":{"@id":"https:\/\/fyno.pt\/#website"},"primaryImageOfPage":{"@id":"https:\/\/fyno.pt\/news\/ue-nato-unem-apoio-ucrania\/#primaryimage"},"image":{"@id":"https:\/\/fyno.pt\/news\/ue-nato-unem-apoio-ucrania\/#primaryimage"},"thumbnailUrl":"https:\/\/fyno.pt\/wp-content\/uploads\/2026\/09\/DOC.20260902.47701828.13206479.jpg","datePublished":"2026-09-02T21:28:30+00:00","author":{"@id":"https:\/\/fyno.pt\/#\/schema\/person\/ab5b330ed5ed05f1b4a7b8e438f68187"},"description":"UE e NATO condenam a\u00e7\u00f5es da R\u00fassia e reafirmam apoio \u00e0 Ucr\u00e2nia em declara\u00e7\u00e3o conjunta.","breadcrumb":{"@id":"https:\/\/fyno.pt\/news\/ue-nato-unem-apoio-ucrania\/#breadcrumb"},"inLanguage":"pt-PT","potentialAction":[{"@type":"ReadAction","target":["https:\/\/fyno.pt\/news\/ue-nato-unem-apoio-ucrania\/"]}]},{"@type":"ImageObject","inLanguage":"pt-PT","@id":"https:\/\/fyno.pt\/news\/ue-nato-unem-apoio-ucrania\/#primaryimage","url":"https:\/\/fyno.pt\/wp-content\/uploads\/2026\/09\/DOC.20260902.47701828.13206479.jpg","contentUrl":"https:\/\/fyno.pt\/wp-content\/uploads\/2026\/09\/DOC.20260902.47701828.13206479.jpg","width":1200,"height":800,"caption":"EPA\/OLIVIER HOSLET"},{"@type":"BreadcrumbList","@id":"https:\/\/fyno.pt\/news\/ue-nato-unem-apoio-ucrania\/#breadcrumb","itemListElement":[{"@type":"ListItem","position":1,"name":"In\u00edcio","item":"https:\/\/fyno.pt\/"},{"@type":"ListItem","position":2,"name":"UE e NATO se unem contra amea\u00e7as da R\u00fassia e reafirmam apoio \u00e0 Ucr\u00e2nia"}]},{"@type":"WebSite","@id":"https:\/\/fyno.pt\/#website","url":"https:\/\/fyno.pt\/","name":"Fyno","description":"Not\u00edcia e informa\u00e7\u00e3o","potentialAction":[{"@type":"SearchAction","target":{"@type":"EntryPoint","urlTemplate":"https:\/\/fyno.pt\/?s={search_term_string}"},"query-input":{"@type":"PropertyValueSpecification","valueRequired":true,"valueName":"search_term_string"}}],"inLanguage":"pt-PT"},{"@type":"Person","@id":"https:\/\/fyno.pt\/#\/schema\/person\/ab5b330ed5ed05f1b4a7b8e438f68187","name":"Fyno","image":{"@type":"ImageObject","inLanguage":"pt-PT","@id":"https:\/\/fyno.pt\/wp-content\/litespeed\/avatar\/8f51870e8d94c234e288da840d914372.jpg?ver=1788205134","url":"https:\/\/fyno.pt\/wp-content\/litespeed\/avatar\/8f51870e8d94c234e288da840d914372.jpg?ver=1788205134","contentUrl":"https:\/\/fyno.pt\/wp-content\/litespeed\/avatar\/8f51870e8d94c234e288da840d914372.jpg?ver=1788205134","caption":"Fyno"},"description":"A sua fonte de informa\u00e7\u00e3o.","url":"https:\/\/fyno.pt\/pt\/author\/fynopt\/"}]}},"_links":{"self":[{"href":"https:\/\/fyno.pt\/pt\/wp-json\/wp\/v2\/posts\/43719","targetHints":{"allow":["GET"]}}],"collection":[{"href":"https:\/\/fyno.pt\/pt\/wp-json\/wp\/v2\/posts"}],"about":[{"href":"https:\/\/fyno.pt\/pt\/wp-json\/wp\/v2\/types\/post"}],"author":[{"embeddable":true,"href":"https:\/\/fyno.pt\/pt\/wp-json\/wp\/v2\/users\/9"}],"replies":[{"embeddable":true,"href":"https:\/\/fyno.pt\/pt\/wp-json\/wp\/v2\/comments?post=43719"}],"version-history":[{"count":1,"href":"https:\/\/fyno.pt\/pt\/wp-json\/wp\/v2\/posts\/43719\/revisions"}],"predecessor-version":[{"id":43721,"href":"https:\/\/fyno.pt\/pt\/wp-json\/wp\/v2\/posts\/43719\/revisions\/43721"}],"wp:featuredmedia":[{"embeddable":true,"href":"https:\/\/fyno.pt\/pt\/wp-json\/wp\/v2\/media\/43720"}],"wp:attachment":[{"href":"https:\/\/fyno.pt\/pt\/wp-json\/wp\/v2\/media?parent=43719"}],"wp:term":[{"taxonomy":"category","embeddable":true,"href":"https:\/\/fyno.pt\/pt\/wp-json\/wp\/v2\/categories?post=43719"},{"taxonomy":"post_tag","embeddable":true,"href":"https:\/\/fyno.pt\/pt\/wp-json\/wp\/v2\/tags?post=43719"}],"curies":[{"name":"wp","href":"https:\/\/api.w.org\/{rel}","templated":true}]}}