{"id":43708,"date":"2026-09-02T17:58:28","date_gmt":"2026-09-02T20:58:28","guid":{"rendered":"https:\/\/fyno.pt\/?p=43708"},"modified":"2026-09-02T17:58:28","modified_gmt":"2026-09-02T20:58:28","slug":"companheiro-detido-assassinato-britanica-albufeira","status":"publish","type":"post","link":"https:\/\/fyno.pt\/pt\/news\/companheiro-detido-assassinato-britanica-albufeira\/","title":{"rendered":"Companheiro \u00e9 detido ap\u00f3s assassinato de brit\u00e2nica em Albufeira"},"content":{"rendered":"<p>Um crime brutal ocorreu em Albufeira, onde uma mulher brit\u00e2nica de 34 anos foi assassinada a golpes de tesoura. O crime foi cometido pelo companheiro da v\u00edtima, que foi detido no local pela Guarda Nacional Republicana (GNR) ap\u00f3s o incidente.<\/p>\n\n\n\n<h2 class=\"wp-block-heading\">Agress\u00e3o e deten\u00e7\u00e3o<\/h2>\n\n\n\n<p>A GNR chegou rapidamente ao aparthotel onde o crime ocorreu e prendeu o suspeito. As circunst\u00e2ncias exatas do que levou \u00e0 agress\u00e3o ainda est\u00e3o sendo investigadas pelas autoridades locais.<\/p>\n\n\n\n<h2 class=\"wp-block-heading\">Situa\u00e7\u00e3o da filha<\/h2>\n\n\n\n<p>A filha menor da v\u00edtima, que presenciou a cena de viol\u00eancia, foi colocada sob acolhimento tempor\u00e1rio. Ela est\u00e1 recebendo acompanhamento psicol\u00f3gico para lidar com o trauma causado pelo ocorrido.<\/p>\n\n\n\n<h2 class=\"wp-block-heading\">Investiga\u00e7\u00e3o em andamento<\/h2>\n\n\n\n<p>As investiga\u00e7\u00f5es continuam enquanto a GNR busca esclarecer todos os detalhes do crime. A comunidade local est\u00e1 em choque com a trag\u00e9dia que abalou a regi\u00e3o, e as autoridades est\u00e3o trabalhando para proporcionar apoio \u00e0 fam\u00edlia da v\u00edtima.<\/p>","protected":false},"excerpt":{"rendered":"<p>V\u00edtima foi morta a golpes de tesoura em um aparthotel; filha assistiu ao crime.<\/p>","protected":false},"author":9,"featured_media":43709,"comment_status":"open","ping_status":"open","sticky":false,"template":"","format":"standard","meta":{"footnotes":""},"categories":[560],"tags":[2162,2163,155,2139,2164],"class_list":["post-43708","post","type-post","status-publish","format-standard","has-post-thumbnail","hentry","category-news","tag-albufeira","tag-assassinato","tag-crime","tag-gnr","tag-investigacao"],"yoast_head":"<!-- This site is optimized with the Yoast SEO Premium plugin v27.9 (Yoast SEO v27.9) - https:\/\/yoast.com\/product\/yoast-seo-premium-wordpress\/ -->\n<title>companheiro \u00e9 preso ap\u00f3s assassinato de brit\u00e2nica em Albufeira<\/title>\n<meta name=\"description\" content=\"Companheiro \u00e9 detido ap\u00f3s assassinato brutal de brit\u00e2nica em Albufeira. Investiga\u00e7\u00e3o e apoio \u00e0 fam\u00edlia est\u00e3o em andamento.\" \/>\n<meta name=\"robots\" content=\"index, follow, max-snippet:-1, max-image-preview:large, max-video-preview:-1\" \/>\n<link rel=\"canonical\" href=\"https:\/\/fyno.pt\/pt\/news\/companheiro-detido-assassinato-britanica-albufeira\/\" \/>\n<meta property=\"og:locale\" content=\"pt_PT\" \/>\n<meta property=\"og:type\" content=\"article\" \/>\n<meta property=\"og:title\" content=\"Companheiro \u00e9 detido ap\u00f3s assassinato de brit\u00e2nica em Albufeira\" \/>\n<meta property=\"og:description\" content=\"Companheiro \u00e9 detido ap\u00f3s assassinato brutal de brit\u00e2nica em Albufeira. Investiga\u00e7\u00e3o e apoio \u00e0 fam\u00edlia est\u00e3o em andamento.\" \/>\n<meta property=\"og:url\" content=\"https:\/\/fyno.pt\/pt\/news\/companheiro-detido-assassinato-britanica-albufeira\/\" \/>\n<meta property=\"og:site_name\" content=\"Fyno\" \/>\n<meta property=\"article:published_time\" content=\"2026-09-02T20:58:28+00:00\" \/>\n<meta name=\"author\" content=\"Fyno\" \/>\n<meta name=\"twitter:card\" content=\"summary_large_image\" \/>\n<meta name=\"twitter:label1\" content=\"Escrito por\" \/>\n\t<meta name=\"twitter:data1\" content=\"Fyno\" \/>\n\t<meta name=\"twitter:label2\" content=\"Tempo estimado de leitura\" \/>\n\t<meta name=\"twitter:data2\" content=\"1 minuto\" \/>\n<script type=\"application\/ld+json\" class=\"yoast-schema-graph\">{\"@context\":\"https:\\\/\\\/schema.org\",\"@graph\":[{\"@type\":\"Article\",\"@id\":\"https:\\\/\\\/fyno.pt\\\/news\\\/companheiro-detido-assassinato-britanica-albufeira\\\/#article\",\"isPartOf\":{\"@id\":\"https:\\\/\\\/fyno.pt\\\/news\\\/companheiro-detido-assassinato-britanica-albufeira\\\/\"},\"author\":{\"name\":\"Fyno\",\"@id\":\"https:\\\/\\\/fyno.pt\\\/#\\\/schema\\\/person\\\/ab5b330ed5ed05f1b4a7b8e438f68187\"},\"headline\":\"Companheiro \u00e9 detido ap\u00f3s assassinato de brit\u00e2nica em Albufeira\",\"datePublished\":\"2026-09-02T20:58:28+00:00\",\"mainEntityOfPage\":{\"@id\":\"https:\\\/\\\/fyno.pt\\\/news\\\/companheiro-detido-assassinato-britanica-albufeira\\\/\"},\"wordCount\":172,\"commentCount\":0,\"image\":{\"@id\":\"https:\\\/\\\/fyno.pt\\\/news\\\/companheiro-detido-assassinato-britanica-albufeira\\\/#primaryimage\"},\"thumbnailUrl\":\"https:\\\/\\\/fyno.pt\\\/wp-content\\\/uploads\\\/2026\\\/09\\\/2824845920170615ALGARVEPHOTOPRESS0024.jpg\",\"keywords\":[\"Albufeira\",\"assassinato\",\"crime\",\"GNR\",\"investiga\u00e7\u00e3o\"],\"articleSection\":[\"News\"],\"inLanguage\":\"pt-PT\",\"potentialAction\":[{\"@type\":\"CommentAction\",\"name\":\"Comment\",\"target\":[\"https:\\\/\\\/fyno.pt\\\/news\\\/companheiro-detido-assassinato-britanica-albufeira\\\/#respond\"]}]},{\"@type\":\"WebPage\",\"@id\":\"https:\\\/\\\/fyno.pt\\\/news\\\/companheiro-detido-assassinato-britanica-albufeira\\\/\",\"url\":\"https:\\\/\\\/fyno.pt\\\/news\\\/companheiro-detido-assassinato-britanica-albufeira\\\/\",\"name\":\"companheiro \u00e9 preso ap\u00f3s assassinato de brit\u00e2nica em Albufeira\",\"isPartOf\":{\"@id\":\"https:\\\/\\\/fyno.pt\\\/#website\"},\"primaryImageOfPage\":{\"@id\":\"https:\\\/\\\/fyno.pt\\\/news\\\/companheiro-detido-assassinato-britanica-albufeira\\\/#primaryimage\"},\"image\":{\"@id\":\"https:\\\/\\\/fyno.pt\\\/news\\\/companheiro-detido-assassinato-britanica-albufeira\\\/#primaryimage\"},\"thumbnailUrl\":\"https:\\\/\\\/fyno.pt\\\/wp-content\\\/uploads\\\/2026\\\/09\\\/2824845920170615ALGARVEPHOTOPRESS0024.jpg\",\"datePublished\":\"2026-09-02T20:58:28+00:00\",\"author\":{\"@id\":\"https:\\\/\\\/fyno.pt\\\/#\\\/schema\\\/person\\\/ab5b330ed5ed05f1b4a7b8e438f68187\"},\"description\":\"Companheiro \u00e9 detido ap\u00f3s assassinato brutal de brit\u00e2nica em Albufeira. Investiga\u00e7\u00e3o e apoio \u00e0 fam\u00edlia est\u00e3o em andamento.\",\"breadcrumb\":{\"@id\":\"https:\\\/\\\/fyno.pt\\\/news\\\/companheiro-detido-assassinato-britanica-albufeira\\\/#breadcrumb\"},\"inLanguage\":\"pt-PT\",\"potentialAction\":[{\"@type\":\"ReadAction\",\"target\":[\"https:\\\/\\\/fyno.pt\\\/news\\\/companheiro-detido-assassinato-britanica-albufeira\\\/\"]}]},{\"@type\":\"ImageObject\",\"inLanguage\":\"pt-PT\",\"@id\":\"https:\\\/\\\/fyno.pt\\\/news\\\/companheiro-detido-assassinato-britanica-albufeira\\\/#primaryimage\",\"url\":\"https:\\\/\\\/fyno.pt\\\/wp-content\\\/uploads\\\/2026\\\/09\\\/2824845920170615ALGARVEPHOTOPRESS0024.jpg\",\"contentUrl\":\"https:\\\/\\\/fyno.pt\\\/wp-content\\\/uploads\\\/2026\\\/09\\\/2824845920170615ALGARVEPHOTOPRESS0024.jpg\",\"width\":1200,\"height\":800,\"caption\":\"Andr\u00e9 Vidigal \\\/ Global Imagens\"},{\"@type\":\"BreadcrumbList\",\"@id\":\"https:\\\/\\\/fyno.pt\\\/news\\\/companheiro-detido-assassinato-britanica-albufeira\\\/#breadcrumb\",\"itemListElement\":[{\"@type\":\"ListItem\",\"position\":1,\"name\":\"In\u00edcio\",\"item\":\"https:\\\/\\\/fyno.pt\\\/\"},{\"@type\":\"ListItem\",\"position\":2,\"name\":\"Companheiro \u00e9 detido ap\u00f3s assassinato de brit\u00e2nica em Albufeira\"}]},{\"@type\":\"WebSite\",\"@id\":\"https:\\\/\\\/fyno.pt\\\/#website\",\"url\":\"https:\\\/\\\/fyno.pt\\\/\",\"name\":\"Fyno\",\"description\":\"Not\u00edcia e informa\u00e7\u00e3o\",\"potentialAction\":[{\"@type\":\"SearchAction\",\"target\":{\"@type\":\"EntryPoint\",\"urlTemplate\":\"https:\\\/\\\/fyno.pt\\\/?s={search_term_string}\"},\"query-input\":{\"@type\":\"PropertyValueSpecification\",\"valueRequired\":true,\"valueName\":\"search_term_string\"}}],\"inLanguage\":\"pt-PT\"},{\"@type\":\"Person\",\"@id\":\"https:\\\/\\\/fyno.pt\\\/#\\\/schema\\\/person\\\/ab5b330ed5ed05f1b4a7b8e438f68187\",\"name\":\"Fyno\",\"image\":{\"@type\":\"ImageObject\",\"inLanguage\":\"pt-PT\",\"@id\":\"https:\\\/\\\/fyno.pt\\\/wp-content\\\/litespeed\\\/avatar\\\/8f51870e8d94c234e288da840d914372.jpg?ver=1788205134\",\"url\":\"https:\\\/\\\/fyno.pt\\\/wp-content\\\/litespeed\\\/avatar\\\/8f51870e8d94c234e288da840d914372.jpg?ver=1788205134\",\"contentUrl\":\"https:\\\/\\\/fyno.pt\\\/wp-content\\\/litespeed\\\/avatar\\\/8f51870e8d94c234e288da840d914372.jpg?ver=1788205134\",\"caption\":\"Fyno\"},\"description\":\"A sua fonte de informa\u00e7\u00e3o.\",\"url\":\"https:\\\/\\\/fyno.pt\\\/pt\\\/author\\\/fynopt\\\/\"}]}<\/script>\n<!-- \/ Yoast SEO Premium plugin. -->","yoast_head_json":{"title":"companheiro \u00e9 preso ap\u00f3s assassinato de brit\u00e2nica em Albufeira","description":"Companheiro \u00e9 detido ap\u00f3s assassinato brutal de brit\u00e2nica em Albufeira. Investiga\u00e7\u00e3o e apoio \u00e0 fam\u00edlia est\u00e3o em andamento.","robots":{"index":"index","follow":"follow","max-snippet":"max-snippet:-1","max-image-preview":"max-image-preview:large","max-video-preview":"max-video-preview:-1"},"canonical":"https:\/\/fyno.pt\/pt\/news\/companheiro-detido-assassinato-britanica-albufeira\/","og_locale":"pt_PT","og_type":"article","og_title":"Companheiro \u00e9 detido ap\u00f3s assassinato de brit\u00e2nica em Albufeira","og_description":"Companheiro \u00e9 detido ap\u00f3s assassinato brutal de brit\u00e2nica em Albufeira. Investiga\u00e7\u00e3o e apoio \u00e0 fam\u00edlia est\u00e3o em andamento.","og_url":"https:\/\/fyno.pt\/pt\/news\/companheiro-detido-assassinato-britanica-albufeira\/","og_site_name":"Fyno","article_published_time":"2026-09-02T20:58:28+00:00","author":"Fyno","twitter_card":"summary_large_image","twitter_misc":{"Escrito por":"Fyno","Tempo estimado de leitura":"1 minuto"},"schema":{"@context":"https:\/\/schema.org","@graph":[{"@type":"Article","@id":"https:\/\/fyno.pt\/news\/companheiro-detido-assassinato-britanica-albufeira\/#article","isPartOf":{"@id":"https:\/\/fyno.pt\/news\/companheiro-detido-assassinato-britanica-albufeira\/"},"author":{"name":"Fyno","@id":"https:\/\/fyno.pt\/#\/schema\/person\/ab5b330ed5ed05f1b4a7b8e438f68187"},"headline":"Companheiro \u00e9 detido ap\u00f3s assassinato de brit\u00e2nica em Albufeira","datePublished":"2026-09-02T20:58:28+00:00","mainEntityOfPage":{"@id":"https:\/\/fyno.pt\/news\/companheiro-detido-assassinato-britanica-albufeira\/"},"wordCount":172,"commentCount":0,"image":{"@id":"https:\/\/fyno.pt\/news\/companheiro-detido-assassinato-britanica-albufeira\/#primaryimage"},"thumbnailUrl":"https:\/\/fyno.pt\/wp-content\/uploads\/2026\/09\/2824845920170615ALGARVEPHOTOPRESS0024.jpg","keywords":["Albufeira","assassinato","crime","GNR","investiga\u00e7\u00e3o"],"articleSection":["News"],"inLanguage":"pt-PT","potentialAction":[{"@type":"CommentAction","name":"Comment","target":["https:\/\/fyno.pt\/news\/companheiro-detido-assassinato-britanica-albufeira\/#respond"]}]},{"@type":"WebPage","@id":"https:\/\/fyno.pt\/news\/companheiro-detido-assassinato-britanica-albufeira\/","url":"https:\/\/fyno.pt\/news\/companheiro-detido-assassinato-britanica-albufeira\/","name":"companheiro \u00e9 preso ap\u00f3s assassinato de brit\u00e2nica em Albufeira","isPartOf":{"@id":"https:\/\/fyno.pt\/#website"},"primaryImageOfPage":{"@id":"https:\/\/fyno.pt\/news\/companheiro-detido-assassinato-britanica-albufeira\/#primaryimage"},"image":{"@id":"https:\/\/fyno.pt\/news\/companheiro-detido-assassinato-britanica-albufeira\/#primaryimage"},"thumbnailUrl":"https:\/\/fyno.pt\/wp-content\/uploads\/2026\/09\/2824845920170615ALGARVEPHOTOPRESS0024.jpg","datePublished":"2026-09-02T20:58:28+00:00","author":{"@id":"https:\/\/fyno.pt\/#\/schema\/person\/ab5b330ed5ed05f1b4a7b8e438f68187"},"description":"Companheiro \u00e9 detido ap\u00f3s assassinato brutal de brit\u00e2nica em Albufeira. Investiga\u00e7\u00e3o e apoio \u00e0 fam\u00edlia est\u00e3o em andamento.","breadcrumb":{"@id":"https:\/\/fyno.pt\/news\/companheiro-detido-assassinato-britanica-albufeira\/#breadcrumb"},"inLanguage":"pt-PT","potentialAction":[{"@type":"ReadAction","target":["https:\/\/fyno.pt\/news\/companheiro-detido-assassinato-britanica-albufeira\/"]}]},{"@type":"ImageObject","inLanguage":"pt-PT","@id":"https:\/\/fyno.pt\/news\/companheiro-detido-assassinato-britanica-albufeira\/#primaryimage","url":"https:\/\/fyno.pt\/wp-content\/uploads\/2026\/09\/2824845920170615ALGARVEPHOTOPRESS0024.jpg","contentUrl":"https:\/\/fyno.pt\/wp-content\/uploads\/2026\/09\/2824845920170615ALGARVEPHOTOPRESS0024.jpg","width":1200,"height":800,"caption":"Andr\u00e9 Vidigal \/ Global Imagens"},{"@type":"BreadcrumbList","@id":"https:\/\/fyno.pt\/news\/companheiro-detido-assassinato-britanica-albufeira\/#breadcrumb","itemListElement":[{"@type":"ListItem","position":1,"name":"In\u00edcio","item":"https:\/\/fyno.pt\/"},{"@type":"ListItem","position":2,"name":"Companheiro \u00e9 detido ap\u00f3s assassinato de brit\u00e2nica em Albufeira"}]},{"@type":"WebSite","@id":"https:\/\/fyno.pt\/#website","url":"https:\/\/fyno.pt\/","name":"Fyno","description":"Not\u00edcia e informa\u00e7\u00e3o","potentialAction":[{"@type":"SearchAction","target":{"@type":"EntryPoint","urlTemplate":"https:\/\/fyno.pt\/?s={search_term_string}"},"query-input":{"@type":"PropertyValueSpecification","valueRequired":true,"valueName":"search_term_string"}}],"inLanguage":"pt-PT"},{"@type":"Person","@id":"https:\/\/fyno.pt\/#\/schema\/person\/ab5b330ed5ed05f1b4a7b8e438f68187","name":"Fyno","image":{"@type":"ImageObject","inLanguage":"pt-PT","@id":"https:\/\/fyno.pt\/wp-content\/litespeed\/avatar\/8f51870e8d94c234e288da840d914372.jpg?ver=1788205134","url":"https:\/\/fyno.pt\/wp-content\/litespeed\/avatar\/8f51870e8d94c234e288da840d914372.jpg?ver=1788205134","contentUrl":"https:\/\/fyno.pt\/wp-content\/litespeed\/avatar\/8f51870e8d94c234e288da840d914372.jpg?ver=1788205134","caption":"Fyno"},"description":"A sua fonte de informa\u00e7\u00e3o.","url":"https:\/\/fyno.pt\/pt\/author\/fynopt\/"}]}},"_links":{"self":[{"href":"https:\/\/fyno.pt\/pt\/wp-json\/wp\/v2\/posts\/43708","targetHints":{"allow":["GET"]}}],"collection":[{"href":"https:\/\/fyno.pt\/pt\/wp-json\/wp\/v2\/posts"}],"about":[{"href":"https:\/\/fyno.pt\/pt\/wp-json\/wp\/v2\/types\/post"}],"author":[{"embeddable":true,"href":"https:\/\/fyno.pt\/pt\/wp-json\/wp\/v2\/users\/9"}],"replies":[{"embeddable":true,"href":"https:\/\/fyno.pt\/pt\/wp-json\/wp\/v2\/comments?post=43708"}],"version-history":[{"count":1,"href":"https:\/\/fyno.pt\/pt\/wp-json\/wp\/v2\/posts\/43708\/revisions"}],"predecessor-version":[{"id":43710,"href":"https:\/\/fyno.pt\/pt\/wp-json\/wp\/v2\/posts\/43708\/revisions\/43710"}],"wp:featuredmedia":[{"embeddable":true,"href":"https:\/\/fyno.pt\/pt\/wp-json\/wp\/v2\/media\/43709"}],"wp:attachment":[{"href":"https:\/\/fyno.pt\/pt\/wp-json\/wp\/v2\/media?parent=43708"}],"wp:term":[{"taxonomy":"category","embeddable":true,"href":"https:\/\/fyno.pt\/pt\/wp-json\/wp\/v2\/categories?post=43708"},{"taxonomy":"post_tag","embeddable":true,"href":"https:\/\/fyno.pt\/pt\/wp-json\/wp\/v2\/tags?post=43708"}],"curies":[{"name":"wp","href":"https:\/\/api.w.org\/{rel}","templated":true}]}}