{"id":43702,"date":"2026-09-02T17:28:09","date_gmt":"2026-09-02T20:28:09","guid":{"rendered":"https:\/\/fyno.pt\/pt\/?p=43702"},"modified":"2026-09-02T17:28:09","modified_gmt":"2026-09-02T20:28:09","slug":"queda-pedras-estrada-eira-serrado","status":"publish","type":"post","link":"https:\/\/fyno.pt\/pt\/news\/queda-pedras-estrada-eira-serrado\/","title":{"rendered":"Queda de pedras afeta Estrada da Eira do Serrado em c\u00e2mara de Lobos"},"content":{"rendered":"<p>Na tarde de hoje, uma queda de pedras de grandes dimens\u00f5es aconteceu na Estrada da Eira do Serrado, localizada no concelho de C\u00e2mara de Lobos. O incidente levantou preocupa\u00e7\u00f5es sobre a seguran\u00e7a da via, que \u00e9 frequentemente utilizada por moradores e visitantes da regi\u00e3o.<\/p>\n\n\n\n<h2 class=\"wp-block-heading\">Impacto na Estrada<\/h2>\n\n\n\n<p>A queda de pedras pode ter implica\u00e7\u00f5es significativas para o tr\u00e1fego local. A Estrada da Eira do Serrado \u00e9 uma rota importante para acesso \u00e0 \u00e1rea, e o bloqueio pode afetar n\u00e3o apenas os residentes, mas tamb\u00e9m turistas que visitam a regi\u00e3o em busca de suas belezas naturais.<\/p>\n\n\n\n<h2 class=\"wp-block-heading\">A\u00e7\u00f5es em andamento<\/h2>\n\n\n\n<p>As autoridades est\u00e3o cientes da situa\u00e7\u00e3o e devem iniciar a\u00e7\u00f5es para limpar a estrada e garantir a seguran\u00e7a dos motoristas. \u00c9 aguardada uma avalia\u00e7\u00e3o t\u00e9cnica para determinar as medidas necess\u00e1rias para evitar novos deslizamentos de pedras na \u00e1rea.<\/p>\n\n\n\n<h2 class=\"wp-block-heading\">Seguran\u00e7a em primeiro lugar<\/h2>\n\n\n\n<p>Este incidente serve como um lembrete da import\u00e2ncia de monitorar \u00e1reas propensas a deslizamentos, especialmente em regi\u00f5es montanhosas. A seguran\u00e7a dos usu\u00e1rios da estrada deve ser sempre priorizada, e medidas preventivas s\u00e3o essenciais para evitar futuros problemas.<\/p>","protected":false},"excerpt":{"rendered":"<p>Incidente ocorreu na tarde de hoje, gerando preocupa\u00e7\u00f5es sobre a seguran\u00e7a da via.<\/p>","protected":false},"author":9,"featured_media":43703,"comment_status":"open","ping_status":"open","sticky":false,"template":"","format":"standard","meta":{"footnotes":""},"categories":[560],"tags":[2156,2157,2158,1823,2159],"class_list":["post-43702","post","type-post","status-publish","format-standard","has-post-thumbnail","hentry","category-news","tag-camara-de-lobos","tag-estrada-da-eira","tag-queda-de-pedras","tag-seguranca","tag-trafego"],"yoast_head":"<!-- This site is optimized with the Yoast SEO Premium plugin v27.9 (Yoast SEO v27.9) - https:\/\/yoast.com\/product\/yoast-seo-premium-wordpress\/ -->\n<title>queda de pedras bloqueia estrada em c\u00e2mara de lobos<\/title>\n<meta name=\"description\" content=\"Queda de pedras afeta Estrada da Eira do Serrado em C\u00e2mara de Lobos e levanta preocupa\u00e7\u00f5es sobre seguran\u00e7a da via.\" \/>\n<meta name=\"robots\" content=\"index, follow, max-snippet:-1, max-image-preview:large, max-video-preview:-1\" \/>\n<link rel=\"canonical\" href=\"https:\/\/fyno.pt\/pt\/news\/queda-pedras-estrada-eira-serrado\/\" \/>\n<meta property=\"og:locale\" content=\"pt_PT\" \/>\n<meta property=\"og:type\" content=\"article\" \/>\n<meta property=\"og:title\" content=\"Queda de pedras afeta Estrada da Eira do Serrado em c\u00e2mara de Lobos\" \/>\n<meta property=\"og:description\" content=\"Queda de pedras afeta Estrada da Eira do Serrado em C\u00e2mara de Lobos e levanta preocupa\u00e7\u00f5es sobre seguran\u00e7a da via.\" \/>\n<meta property=\"og:url\" content=\"https:\/\/fyno.pt\/pt\/news\/queda-pedras-estrada-eira-serrado\/\" \/>\n<meta property=\"og:site_name\" content=\"Fyno\" \/>\n<meta property=\"article:published_time\" content=\"2026-09-02T20:28:09+00:00\" \/>\n<meta property=\"og:image\" content=\"https:\/\/fyno.pt\/wp-content\/uploads\/2026\/09\/WhatsApp_Image_2026-09-02_at_20.05.34.jpeg\" \/>\n\t<meta property=\"og:image:width\" content=\"640\" \/>\n\t<meta property=\"og:image:height\" content=\"360\" \/>\n\t<meta property=\"og:image:type\" content=\"image\/jpeg\" \/>\n<meta name=\"author\" content=\"Fyno\" \/>\n<meta name=\"twitter:card\" content=\"summary_large_image\" \/>\n<meta name=\"twitter:label1\" content=\"Escrito por\" \/>\n\t<meta name=\"twitter:data1\" content=\"Fyno\" \/>\n\t<meta name=\"twitter:label2\" content=\"Tempo estimado de leitura\" \/>\n\t<meta name=\"twitter:data2\" content=\"1 minuto\" \/>\n<script type=\"application\/ld+json\" class=\"yoast-schema-graph\">{\"@context\":\"https:\\\/\\\/schema.org\",\"@graph\":[{\"@type\":\"Article\",\"@id\":\"https:\\\/\\\/fyno.pt\\\/pt\\\/news\\\/queda-pedras-estrada-eira-serrado\\\/#article\",\"isPartOf\":{\"@id\":\"https:\\\/\\\/fyno.pt\\\/pt\\\/news\\\/queda-pedras-estrada-eira-serrado\\\/\"},\"author\":{\"name\":\"Fyno\",\"@id\":\"https:\\\/\\\/fyno.pt\\\/#\\\/schema\\\/person\\\/ab5b330ed5ed05f1b4a7b8e438f68187\"},\"headline\":\"Queda de pedras afeta Estrada da Eira do Serrado em c\u00e2mara de Lobos\",\"datePublished\":\"2026-09-02T20:28:09+00:00\",\"mainEntityOfPage\":{\"@id\":\"https:\\\/\\\/fyno.pt\\\/pt\\\/news\\\/queda-pedras-estrada-eira-serrado\\\/\"},\"wordCount\":211,\"commentCount\":0,\"image\":{\"@id\":\"https:\\\/\\\/fyno.pt\\\/pt\\\/news\\\/queda-pedras-estrada-eira-serrado\\\/#primaryimage\"},\"thumbnailUrl\":\"https:\\\/\\\/fyno.pt\\\/wp-content\\\/uploads\\\/2026\\\/09\\\/WhatsApp_Image_2026-09-02_at_20.05.34.jpeg\",\"keywords\":[\"C\u00e2mara de Lobos\",\"Estrada da Eira\",\"queda de pedras\",\"seguran\u00e7a\",\"tr\u00e1fego\"],\"articleSection\":[\"News\"],\"inLanguage\":\"pt-PT\",\"potentialAction\":[{\"@type\":\"CommentAction\",\"name\":\"Comment\",\"target\":[\"https:\\\/\\\/fyno.pt\\\/pt\\\/news\\\/queda-pedras-estrada-eira-serrado\\\/#respond\"]}]},{\"@type\":\"WebPage\",\"@id\":\"https:\\\/\\\/fyno.pt\\\/pt\\\/news\\\/queda-pedras-estrada-eira-serrado\\\/\",\"url\":\"https:\\\/\\\/fyno.pt\\\/pt\\\/news\\\/queda-pedras-estrada-eira-serrado\\\/\",\"name\":\"queda de pedras bloqueia estrada em c\u00e2mara de lobos\",\"isPartOf\":{\"@id\":\"https:\\\/\\\/fyno.pt\\\/#website\"},\"primaryImageOfPage\":{\"@id\":\"https:\\\/\\\/fyno.pt\\\/pt\\\/news\\\/queda-pedras-estrada-eira-serrado\\\/#primaryimage\"},\"image\":{\"@id\":\"https:\\\/\\\/fyno.pt\\\/pt\\\/news\\\/queda-pedras-estrada-eira-serrado\\\/#primaryimage\"},\"thumbnailUrl\":\"https:\\\/\\\/fyno.pt\\\/wp-content\\\/uploads\\\/2026\\\/09\\\/WhatsApp_Image_2026-09-02_at_20.05.34.jpeg\",\"datePublished\":\"2026-09-02T20:28:09+00:00\",\"author\":{\"@id\":\"https:\\\/\\\/fyno.pt\\\/#\\\/schema\\\/person\\\/ab5b330ed5ed05f1b4a7b8e438f68187\"},\"description\":\"Queda de pedras afeta Estrada da Eira do Serrado em C\u00e2mara de Lobos e levanta preocupa\u00e7\u00f5es sobre seguran\u00e7a da via.\",\"breadcrumb\":{\"@id\":\"https:\\\/\\\/fyno.pt\\\/pt\\\/news\\\/queda-pedras-estrada-eira-serrado\\\/#breadcrumb\"},\"inLanguage\":\"pt-PT\",\"potentialAction\":[{\"@type\":\"ReadAction\",\"target\":[\"https:\\\/\\\/fyno.pt\\\/pt\\\/news\\\/queda-pedras-estrada-eira-serrado\\\/\"]}]},{\"@type\":\"ImageObject\",\"inLanguage\":\"pt-PT\",\"@id\":\"https:\\\/\\\/fyno.pt\\\/pt\\\/news\\\/queda-pedras-estrada-eira-serrado\\\/#primaryimage\",\"url\":\"https:\\\/\\\/fyno.pt\\\/wp-content\\\/uploads\\\/2026\\\/09\\\/WhatsApp_Image_2026-09-02_at_20.05.34.jpeg\",\"contentUrl\":\"https:\\\/\\\/fyno.pt\\\/wp-content\\\/uploads\\\/2026\\\/09\\\/WhatsApp_Image_2026-09-02_at_20.05.34.jpeg\",\"width\":640,\"height\":360,\"caption\":\"Queda de pedras de grandes dimens\u00f5es na Eira do SerradoCr\u00e9ditos:Fotos DR\"},{\"@type\":\"BreadcrumbList\",\"@id\":\"https:\\\/\\\/fyno.pt\\\/pt\\\/news\\\/queda-pedras-estrada-eira-serrado\\\/#breadcrumb\",\"itemListElement\":[{\"@type\":\"ListItem\",\"position\":1,\"name\":\"In\u00edcio\",\"item\":\"https:\\\/\\\/fyno.pt\\\/\"},{\"@type\":\"ListItem\",\"position\":2,\"name\":\"Queda de pedras afeta Estrada da Eira do Serrado em c\u00e2mara de Lobos\"}]},{\"@type\":\"WebSite\",\"@id\":\"https:\\\/\\\/fyno.pt\\\/#website\",\"url\":\"https:\\\/\\\/fyno.pt\\\/\",\"name\":\"Fyno\",\"description\":\"Not\u00edcia e informa\u00e7\u00e3o\",\"potentialAction\":[{\"@type\":\"SearchAction\",\"target\":{\"@type\":\"EntryPoint\",\"urlTemplate\":\"https:\\\/\\\/fyno.pt\\\/?s={search_term_string}\"},\"query-input\":{\"@type\":\"PropertyValueSpecification\",\"valueRequired\":true,\"valueName\":\"search_term_string\"}}],\"inLanguage\":\"pt-PT\"},{\"@type\":\"Person\",\"@id\":\"https:\\\/\\\/fyno.pt\\\/#\\\/schema\\\/person\\\/ab5b330ed5ed05f1b4a7b8e438f68187\",\"name\":\"Fyno\",\"image\":{\"@type\":\"ImageObject\",\"inLanguage\":\"pt-PT\",\"@id\":\"https:\\\/\\\/fyno.pt\\\/wp-content\\\/litespeed\\\/avatar\\\/8f51870e8d94c234e288da840d914372.jpg?ver=1788205134\",\"url\":\"https:\\\/\\\/fyno.pt\\\/wp-content\\\/litespeed\\\/avatar\\\/8f51870e8d94c234e288da840d914372.jpg?ver=1788205134\",\"contentUrl\":\"https:\\\/\\\/fyno.pt\\\/wp-content\\\/litespeed\\\/avatar\\\/8f51870e8d94c234e288da840d914372.jpg?ver=1788205134\",\"caption\":\"Fyno\"},\"description\":\"A sua fonte de informa\u00e7\u00e3o.\",\"url\":\"https:\\\/\\\/fyno.pt\\\/pt\\\/author\\\/fynopt\\\/\"}]}<\/script>\n<!-- \/ Yoast SEO Premium plugin. -->","yoast_head_json":{"title":"queda de pedras bloqueia estrada em c\u00e2mara de lobos","description":"Queda de pedras afeta Estrada da Eira do Serrado em C\u00e2mara de Lobos e levanta preocupa\u00e7\u00f5es sobre seguran\u00e7a da via.","robots":{"index":"index","follow":"follow","max-snippet":"max-snippet:-1","max-image-preview":"max-image-preview:large","max-video-preview":"max-video-preview:-1"},"canonical":"https:\/\/fyno.pt\/pt\/news\/queda-pedras-estrada-eira-serrado\/","og_locale":"pt_PT","og_type":"article","og_title":"Queda de pedras afeta Estrada da Eira do Serrado em c\u00e2mara de Lobos","og_description":"Queda de pedras afeta Estrada da Eira do Serrado em C\u00e2mara de Lobos e levanta preocupa\u00e7\u00f5es sobre seguran\u00e7a da via.","og_url":"https:\/\/fyno.pt\/pt\/news\/queda-pedras-estrada-eira-serrado\/","og_site_name":"Fyno","article_published_time":"2026-09-02T20:28:09+00:00","og_image":[{"width":640,"height":360,"url":"https:\/\/fyno.pt\/wp-content\/uploads\/2026\/09\/WhatsApp_Image_2026-09-02_at_20.05.34.jpeg","type":"image\/jpeg"}],"author":"Fyno","twitter_card":"summary_large_image","twitter_misc":{"Escrito por":"Fyno","Tempo estimado de leitura":"1 minuto"},"schema":{"@context":"https:\/\/schema.org","@graph":[{"@type":"Article","@id":"https:\/\/fyno.pt\/pt\/news\/queda-pedras-estrada-eira-serrado\/#article","isPartOf":{"@id":"https:\/\/fyno.pt\/pt\/news\/queda-pedras-estrada-eira-serrado\/"},"author":{"name":"Fyno","@id":"https:\/\/fyno.pt\/#\/schema\/person\/ab5b330ed5ed05f1b4a7b8e438f68187"},"headline":"Queda de pedras afeta Estrada da Eira do Serrado em c\u00e2mara de Lobos","datePublished":"2026-09-02T20:28:09+00:00","mainEntityOfPage":{"@id":"https:\/\/fyno.pt\/pt\/news\/queda-pedras-estrada-eira-serrado\/"},"wordCount":211,"commentCount":0,"image":{"@id":"https:\/\/fyno.pt\/pt\/news\/queda-pedras-estrada-eira-serrado\/#primaryimage"},"thumbnailUrl":"https:\/\/fyno.pt\/wp-content\/uploads\/2026\/09\/WhatsApp_Image_2026-09-02_at_20.05.34.jpeg","keywords":["C\u00e2mara de Lobos","Estrada da Eira","queda de pedras","seguran\u00e7a","tr\u00e1fego"],"articleSection":["News"],"inLanguage":"pt-PT","potentialAction":[{"@type":"CommentAction","name":"Comment","target":["https:\/\/fyno.pt\/pt\/news\/queda-pedras-estrada-eira-serrado\/#respond"]}]},{"@type":"WebPage","@id":"https:\/\/fyno.pt\/pt\/news\/queda-pedras-estrada-eira-serrado\/","url":"https:\/\/fyno.pt\/pt\/news\/queda-pedras-estrada-eira-serrado\/","name":"queda de pedras bloqueia estrada em c\u00e2mara de lobos","isPartOf":{"@id":"https:\/\/fyno.pt\/#website"},"primaryImageOfPage":{"@id":"https:\/\/fyno.pt\/pt\/news\/queda-pedras-estrada-eira-serrado\/#primaryimage"},"image":{"@id":"https:\/\/fyno.pt\/pt\/news\/queda-pedras-estrada-eira-serrado\/#primaryimage"},"thumbnailUrl":"https:\/\/fyno.pt\/wp-content\/uploads\/2026\/09\/WhatsApp_Image_2026-09-02_at_20.05.34.jpeg","datePublished":"2026-09-02T20:28:09+00:00","author":{"@id":"https:\/\/fyno.pt\/#\/schema\/person\/ab5b330ed5ed05f1b4a7b8e438f68187"},"description":"Queda de pedras afeta Estrada da Eira do Serrado em C\u00e2mara de Lobos e levanta preocupa\u00e7\u00f5es sobre seguran\u00e7a da via.","breadcrumb":{"@id":"https:\/\/fyno.pt\/pt\/news\/queda-pedras-estrada-eira-serrado\/#breadcrumb"},"inLanguage":"pt-PT","potentialAction":[{"@type":"ReadAction","target":["https:\/\/fyno.pt\/pt\/news\/queda-pedras-estrada-eira-serrado\/"]}]},{"@type":"ImageObject","inLanguage":"pt-PT","@id":"https:\/\/fyno.pt\/pt\/news\/queda-pedras-estrada-eira-serrado\/#primaryimage","url":"https:\/\/fyno.pt\/wp-content\/uploads\/2026\/09\/WhatsApp_Image_2026-09-02_at_20.05.34.jpeg","contentUrl":"https:\/\/fyno.pt\/wp-content\/uploads\/2026\/09\/WhatsApp_Image_2026-09-02_at_20.05.34.jpeg","width":640,"height":360,"caption":"Queda de pedras de grandes dimens\u00f5es na Eira do SerradoCr\u00e9ditos:Fotos DR"},{"@type":"BreadcrumbList","@id":"https:\/\/fyno.pt\/pt\/news\/queda-pedras-estrada-eira-serrado\/#breadcrumb","itemListElement":[{"@type":"ListItem","position":1,"name":"In\u00edcio","item":"https:\/\/fyno.pt\/"},{"@type":"ListItem","position":2,"name":"Queda de pedras afeta Estrada da Eira do Serrado em c\u00e2mara de Lobos"}]},{"@type":"WebSite","@id":"https:\/\/fyno.pt\/#website","url":"https:\/\/fyno.pt\/","name":"Fyno","description":"Not\u00edcia e informa\u00e7\u00e3o","potentialAction":[{"@type":"SearchAction","target":{"@type":"EntryPoint","urlTemplate":"https:\/\/fyno.pt\/?s={search_term_string}"},"query-input":{"@type":"PropertyValueSpecification","valueRequired":true,"valueName":"search_term_string"}}],"inLanguage":"pt-PT"},{"@type":"Person","@id":"https:\/\/fyno.pt\/#\/schema\/person\/ab5b330ed5ed05f1b4a7b8e438f68187","name":"Fyno","image":{"@type":"ImageObject","inLanguage":"pt-PT","@id":"https:\/\/fyno.pt\/wp-content\/litespeed\/avatar\/8f51870e8d94c234e288da840d914372.jpg?ver=1788205134","url":"https:\/\/fyno.pt\/wp-content\/litespeed\/avatar\/8f51870e8d94c234e288da840d914372.jpg?ver=1788205134","contentUrl":"https:\/\/fyno.pt\/wp-content\/litespeed\/avatar\/8f51870e8d94c234e288da840d914372.jpg?ver=1788205134","caption":"Fyno"},"description":"A sua fonte de informa\u00e7\u00e3o.","url":"https:\/\/fyno.pt\/pt\/author\/fynopt\/"}]}},"_links":{"self":[{"href":"https:\/\/fyno.pt\/pt\/wp-json\/wp\/v2\/posts\/43702","targetHints":{"allow":["GET"]}}],"collection":[{"href":"https:\/\/fyno.pt\/pt\/wp-json\/wp\/v2\/posts"}],"about":[{"href":"https:\/\/fyno.pt\/pt\/wp-json\/wp\/v2\/types\/post"}],"author":[{"embeddable":true,"href":"https:\/\/fyno.pt\/pt\/wp-json\/wp\/v2\/users\/9"}],"replies":[{"embeddable":true,"href":"https:\/\/fyno.pt\/pt\/wp-json\/wp\/v2\/comments?post=43702"}],"version-history":[{"count":1,"href":"https:\/\/fyno.pt\/pt\/wp-json\/wp\/v2\/posts\/43702\/revisions"}],"predecessor-version":[{"id":43704,"href":"https:\/\/fyno.pt\/pt\/wp-json\/wp\/v2\/posts\/43702\/revisions\/43704"}],"wp:featuredmedia":[{"embeddable":true,"href":"https:\/\/fyno.pt\/pt\/wp-json\/wp\/v2\/media\/43703"}],"wp:attachment":[{"href":"https:\/\/fyno.pt\/pt\/wp-json\/wp\/v2\/media?parent=43702"}],"wp:term":[{"taxonomy":"category","embeddable":true,"href":"https:\/\/fyno.pt\/pt\/wp-json\/wp\/v2\/categories?post=43702"},{"taxonomy":"post_tag","embeddable":true,"href":"https:\/\/fyno.pt\/pt\/wp-json\/wp\/v2\/tags?post=43702"}],"curies":[{"name":"wp","href":"https:\/\/api.w.org\/{rel}","templated":true}]}}