{"id":43699,"date":"2026-09-02T17:27:55","date_gmt":"2026-09-02T20:27:55","guid":{"rendered":"https:\/\/fyno.pt\/pt\/?p=43699"},"modified":"2026-09-02T17:27:55","modified_gmt":"2026-09-02T20:27:55","slug":"ponte-eiffel-rio-ancora","status":"publish","type":"post","link":"https:\/\/fyno.pt\/pt\/mundo\/ponte-eiffel-rio-ancora\/","title":{"rendered":"Ponte Eiffel do rio \u00c2ncora: Um patrim\u00f4nio ferrovi\u00e1rio em risco"},"content":{"rendered":"<p>A Ponte Eiffel do rio \u00c2ncora, uma importante estrutura do patrim\u00f4nio industrial ferrovi\u00e1rio em Caminha, enfrenta um futuro incerto ap\u00f3s sua desativa\u00e7\u00e3o em 1989. Esta ponte, que originalmente facilitava a travessia ferrovi\u00e1ria sobre o rio \u00c2ncora, \u00e9 parte vital da Linha do Minho, a \u00fanica linha ferrovi\u00e1ria do Noroeste de Portugal.<\/p>\n\n\n\n<h2 class=\"wp-block-heading\">Import\u00e2ncia hist\u00f3rica e constru\u00e7\u00e3o<\/h2>\n\n\n\n<p>Constru\u00edda pela Casa Eiffel &amp; Cia, a ponte se insere em um amplo conjunto de obras que a empresa realizou em Portugal, onde foi seu segundo maior cliente, perdendo apenas para a Fran\u00e7a. No final do s\u00e9culo XIX, a ferrovia come\u00e7ou a se expandir em um pa\u00eds carente de infraestrutura, quebrando barreiras de isolamento.<\/p>\n\n\n\n<p>Entre 1875 e 1890, a Casa Eiffel &amp; Cia ergueu v\u00e1rias infraestruturas em todo o territ\u00f3rio portugu\u00eas, aproveitando sua capacidade de constru\u00e7\u00e3o r\u00e1pida e econ\u00f4mica. Este processo envolvia a pr\u00e9-fabrica\u00e7\u00e3o de elementos essenciais, como pilares e rampas de acesso, adaptando-se \u00e0s caracter\u00edsticas geogr\u00e1ficas locais.<\/p>\n\n\n\n<p>Alexandre Gustave Eiffel, al\u00e9m de ser o criador da famosa Torre Eiffel, deixou seu legado em diversas obras ao redor do mundo, incluindo a Est\u00e1tua da Liberdade e a constru\u00e7\u00e3o do Canal do Panam\u00e1. Sua reputa\u00e7\u00e3o \u00e9 sustentada pela beleza e qualidade de suas cria\u00e7\u00f5es, que atraem admiradores globalmente.<\/p>\n\n\n\n<h2 class=\"wp-block-heading\">Desativa\u00e7\u00e3o e abandono<\/h2>\n\n\n\n<p>Ap\u00f3s sua desativa\u00e7\u00e3o, a ponte foi abandonada \u00e0s margens do rio \u00c2ncora, sem o reconhecimento devido por parte do munic\u00edpio de Caminha. Em 1993, a estrutura foi transferida para P\u00f3voa de Lanhoso, com a inten\u00e7\u00e3o de ser utilizada em uma nova travessia rodovi\u00e1ria, um projeto que nunca se concretizou.<\/p>\n\n\n\n<p>Desde ent\u00e3o, a ponte permanece sem cuidados adequados, exposta \u00e0s intemp\u00e9ries e ao descaso. Tentativas de resgatar a obra e devolv\u00ea-la ao seu local original t\u00eam sido feitas, mas sem sucesso. A burocracia e a falta de vontade pol\u00edtica parecem impedir que o valor hist\u00f3rico da ponte seja devidamente considerado.<\/p>\n\n\n\n<h2 class=\"wp-block-heading\">Futuro incerto<\/h2>\n\n\n\n<p>A ponte, que se aproxima de 150 anos de exist\u00eancia, merece aten\u00e7\u00e3o e a\u00e7\u00f5es concretas para sua preserva\u00e7\u00e3o. Apesar das declara\u00e7\u00f5es sobre os custos de reabilita\u00e7\u00e3o, as negocia\u00e7\u00f5es entre as autarquias envolvidas n\u00e3o avan\u00e7am, e a ponte corre o risco de se deteriorar ainda mais. As dificuldades em definir seu destino refletem um problema maior na gest\u00e3o do patrim\u00f4nio hist\u00f3rico em Portugal, onde a burocracia muitas vezes se sobrep\u00f5e \u00e0 valoriza\u00e7\u00e3o cultural.<\/p>","protected":false},"excerpt":{"rendered":"<p>A ic\u00f4nica ponte, um s\u00edmbolo da hist\u00f3ria industrial, enfrenta abandono e incertezas sobre seu futuro.<\/p>","protected":false},"author":9,"featured_media":43700,"comment_status":"open","ping_status":"open","sticky":false,"template":"","format":"standard","meta":{"footnotes":""},"categories":[51],"tags":[2153,2154,807,2100,2155],"class_list":["post-43699","post","type-post","status-publish","format-standard","has-post-thumbnail","hentry","category-mundo","tag-caminha","tag-ferrovias","tag-historia","tag-patrimonio","tag-preservacao"],"yoast_head":"<!-- This site is optimized with the Yoast SEO Premium plugin v27.9 (Yoast SEO v27.9) - https:\/\/yoast.com\/product\/yoast-seo-premium-wordpress\/ -->\n<title>ponte eiffel do rio \u00e2ncora enfrenta futuro incerto<\/title>\n<meta name=\"description\" content=\"A Ponte Eiffel do rio \u00c2ncora \u00e9 um patrim\u00f4nio ferrovi\u00e1rio em risco, desativada desde 1989 e sem cuidados adequados.\" \/>\n<meta name=\"robots\" content=\"index, follow, max-snippet:-1, max-image-preview:large, max-video-preview:-1\" \/>\n<link rel=\"canonical\" href=\"https:\/\/fyno.pt\/pt\/mundo\/ponte-eiffel-rio-ancora\/\" \/>\n<meta property=\"og:locale\" content=\"pt_PT\" \/>\n<meta property=\"og:type\" content=\"article\" \/>\n<meta property=\"og:title\" content=\"Ponte Eiffel do rio \u00c2ncora: Um patrim\u00f4nio ferrovi\u00e1rio em risco\" \/>\n<meta property=\"og:description\" content=\"A Ponte Eiffel do rio \u00c2ncora \u00e9 um patrim\u00f4nio ferrovi\u00e1rio em risco, desativada desde 1989 e sem cuidados adequados.\" \/>\n<meta property=\"og:url\" content=\"https:\/\/fyno.pt\/pt\/mundo\/ponte-eiffel-rio-ancora\/\" \/>\n<meta property=\"og:site_name\" content=\"Fyno\" \/>\n<meta property=\"article:published_time\" content=\"2026-09-02T20:27:55+00:00\" \/>\n<meta property=\"og:image\" content=\"https:\/\/fyno.pt\/wp-content\/uploads\/2026\/09\/vpancora-1160x630-1.jpg\" \/>\n\t<meta property=\"og:image:width\" content=\"1160\" \/>\n\t<meta property=\"og:image:height\" content=\"630\" \/>\n\t<meta property=\"og:image:type\" content=\"image\/jpeg\" \/>\n<meta name=\"author\" content=\"Fyno\" \/>\n<meta name=\"twitter:card\" content=\"summary_large_image\" \/>\n<meta name=\"twitter:label1\" content=\"Escrito por\" \/>\n\t<meta name=\"twitter:data1\" content=\"Fyno\" \/>\n\t<meta name=\"twitter:label2\" content=\"Tempo estimado de leitura\" \/>\n\t<meta name=\"twitter:data2\" content=\"2 minutos\" \/>\n<script type=\"application\/ld+json\" class=\"yoast-schema-graph\">{\"@context\":\"https:\\\/\\\/schema.org\",\"@graph\":[{\"@type\":\"Article\",\"@id\":\"https:\\\/\\\/fyno.pt\\\/pt\\\/mundo\\\/ponte-eiffel-rio-ancora\\\/#article\",\"isPartOf\":{\"@id\":\"https:\\\/\\\/fyno.pt\\\/pt\\\/mundo\\\/ponte-eiffel-rio-ancora\\\/\"},\"author\":{\"name\":\"Fyno\",\"@id\":\"https:\\\/\\\/fyno.pt\\\/#\\\/schema\\\/person\\\/ab5b330ed5ed05f1b4a7b8e438f68187\"},\"headline\":\"Ponte Eiffel do rio \u00c2ncora: Um patrim\u00f4nio ferrovi\u00e1rio em risco\",\"datePublished\":\"2026-09-02T20:27:55+00:00\",\"mainEntityOfPage\":{\"@id\":\"https:\\\/\\\/fyno.pt\\\/pt\\\/mundo\\\/ponte-eiffel-rio-ancora\\\/\"},\"wordCount\":438,\"commentCount\":0,\"image\":{\"@id\":\"https:\\\/\\\/fyno.pt\\\/pt\\\/mundo\\\/ponte-eiffel-rio-ancora\\\/#primaryimage\"},\"thumbnailUrl\":\"https:\\\/\\\/fyno.pt\\\/wp-content\\\/uploads\\\/2026\\\/09\\\/vpancora-1160x630-1.jpg\",\"keywords\":[\"Caminha\",\"ferrovias\",\"Hist\u00f3ria\",\"patrim\u00f4nio\",\"preserva\u00e7\u00e3o\"],\"articleSection\":[\"Mundo\"],\"inLanguage\":\"pt-PT\",\"potentialAction\":[{\"@type\":\"CommentAction\",\"name\":\"Comment\",\"target\":[\"https:\\\/\\\/fyno.pt\\\/pt\\\/mundo\\\/ponte-eiffel-rio-ancora\\\/#respond\"]}]},{\"@type\":\"WebPage\",\"@id\":\"https:\\\/\\\/fyno.pt\\\/pt\\\/mundo\\\/ponte-eiffel-rio-ancora\\\/\",\"url\":\"https:\\\/\\\/fyno.pt\\\/pt\\\/mundo\\\/ponte-eiffel-rio-ancora\\\/\",\"name\":\"ponte eiffel do rio \u00e2ncora enfrenta futuro incerto\",\"isPartOf\":{\"@id\":\"https:\\\/\\\/fyno.pt\\\/#website\"},\"primaryImageOfPage\":{\"@id\":\"https:\\\/\\\/fyno.pt\\\/pt\\\/mundo\\\/ponte-eiffel-rio-ancora\\\/#primaryimage\"},\"image\":{\"@id\":\"https:\\\/\\\/fyno.pt\\\/pt\\\/mundo\\\/ponte-eiffel-rio-ancora\\\/#primaryimage\"},\"thumbnailUrl\":\"https:\\\/\\\/fyno.pt\\\/wp-content\\\/uploads\\\/2026\\\/09\\\/vpancora-1160x630-1.jpg\",\"datePublished\":\"2026-09-02T20:27:55+00:00\",\"author\":{\"@id\":\"https:\\\/\\\/fyno.pt\\\/#\\\/schema\\\/person\\\/ab5b330ed5ed05f1b4a7b8e438f68187\"},\"description\":\"A Ponte Eiffel do rio \u00c2ncora \u00e9 um patrim\u00f4nio ferrovi\u00e1rio em risco, desativada desde 1989 e sem cuidados adequados.\",\"breadcrumb\":{\"@id\":\"https:\\\/\\\/fyno.pt\\\/pt\\\/mundo\\\/ponte-eiffel-rio-ancora\\\/#breadcrumb\"},\"inLanguage\":\"pt-PT\",\"potentialAction\":[{\"@type\":\"ReadAction\",\"target\":[\"https:\\\/\\\/fyno.pt\\\/pt\\\/mundo\\\/ponte-eiffel-rio-ancora\\\/\"]}]},{\"@type\":\"ImageObject\",\"inLanguage\":\"pt-PT\",\"@id\":\"https:\\\/\\\/fyno.pt\\\/pt\\\/mundo\\\/ponte-eiffel-rio-ancora\\\/#primaryimage\",\"url\":\"https:\\\/\\\/fyno.pt\\\/wp-content\\\/uploads\\\/2026\\\/09\\\/vpancora-1160x630-1.jpg\",\"contentUrl\":\"https:\\\/\\\/fyno.pt\\\/wp-content\\\/uploads\\\/2026\\\/09\\\/vpancora-1160x630-1.jpg\",\"width\":1160,\"height\":630,\"caption\":\"Foto: Rui Maia\"},{\"@type\":\"BreadcrumbList\",\"@id\":\"https:\\\/\\\/fyno.pt\\\/pt\\\/mundo\\\/ponte-eiffel-rio-ancora\\\/#breadcrumb\",\"itemListElement\":[{\"@type\":\"ListItem\",\"position\":1,\"name\":\"In\u00edcio\",\"item\":\"https:\\\/\\\/fyno.pt\\\/\"},{\"@type\":\"ListItem\",\"position\":2,\"name\":\"Ponte Eiffel do rio \u00c2ncora: Um patrim\u00f4nio ferrovi\u00e1rio em risco\"}]},{\"@type\":\"WebSite\",\"@id\":\"https:\\\/\\\/fyno.pt\\\/#website\",\"url\":\"https:\\\/\\\/fyno.pt\\\/\",\"name\":\"Fyno\",\"description\":\"Not\u00edcia e informa\u00e7\u00e3o\",\"potentialAction\":[{\"@type\":\"SearchAction\",\"target\":{\"@type\":\"EntryPoint\",\"urlTemplate\":\"https:\\\/\\\/fyno.pt\\\/?s={search_term_string}\"},\"query-input\":{\"@type\":\"PropertyValueSpecification\",\"valueRequired\":true,\"valueName\":\"search_term_string\"}}],\"inLanguage\":\"pt-PT\"},{\"@type\":\"Person\",\"@id\":\"https:\\\/\\\/fyno.pt\\\/#\\\/schema\\\/person\\\/ab5b330ed5ed05f1b4a7b8e438f68187\",\"name\":\"Fyno\",\"image\":{\"@type\":\"ImageObject\",\"inLanguage\":\"pt-PT\",\"@id\":\"https:\\\/\\\/fyno.pt\\\/wp-content\\\/litespeed\\\/avatar\\\/8f51870e8d94c234e288da840d914372.jpg?ver=1788205134\",\"url\":\"https:\\\/\\\/fyno.pt\\\/wp-content\\\/litespeed\\\/avatar\\\/8f51870e8d94c234e288da840d914372.jpg?ver=1788205134\",\"contentUrl\":\"https:\\\/\\\/fyno.pt\\\/wp-content\\\/litespeed\\\/avatar\\\/8f51870e8d94c234e288da840d914372.jpg?ver=1788205134\",\"caption\":\"Fyno\"},\"description\":\"A sua fonte de informa\u00e7\u00e3o.\",\"url\":\"https:\\\/\\\/fyno.pt\\\/pt\\\/author\\\/fynopt\\\/\"}]}<\/script>\n<!-- \/ Yoast SEO Premium plugin. -->","yoast_head_json":{"title":"ponte eiffel do rio \u00e2ncora enfrenta futuro incerto","description":"A Ponte Eiffel do rio \u00c2ncora \u00e9 um patrim\u00f4nio ferrovi\u00e1rio em risco, desativada desde 1989 e sem cuidados adequados.","robots":{"index":"index","follow":"follow","max-snippet":"max-snippet:-1","max-image-preview":"max-image-preview:large","max-video-preview":"max-video-preview:-1"},"canonical":"https:\/\/fyno.pt\/pt\/mundo\/ponte-eiffel-rio-ancora\/","og_locale":"pt_PT","og_type":"article","og_title":"Ponte Eiffel do rio \u00c2ncora: Um patrim\u00f4nio ferrovi\u00e1rio em risco","og_description":"A Ponte Eiffel do rio \u00c2ncora \u00e9 um patrim\u00f4nio ferrovi\u00e1rio em risco, desativada desde 1989 e sem cuidados adequados.","og_url":"https:\/\/fyno.pt\/pt\/mundo\/ponte-eiffel-rio-ancora\/","og_site_name":"Fyno","article_published_time":"2026-09-02T20:27:55+00:00","og_image":[{"width":1160,"height":630,"url":"https:\/\/fyno.pt\/wp-content\/uploads\/2026\/09\/vpancora-1160x630-1.jpg","type":"image\/jpeg"}],"author":"Fyno","twitter_card":"summary_large_image","twitter_misc":{"Escrito por":"Fyno","Tempo estimado de leitura":"2 minutos"},"schema":{"@context":"https:\/\/schema.org","@graph":[{"@type":"Article","@id":"https:\/\/fyno.pt\/pt\/mundo\/ponte-eiffel-rio-ancora\/#article","isPartOf":{"@id":"https:\/\/fyno.pt\/pt\/mundo\/ponte-eiffel-rio-ancora\/"},"author":{"name":"Fyno","@id":"https:\/\/fyno.pt\/#\/schema\/person\/ab5b330ed5ed05f1b4a7b8e438f68187"},"headline":"Ponte Eiffel do rio \u00c2ncora: Um patrim\u00f4nio ferrovi\u00e1rio em risco","datePublished":"2026-09-02T20:27:55+00:00","mainEntityOfPage":{"@id":"https:\/\/fyno.pt\/pt\/mundo\/ponte-eiffel-rio-ancora\/"},"wordCount":438,"commentCount":0,"image":{"@id":"https:\/\/fyno.pt\/pt\/mundo\/ponte-eiffel-rio-ancora\/#primaryimage"},"thumbnailUrl":"https:\/\/fyno.pt\/wp-content\/uploads\/2026\/09\/vpancora-1160x630-1.jpg","keywords":["Caminha","ferrovias","Hist\u00f3ria","patrim\u00f4nio","preserva\u00e7\u00e3o"],"articleSection":["Mundo"],"inLanguage":"pt-PT","potentialAction":[{"@type":"CommentAction","name":"Comment","target":["https:\/\/fyno.pt\/pt\/mundo\/ponte-eiffel-rio-ancora\/#respond"]}]},{"@type":"WebPage","@id":"https:\/\/fyno.pt\/pt\/mundo\/ponte-eiffel-rio-ancora\/","url":"https:\/\/fyno.pt\/pt\/mundo\/ponte-eiffel-rio-ancora\/","name":"ponte eiffel do rio \u00e2ncora enfrenta futuro incerto","isPartOf":{"@id":"https:\/\/fyno.pt\/#website"},"primaryImageOfPage":{"@id":"https:\/\/fyno.pt\/pt\/mundo\/ponte-eiffel-rio-ancora\/#primaryimage"},"image":{"@id":"https:\/\/fyno.pt\/pt\/mundo\/ponte-eiffel-rio-ancora\/#primaryimage"},"thumbnailUrl":"https:\/\/fyno.pt\/wp-content\/uploads\/2026\/09\/vpancora-1160x630-1.jpg","datePublished":"2026-09-02T20:27:55+00:00","author":{"@id":"https:\/\/fyno.pt\/#\/schema\/person\/ab5b330ed5ed05f1b4a7b8e438f68187"},"description":"A Ponte Eiffel do rio \u00c2ncora \u00e9 um patrim\u00f4nio ferrovi\u00e1rio em risco, desativada desde 1989 e sem cuidados adequados.","breadcrumb":{"@id":"https:\/\/fyno.pt\/pt\/mundo\/ponte-eiffel-rio-ancora\/#breadcrumb"},"inLanguage":"pt-PT","potentialAction":[{"@type":"ReadAction","target":["https:\/\/fyno.pt\/pt\/mundo\/ponte-eiffel-rio-ancora\/"]}]},{"@type":"ImageObject","inLanguage":"pt-PT","@id":"https:\/\/fyno.pt\/pt\/mundo\/ponte-eiffel-rio-ancora\/#primaryimage","url":"https:\/\/fyno.pt\/wp-content\/uploads\/2026\/09\/vpancora-1160x630-1.jpg","contentUrl":"https:\/\/fyno.pt\/wp-content\/uploads\/2026\/09\/vpancora-1160x630-1.jpg","width":1160,"height":630,"caption":"Foto: Rui Maia"},{"@type":"BreadcrumbList","@id":"https:\/\/fyno.pt\/pt\/mundo\/ponte-eiffel-rio-ancora\/#breadcrumb","itemListElement":[{"@type":"ListItem","position":1,"name":"In\u00edcio","item":"https:\/\/fyno.pt\/"},{"@type":"ListItem","position":2,"name":"Ponte Eiffel do rio \u00c2ncora: Um patrim\u00f4nio ferrovi\u00e1rio em risco"}]},{"@type":"WebSite","@id":"https:\/\/fyno.pt\/#website","url":"https:\/\/fyno.pt\/","name":"Fyno","description":"Not\u00edcia e informa\u00e7\u00e3o","potentialAction":[{"@type":"SearchAction","target":{"@type":"EntryPoint","urlTemplate":"https:\/\/fyno.pt\/?s={search_term_string}"},"query-input":{"@type":"PropertyValueSpecification","valueRequired":true,"valueName":"search_term_string"}}],"inLanguage":"pt-PT"},{"@type":"Person","@id":"https:\/\/fyno.pt\/#\/schema\/person\/ab5b330ed5ed05f1b4a7b8e438f68187","name":"Fyno","image":{"@type":"ImageObject","inLanguage":"pt-PT","@id":"https:\/\/fyno.pt\/wp-content\/litespeed\/avatar\/8f51870e8d94c234e288da840d914372.jpg?ver=1788205134","url":"https:\/\/fyno.pt\/wp-content\/litespeed\/avatar\/8f51870e8d94c234e288da840d914372.jpg?ver=1788205134","contentUrl":"https:\/\/fyno.pt\/wp-content\/litespeed\/avatar\/8f51870e8d94c234e288da840d914372.jpg?ver=1788205134","caption":"Fyno"},"description":"A sua fonte de informa\u00e7\u00e3o.","url":"https:\/\/fyno.pt\/pt\/author\/fynopt\/"}]}},"_links":{"self":[{"href":"https:\/\/fyno.pt\/pt\/wp-json\/wp\/v2\/posts\/43699","targetHints":{"allow":["GET"]}}],"collection":[{"href":"https:\/\/fyno.pt\/pt\/wp-json\/wp\/v2\/posts"}],"about":[{"href":"https:\/\/fyno.pt\/pt\/wp-json\/wp\/v2\/types\/post"}],"author":[{"embeddable":true,"href":"https:\/\/fyno.pt\/pt\/wp-json\/wp\/v2\/users\/9"}],"replies":[{"embeddable":true,"href":"https:\/\/fyno.pt\/pt\/wp-json\/wp\/v2\/comments?post=43699"}],"version-history":[{"count":1,"href":"https:\/\/fyno.pt\/pt\/wp-json\/wp\/v2\/posts\/43699\/revisions"}],"predecessor-version":[{"id":43701,"href":"https:\/\/fyno.pt\/pt\/wp-json\/wp\/v2\/posts\/43699\/revisions\/43701"}],"wp:featuredmedia":[{"embeddable":true,"href":"https:\/\/fyno.pt\/pt\/wp-json\/wp\/v2\/media\/43700"}],"wp:attachment":[{"href":"https:\/\/fyno.pt\/pt\/wp-json\/wp\/v2\/media?parent=43699"}],"wp:term":[{"taxonomy":"category","embeddable":true,"href":"https:\/\/fyno.pt\/pt\/wp-json\/wp\/v2\/categories?post=43699"},{"taxonomy":"post_tag","embeddable":true,"href":"https:\/\/fyno.pt\/pt\/wp-json\/wp\/v2\/tags?post=43699"}],"curies":[{"name":"wp","href":"https:\/\/api.w.org\/{rel}","templated":true}]}}