{"id":43696,"date":"2026-09-02T16:58:08","date_gmt":"2026-09-02T19:58:08","guid":{"rendered":"https:\/\/fyno.pt\/pt\/?p=43696"},"modified":"2026-09-02T16:58:08","modified_gmt":"2026-09-02T19:58:08","slug":"mudanca-parada-pelourinho-funchal","status":"publish","type":"post","link":"https:\/\/fyno.pt\/pt\/news\/mudanca-parada-pelourinho-funchal\/","title":{"rendered":"Mudan\u00e7a na parada do Pelourinho causa confus\u00e3o entre passageiros no Funchal"},"content":{"rendered":"<p>A nova parada de \u00f4nibus no Pelourinho, no centro do Funchal, entrou em funcionamento hoje e tem gerado confus\u00e3o entre os passageiros. A mudan\u00e7a na estrutura de transporte levou muitos usu\u00e1rios a se sentirem perdidos, sem saber ao certo onde embarcar e desembarcar.<\/p>\n\n\n\n<h2 class=\"wp-block-heading\">Mudan\u00e7as na parada<\/h2>\n\n\n\n<p>A altera\u00e7\u00e3o na parada do Pelourinho foi implementada com o objetivo de melhorar a organiza\u00e7\u00e3o do fluxo de passageiros e ve\u00edculos. No entanto, a nova disposi\u00e7\u00e3o dos \u00f4nibus em fila n\u00e3o foi bem recebida por todos, resultando em d\u00favidas sobre quais linhas est\u00e3o dispon\u00edveis e onde elas podem ser acessadas.<\/p>\n\n\n\n<h2 class=\"wp-block-heading\">Rea\u00e7\u00f5es dos passageiros<\/h2>\n\n\n\n<p>Os usu\u00e1rios do transporte p\u00fablico expressaram sua insatisfa\u00e7\u00e3o com a mudan\u00e7a. Muitos relataram que n\u00e3o conseguiram encontrar informa\u00e7\u00f5es claras sobre a nova configura\u00e7\u00e3o, o que dificultou o seu deslocamento. A falta de sinaliza\u00e7\u00e3o adequada e de informa\u00e7\u00f5es vis\u00edveis contribuiu para a sensa\u00e7\u00e3o de desorienta\u00e7\u00e3o entre os passageiros.<\/p>\n\n\n\n<h2 class=\"wp-block-heading\">Pr\u00f3ximos passos<\/h2>\n\n\n\n<p>As autoridades respons\u00e1veis pelo transporte no Funchal dever\u00e3o monitorar a situa\u00e7\u00e3o e considerar ajustes na comunica\u00e7\u00e3o e sinaliza\u00e7\u00e3o da nova parada. O objetivo \u00e9 garantir que os passageiros se sintam seguros e informados sobre as mudan\u00e7as implementadas, evitando assim futuras confus\u00f5es.<\/p>","protected":false},"excerpt":{"rendered":"<p>Nova altera\u00e7\u00e3o na estrutura de transporte gera incertezas em usu\u00e1rios na regi\u00e3o central da cidade.<\/p>","protected":false},"author":9,"featured_media":43697,"comment_status":"open","ping_status":"open","sticky":false,"template":"","format":"standard","meta":{"footnotes":""},"categories":[560],"tags":[2149,2152,2151,2150,2148],"class_list":["post-43696","post","type-post","status-publish","format-standard","has-post-thumbnail","hentry","category-news","tag-funchal","tag-mudanca","tag-passageiros","tag-pelourinho","tag-transporte"],"yoast_head":"<!-- This site is optimized with the Yoast SEO Premium plugin v27.9 (Yoast SEO v27.9) - https:\/\/yoast.com\/product\/yoast-seo-premium-wordpress\/ -->\n<title>mudan\u00e7a na parada do pelourinho gera confus\u00e3o entre passageiros<\/title>\n<meta name=\"description\" content=\"Nova parada de \u00f4nibus no Pelourinho gera confus\u00e3o entre passageiros no Funchal devido \u00e0 falta de informa\u00e7\u00f5es claras.\" \/>\n<meta name=\"robots\" content=\"index, follow, max-snippet:-1, max-image-preview:large, max-video-preview:-1\" \/>\n<link rel=\"canonical\" href=\"https:\/\/fyno.pt\/pt\/news\/mudanca-parada-pelourinho-funchal\/\" \/>\n<meta property=\"og:locale\" content=\"pt_PT\" \/>\n<meta property=\"og:type\" content=\"article\" \/>\n<meta property=\"og:title\" content=\"Mudan\u00e7a na parada do Pelourinho causa confus\u00e3o entre passageiros no Funchal\" \/>\n<meta property=\"og:description\" content=\"Nova parada de \u00f4nibus no Pelourinho gera confus\u00e3o entre passageiros no Funchal devido \u00e0 falta de informa\u00e7\u00f5es claras.\" \/>\n<meta property=\"og:url\" content=\"https:\/\/fyno.pt\/pt\/news\/mudanca-parada-pelourinho-funchal\/\" \/>\n<meta property=\"og:site_name\" content=\"Fyno\" \/>\n<meta property=\"article:published_time\" content=\"2026-09-02T19:58:08+00:00\" \/>\n<meta property=\"og:image\" content=\"https:\/\/fyno.pt\/wp-content\/uploads\/2026\/09\/WhatsApp_Image_2026-09-02_at_19.09.10_2.jpeg\" \/>\n\t<meta property=\"og:image:width\" content=\"640\" \/>\n\t<meta property=\"og:image:height\" content=\"360\" \/>\n\t<meta property=\"og:image:type\" content=\"image\/jpeg\" \/>\n<meta name=\"author\" content=\"Fyno\" \/>\n<meta name=\"twitter:card\" content=\"summary_large_image\" \/>\n<meta name=\"twitter:label1\" content=\"Escrito por\" \/>\n\t<meta name=\"twitter:data1\" content=\"Fyno\" \/>\n\t<meta name=\"twitter:label2\" content=\"Tempo estimado de leitura\" \/>\n\t<meta name=\"twitter:data2\" content=\"1 minuto\" \/>\n<script type=\"application\/ld+json\" class=\"yoast-schema-graph\">{\"@context\":\"https:\\\/\\\/schema.org\",\"@graph\":[{\"@type\":\"Article\",\"@id\":\"https:\\\/\\\/fyno.pt\\\/pt\\\/news\\\/mudanca-parada-pelourinho-funchal\\\/#article\",\"isPartOf\":{\"@id\":\"https:\\\/\\\/fyno.pt\\\/pt\\\/news\\\/mudanca-parada-pelourinho-funchal\\\/\"},\"author\":{\"name\":\"Fyno\",\"@id\":\"https:\\\/\\\/fyno.pt\\\/#\\\/schema\\\/person\\\/ab5b330ed5ed05f1b4a7b8e438f68187\"},\"headline\":\"Mudan\u00e7a na parada do Pelourinho causa confus\u00e3o entre passageiros no Funchal\",\"datePublished\":\"2026-09-02T19:58:08+00:00\",\"mainEntityOfPage\":{\"@id\":\"https:\\\/\\\/fyno.pt\\\/pt\\\/news\\\/mudanca-parada-pelourinho-funchal\\\/\"},\"wordCount\":234,\"commentCount\":0,\"image\":{\"@id\":\"https:\\\/\\\/fyno.pt\\\/pt\\\/news\\\/mudanca-parada-pelourinho-funchal\\\/#primaryimage\"},\"thumbnailUrl\":\"https:\\\/\\\/fyno.pt\\\/wp-content\\\/uploads\\\/2026\\\/09\\\/WhatsApp_Image_2026-09-02_at_19.09.10_2.jpeg\",\"keywords\":[\"Funchal\",\"mudan\u00e7a\",\"passageiros\",\"Pelourinho\",\"transporte\"],\"articleSection\":[\"News\"],\"inLanguage\":\"pt-PT\",\"potentialAction\":[{\"@type\":\"CommentAction\",\"name\":\"Comment\",\"target\":[\"https:\\\/\\\/fyno.pt\\\/pt\\\/news\\\/mudanca-parada-pelourinho-funchal\\\/#respond\"]}]},{\"@type\":\"WebPage\",\"@id\":\"https:\\\/\\\/fyno.pt\\\/pt\\\/news\\\/mudanca-parada-pelourinho-funchal\\\/\",\"url\":\"https:\\\/\\\/fyno.pt\\\/pt\\\/news\\\/mudanca-parada-pelourinho-funchal\\\/\",\"name\":\"mudan\u00e7a na parada do pelourinho gera confus\u00e3o entre passageiros\",\"isPartOf\":{\"@id\":\"https:\\\/\\\/fyno.pt\\\/#website\"},\"primaryImageOfPage\":{\"@id\":\"https:\\\/\\\/fyno.pt\\\/pt\\\/news\\\/mudanca-parada-pelourinho-funchal\\\/#primaryimage\"},\"image\":{\"@id\":\"https:\\\/\\\/fyno.pt\\\/pt\\\/news\\\/mudanca-parada-pelourinho-funchal\\\/#primaryimage\"},\"thumbnailUrl\":\"https:\\\/\\\/fyno.pt\\\/wp-content\\\/uploads\\\/2026\\\/09\\\/WhatsApp_Image_2026-09-02_at_19.09.10_2.jpeg\",\"datePublished\":\"2026-09-02T19:58:08+00:00\",\"author\":{\"@id\":\"https:\\\/\\\/fyno.pt\\\/#\\\/schema\\\/person\\\/ab5b330ed5ed05f1b4a7b8e438f68187\"},\"description\":\"Nova parada de \u00f4nibus no Pelourinho gera confus\u00e3o entre passageiros no Funchal devido \u00e0 falta de informa\u00e7\u00f5es claras.\",\"breadcrumb\":{\"@id\":\"https:\\\/\\\/fyno.pt\\\/pt\\\/news\\\/mudanca-parada-pelourinho-funchal\\\/#breadcrumb\"},\"inLanguage\":\"pt-PT\",\"potentialAction\":[{\"@type\":\"ReadAction\",\"target\":[\"https:\\\/\\\/fyno.pt\\\/pt\\\/news\\\/mudanca-parada-pelourinho-funchal\\\/\"]}]},{\"@type\":\"ImageObject\",\"inLanguage\":\"pt-PT\",\"@id\":\"https:\\\/\\\/fyno.pt\\\/pt\\\/news\\\/mudanca-parada-pelourinho-funchal\\\/#primaryimage\",\"url\":\"https:\\\/\\\/fyno.pt\\\/wp-content\\\/uploads\\\/2026\\\/09\\\/WhatsApp_Image_2026-09-02_at_19.09.10_2.jpeg\",\"contentUrl\":\"https:\\\/\\\/fyno.pt\\\/wp-content\\\/uploads\\\/2026\\\/09\\\/WhatsApp_Image_2026-09-02_at_19.09.10_2.jpeg\",\"width\":640,\"height\":360,\"caption\":\"Nova paragem no Pelourinho estreia com autocarros em fila e passageiros perdidosCr\u00e9ditos:Foto Carolina Rodrigues\"},{\"@type\":\"BreadcrumbList\",\"@id\":\"https:\\\/\\\/fyno.pt\\\/pt\\\/news\\\/mudanca-parada-pelourinho-funchal\\\/#breadcrumb\",\"itemListElement\":[{\"@type\":\"ListItem\",\"position\":1,\"name\":\"In\u00edcio\",\"item\":\"https:\\\/\\\/fyno.pt\\\/\"},{\"@type\":\"ListItem\",\"position\":2,\"name\":\"Mudan\u00e7a na parada do Pelourinho causa confus\u00e3o entre passageiros no Funchal\"}]},{\"@type\":\"WebSite\",\"@id\":\"https:\\\/\\\/fyno.pt\\\/#website\",\"url\":\"https:\\\/\\\/fyno.pt\\\/\",\"name\":\"Fyno\",\"description\":\"Not\u00edcia e informa\u00e7\u00e3o\",\"potentialAction\":[{\"@type\":\"SearchAction\",\"target\":{\"@type\":\"EntryPoint\",\"urlTemplate\":\"https:\\\/\\\/fyno.pt\\\/?s={search_term_string}\"},\"query-input\":{\"@type\":\"PropertyValueSpecification\",\"valueRequired\":true,\"valueName\":\"search_term_string\"}}],\"inLanguage\":\"pt-PT\"},{\"@type\":\"Person\",\"@id\":\"https:\\\/\\\/fyno.pt\\\/#\\\/schema\\\/person\\\/ab5b330ed5ed05f1b4a7b8e438f68187\",\"name\":\"Fyno\",\"image\":{\"@type\":\"ImageObject\",\"inLanguage\":\"pt-PT\",\"@id\":\"https:\\\/\\\/fyno.pt\\\/wp-content\\\/litespeed\\\/avatar\\\/8f51870e8d94c234e288da840d914372.jpg?ver=1788205134\",\"url\":\"https:\\\/\\\/fyno.pt\\\/wp-content\\\/litespeed\\\/avatar\\\/8f51870e8d94c234e288da840d914372.jpg?ver=1788205134\",\"contentUrl\":\"https:\\\/\\\/fyno.pt\\\/wp-content\\\/litespeed\\\/avatar\\\/8f51870e8d94c234e288da840d914372.jpg?ver=1788205134\",\"caption\":\"Fyno\"},\"description\":\"A sua fonte de informa\u00e7\u00e3o.\",\"url\":\"https:\\\/\\\/fyno.pt\\\/pt\\\/author\\\/fynopt\\\/\"}]}<\/script>\n<!-- \/ Yoast SEO Premium plugin. -->","yoast_head_json":{"title":"mudan\u00e7a na parada do pelourinho gera confus\u00e3o entre passageiros","description":"Nova parada de \u00f4nibus no Pelourinho gera confus\u00e3o entre passageiros no Funchal devido \u00e0 falta de informa\u00e7\u00f5es claras.","robots":{"index":"index","follow":"follow","max-snippet":"max-snippet:-1","max-image-preview":"max-image-preview:large","max-video-preview":"max-video-preview:-1"},"canonical":"https:\/\/fyno.pt\/pt\/news\/mudanca-parada-pelourinho-funchal\/","og_locale":"pt_PT","og_type":"article","og_title":"Mudan\u00e7a na parada do Pelourinho causa confus\u00e3o entre passageiros no Funchal","og_description":"Nova parada de \u00f4nibus no Pelourinho gera confus\u00e3o entre passageiros no Funchal devido \u00e0 falta de informa\u00e7\u00f5es claras.","og_url":"https:\/\/fyno.pt\/pt\/news\/mudanca-parada-pelourinho-funchal\/","og_site_name":"Fyno","article_published_time":"2026-09-02T19:58:08+00:00","og_image":[{"width":640,"height":360,"url":"https:\/\/fyno.pt\/wp-content\/uploads\/2026\/09\/WhatsApp_Image_2026-09-02_at_19.09.10_2.jpeg","type":"image\/jpeg"}],"author":"Fyno","twitter_card":"summary_large_image","twitter_misc":{"Escrito por":"Fyno","Tempo estimado de leitura":"1 minuto"},"schema":{"@context":"https:\/\/schema.org","@graph":[{"@type":"Article","@id":"https:\/\/fyno.pt\/pt\/news\/mudanca-parada-pelourinho-funchal\/#article","isPartOf":{"@id":"https:\/\/fyno.pt\/pt\/news\/mudanca-parada-pelourinho-funchal\/"},"author":{"name":"Fyno","@id":"https:\/\/fyno.pt\/#\/schema\/person\/ab5b330ed5ed05f1b4a7b8e438f68187"},"headline":"Mudan\u00e7a na parada do Pelourinho causa confus\u00e3o entre passageiros no Funchal","datePublished":"2026-09-02T19:58:08+00:00","mainEntityOfPage":{"@id":"https:\/\/fyno.pt\/pt\/news\/mudanca-parada-pelourinho-funchal\/"},"wordCount":234,"commentCount":0,"image":{"@id":"https:\/\/fyno.pt\/pt\/news\/mudanca-parada-pelourinho-funchal\/#primaryimage"},"thumbnailUrl":"https:\/\/fyno.pt\/wp-content\/uploads\/2026\/09\/WhatsApp_Image_2026-09-02_at_19.09.10_2.jpeg","keywords":["Funchal","mudan\u00e7a","passageiros","Pelourinho","transporte"],"articleSection":["News"],"inLanguage":"pt-PT","potentialAction":[{"@type":"CommentAction","name":"Comment","target":["https:\/\/fyno.pt\/pt\/news\/mudanca-parada-pelourinho-funchal\/#respond"]}]},{"@type":"WebPage","@id":"https:\/\/fyno.pt\/pt\/news\/mudanca-parada-pelourinho-funchal\/","url":"https:\/\/fyno.pt\/pt\/news\/mudanca-parada-pelourinho-funchal\/","name":"mudan\u00e7a na parada do pelourinho gera confus\u00e3o entre passageiros","isPartOf":{"@id":"https:\/\/fyno.pt\/#website"},"primaryImageOfPage":{"@id":"https:\/\/fyno.pt\/pt\/news\/mudanca-parada-pelourinho-funchal\/#primaryimage"},"image":{"@id":"https:\/\/fyno.pt\/pt\/news\/mudanca-parada-pelourinho-funchal\/#primaryimage"},"thumbnailUrl":"https:\/\/fyno.pt\/wp-content\/uploads\/2026\/09\/WhatsApp_Image_2026-09-02_at_19.09.10_2.jpeg","datePublished":"2026-09-02T19:58:08+00:00","author":{"@id":"https:\/\/fyno.pt\/#\/schema\/person\/ab5b330ed5ed05f1b4a7b8e438f68187"},"description":"Nova parada de \u00f4nibus no Pelourinho gera confus\u00e3o entre passageiros no Funchal devido \u00e0 falta de informa\u00e7\u00f5es claras.","breadcrumb":{"@id":"https:\/\/fyno.pt\/pt\/news\/mudanca-parada-pelourinho-funchal\/#breadcrumb"},"inLanguage":"pt-PT","potentialAction":[{"@type":"ReadAction","target":["https:\/\/fyno.pt\/pt\/news\/mudanca-parada-pelourinho-funchal\/"]}]},{"@type":"ImageObject","inLanguage":"pt-PT","@id":"https:\/\/fyno.pt\/pt\/news\/mudanca-parada-pelourinho-funchal\/#primaryimage","url":"https:\/\/fyno.pt\/wp-content\/uploads\/2026\/09\/WhatsApp_Image_2026-09-02_at_19.09.10_2.jpeg","contentUrl":"https:\/\/fyno.pt\/wp-content\/uploads\/2026\/09\/WhatsApp_Image_2026-09-02_at_19.09.10_2.jpeg","width":640,"height":360,"caption":"Nova paragem no Pelourinho estreia com autocarros em fila e passageiros perdidosCr\u00e9ditos:Foto Carolina Rodrigues"},{"@type":"BreadcrumbList","@id":"https:\/\/fyno.pt\/pt\/news\/mudanca-parada-pelourinho-funchal\/#breadcrumb","itemListElement":[{"@type":"ListItem","position":1,"name":"In\u00edcio","item":"https:\/\/fyno.pt\/"},{"@type":"ListItem","position":2,"name":"Mudan\u00e7a na parada do Pelourinho causa confus\u00e3o entre passageiros no Funchal"}]},{"@type":"WebSite","@id":"https:\/\/fyno.pt\/#website","url":"https:\/\/fyno.pt\/","name":"Fyno","description":"Not\u00edcia e informa\u00e7\u00e3o","potentialAction":[{"@type":"SearchAction","target":{"@type":"EntryPoint","urlTemplate":"https:\/\/fyno.pt\/?s={search_term_string}"},"query-input":{"@type":"PropertyValueSpecification","valueRequired":true,"valueName":"search_term_string"}}],"inLanguage":"pt-PT"},{"@type":"Person","@id":"https:\/\/fyno.pt\/#\/schema\/person\/ab5b330ed5ed05f1b4a7b8e438f68187","name":"Fyno","image":{"@type":"ImageObject","inLanguage":"pt-PT","@id":"https:\/\/fyno.pt\/wp-content\/litespeed\/avatar\/8f51870e8d94c234e288da840d914372.jpg?ver=1788205134","url":"https:\/\/fyno.pt\/wp-content\/litespeed\/avatar\/8f51870e8d94c234e288da840d914372.jpg?ver=1788205134","contentUrl":"https:\/\/fyno.pt\/wp-content\/litespeed\/avatar\/8f51870e8d94c234e288da840d914372.jpg?ver=1788205134","caption":"Fyno"},"description":"A sua fonte de informa\u00e7\u00e3o.","url":"https:\/\/fyno.pt\/pt\/author\/fynopt\/"}]}},"_links":{"self":[{"href":"https:\/\/fyno.pt\/pt\/wp-json\/wp\/v2\/posts\/43696","targetHints":{"allow":["GET"]}}],"collection":[{"href":"https:\/\/fyno.pt\/pt\/wp-json\/wp\/v2\/posts"}],"about":[{"href":"https:\/\/fyno.pt\/pt\/wp-json\/wp\/v2\/types\/post"}],"author":[{"embeddable":true,"href":"https:\/\/fyno.pt\/pt\/wp-json\/wp\/v2\/users\/9"}],"replies":[{"embeddable":true,"href":"https:\/\/fyno.pt\/pt\/wp-json\/wp\/v2\/comments?post=43696"}],"version-history":[{"count":1,"href":"https:\/\/fyno.pt\/pt\/wp-json\/wp\/v2\/posts\/43696\/revisions"}],"predecessor-version":[{"id":43698,"href":"https:\/\/fyno.pt\/pt\/wp-json\/wp\/v2\/posts\/43696\/revisions\/43698"}],"wp:featuredmedia":[{"embeddable":true,"href":"https:\/\/fyno.pt\/pt\/wp-json\/wp\/v2\/media\/43697"}],"wp:attachment":[{"href":"https:\/\/fyno.pt\/pt\/wp-json\/wp\/v2\/media?parent=43696"}],"wp:term":[{"taxonomy":"category","embeddable":true,"href":"https:\/\/fyno.pt\/pt\/wp-json\/wp\/v2\/categories?post=43696"},{"taxonomy":"post_tag","embeddable":true,"href":"https:\/\/fyno.pt\/pt\/wp-json\/wp\/v2\/tags?post=43696"}],"curies":[{"name":"wp","href":"https:\/\/api.w.org\/{rel}","templated":true}]}}