{"id":43693,"date":"2026-09-02T16:57:56","date_gmt":"2026-09-02T19:57:56","guid":{"rendered":"https:\/\/fyno.pt\/pt\/?p=43693"},"modified":"2026-09-02T16:57:56","modified_gmt":"2026-09-02T19:57:56","slug":"arnel-jakupovic-novo-reforco-vitoria-sc","status":"publish","type":"post","link":"https:\/\/fyno.pt\/pt\/mundo\/arnel-jakupovic-novo-reforco-vitoria-sc\/","title":{"rendered":"Arnel Jakupovic \u00e9 o novo refor\u00e7o do Vit\u00f3ria SC at\u00e9 2029"},"content":{"rendered":"<p>O avan\u00e7ado Arnel Jakupovic foi oficialmente anunciado como refor\u00e7o do Vit\u00f3ria SC, clube da I Liga portuguesa de futebol, com um contrato v\u00e1lido at\u00e9 2029. A confirma\u00e7\u00e3o da transfer\u00eancia ocorreu hoje, por meio dos sites oficiais dos dois clubes envolvidos, ap\u00f3s sua sa\u00edda do NK Osijek, da Cro\u00e1cia.<\/p>\n\n\n\n<h2 class=\"wp-block-heading\">Detalhes da Contrata\u00e7\u00e3o<\/h2>\n\n\n\n<p>Arnel Jakupovic, de 28 anos, \u00e9 o mais recente jogador a se juntar ao Vit\u00f3ria SC, conhecido como Conquistadores. O contrato assinado pelo atleta ser\u00e1 v\u00e1lido por tr\u00eas temporadas. Natural de Mistelbach, na \u00c1ustria, Jakupovic se destacou no NK Osijek, onde teve um desempenho not\u00e1vel, marcando 10 gols e realizando tr\u00eas assist\u00eancias na temporada 2024\/25, al\u00e9m de quatro gols e duas assist\u00eancias na 2025\/26.<\/p>\n\n\n\n<h2 class=\"wp-block-heading\">Trajet\u00f3ria do Atacante<\/h2>\n\n\n\n<p>A transfer\u00eancia para o Vit\u00f3ria SC marca a primeira experi\u00eancia de Jakupovic no futebol portugu\u00eas. Antes de sua passagem pelo Osijek, o atacante teve uma trajet\u00f3ria que inclui passagens por diversos clubes europeus, como o \u00c1ustria Viena e o Middlesbrough, na Inglaterra. Ele tamb\u00e9m jogou na S\u00e9rie A italiana pelo Empoli e na Juventus, onde atuou nas categorias de base, al\u00e9m de ter defendido o Sturm Graz na \u00c1ustria.<\/p>\n\n\n\n<p>Jakupovic tamb\u00e9m teve uma passagem significativa pelo futebol esloveno, onde atuou por mais de cinco temporadas. No Domzale, acumulou 26 gols e 15 assist\u00eancias em 92 partidas entre 2020\/21 e 2021\/22. Em seguida, no Maribor, ele anotou 29 gols e fez cinco assist\u00eancias em 66 jogos entre 2022\/23 e o in\u00edcio da atual temporada.<\/p>\n\n\n\n<h2 class=\"wp-block-heading\">S\u00e9tima Contrata\u00e7\u00e3o do Vit\u00f3ria SC<\/h2>\n\n\n\n<p>Com a chegada de Arnel Jakupovic, o Vit\u00f3ria SC refor\u00e7a ainda mais seu elenco para a temporada 2026\/27. Ele se junta a outros novos contratados, incluindo o guarda-redes Oliwier Zych, os defensores Yeimar Mosquera e Ahmed Sidib\u00e9, o m\u00e9dio Lohann Doucet e os atacantes Victor Andersson e Patrick Ouotro. A equipe espera que sua experi\u00eancia e habilidades contribuam para o sucesso do clube na liga portuguesa.<\/p>","protected":false},"excerpt":{"rendered":"<p>Atacante deixa o NK Osijek e se junta ao clube portugu\u00eas para a temporada 2026\/27.<\/p>","protected":false},"author":9,"featured_media":43694,"comment_status":"open","ping_status":"open","sticky":false,"template":"","format":"standard","meta":{"footnotes":""},"categories":[51],"tags":[2147,2120,595,1827,1824],"class_list":["post-43693","post","type-post","status-publish","format-standard","has-post-thumbnail","hentry","category-mundo","tag-arnel-jakupovic","tag-contratacao","tag-futebol","tag-i-liga","tag-vitoria-sc"],"yoast_head":"<!-- This site is optimized with the Yoast SEO Premium plugin v27.9 (Yoast SEO v27.9) - https:\/\/yoast.com\/product\/yoast-seo-premium-wordpress\/ -->\n<title>arnel jakupovic \u00e9 anunciado como novo refor\u00e7o do vit\u00f3ria sc<\/title>\n<meta name=\"description\" content=\"Arnel Jakupovic \u00e9 oficialmente o novo refor\u00e7o do Vit\u00f3ria SC com contrato at\u00e9 2029, ap\u00f3s sa\u00edda do NK Osijek.\" \/>\n<meta name=\"robots\" content=\"index, follow, max-snippet:-1, max-image-preview:large, max-video-preview:-1\" \/>\n<link rel=\"canonical\" href=\"https:\/\/fyno.pt\/pt\/mundo\/arnel-jakupovic-novo-reforco-vitoria-sc\/\" \/>\n<meta property=\"og:locale\" content=\"pt_PT\" \/>\n<meta property=\"og:type\" content=\"article\" \/>\n<meta property=\"og:title\" content=\"Arnel Jakupovic \u00e9 o novo refor\u00e7o do Vit\u00f3ria SC at\u00e9 2029\" \/>\n<meta property=\"og:description\" content=\"Arnel Jakupovic \u00e9 oficialmente o novo refor\u00e7o do Vit\u00f3ria SC com contrato at\u00e9 2029, ap\u00f3s sa\u00edda do NK Osijek.\" \/>\n<meta property=\"og:url\" content=\"https:\/\/fyno.pt\/pt\/mundo\/arnel-jakupovic-novo-reforco-vitoria-sc\/\" \/>\n<meta property=\"og:site_name\" content=\"Fyno\" \/>\n<meta property=\"article:published_time\" content=\"2026-09-02T19:57:56+00:00\" \/>\n<meta property=\"og:image\" content=\"https:\/\/fyno.pt\/wp-content\/uploads\/2026\/09\/arnel-1160x630-1.jpg\" \/>\n\t<meta property=\"og:image:width\" content=\"1160\" \/>\n\t<meta property=\"og:image:height\" content=\"630\" \/>\n\t<meta property=\"og:image:type\" content=\"image\/jpeg\" \/>\n<meta name=\"author\" content=\"Fyno\" \/>\n<meta name=\"twitter:card\" content=\"summary_large_image\" \/>\n<meta name=\"twitter:label1\" content=\"Escrito por\" \/>\n\t<meta name=\"twitter:data1\" content=\"Fyno\" \/>\n\t<meta name=\"twitter:label2\" content=\"Tempo estimado de leitura\" \/>\n\t<meta name=\"twitter:data2\" content=\"2 minutos\" \/>\n<script type=\"application\/ld+json\" class=\"yoast-schema-graph\">{\"@context\":\"https:\\\/\\\/schema.org\",\"@graph\":[{\"@type\":\"Article\",\"@id\":\"https:\\\/\\\/fyno.pt\\\/pt\\\/mundo\\\/arnel-jakupovic-novo-reforco-vitoria-sc\\\/#article\",\"isPartOf\":{\"@id\":\"https:\\\/\\\/fyno.pt\\\/pt\\\/mundo\\\/arnel-jakupovic-novo-reforco-vitoria-sc\\\/\"},\"author\":{\"name\":\"Fyno\",\"@id\":\"https:\\\/\\\/fyno.pt\\\/#\\\/schema\\\/person\\\/ab5b330ed5ed05f1b4a7b8e438f68187\"},\"headline\":\"Arnel Jakupovic \u00e9 o novo refor\u00e7o do Vit\u00f3ria SC at\u00e9 2029\",\"datePublished\":\"2026-09-02T19:57:56+00:00\",\"mainEntityOfPage\":{\"@id\":\"https:\\\/\\\/fyno.pt\\\/pt\\\/mundo\\\/arnel-jakupovic-novo-reforco-vitoria-sc\\\/\"},\"wordCount\":346,\"commentCount\":0,\"image\":{\"@id\":\"https:\\\/\\\/fyno.pt\\\/pt\\\/mundo\\\/arnel-jakupovic-novo-reforco-vitoria-sc\\\/#primaryimage\"},\"thumbnailUrl\":\"https:\\\/\\\/fyno.pt\\\/wp-content\\\/uploads\\\/2026\\\/09\\\/arnel-1160x630-1.jpg\",\"keywords\":[\"Arnel Jakupovic\",\"contrata\u00e7\u00e3o\",\"Futebol\",\"I Liga\",\"Vit\u00f3ria SC\"],\"articleSection\":[\"Mundo\"],\"inLanguage\":\"pt-PT\",\"potentialAction\":[{\"@type\":\"CommentAction\",\"name\":\"Comment\",\"target\":[\"https:\\\/\\\/fyno.pt\\\/pt\\\/mundo\\\/arnel-jakupovic-novo-reforco-vitoria-sc\\\/#respond\"]}]},{\"@type\":\"WebPage\",\"@id\":\"https:\\\/\\\/fyno.pt\\\/pt\\\/mundo\\\/arnel-jakupovic-novo-reforco-vitoria-sc\\\/\",\"url\":\"https:\\\/\\\/fyno.pt\\\/pt\\\/mundo\\\/arnel-jakupovic-novo-reforco-vitoria-sc\\\/\",\"name\":\"arnel jakupovic \u00e9 anunciado como novo refor\u00e7o do vit\u00f3ria sc\",\"isPartOf\":{\"@id\":\"https:\\\/\\\/fyno.pt\\\/#website\"},\"primaryImageOfPage\":{\"@id\":\"https:\\\/\\\/fyno.pt\\\/pt\\\/mundo\\\/arnel-jakupovic-novo-reforco-vitoria-sc\\\/#primaryimage\"},\"image\":{\"@id\":\"https:\\\/\\\/fyno.pt\\\/pt\\\/mundo\\\/arnel-jakupovic-novo-reforco-vitoria-sc\\\/#primaryimage\"},\"thumbnailUrl\":\"https:\\\/\\\/fyno.pt\\\/wp-content\\\/uploads\\\/2026\\\/09\\\/arnel-1160x630-1.jpg\",\"datePublished\":\"2026-09-02T19:57:56+00:00\",\"author\":{\"@id\":\"https:\\\/\\\/fyno.pt\\\/#\\\/schema\\\/person\\\/ab5b330ed5ed05f1b4a7b8e438f68187\"},\"description\":\"Arnel Jakupovic \u00e9 oficialmente o novo refor\u00e7o do Vit\u00f3ria SC com contrato at\u00e9 2029, ap\u00f3s sa\u00edda do NK Osijek.\",\"breadcrumb\":{\"@id\":\"https:\\\/\\\/fyno.pt\\\/pt\\\/mundo\\\/arnel-jakupovic-novo-reforco-vitoria-sc\\\/#breadcrumb\"},\"inLanguage\":\"pt-PT\",\"potentialAction\":[{\"@type\":\"ReadAction\",\"target\":[\"https:\\\/\\\/fyno.pt\\\/pt\\\/mundo\\\/arnel-jakupovic-novo-reforco-vitoria-sc\\\/\"]}]},{\"@type\":\"ImageObject\",\"inLanguage\":\"pt-PT\",\"@id\":\"https:\\\/\\\/fyno.pt\\\/pt\\\/mundo\\\/arnel-jakupovic-novo-reforco-vitoria-sc\\\/#primaryimage\",\"url\":\"https:\\\/\\\/fyno.pt\\\/wp-content\\\/uploads\\\/2026\\\/09\\\/arnel-1160x630-1.jpg\",\"contentUrl\":\"https:\\\/\\\/fyno.pt\\\/wp-content\\\/uploads\\\/2026\\\/09\\\/arnel-1160x630-1.jpg\",\"width\":1160,\"height\":630,\"caption\":\"Arnel Jakupovic\"},{\"@type\":\"BreadcrumbList\",\"@id\":\"https:\\\/\\\/fyno.pt\\\/pt\\\/mundo\\\/arnel-jakupovic-novo-reforco-vitoria-sc\\\/#breadcrumb\",\"itemListElement\":[{\"@type\":\"ListItem\",\"position\":1,\"name\":\"In\u00edcio\",\"item\":\"https:\\\/\\\/fyno.pt\\\/\"},{\"@type\":\"ListItem\",\"position\":2,\"name\":\"Arnel Jakupovic \u00e9 o novo refor\u00e7o do Vit\u00f3ria SC at\u00e9 2029\"}]},{\"@type\":\"WebSite\",\"@id\":\"https:\\\/\\\/fyno.pt\\\/#website\",\"url\":\"https:\\\/\\\/fyno.pt\\\/\",\"name\":\"Fyno\",\"description\":\"Not\u00edcia e informa\u00e7\u00e3o\",\"potentialAction\":[{\"@type\":\"SearchAction\",\"target\":{\"@type\":\"EntryPoint\",\"urlTemplate\":\"https:\\\/\\\/fyno.pt\\\/?s={search_term_string}\"},\"query-input\":{\"@type\":\"PropertyValueSpecification\",\"valueRequired\":true,\"valueName\":\"search_term_string\"}}],\"inLanguage\":\"pt-PT\"},{\"@type\":\"Person\",\"@id\":\"https:\\\/\\\/fyno.pt\\\/#\\\/schema\\\/person\\\/ab5b330ed5ed05f1b4a7b8e438f68187\",\"name\":\"Fyno\",\"image\":{\"@type\":\"ImageObject\",\"inLanguage\":\"pt-PT\",\"@id\":\"https:\\\/\\\/fyno.pt\\\/wp-content\\\/litespeed\\\/avatar\\\/8f51870e8d94c234e288da840d914372.jpg?ver=1788205134\",\"url\":\"https:\\\/\\\/fyno.pt\\\/wp-content\\\/litespeed\\\/avatar\\\/8f51870e8d94c234e288da840d914372.jpg?ver=1788205134\",\"contentUrl\":\"https:\\\/\\\/fyno.pt\\\/wp-content\\\/litespeed\\\/avatar\\\/8f51870e8d94c234e288da840d914372.jpg?ver=1788205134\",\"caption\":\"Fyno\"},\"description\":\"A sua fonte de informa\u00e7\u00e3o.\",\"url\":\"https:\\\/\\\/fyno.pt\\\/pt\\\/author\\\/fynopt\\\/\"}]}<\/script>\n<!-- \/ Yoast SEO Premium plugin. -->","yoast_head_json":{"title":"arnel jakupovic \u00e9 anunciado como novo refor\u00e7o do vit\u00f3ria sc","description":"Arnel Jakupovic \u00e9 oficialmente o novo refor\u00e7o do Vit\u00f3ria SC com contrato at\u00e9 2029, ap\u00f3s sa\u00edda do NK Osijek.","robots":{"index":"index","follow":"follow","max-snippet":"max-snippet:-1","max-image-preview":"max-image-preview:large","max-video-preview":"max-video-preview:-1"},"canonical":"https:\/\/fyno.pt\/pt\/mundo\/arnel-jakupovic-novo-reforco-vitoria-sc\/","og_locale":"pt_PT","og_type":"article","og_title":"Arnel Jakupovic \u00e9 o novo refor\u00e7o do Vit\u00f3ria SC at\u00e9 2029","og_description":"Arnel Jakupovic \u00e9 oficialmente o novo refor\u00e7o do Vit\u00f3ria SC com contrato at\u00e9 2029, ap\u00f3s sa\u00edda do NK Osijek.","og_url":"https:\/\/fyno.pt\/pt\/mundo\/arnel-jakupovic-novo-reforco-vitoria-sc\/","og_site_name":"Fyno","article_published_time":"2026-09-02T19:57:56+00:00","og_image":[{"width":1160,"height":630,"url":"https:\/\/fyno.pt\/wp-content\/uploads\/2026\/09\/arnel-1160x630-1.jpg","type":"image\/jpeg"}],"author":"Fyno","twitter_card":"summary_large_image","twitter_misc":{"Escrito por":"Fyno","Tempo estimado de leitura":"2 minutos"},"schema":{"@context":"https:\/\/schema.org","@graph":[{"@type":"Article","@id":"https:\/\/fyno.pt\/pt\/mundo\/arnel-jakupovic-novo-reforco-vitoria-sc\/#article","isPartOf":{"@id":"https:\/\/fyno.pt\/pt\/mundo\/arnel-jakupovic-novo-reforco-vitoria-sc\/"},"author":{"name":"Fyno","@id":"https:\/\/fyno.pt\/#\/schema\/person\/ab5b330ed5ed05f1b4a7b8e438f68187"},"headline":"Arnel Jakupovic \u00e9 o novo refor\u00e7o do Vit\u00f3ria SC at\u00e9 2029","datePublished":"2026-09-02T19:57:56+00:00","mainEntityOfPage":{"@id":"https:\/\/fyno.pt\/pt\/mundo\/arnel-jakupovic-novo-reforco-vitoria-sc\/"},"wordCount":346,"commentCount":0,"image":{"@id":"https:\/\/fyno.pt\/pt\/mundo\/arnel-jakupovic-novo-reforco-vitoria-sc\/#primaryimage"},"thumbnailUrl":"https:\/\/fyno.pt\/wp-content\/uploads\/2026\/09\/arnel-1160x630-1.jpg","keywords":["Arnel Jakupovic","contrata\u00e7\u00e3o","Futebol","I Liga","Vit\u00f3ria SC"],"articleSection":["Mundo"],"inLanguage":"pt-PT","potentialAction":[{"@type":"CommentAction","name":"Comment","target":["https:\/\/fyno.pt\/pt\/mundo\/arnel-jakupovic-novo-reforco-vitoria-sc\/#respond"]}]},{"@type":"WebPage","@id":"https:\/\/fyno.pt\/pt\/mundo\/arnel-jakupovic-novo-reforco-vitoria-sc\/","url":"https:\/\/fyno.pt\/pt\/mundo\/arnel-jakupovic-novo-reforco-vitoria-sc\/","name":"arnel jakupovic \u00e9 anunciado como novo refor\u00e7o do vit\u00f3ria sc","isPartOf":{"@id":"https:\/\/fyno.pt\/#website"},"primaryImageOfPage":{"@id":"https:\/\/fyno.pt\/pt\/mundo\/arnel-jakupovic-novo-reforco-vitoria-sc\/#primaryimage"},"image":{"@id":"https:\/\/fyno.pt\/pt\/mundo\/arnel-jakupovic-novo-reforco-vitoria-sc\/#primaryimage"},"thumbnailUrl":"https:\/\/fyno.pt\/wp-content\/uploads\/2026\/09\/arnel-1160x630-1.jpg","datePublished":"2026-09-02T19:57:56+00:00","author":{"@id":"https:\/\/fyno.pt\/#\/schema\/person\/ab5b330ed5ed05f1b4a7b8e438f68187"},"description":"Arnel Jakupovic \u00e9 oficialmente o novo refor\u00e7o do Vit\u00f3ria SC com contrato at\u00e9 2029, ap\u00f3s sa\u00edda do NK Osijek.","breadcrumb":{"@id":"https:\/\/fyno.pt\/pt\/mundo\/arnel-jakupovic-novo-reforco-vitoria-sc\/#breadcrumb"},"inLanguage":"pt-PT","potentialAction":[{"@type":"ReadAction","target":["https:\/\/fyno.pt\/pt\/mundo\/arnel-jakupovic-novo-reforco-vitoria-sc\/"]}]},{"@type":"ImageObject","inLanguage":"pt-PT","@id":"https:\/\/fyno.pt\/pt\/mundo\/arnel-jakupovic-novo-reforco-vitoria-sc\/#primaryimage","url":"https:\/\/fyno.pt\/wp-content\/uploads\/2026\/09\/arnel-1160x630-1.jpg","contentUrl":"https:\/\/fyno.pt\/wp-content\/uploads\/2026\/09\/arnel-1160x630-1.jpg","width":1160,"height":630,"caption":"Arnel Jakupovic"},{"@type":"BreadcrumbList","@id":"https:\/\/fyno.pt\/pt\/mundo\/arnel-jakupovic-novo-reforco-vitoria-sc\/#breadcrumb","itemListElement":[{"@type":"ListItem","position":1,"name":"In\u00edcio","item":"https:\/\/fyno.pt\/"},{"@type":"ListItem","position":2,"name":"Arnel Jakupovic \u00e9 o novo refor\u00e7o do Vit\u00f3ria SC at\u00e9 2029"}]},{"@type":"WebSite","@id":"https:\/\/fyno.pt\/#website","url":"https:\/\/fyno.pt\/","name":"Fyno","description":"Not\u00edcia e informa\u00e7\u00e3o","potentialAction":[{"@type":"SearchAction","target":{"@type":"EntryPoint","urlTemplate":"https:\/\/fyno.pt\/?s={search_term_string}"},"query-input":{"@type":"PropertyValueSpecification","valueRequired":true,"valueName":"search_term_string"}}],"inLanguage":"pt-PT"},{"@type":"Person","@id":"https:\/\/fyno.pt\/#\/schema\/person\/ab5b330ed5ed05f1b4a7b8e438f68187","name":"Fyno","image":{"@type":"ImageObject","inLanguage":"pt-PT","@id":"https:\/\/fyno.pt\/wp-content\/litespeed\/avatar\/8f51870e8d94c234e288da840d914372.jpg?ver=1788205134","url":"https:\/\/fyno.pt\/wp-content\/litespeed\/avatar\/8f51870e8d94c234e288da840d914372.jpg?ver=1788205134","contentUrl":"https:\/\/fyno.pt\/wp-content\/litespeed\/avatar\/8f51870e8d94c234e288da840d914372.jpg?ver=1788205134","caption":"Fyno"},"description":"A sua fonte de informa\u00e7\u00e3o.","url":"https:\/\/fyno.pt\/pt\/author\/fynopt\/"}]}},"_links":{"self":[{"href":"https:\/\/fyno.pt\/pt\/wp-json\/wp\/v2\/posts\/43693","targetHints":{"allow":["GET"]}}],"collection":[{"href":"https:\/\/fyno.pt\/pt\/wp-json\/wp\/v2\/posts"}],"about":[{"href":"https:\/\/fyno.pt\/pt\/wp-json\/wp\/v2\/types\/post"}],"author":[{"embeddable":true,"href":"https:\/\/fyno.pt\/pt\/wp-json\/wp\/v2\/users\/9"}],"replies":[{"embeddable":true,"href":"https:\/\/fyno.pt\/pt\/wp-json\/wp\/v2\/comments?post=43693"}],"version-history":[{"count":1,"href":"https:\/\/fyno.pt\/pt\/wp-json\/wp\/v2\/posts\/43693\/revisions"}],"predecessor-version":[{"id":43695,"href":"https:\/\/fyno.pt\/pt\/wp-json\/wp\/v2\/posts\/43693\/revisions\/43695"}],"wp:featuredmedia":[{"embeddable":true,"href":"https:\/\/fyno.pt\/pt\/wp-json\/wp\/v2\/media\/43694"}],"wp:attachment":[{"href":"https:\/\/fyno.pt\/pt\/wp-json\/wp\/v2\/media?parent=43693"}],"wp:term":[{"taxonomy":"category","embeddable":true,"href":"https:\/\/fyno.pt\/pt\/wp-json\/wp\/v2\/categories?post=43693"},{"taxonomy":"post_tag","embeddable":true,"href":"https:\/\/fyno.pt\/pt\/wp-json\/wp\/v2\/tags?post=43693"}],"curies":[{"name":"wp","href":"https:\/\/api.w.org\/{rel}","templated":true}]}}