{"id":43687,"date":"2026-09-02T16:26:59","date_gmt":"2026-09-02T19:26:59","guid":{"rendered":"https:\/\/fyno.pt\/pt\/?p=43687"},"modified":"2026-09-02T16:26:59","modified_gmt":"2026-09-02T19:26:59","slug":"tomas-araujo-renova-contrato-benfica","status":"publish","type":"post","link":"https:\/\/fyno.pt\/pt\/mundo\/tomas-araujo-renova-contrato-benfica\/","title":{"rendered":"Tom\u00e1s Ara\u00fajo renova contrato com o Benfica at\u00e9 2031"},"content":{"rendered":"<p>O defesa central Tom\u00e1s Ara\u00fajo, vice-capit\u00e3o da equipe, renovou seu contrato com o Benfica at\u00e9 junho de 2031, conforme anunciado pelo clube da I Liga de futebol nesta ter\u00e7a-feira. A nova extens\u00e3o do v\u00ednculo acrescenta dois anos ao contrato anterior.<\/p>\n\n\n\n<h2 class=\"wp-block-heading\">Detalhes da renova\u00e7\u00e3o<\/h2>\n\n\n\n<p>A confirma\u00e7\u00e3o da renova\u00e7\u00e3o foi feita por meio de uma nota no site oficial do Benfica, que destaca: &quot;O Benfica prolongou o contrato de Tom\u00e1s Ara\u00fajo. O defesa central, formado no clube, fica ligado \u00e0s \u2018\u00e1guias\u2019 at\u00e9 2031.&quot;<\/p>\n\n\n\n<h2 class=\"wp-block-heading\">Carreira e estat\u00edsticas<\/h2>\n\n\n\n<p>Natural de Vila Nova de Famalic\u00e3o, Tom\u00e1s Ara\u00fajo, de 24 anos, \u00e9 um produto das categorias de base do Benfica. Desde sua estreia na equipe principal na temporada 2021\/22, o jogador acumulou 113 partidas, onde marcou quatro gols e registrou sete assist\u00eancias.<\/p>\n\n\n\n<h2 class=\"wp-block-heading\">Import\u00e2ncia para o Benfica<\/h2>\n\n\n\n<p>Al\u00e9m de suas contribui\u00e7\u00f5es em campo, Ara\u00fajo \u00e9 uma figura importante na hierarquia de capit\u00e3es do Benfica, refletindo seu papel central na equipe. Sua perman\u00eancia no clube \u00e9 vista como uma parte fundamental da estrat\u00e9gia de longo prazo da equipe.<\/p>","protected":false},"excerpt":{"rendered":"<p>Defesa central portugu\u00eas, vice-capit\u00e3o da equipe, amplia v\u00ednculo por mais dois anos.<\/p>","protected":false},"author":9,"featured_media":43688,"comment_status":"open","ping_status":"open","sticky":false,"template":"","format":"standard","meta":{"footnotes":""},"categories":[51],"tags":[2142,595,1827,2144,2143],"class_list":["post-43687","post","type-post","status-publish","format-standard","has-post-thumbnail","hentry","category-mundo","tag-benfica","tag-futebol","tag-i-liga","tag-renovacao","tag-tomas-araujo"],"yoast_head":"<!-- This site is optimized with the Yoast SEO Premium plugin v27.9 (Yoast SEO v27.9) - https:\/\/yoast.com\/product\/yoast-seo-premium-wordpress\/ -->\n<title>Tom\u00e1s Ara\u00fajo renova contrato com o Benfica at\u00e9 2031<\/title>\n<meta name=\"description\" content=\"Tom\u00e1s Ara\u00fajo renova contrato com o Benfica at\u00e9 junho de 2031, ampliando sua liga\u00e7\u00e3o com o clube.\" \/>\n<meta name=\"robots\" content=\"index, follow, max-snippet:-1, max-image-preview:large, max-video-preview:-1\" \/>\n<link rel=\"canonical\" href=\"https:\/\/fyno.pt\/pt\/mundo\/tomas-araujo-renova-contrato-benfica\/\" \/>\n<meta property=\"og:locale\" content=\"pt_PT\" \/>\n<meta property=\"og:type\" content=\"article\" \/>\n<meta property=\"og:title\" content=\"Tom\u00e1s Ara\u00fajo renova contrato com o Benfica at\u00e9 2031\" \/>\n<meta property=\"og:description\" content=\"Tom\u00e1s Ara\u00fajo renova contrato com o Benfica at\u00e9 junho de 2031, ampliando sua liga\u00e7\u00e3o com o clube.\" \/>\n<meta property=\"og:url\" content=\"https:\/\/fyno.pt\/pt\/mundo\/tomas-araujo-renova-contrato-benfica\/\" \/>\n<meta property=\"og:site_name\" content=\"Fyno\" \/>\n<meta property=\"article:published_time\" content=\"2026-09-02T19:26:59+00:00\" \/>\n<meta property=\"og:image\" content=\"https:\/\/fyno.pt\/wp-content\/uploads\/2026\/09\/tomas-araujo-1160x630-1.jpg\" \/>\n\t<meta property=\"og:image:width\" content=\"1160\" \/>\n\t<meta property=\"og:image:height\" content=\"630\" \/>\n\t<meta property=\"og:image:type\" content=\"image\/jpeg\" \/>\n<meta name=\"author\" content=\"Fyno\" \/>\n<meta name=\"twitter:card\" content=\"summary_large_image\" \/>\n<meta name=\"twitter:label1\" content=\"Escrito por\" \/>\n\t<meta name=\"twitter:data1\" content=\"Fyno\" \/>\n\t<meta name=\"twitter:label2\" content=\"Tempo estimado de leitura\" \/>\n\t<meta name=\"twitter:data2\" content=\"1 minuto\" \/>\n<script type=\"application\/ld+json\" class=\"yoast-schema-graph\">{\"@context\":\"https:\\\/\\\/schema.org\",\"@graph\":[{\"@type\":\"Article\",\"@id\":\"https:\\\/\\\/fyno.pt\\\/pt\\\/mundo\\\/tomas-araujo-renova-contrato-benfica\\\/#article\",\"isPartOf\":{\"@id\":\"https:\\\/\\\/fyno.pt\\\/pt\\\/mundo\\\/tomas-araujo-renova-contrato-benfica\\\/\"},\"author\":{\"name\":\"Fyno\",\"@id\":\"https:\\\/\\\/fyno.pt\\\/#\\\/schema\\\/person\\\/ab5b330ed5ed05f1b4a7b8e438f68187\"},\"headline\":\"Tom\u00e1s Ara\u00fajo renova contrato com o Benfica at\u00e9 2031\",\"datePublished\":\"2026-09-02T19:26:59+00:00\",\"mainEntityOfPage\":{\"@id\":\"https:\\\/\\\/fyno.pt\\\/pt\\\/mundo\\\/tomas-araujo-renova-contrato-benfica\\\/\"},\"wordCount\":197,\"commentCount\":0,\"image\":{\"@id\":\"https:\\\/\\\/fyno.pt\\\/pt\\\/mundo\\\/tomas-araujo-renova-contrato-benfica\\\/#primaryimage\"},\"thumbnailUrl\":\"https:\\\/\\\/fyno.pt\\\/wp-content\\\/uploads\\\/2026\\\/09\\\/tomas-araujo-1160x630-1.jpg\",\"keywords\":[\"Benfica\",\"Futebol\",\"I Liga\",\"renova\u00e7\u00e3o\",\"Tom\u00e1s Ara\u00fajo\"],\"articleSection\":[\"Mundo\"],\"inLanguage\":\"pt-PT\",\"potentialAction\":[{\"@type\":\"CommentAction\",\"name\":\"Comment\",\"target\":[\"https:\\\/\\\/fyno.pt\\\/pt\\\/mundo\\\/tomas-araujo-renova-contrato-benfica\\\/#respond\"]}]},{\"@type\":\"WebPage\",\"@id\":\"https:\\\/\\\/fyno.pt\\\/pt\\\/mundo\\\/tomas-araujo-renova-contrato-benfica\\\/\",\"url\":\"https:\\\/\\\/fyno.pt\\\/pt\\\/mundo\\\/tomas-araujo-renova-contrato-benfica\\\/\",\"name\":\"Tom\u00e1s Ara\u00fajo renova contrato com o Benfica at\u00e9 2031\",\"isPartOf\":{\"@id\":\"https:\\\/\\\/fyno.pt\\\/#website\"},\"primaryImageOfPage\":{\"@id\":\"https:\\\/\\\/fyno.pt\\\/pt\\\/mundo\\\/tomas-araujo-renova-contrato-benfica\\\/#primaryimage\"},\"image\":{\"@id\":\"https:\\\/\\\/fyno.pt\\\/pt\\\/mundo\\\/tomas-araujo-renova-contrato-benfica\\\/#primaryimage\"},\"thumbnailUrl\":\"https:\\\/\\\/fyno.pt\\\/wp-content\\\/uploads\\\/2026\\\/09\\\/tomas-araujo-1160x630-1.jpg\",\"datePublished\":\"2026-09-02T19:26:59+00:00\",\"author\":{\"@id\":\"https:\\\/\\\/fyno.pt\\\/#\\\/schema\\\/person\\\/ab5b330ed5ed05f1b4a7b8e438f68187\"},\"description\":\"Tom\u00e1s Ara\u00fajo renova contrato com o Benfica at\u00e9 junho de 2031, ampliando sua liga\u00e7\u00e3o com o clube.\",\"breadcrumb\":{\"@id\":\"https:\\\/\\\/fyno.pt\\\/pt\\\/mundo\\\/tomas-araujo-renova-contrato-benfica\\\/#breadcrumb\"},\"inLanguage\":\"pt-PT\",\"potentialAction\":[{\"@type\":\"ReadAction\",\"target\":[\"https:\\\/\\\/fyno.pt\\\/pt\\\/mundo\\\/tomas-araujo-renova-contrato-benfica\\\/\"]}]},{\"@type\":\"ImageObject\",\"inLanguage\":\"pt-PT\",\"@id\":\"https:\\\/\\\/fyno.pt\\\/pt\\\/mundo\\\/tomas-araujo-renova-contrato-benfica\\\/#primaryimage\",\"url\":\"https:\\\/\\\/fyno.pt\\\/wp-content\\\/uploads\\\/2026\\\/09\\\/tomas-araujo-1160x630-1.jpg\",\"contentUrl\":\"https:\\\/\\\/fyno.pt\\\/wp-content\\\/uploads\\\/2026\\\/09\\\/tomas-araujo-1160x630-1.jpg\",\"width\":1160,\"height\":630,\"caption\":\"Foto: SL Benfica\"},{\"@type\":\"BreadcrumbList\",\"@id\":\"https:\\\/\\\/fyno.pt\\\/pt\\\/mundo\\\/tomas-araujo-renova-contrato-benfica\\\/#breadcrumb\",\"itemListElement\":[{\"@type\":\"ListItem\",\"position\":1,\"name\":\"In\u00edcio\",\"item\":\"https:\\\/\\\/fyno.pt\\\/\"},{\"@type\":\"ListItem\",\"position\":2,\"name\":\"Tom\u00e1s Ara\u00fajo renova contrato com o Benfica at\u00e9 2031\"}]},{\"@type\":\"WebSite\",\"@id\":\"https:\\\/\\\/fyno.pt\\\/#website\",\"url\":\"https:\\\/\\\/fyno.pt\\\/\",\"name\":\"Fyno\",\"description\":\"Not\u00edcia e informa\u00e7\u00e3o\",\"potentialAction\":[{\"@type\":\"SearchAction\",\"target\":{\"@type\":\"EntryPoint\",\"urlTemplate\":\"https:\\\/\\\/fyno.pt\\\/?s={search_term_string}\"},\"query-input\":{\"@type\":\"PropertyValueSpecification\",\"valueRequired\":true,\"valueName\":\"search_term_string\"}}],\"inLanguage\":\"pt-PT\"},{\"@type\":\"Person\",\"@id\":\"https:\\\/\\\/fyno.pt\\\/#\\\/schema\\\/person\\\/ab5b330ed5ed05f1b4a7b8e438f68187\",\"name\":\"Fyno\",\"image\":{\"@type\":\"ImageObject\",\"inLanguage\":\"pt-PT\",\"@id\":\"https:\\\/\\\/fyno.pt\\\/wp-content\\\/litespeed\\\/avatar\\\/8f51870e8d94c234e288da840d914372.jpg?ver=1788205134\",\"url\":\"https:\\\/\\\/fyno.pt\\\/wp-content\\\/litespeed\\\/avatar\\\/8f51870e8d94c234e288da840d914372.jpg?ver=1788205134\",\"contentUrl\":\"https:\\\/\\\/fyno.pt\\\/wp-content\\\/litespeed\\\/avatar\\\/8f51870e8d94c234e288da840d914372.jpg?ver=1788205134\",\"caption\":\"Fyno\"},\"description\":\"A sua fonte de informa\u00e7\u00e3o.\",\"url\":\"https:\\\/\\\/fyno.pt\\\/pt\\\/author\\\/fynopt\\\/\"}]}<\/script>\n<!-- \/ Yoast SEO Premium plugin. -->","yoast_head_json":{"title":"Tom\u00e1s Ara\u00fajo renova contrato com o Benfica at\u00e9 2031","description":"Tom\u00e1s Ara\u00fajo renova contrato com o Benfica at\u00e9 junho de 2031, ampliando sua liga\u00e7\u00e3o com o clube.","robots":{"index":"index","follow":"follow","max-snippet":"max-snippet:-1","max-image-preview":"max-image-preview:large","max-video-preview":"max-video-preview:-1"},"canonical":"https:\/\/fyno.pt\/pt\/mundo\/tomas-araujo-renova-contrato-benfica\/","og_locale":"pt_PT","og_type":"article","og_title":"Tom\u00e1s Ara\u00fajo renova contrato com o Benfica at\u00e9 2031","og_description":"Tom\u00e1s Ara\u00fajo renova contrato com o Benfica at\u00e9 junho de 2031, ampliando sua liga\u00e7\u00e3o com o clube.","og_url":"https:\/\/fyno.pt\/pt\/mundo\/tomas-araujo-renova-contrato-benfica\/","og_site_name":"Fyno","article_published_time":"2026-09-02T19:26:59+00:00","og_image":[{"width":1160,"height":630,"url":"https:\/\/fyno.pt\/wp-content\/uploads\/2026\/09\/tomas-araujo-1160x630-1.jpg","type":"image\/jpeg"}],"author":"Fyno","twitter_card":"summary_large_image","twitter_misc":{"Escrito por":"Fyno","Tempo estimado de leitura":"1 minuto"},"schema":{"@context":"https:\/\/schema.org","@graph":[{"@type":"Article","@id":"https:\/\/fyno.pt\/pt\/mundo\/tomas-araujo-renova-contrato-benfica\/#article","isPartOf":{"@id":"https:\/\/fyno.pt\/pt\/mundo\/tomas-araujo-renova-contrato-benfica\/"},"author":{"name":"Fyno","@id":"https:\/\/fyno.pt\/#\/schema\/person\/ab5b330ed5ed05f1b4a7b8e438f68187"},"headline":"Tom\u00e1s Ara\u00fajo renova contrato com o Benfica at\u00e9 2031","datePublished":"2026-09-02T19:26:59+00:00","mainEntityOfPage":{"@id":"https:\/\/fyno.pt\/pt\/mundo\/tomas-araujo-renova-contrato-benfica\/"},"wordCount":197,"commentCount":0,"image":{"@id":"https:\/\/fyno.pt\/pt\/mundo\/tomas-araujo-renova-contrato-benfica\/#primaryimage"},"thumbnailUrl":"https:\/\/fyno.pt\/wp-content\/uploads\/2026\/09\/tomas-araujo-1160x630-1.jpg","keywords":["Benfica","Futebol","I Liga","renova\u00e7\u00e3o","Tom\u00e1s Ara\u00fajo"],"articleSection":["Mundo"],"inLanguage":"pt-PT","potentialAction":[{"@type":"CommentAction","name":"Comment","target":["https:\/\/fyno.pt\/pt\/mundo\/tomas-araujo-renova-contrato-benfica\/#respond"]}]},{"@type":"WebPage","@id":"https:\/\/fyno.pt\/pt\/mundo\/tomas-araujo-renova-contrato-benfica\/","url":"https:\/\/fyno.pt\/pt\/mundo\/tomas-araujo-renova-contrato-benfica\/","name":"Tom\u00e1s Ara\u00fajo renova contrato com o Benfica at\u00e9 2031","isPartOf":{"@id":"https:\/\/fyno.pt\/#website"},"primaryImageOfPage":{"@id":"https:\/\/fyno.pt\/pt\/mundo\/tomas-araujo-renova-contrato-benfica\/#primaryimage"},"image":{"@id":"https:\/\/fyno.pt\/pt\/mundo\/tomas-araujo-renova-contrato-benfica\/#primaryimage"},"thumbnailUrl":"https:\/\/fyno.pt\/wp-content\/uploads\/2026\/09\/tomas-araujo-1160x630-1.jpg","datePublished":"2026-09-02T19:26:59+00:00","author":{"@id":"https:\/\/fyno.pt\/#\/schema\/person\/ab5b330ed5ed05f1b4a7b8e438f68187"},"description":"Tom\u00e1s Ara\u00fajo renova contrato com o Benfica at\u00e9 junho de 2031, ampliando sua liga\u00e7\u00e3o com o clube.","breadcrumb":{"@id":"https:\/\/fyno.pt\/pt\/mundo\/tomas-araujo-renova-contrato-benfica\/#breadcrumb"},"inLanguage":"pt-PT","potentialAction":[{"@type":"ReadAction","target":["https:\/\/fyno.pt\/pt\/mundo\/tomas-araujo-renova-contrato-benfica\/"]}]},{"@type":"ImageObject","inLanguage":"pt-PT","@id":"https:\/\/fyno.pt\/pt\/mundo\/tomas-araujo-renova-contrato-benfica\/#primaryimage","url":"https:\/\/fyno.pt\/wp-content\/uploads\/2026\/09\/tomas-araujo-1160x630-1.jpg","contentUrl":"https:\/\/fyno.pt\/wp-content\/uploads\/2026\/09\/tomas-araujo-1160x630-1.jpg","width":1160,"height":630,"caption":"Foto: SL Benfica"},{"@type":"BreadcrumbList","@id":"https:\/\/fyno.pt\/pt\/mundo\/tomas-araujo-renova-contrato-benfica\/#breadcrumb","itemListElement":[{"@type":"ListItem","position":1,"name":"In\u00edcio","item":"https:\/\/fyno.pt\/"},{"@type":"ListItem","position":2,"name":"Tom\u00e1s Ara\u00fajo renova contrato com o Benfica at\u00e9 2031"}]},{"@type":"WebSite","@id":"https:\/\/fyno.pt\/#website","url":"https:\/\/fyno.pt\/","name":"Fyno","description":"Not\u00edcia e informa\u00e7\u00e3o","potentialAction":[{"@type":"SearchAction","target":{"@type":"EntryPoint","urlTemplate":"https:\/\/fyno.pt\/?s={search_term_string}"},"query-input":{"@type":"PropertyValueSpecification","valueRequired":true,"valueName":"search_term_string"}}],"inLanguage":"pt-PT"},{"@type":"Person","@id":"https:\/\/fyno.pt\/#\/schema\/person\/ab5b330ed5ed05f1b4a7b8e438f68187","name":"Fyno","image":{"@type":"ImageObject","inLanguage":"pt-PT","@id":"https:\/\/fyno.pt\/wp-content\/litespeed\/avatar\/8f51870e8d94c234e288da840d914372.jpg?ver=1788205134","url":"https:\/\/fyno.pt\/wp-content\/litespeed\/avatar\/8f51870e8d94c234e288da840d914372.jpg?ver=1788205134","contentUrl":"https:\/\/fyno.pt\/wp-content\/litespeed\/avatar\/8f51870e8d94c234e288da840d914372.jpg?ver=1788205134","caption":"Fyno"},"description":"A sua fonte de informa\u00e7\u00e3o.","url":"https:\/\/fyno.pt\/pt\/author\/fynopt\/"}]}},"_links":{"self":[{"href":"https:\/\/fyno.pt\/pt\/wp-json\/wp\/v2\/posts\/43687","targetHints":{"allow":["GET"]}}],"collection":[{"href":"https:\/\/fyno.pt\/pt\/wp-json\/wp\/v2\/posts"}],"about":[{"href":"https:\/\/fyno.pt\/pt\/wp-json\/wp\/v2\/types\/post"}],"author":[{"embeddable":true,"href":"https:\/\/fyno.pt\/pt\/wp-json\/wp\/v2\/users\/9"}],"replies":[{"embeddable":true,"href":"https:\/\/fyno.pt\/pt\/wp-json\/wp\/v2\/comments?post=43687"}],"version-history":[{"count":1,"href":"https:\/\/fyno.pt\/pt\/wp-json\/wp\/v2\/posts\/43687\/revisions"}],"predecessor-version":[{"id":43689,"href":"https:\/\/fyno.pt\/pt\/wp-json\/wp\/v2\/posts\/43687\/revisions\/43689"}],"wp:featuredmedia":[{"embeddable":true,"href":"https:\/\/fyno.pt\/pt\/wp-json\/wp\/v2\/media\/43688"}],"wp:attachment":[{"href":"https:\/\/fyno.pt\/pt\/wp-json\/wp\/v2\/media?parent=43687"}],"wp:term":[{"taxonomy":"category","embeddable":true,"href":"https:\/\/fyno.pt\/pt\/wp-json\/wp\/v2\/categories?post=43687"},{"taxonomy":"post_tag","embeddable":true,"href":"https:\/\/fyno.pt\/pt\/wp-json\/wp\/v2\/tags?post=43687"}],"curies":[{"name":"wp","href":"https:\/\/api.w.org\/{rel}","templated":true}]}}