{"id":43684,"date":"2026-09-02T15:56:44","date_gmt":"2026-09-02T18:56:44","guid":{"rendered":"https:\/\/fyno.pt\/pt\/?p=43684"},"modified":"2026-09-02T15:56:44","modified_gmt":"2026-09-02T18:56:44","slug":"condutor-em-fuga-colisao-gnr-quinta-do-conde","status":"publish","type":"post","link":"https:\/\/fyno.pt\/pt\/news\/condutor-em-fuga-colisao-gnr-quinta-do-conde\/","title":{"rendered":"Condutor em fuga causa colis\u00e3o e GNR dispara para o ar na Quinta do Conde"},"content":{"rendered":"<p>Uma persegui\u00e7\u00e3o policial resultou em um embate entre um ve\u00edculo em fuga e duas viaturas estacionadas em um supermercado na Quinta do Conde, no concelho de Sesimbra. A situa\u00e7\u00e3o exigiu que a Guarda Nacional Republicana (GNR) disparasse para o ar para conter o condutor.<\/p>\n\n\n\n<h2 class=\"wp-block-heading\">Desfecho da persegui\u00e7\u00e3o<\/h2>\n\n\n\n<p>O incidente ocorreu em um parque de estacionamento, onde o carro em fuga colidiu com dois ve\u00edculos que estavam parados. Durante a a\u00e7\u00e3o, a viatura da GNR tamb\u00e9m se envolveu em um acidente com o carro do fugitivo, como indicado nas imagens registradas do evento.<\/p>\n\n\n\n<h2 class=\"wp-block-heading\">Rea\u00e7\u00e3o da GNR<\/h2>\n\n\n\n<p>A GNR, ao perceber a gravidade da situa\u00e7\u00e3o e a necessidade de deter o condutor, optou por disparar para o ar. Essa medida foi tomada para garantir a seguran\u00e7a de todos os presentes no local e evitar que o condutor continuasse a fugir, colocando outras pessoas em risco.<\/p>\n\n\n\n<h2 class=\"wp-block-heading\">Contexto da ocorr\u00eancia<\/h2>\n\n\n\n<p>Embora as raz\u00f5es que levaram \u00e0 persegui\u00e7\u00e3o ainda n\u00e3o tenham sido esclarecidas, o incidente destaca os desafios enfrentados pelas autoridades em situa\u00e7\u00f5es de fuga. A a\u00e7\u00e3o da GNR reflete a necessidade de agir rapidamente para evitar consequ\u00eancias mais graves em situa\u00e7\u00f5es de risco.<\/p>","protected":false},"excerpt":{"rendered":"<p>Persegui\u00e7\u00e3o termina em estacionamento de supermercado ap\u00f3s embate com viaturas.<\/p>","protected":false},"author":9,"featured_media":43685,"comment_status":"open","ping_status":"open","sticky":false,"template":"","format":"standard","meta":{"footnotes":""},"categories":[560],"tags":[2140,2139,2138,2141,1823],"class_list":["post-43684","post","type-post","status-publish","format-standard","has-post-thumbnail","hentry","category-news","tag-colisao","tag-gnr","tag-perseguicao","tag-quinta-do-conde","tag-seguranca"],"yoast_head":"<!-- This site is optimized with the Yoast SEO Premium plugin v27.9 (Yoast SEO v27.9) - https:\/\/yoast.com\/product\/yoast-seo-premium-wordpress\/ -->\n<title>persegui\u00e7\u00e3o policial termina em colis\u00e3o na quinta do conde<\/title>\n<meta name=\"description\" content=\"Persegui\u00e7\u00e3o policial na Quinta do Conde termina com colis\u00e3o e disparos da GNR para conter fugitivo.\" \/>\n<meta name=\"robots\" content=\"index, follow, max-snippet:-1, max-image-preview:large, max-video-preview:-1\" \/>\n<link rel=\"canonical\" href=\"https:\/\/fyno.pt\/pt\/news\/condutor-em-fuga-colisao-gnr-quinta-do-conde\/\" \/>\n<meta property=\"og:locale\" content=\"pt_PT\" \/>\n<meta property=\"og:type\" content=\"article\" \/>\n<meta property=\"og:title\" content=\"Condutor em fuga causa colis\u00e3o e GNR dispara para o ar na Quinta do Conde\" \/>\n<meta property=\"og:description\" content=\"Persegui\u00e7\u00e3o policial na Quinta do Conde termina com colis\u00e3o e disparos da GNR para conter fugitivo.\" \/>\n<meta property=\"og:url\" content=\"https:\/\/fyno.pt\/pt\/news\/condutor-em-fuga-colisao-gnr-quinta-do-conde\/\" \/>\n<meta property=\"og:site_name\" content=\"Fyno\" \/>\n<meta property=\"article:published_time\" content=\"2026-09-02T18:56:44+00:00\" \/>\n<meta property=\"og:image\" content=\"https:\/\/fyno.pt\/wp-content\/uploads\/2026\/09\/postiaf5-image-1788375402.jpg\" \/>\n\t<meta property=\"og:image:width\" content=\"1200\" \/>\n\t<meta property=\"og:image:height\" content=\"630\" \/>\n\t<meta property=\"og:image:type\" content=\"image\/jpeg\" \/>\n<meta name=\"author\" content=\"Fyno\" \/>\n<meta name=\"twitter:card\" content=\"summary_large_image\" \/>\n<meta name=\"twitter:label1\" content=\"Escrito por\" \/>\n\t<meta name=\"twitter:data1\" content=\"Fyno\" \/>\n\t<meta name=\"twitter:label2\" content=\"Tempo estimado de leitura\" \/>\n\t<meta name=\"twitter:data2\" content=\"1 minuto\" \/>\n<script type=\"application\/ld+json\" class=\"yoast-schema-graph\">{\"@context\":\"https:\\\/\\\/schema.org\",\"@graph\":[{\"@type\":\"Article\",\"@id\":\"https:\\\/\\\/fyno.pt\\\/pt\\\/news\\\/condutor-em-fuga-colisao-gnr-quinta-do-conde\\\/#article\",\"isPartOf\":{\"@id\":\"https:\\\/\\\/fyno.pt\\\/pt\\\/news\\\/condutor-em-fuga-colisao-gnr-quinta-do-conde\\\/\"},\"author\":{\"name\":\"Fyno\",\"@id\":\"https:\\\/\\\/fyno.pt\\\/#\\\/schema\\\/person\\\/ab5b330ed5ed05f1b4a7b8e438f68187\"},\"headline\":\"Condutor em fuga causa colis\u00e3o e GNR dispara para o ar na Quinta do Conde\",\"datePublished\":\"2026-09-02T18:56:44+00:00\",\"mainEntityOfPage\":{\"@id\":\"https:\\\/\\\/fyno.pt\\\/pt\\\/news\\\/condutor-em-fuga-colisao-gnr-quinta-do-conde\\\/\"},\"wordCount\":222,\"commentCount\":0,\"image\":{\"@id\":\"https:\\\/\\\/fyno.pt\\\/pt\\\/news\\\/condutor-em-fuga-colisao-gnr-quinta-do-conde\\\/#primaryimage\"},\"thumbnailUrl\":\"https:\\\/\\\/fyno.pt\\\/wp-content\\\/uploads\\\/2026\\\/09\\\/postiaf5-image-1788375402.jpg\",\"keywords\":[\"colis\u00e3o\",\"GNR\",\"persegui\u00e7\u00e3o\",\"Quinta do Conde\",\"seguran\u00e7a\"],\"articleSection\":[\"News\"],\"inLanguage\":\"pt-PT\",\"potentialAction\":[{\"@type\":\"CommentAction\",\"name\":\"Comment\",\"target\":[\"https:\\\/\\\/fyno.pt\\\/pt\\\/news\\\/condutor-em-fuga-colisao-gnr-quinta-do-conde\\\/#respond\"]}]},{\"@type\":\"WebPage\",\"@id\":\"https:\\\/\\\/fyno.pt\\\/pt\\\/news\\\/condutor-em-fuga-colisao-gnr-quinta-do-conde\\\/\",\"url\":\"https:\\\/\\\/fyno.pt\\\/pt\\\/news\\\/condutor-em-fuga-colisao-gnr-quinta-do-conde\\\/\",\"name\":\"persegui\u00e7\u00e3o policial termina em colis\u00e3o na quinta do conde\",\"isPartOf\":{\"@id\":\"https:\\\/\\\/fyno.pt\\\/#website\"},\"primaryImageOfPage\":{\"@id\":\"https:\\\/\\\/fyno.pt\\\/pt\\\/news\\\/condutor-em-fuga-colisao-gnr-quinta-do-conde\\\/#primaryimage\"},\"image\":{\"@id\":\"https:\\\/\\\/fyno.pt\\\/pt\\\/news\\\/condutor-em-fuga-colisao-gnr-quinta-do-conde\\\/#primaryimage\"},\"thumbnailUrl\":\"https:\\\/\\\/fyno.pt\\\/wp-content\\\/uploads\\\/2026\\\/09\\\/postiaf5-image-1788375402.jpg\",\"datePublished\":\"2026-09-02T18:56:44+00:00\",\"author\":{\"@id\":\"https:\\\/\\\/fyno.pt\\\/#\\\/schema\\\/person\\\/ab5b330ed5ed05f1b4a7b8e438f68187\"},\"description\":\"Persegui\u00e7\u00e3o policial na Quinta do Conde termina com colis\u00e3o e disparos da GNR para conter fugitivo.\",\"breadcrumb\":{\"@id\":\"https:\\\/\\\/fyno.pt\\\/pt\\\/news\\\/condutor-em-fuga-colisao-gnr-quinta-do-conde\\\/#breadcrumb\"},\"inLanguage\":\"pt-PT\",\"potentialAction\":[{\"@type\":\"ReadAction\",\"target\":[\"https:\\\/\\\/fyno.pt\\\/pt\\\/news\\\/condutor-em-fuga-colisao-gnr-quinta-do-conde\\\/\"]}]},{\"@type\":\"ImageObject\",\"inLanguage\":\"pt-PT\",\"@id\":\"https:\\\/\\\/fyno.pt\\\/pt\\\/news\\\/condutor-em-fuga-colisao-gnr-quinta-do-conde\\\/#primaryimage\",\"url\":\"https:\\\/\\\/fyno.pt\\\/wp-content\\\/uploads\\\/2026\\\/09\\\/postiaf5-image-1788375402.jpg\",\"contentUrl\":\"https:\\\/\\\/fyno.pt\\\/wp-content\\\/uploads\\\/2026\\\/09\\\/postiaf5-image-1788375402.jpg\",\"width\":1200,\"height\":630,\"caption\":\"Condutor em fuga embate em viaturas e obriga GNR a disparar para o ar na Quinta do CondeCr\u00e9ditos:vicvaz\"},{\"@type\":\"BreadcrumbList\",\"@id\":\"https:\\\/\\\/fyno.pt\\\/pt\\\/news\\\/condutor-em-fuga-colisao-gnr-quinta-do-conde\\\/#breadcrumb\",\"itemListElement\":[{\"@type\":\"ListItem\",\"position\":1,\"name\":\"In\u00edcio\",\"item\":\"https:\\\/\\\/fyno.pt\\\/\"},{\"@type\":\"ListItem\",\"position\":2,\"name\":\"Condutor em fuga causa colis\u00e3o e GNR dispara para o ar na Quinta do Conde\"}]},{\"@type\":\"WebSite\",\"@id\":\"https:\\\/\\\/fyno.pt\\\/#website\",\"url\":\"https:\\\/\\\/fyno.pt\\\/\",\"name\":\"Fyno\",\"description\":\"Not\u00edcia e informa\u00e7\u00e3o\",\"potentialAction\":[{\"@type\":\"SearchAction\",\"target\":{\"@type\":\"EntryPoint\",\"urlTemplate\":\"https:\\\/\\\/fyno.pt\\\/?s={search_term_string}\"},\"query-input\":{\"@type\":\"PropertyValueSpecification\",\"valueRequired\":true,\"valueName\":\"search_term_string\"}}],\"inLanguage\":\"pt-PT\"},{\"@type\":\"Person\",\"@id\":\"https:\\\/\\\/fyno.pt\\\/#\\\/schema\\\/person\\\/ab5b330ed5ed05f1b4a7b8e438f68187\",\"name\":\"Fyno\",\"image\":{\"@type\":\"ImageObject\",\"inLanguage\":\"pt-PT\",\"@id\":\"https:\\\/\\\/fyno.pt\\\/wp-content\\\/litespeed\\\/avatar\\\/8f51870e8d94c234e288da840d914372.jpg?ver=1788205134\",\"url\":\"https:\\\/\\\/fyno.pt\\\/wp-content\\\/litespeed\\\/avatar\\\/8f51870e8d94c234e288da840d914372.jpg?ver=1788205134\",\"contentUrl\":\"https:\\\/\\\/fyno.pt\\\/wp-content\\\/litespeed\\\/avatar\\\/8f51870e8d94c234e288da840d914372.jpg?ver=1788205134\",\"caption\":\"Fyno\"},\"description\":\"A sua fonte de informa\u00e7\u00e3o.\",\"url\":\"https:\\\/\\\/fyno.pt\\\/pt\\\/author\\\/fynopt\\\/\"}]}<\/script>\n<!-- \/ Yoast SEO Premium plugin. -->","yoast_head_json":{"title":"persegui\u00e7\u00e3o policial termina em colis\u00e3o na quinta do conde","description":"Persegui\u00e7\u00e3o policial na Quinta do Conde termina com colis\u00e3o e disparos da GNR para conter fugitivo.","robots":{"index":"index","follow":"follow","max-snippet":"max-snippet:-1","max-image-preview":"max-image-preview:large","max-video-preview":"max-video-preview:-1"},"canonical":"https:\/\/fyno.pt\/pt\/news\/condutor-em-fuga-colisao-gnr-quinta-do-conde\/","og_locale":"pt_PT","og_type":"article","og_title":"Condutor em fuga causa colis\u00e3o e GNR dispara para o ar na Quinta do Conde","og_description":"Persegui\u00e7\u00e3o policial na Quinta do Conde termina com colis\u00e3o e disparos da GNR para conter fugitivo.","og_url":"https:\/\/fyno.pt\/pt\/news\/condutor-em-fuga-colisao-gnr-quinta-do-conde\/","og_site_name":"Fyno","article_published_time":"2026-09-02T18:56:44+00:00","og_image":[{"width":1200,"height":630,"url":"https:\/\/fyno.pt\/wp-content\/uploads\/2026\/09\/postiaf5-image-1788375402.jpg","type":"image\/jpeg"}],"author":"Fyno","twitter_card":"summary_large_image","twitter_misc":{"Escrito por":"Fyno","Tempo estimado de leitura":"1 minuto"},"schema":{"@context":"https:\/\/schema.org","@graph":[{"@type":"Article","@id":"https:\/\/fyno.pt\/pt\/news\/condutor-em-fuga-colisao-gnr-quinta-do-conde\/#article","isPartOf":{"@id":"https:\/\/fyno.pt\/pt\/news\/condutor-em-fuga-colisao-gnr-quinta-do-conde\/"},"author":{"name":"Fyno","@id":"https:\/\/fyno.pt\/#\/schema\/person\/ab5b330ed5ed05f1b4a7b8e438f68187"},"headline":"Condutor em fuga causa colis\u00e3o e GNR dispara para o ar na Quinta do Conde","datePublished":"2026-09-02T18:56:44+00:00","mainEntityOfPage":{"@id":"https:\/\/fyno.pt\/pt\/news\/condutor-em-fuga-colisao-gnr-quinta-do-conde\/"},"wordCount":222,"commentCount":0,"image":{"@id":"https:\/\/fyno.pt\/pt\/news\/condutor-em-fuga-colisao-gnr-quinta-do-conde\/#primaryimage"},"thumbnailUrl":"https:\/\/fyno.pt\/wp-content\/uploads\/2026\/09\/postiaf5-image-1788375402.jpg","keywords":["colis\u00e3o","GNR","persegui\u00e7\u00e3o","Quinta do Conde","seguran\u00e7a"],"articleSection":["News"],"inLanguage":"pt-PT","potentialAction":[{"@type":"CommentAction","name":"Comment","target":["https:\/\/fyno.pt\/pt\/news\/condutor-em-fuga-colisao-gnr-quinta-do-conde\/#respond"]}]},{"@type":"WebPage","@id":"https:\/\/fyno.pt\/pt\/news\/condutor-em-fuga-colisao-gnr-quinta-do-conde\/","url":"https:\/\/fyno.pt\/pt\/news\/condutor-em-fuga-colisao-gnr-quinta-do-conde\/","name":"persegui\u00e7\u00e3o policial termina em colis\u00e3o na quinta do conde","isPartOf":{"@id":"https:\/\/fyno.pt\/#website"},"primaryImageOfPage":{"@id":"https:\/\/fyno.pt\/pt\/news\/condutor-em-fuga-colisao-gnr-quinta-do-conde\/#primaryimage"},"image":{"@id":"https:\/\/fyno.pt\/pt\/news\/condutor-em-fuga-colisao-gnr-quinta-do-conde\/#primaryimage"},"thumbnailUrl":"https:\/\/fyno.pt\/wp-content\/uploads\/2026\/09\/postiaf5-image-1788375402.jpg","datePublished":"2026-09-02T18:56:44+00:00","author":{"@id":"https:\/\/fyno.pt\/#\/schema\/person\/ab5b330ed5ed05f1b4a7b8e438f68187"},"description":"Persegui\u00e7\u00e3o policial na Quinta do Conde termina com colis\u00e3o e disparos da GNR para conter fugitivo.","breadcrumb":{"@id":"https:\/\/fyno.pt\/pt\/news\/condutor-em-fuga-colisao-gnr-quinta-do-conde\/#breadcrumb"},"inLanguage":"pt-PT","potentialAction":[{"@type":"ReadAction","target":["https:\/\/fyno.pt\/pt\/news\/condutor-em-fuga-colisao-gnr-quinta-do-conde\/"]}]},{"@type":"ImageObject","inLanguage":"pt-PT","@id":"https:\/\/fyno.pt\/pt\/news\/condutor-em-fuga-colisao-gnr-quinta-do-conde\/#primaryimage","url":"https:\/\/fyno.pt\/wp-content\/uploads\/2026\/09\/postiaf5-image-1788375402.jpg","contentUrl":"https:\/\/fyno.pt\/wp-content\/uploads\/2026\/09\/postiaf5-image-1788375402.jpg","width":1200,"height":630,"caption":"Condutor em fuga embate em viaturas e obriga GNR a disparar para o ar na Quinta do CondeCr\u00e9ditos:vicvaz"},{"@type":"BreadcrumbList","@id":"https:\/\/fyno.pt\/pt\/news\/condutor-em-fuga-colisao-gnr-quinta-do-conde\/#breadcrumb","itemListElement":[{"@type":"ListItem","position":1,"name":"In\u00edcio","item":"https:\/\/fyno.pt\/"},{"@type":"ListItem","position":2,"name":"Condutor em fuga causa colis\u00e3o e GNR dispara para o ar na Quinta do Conde"}]},{"@type":"WebSite","@id":"https:\/\/fyno.pt\/#website","url":"https:\/\/fyno.pt\/","name":"Fyno","description":"Not\u00edcia e informa\u00e7\u00e3o","potentialAction":[{"@type":"SearchAction","target":{"@type":"EntryPoint","urlTemplate":"https:\/\/fyno.pt\/?s={search_term_string}"},"query-input":{"@type":"PropertyValueSpecification","valueRequired":true,"valueName":"search_term_string"}}],"inLanguage":"pt-PT"},{"@type":"Person","@id":"https:\/\/fyno.pt\/#\/schema\/person\/ab5b330ed5ed05f1b4a7b8e438f68187","name":"Fyno","image":{"@type":"ImageObject","inLanguage":"pt-PT","@id":"https:\/\/fyno.pt\/wp-content\/litespeed\/avatar\/8f51870e8d94c234e288da840d914372.jpg?ver=1788205134","url":"https:\/\/fyno.pt\/wp-content\/litespeed\/avatar\/8f51870e8d94c234e288da840d914372.jpg?ver=1788205134","contentUrl":"https:\/\/fyno.pt\/wp-content\/litespeed\/avatar\/8f51870e8d94c234e288da840d914372.jpg?ver=1788205134","caption":"Fyno"},"description":"A sua fonte de informa\u00e7\u00e3o.","url":"https:\/\/fyno.pt\/pt\/author\/fynopt\/"}]}},"_links":{"self":[{"href":"https:\/\/fyno.pt\/pt\/wp-json\/wp\/v2\/posts\/43684","targetHints":{"allow":["GET"]}}],"collection":[{"href":"https:\/\/fyno.pt\/pt\/wp-json\/wp\/v2\/posts"}],"about":[{"href":"https:\/\/fyno.pt\/pt\/wp-json\/wp\/v2\/types\/post"}],"author":[{"embeddable":true,"href":"https:\/\/fyno.pt\/pt\/wp-json\/wp\/v2\/users\/9"}],"replies":[{"embeddable":true,"href":"https:\/\/fyno.pt\/pt\/wp-json\/wp\/v2\/comments?post=43684"}],"version-history":[{"count":1,"href":"https:\/\/fyno.pt\/pt\/wp-json\/wp\/v2\/posts\/43684\/revisions"}],"predecessor-version":[{"id":43686,"href":"https:\/\/fyno.pt\/pt\/wp-json\/wp\/v2\/posts\/43684\/revisions\/43686"}],"wp:featuredmedia":[{"embeddable":true,"href":"https:\/\/fyno.pt\/pt\/wp-json\/wp\/v2\/media\/43685"}],"wp:attachment":[{"href":"https:\/\/fyno.pt\/pt\/wp-json\/wp\/v2\/media?parent=43684"}],"wp:term":[{"taxonomy":"category","embeddable":true,"href":"https:\/\/fyno.pt\/pt\/wp-json\/wp\/v2\/categories?post=43684"},{"taxonomy":"post_tag","embeddable":true,"href":"https:\/\/fyno.pt\/pt\/wp-json\/wp\/v2\/tags?post=43684"}],"curies":[{"name":"wp","href":"https:\/\/api.w.org\/{rel}","templated":true}]}}