{"id":43681,"date":"2026-09-02T15:56:32","date_gmt":"2026-09-02T18:56:32","guid":{"rendered":"https:\/\/fyno.pt\/pt\/?p=43681"},"modified":"2026-09-02T15:56:32","modified_gmt":"2026-09-02T18:56:32","slug":"mirandela-refugios-climaticos","status":"publish","type":"post","link":"https:\/\/fyno.pt\/pt\/mundo\/mirandela-refugios-climaticos\/","title":{"rendered":"Mirandela cria ref\u00fagios clim\u00e1ticos para enfrentar calor extremo"},"content":{"rendered":"<p>O munic\u00edpio de Mirandela, localizado em Tr\u00e1s-os-Montes, anunciou a cria\u00e7\u00e3o de ref\u00fagios clim\u00e1ticos para enfrentar o aumento das temperaturas no ver\u00e3o, que podem ultrapassar os 50\u00baC. A iniciativa ocorreu ap\u00f3s a ades\u00e3o \u00e0 Rede de Ref\u00fagios Clim\u00e1ticos nas Terras de Tr\u00e1s-os-Montes, conforme informou a autarquia.<\/p>\n\n\n\n<h2 class=\"wp-block-heading\">Espa\u00e7os adaptados para o conforto<\/h2>\n\n\n\n<p>As \u00e1reas selecionadas para se tornarem ref\u00fagios incluem a Esta\u00e7\u00e3o das Artes, a Ecoteca de Mirandela, o Parque da Ribeira de Carvalhais, o Parque do Imp\u00e9rio e o Pinhal pr\u00f3ximo \u00e0 Escola Secund\u00e1ria Luciano Cordeiro. A proposta prev\u00ea a instala\u00e7\u00e3o de vegeta\u00e7\u00e3o, bebedouros e zonas de descanso, al\u00e9m de climatiza\u00e7\u00e3o para uso no inverno.<\/p>\n\n\n\n<p>O presidente da c\u00e2mara, V\u00edtor Correia, enfatizou a import\u00e2ncia de refor\u00e7ar a sombra e a vegeta\u00e7\u00e3o com esp\u00e9cies aut\u00f3ctones e adaptadas ao clima local. &quot;Refor\u00e7o da sombra, da vegeta\u00e7\u00e3o, de esp\u00e9cies aut\u00f3ctones, de esp\u00e9cies que sejam mais adaptadas ao nosso clima, instala\u00e7\u00e3o de bebedouros e zonas de descanso \u00e9 refor\u00e7ar a rede que j\u00e1 temos&quot;, afirmou em entrevista \u00e0 Lusa.<\/p>\n\n\n\n<h2 class=\"wp-block-heading\">Apoio financeiro e implementa\u00e7\u00e3o<\/h2>\n\n\n\n<p>O projeto foi desenvolvido ap\u00f3s a abertura de um aviso pelo Turismo de Portugal, no \u00e2mbito do Programa Crescer com o Turismo. A c\u00e2mara municipal est\u00e1 atualmente finalizando a candidatura para obter um valor m\u00e1ximo de 75 mil euros, com a possibilidade de reembolso de 80% desse montante.<\/p>\n\n\n\n<p>Correia destacou que a expectativa \u00e9 que, at\u00e9 o pr\u00f3ximo ver\u00e3o, os cinco ref\u00fagios estejam prontos para uso. &quot;Ao assumir-se como o primeiro concelho das Terras de Tr\u00e1s-os-Montes a aderir \u00e0 rede, Mirandela refor\u00e7a seu posicionamento enquanto territ\u00f3rio atento aos desafios clim\u00e1ticos e comprometido com solu\u00e7\u00f5es que promovam a seguran\u00e7a, o conforto e a qualidade de vida&quot;, declarou o autarca.<\/p>\n\n\n\n<h2 class=\"wp-block-heading\">Condi\u00e7\u00f5es clim\u00e1ticas desafiadoras<\/h2>\n\n\n\n<p>O presidente da c\u00e2mara ressaltou a amplitude t\u00e9rmica da regi\u00e3o, que pode variar em at\u00e9 50 graus entre o ver\u00e3o e o inverno, com temperaturas que frequentemente superam 40\u00baC durante os meses mais quentes e podem alcan\u00e7ar at\u00e9 menos cinco graus no inverno. &quot;Este programa vai dar resposta a este conforto clim\u00e1tico que procuramos que seja usufru\u00eddo pelas pessoas que nos visitam e pelos nossos habitantes&quot;, concluiu.<\/p>","protected":false},"excerpt":{"rendered":"<p>Munic\u00edpio de Tr\u00e1s-os-Montes planeja espa\u00e7os com vegeta\u00e7\u00e3o e climatiza\u00e7\u00e3o para o ver\u00e3o.<\/p>","protected":false},"author":9,"featured_media":43682,"comment_status":"open","ping_status":"open","sticky":false,"template":"","format":"standard","meta":{"footnotes":""},"categories":[51],"tags":[2136,2135,2137,1963,1000],"class_list":["post-43681","post","type-post","status-publish","format-standard","has-post-thumbnail","hentry","category-mundo","tag-clima","tag-mirandela","tag-refugios","tag-sustentabilidade","tag-verao"],"yoast_head":"<!-- This site is optimized with the Yoast SEO Premium plugin v27.9 (Yoast SEO v27.9) - https:\/\/yoast.com\/product\/yoast-seo-premium-wordpress\/ -->\n<title>Mirandela cria ref\u00fagios clim\u00e1ticos para enfrentar calor extremo<\/title>\n<meta name=\"description\" content=\"Mirandela cria ref\u00fagios clim\u00e1ticos para enfrentar calor extremo com espa\u00e7os adaptados e vegeta\u00e7\u00e3o aut\u00f3ctone.\" \/>\n<meta name=\"robots\" content=\"index, follow, max-snippet:-1, max-image-preview:large, max-video-preview:-1\" \/>\n<link rel=\"canonical\" href=\"https:\/\/fyno.pt\/pt\/mundo\/mirandela-refugios-climaticos\/\" \/>\n<meta property=\"og:locale\" content=\"pt_PT\" \/>\n<meta property=\"og:type\" content=\"article\" \/>\n<meta property=\"og:title\" content=\"Mirandela cria ref\u00fagios clim\u00e1ticos para enfrentar calor extremo\" \/>\n<meta property=\"og:description\" content=\"Mirandela cria ref\u00fagios clim\u00e1ticos para enfrentar calor extremo com espa\u00e7os adaptados e vegeta\u00e7\u00e3o aut\u00f3ctone.\" \/>\n<meta property=\"og:url\" content=\"https:\/\/fyno.pt\/pt\/mundo\/mirandela-refugios-climaticos\/\" \/>\n<meta property=\"og:site_name\" content=\"Fyno\" \/>\n<meta property=\"article:published_time\" content=\"2026-09-02T18:56:32+00:00\" \/>\n<meta property=\"og:image\" content=\"https:\/\/fyno.pt\/wp-content\/uploads\/2026\/09\/mirandela-1160x630-1.jpg\" \/>\n\t<meta property=\"og:image:width\" content=\"1160\" \/>\n\t<meta property=\"og:image:height\" content=\"630\" \/>\n\t<meta property=\"og:image:type\" content=\"image\/jpeg\" \/>\n<meta name=\"author\" content=\"Fyno\" \/>\n<meta name=\"twitter:card\" content=\"summary_large_image\" \/>\n<meta name=\"twitter:label1\" content=\"Escrito por\" \/>\n\t<meta name=\"twitter:data1\" content=\"Fyno\" \/>\n\t<meta name=\"twitter:label2\" content=\"Tempo estimado de leitura\" \/>\n\t<meta name=\"twitter:data2\" content=\"2 minutos\" \/>\n<script type=\"application\/ld+json\" class=\"yoast-schema-graph\">{\"@context\":\"https:\\\/\\\/schema.org\",\"@graph\":[{\"@type\":\"Article\",\"@id\":\"https:\\\/\\\/fyno.pt\\\/pt\\\/mundo\\\/mirandela-refugios-climaticos\\\/#article\",\"isPartOf\":{\"@id\":\"https:\\\/\\\/fyno.pt\\\/pt\\\/mundo\\\/mirandela-refugios-climaticos\\\/\"},\"author\":{\"name\":\"Fyno\",\"@id\":\"https:\\\/\\\/fyno.pt\\\/#\\\/schema\\\/person\\\/ab5b330ed5ed05f1b4a7b8e438f68187\"},\"headline\":\"Mirandela cria ref\u00fagios clim\u00e1ticos para enfrentar calor extremo\",\"datePublished\":\"2026-09-02T18:56:32+00:00\",\"mainEntityOfPage\":{\"@id\":\"https:\\\/\\\/fyno.pt\\\/pt\\\/mundo\\\/mirandela-refugios-climaticos\\\/\"},\"wordCount\":410,\"commentCount\":0,\"image\":{\"@id\":\"https:\\\/\\\/fyno.pt\\\/pt\\\/mundo\\\/mirandela-refugios-climaticos\\\/#primaryimage\"},\"thumbnailUrl\":\"https:\\\/\\\/fyno.pt\\\/wp-content\\\/uploads\\\/2026\\\/09\\\/mirandela-1160x630-1.jpg\",\"keywords\":[\"clima\",\"Mirandela\",\"ref\u00fagios\",\"sustentabilidade\",\"ver\u00e3o\"],\"articleSection\":[\"Mundo\"],\"inLanguage\":\"pt-PT\",\"potentialAction\":[{\"@type\":\"CommentAction\",\"name\":\"Comment\",\"target\":[\"https:\\\/\\\/fyno.pt\\\/pt\\\/mundo\\\/mirandela-refugios-climaticos\\\/#respond\"]}]},{\"@type\":\"WebPage\",\"@id\":\"https:\\\/\\\/fyno.pt\\\/pt\\\/mundo\\\/mirandela-refugios-climaticos\\\/\",\"url\":\"https:\\\/\\\/fyno.pt\\\/pt\\\/mundo\\\/mirandela-refugios-climaticos\\\/\",\"name\":\"Mirandela cria ref\u00fagios clim\u00e1ticos para enfrentar calor extremo\",\"isPartOf\":{\"@id\":\"https:\\\/\\\/fyno.pt\\\/#website\"},\"primaryImageOfPage\":{\"@id\":\"https:\\\/\\\/fyno.pt\\\/pt\\\/mundo\\\/mirandela-refugios-climaticos\\\/#primaryimage\"},\"image\":{\"@id\":\"https:\\\/\\\/fyno.pt\\\/pt\\\/mundo\\\/mirandela-refugios-climaticos\\\/#primaryimage\"},\"thumbnailUrl\":\"https:\\\/\\\/fyno.pt\\\/wp-content\\\/uploads\\\/2026\\\/09\\\/mirandela-1160x630-1.jpg\",\"datePublished\":\"2026-09-02T18:56:32+00:00\",\"author\":{\"@id\":\"https:\\\/\\\/fyno.pt\\\/#\\\/schema\\\/person\\\/ab5b330ed5ed05f1b4a7b8e438f68187\"},\"description\":\"Mirandela cria ref\u00fagios clim\u00e1ticos para enfrentar calor extremo com espa\u00e7os adaptados e vegeta\u00e7\u00e3o aut\u00f3ctone.\",\"breadcrumb\":{\"@id\":\"https:\\\/\\\/fyno.pt\\\/pt\\\/mundo\\\/mirandela-refugios-climaticos\\\/#breadcrumb\"},\"inLanguage\":\"pt-PT\",\"potentialAction\":[{\"@type\":\"ReadAction\",\"target\":[\"https:\\\/\\\/fyno.pt\\\/pt\\\/mundo\\\/mirandela-refugios-climaticos\\\/\"]}]},{\"@type\":\"ImageObject\",\"inLanguage\":\"pt-PT\",\"@id\":\"https:\\\/\\\/fyno.pt\\\/pt\\\/mundo\\\/mirandela-refugios-climaticos\\\/#primaryimage\",\"url\":\"https:\\\/\\\/fyno.pt\\\/wp-content\\\/uploads\\\/2026\\\/09\\\/mirandela-1160x630-1.jpg\",\"contentUrl\":\"https:\\\/\\\/fyno.pt\\\/wp-content\\\/uploads\\\/2026\\\/09\\\/mirandela-1160x630-1.jpg\",\"width\":1160,\"height\":630,\"caption\":\"Foto: CM Mirandela\"},{\"@type\":\"BreadcrumbList\",\"@id\":\"https:\\\/\\\/fyno.pt\\\/pt\\\/mundo\\\/mirandela-refugios-climaticos\\\/#breadcrumb\",\"itemListElement\":[{\"@type\":\"ListItem\",\"position\":1,\"name\":\"In\u00edcio\",\"item\":\"https:\\\/\\\/fyno.pt\\\/\"},{\"@type\":\"ListItem\",\"position\":2,\"name\":\"Mirandela cria ref\u00fagios clim\u00e1ticos para enfrentar calor extremo\"}]},{\"@type\":\"WebSite\",\"@id\":\"https:\\\/\\\/fyno.pt\\\/#website\",\"url\":\"https:\\\/\\\/fyno.pt\\\/\",\"name\":\"Fyno\",\"description\":\"Not\u00edcia e informa\u00e7\u00e3o\",\"potentialAction\":[{\"@type\":\"SearchAction\",\"target\":{\"@type\":\"EntryPoint\",\"urlTemplate\":\"https:\\\/\\\/fyno.pt\\\/?s={search_term_string}\"},\"query-input\":{\"@type\":\"PropertyValueSpecification\",\"valueRequired\":true,\"valueName\":\"search_term_string\"}}],\"inLanguage\":\"pt-PT\"},{\"@type\":\"Person\",\"@id\":\"https:\\\/\\\/fyno.pt\\\/#\\\/schema\\\/person\\\/ab5b330ed5ed05f1b4a7b8e438f68187\",\"name\":\"Fyno\",\"image\":{\"@type\":\"ImageObject\",\"inLanguage\":\"pt-PT\",\"@id\":\"https:\\\/\\\/fyno.pt\\\/wp-content\\\/litespeed\\\/avatar\\\/8f51870e8d94c234e288da840d914372.jpg?ver=1788205134\",\"url\":\"https:\\\/\\\/fyno.pt\\\/wp-content\\\/litespeed\\\/avatar\\\/8f51870e8d94c234e288da840d914372.jpg?ver=1788205134\",\"contentUrl\":\"https:\\\/\\\/fyno.pt\\\/wp-content\\\/litespeed\\\/avatar\\\/8f51870e8d94c234e288da840d914372.jpg?ver=1788205134\",\"caption\":\"Fyno\"},\"description\":\"A sua fonte de informa\u00e7\u00e3o.\",\"url\":\"https:\\\/\\\/fyno.pt\\\/pt\\\/author\\\/fynopt\\\/\"}]}<\/script>\n<!-- \/ Yoast SEO Premium plugin. -->","yoast_head_json":{"title":"Mirandela cria ref\u00fagios clim\u00e1ticos para enfrentar calor extremo","description":"Mirandela cria ref\u00fagios clim\u00e1ticos para enfrentar calor extremo com espa\u00e7os adaptados e vegeta\u00e7\u00e3o aut\u00f3ctone.","robots":{"index":"index","follow":"follow","max-snippet":"max-snippet:-1","max-image-preview":"max-image-preview:large","max-video-preview":"max-video-preview:-1"},"canonical":"https:\/\/fyno.pt\/pt\/mundo\/mirandela-refugios-climaticos\/","og_locale":"pt_PT","og_type":"article","og_title":"Mirandela cria ref\u00fagios clim\u00e1ticos para enfrentar calor extremo","og_description":"Mirandela cria ref\u00fagios clim\u00e1ticos para enfrentar calor extremo com espa\u00e7os adaptados e vegeta\u00e7\u00e3o aut\u00f3ctone.","og_url":"https:\/\/fyno.pt\/pt\/mundo\/mirandela-refugios-climaticos\/","og_site_name":"Fyno","article_published_time":"2026-09-02T18:56:32+00:00","og_image":[{"width":1160,"height":630,"url":"https:\/\/fyno.pt\/wp-content\/uploads\/2026\/09\/mirandela-1160x630-1.jpg","type":"image\/jpeg"}],"author":"Fyno","twitter_card":"summary_large_image","twitter_misc":{"Escrito por":"Fyno","Tempo estimado de leitura":"2 minutos"},"schema":{"@context":"https:\/\/schema.org","@graph":[{"@type":"Article","@id":"https:\/\/fyno.pt\/pt\/mundo\/mirandela-refugios-climaticos\/#article","isPartOf":{"@id":"https:\/\/fyno.pt\/pt\/mundo\/mirandela-refugios-climaticos\/"},"author":{"name":"Fyno","@id":"https:\/\/fyno.pt\/#\/schema\/person\/ab5b330ed5ed05f1b4a7b8e438f68187"},"headline":"Mirandela cria ref\u00fagios clim\u00e1ticos para enfrentar calor extremo","datePublished":"2026-09-02T18:56:32+00:00","mainEntityOfPage":{"@id":"https:\/\/fyno.pt\/pt\/mundo\/mirandela-refugios-climaticos\/"},"wordCount":410,"commentCount":0,"image":{"@id":"https:\/\/fyno.pt\/pt\/mundo\/mirandela-refugios-climaticos\/#primaryimage"},"thumbnailUrl":"https:\/\/fyno.pt\/wp-content\/uploads\/2026\/09\/mirandela-1160x630-1.jpg","keywords":["clima","Mirandela","ref\u00fagios","sustentabilidade","ver\u00e3o"],"articleSection":["Mundo"],"inLanguage":"pt-PT","potentialAction":[{"@type":"CommentAction","name":"Comment","target":["https:\/\/fyno.pt\/pt\/mundo\/mirandela-refugios-climaticos\/#respond"]}]},{"@type":"WebPage","@id":"https:\/\/fyno.pt\/pt\/mundo\/mirandela-refugios-climaticos\/","url":"https:\/\/fyno.pt\/pt\/mundo\/mirandela-refugios-climaticos\/","name":"Mirandela cria ref\u00fagios clim\u00e1ticos para enfrentar calor extremo","isPartOf":{"@id":"https:\/\/fyno.pt\/#website"},"primaryImageOfPage":{"@id":"https:\/\/fyno.pt\/pt\/mundo\/mirandela-refugios-climaticos\/#primaryimage"},"image":{"@id":"https:\/\/fyno.pt\/pt\/mundo\/mirandela-refugios-climaticos\/#primaryimage"},"thumbnailUrl":"https:\/\/fyno.pt\/wp-content\/uploads\/2026\/09\/mirandela-1160x630-1.jpg","datePublished":"2026-09-02T18:56:32+00:00","author":{"@id":"https:\/\/fyno.pt\/#\/schema\/person\/ab5b330ed5ed05f1b4a7b8e438f68187"},"description":"Mirandela cria ref\u00fagios clim\u00e1ticos para enfrentar calor extremo com espa\u00e7os adaptados e vegeta\u00e7\u00e3o aut\u00f3ctone.","breadcrumb":{"@id":"https:\/\/fyno.pt\/pt\/mundo\/mirandela-refugios-climaticos\/#breadcrumb"},"inLanguage":"pt-PT","potentialAction":[{"@type":"ReadAction","target":["https:\/\/fyno.pt\/pt\/mundo\/mirandela-refugios-climaticos\/"]}]},{"@type":"ImageObject","inLanguage":"pt-PT","@id":"https:\/\/fyno.pt\/pt\/mundo\/mirandela-refugios-climaticos\/#primaryimage","url":"https:\/\/fyno.pt\/wp-content\/uploads\/2026\/09\/mirandela-1160x630-1.jpg","contentUrl":"https:\/\/fyno.pt\/wp-content\/uploads\/2026\/09\/mirandela-1160x630-1.jpg","width":1160,"height":630,"caption":"Foto: CM Mirandela"},{"@type":"BreadcrumbList","@id":"https:\/\/fyno.pt\/pt\/mundo\/mirandela-refugios-climaticos\/#breadcrumb","itemListElement":[{"@type":"ListItem","position":1,"name":"In\u00edcio","item":"https:\/\/fyno.pt\/"},{"@type":"ListItem","position":2,"name":"Mirandela cria ref\u00fagios clim\u00e1ticos para enfrentar calor extremo"}]},{"@type":"WebSite","@id":"https:\/\/fyno.pt\/#website","url":"https:\/\/fyno.pt\/","name":"Fyno","description":"Not\u00edcia e informa\u00e7\u00e3o","potentialAction":[{"@type":"SearchAction","target":{"@type":"EntryPoint","urlTemplate":"https:\/\/fyno.pt\/?s={search_term_string}"},"query-input":{"@type":"PropertyValueSpecification","valueRequired":true,"valueName":"search_term_string"}}],"inLanguage":"pt-PT"},{"@type":"Person","@id":"https:\/\/fyno.pt\/#\/schema\/person\/ab5b330ed5ed05f1b4a7b8e438f68187","name":"Fyno","image":{"@type":"ImageObject","inLanguage":"pt-PT","@id":"https:\/\/fyno.pt\/wp-content\/litespeed\/avatar\/8f51870e8d94c234e288da840d914372.jpg?ver=1788205134","url":"https:\/\/fyno.pt\/wp-content\/litespeed\/avatar\/8f51870e8d94c234e288da840d914372.jpg?ver=1788205134","contentUrl":"https:\/\/fyno.pt\/wp-content\/litespeed\/avatar\/8f51870e8d94c234e288da840d914372.jpg?ver=1788205134","caption":"Fyno"},"description":"A sua fonte de informa\u00e7\u00e3o.","url":"https:\/\/fyno.pt\/pt\/author\/fynopt\/"}]}},"_links":{"self":[{"href":"https:\/\/fyno.pt\/pt\/wp-json\/wp\/v2\/posts\/43681","targetHints":{"allow":["GET"]}}],"collection":[{"href":"https:\/\/fyno.pt\/pt\/wp-json\/wp\/v2\/posts"}],"about":[{"href":"https:\/\/fyno.pt\/pt\/wp-json\/wp\/v2\/types\/post"}],"author":[{"embeddable":true,"href":"https:\/\/fyno.pt\/pt\/wp-json\/wp\/v2\/users\/9"}],"replies":[{"embeddable":true,"href":"https:\/\/fyno.pt\/pt\/wp-json\/wp\/v2\/comments?post=43681"}],"version-history":[{"count":1,"href":"https:\/\/fyno.pt\/pt\/wp-json\/wp\/v2\/posts\/43681\/revisions"}],"predecessor-version":[{"id":43683,"href":"https:\/\/fyno.pt\/pt\/wp-json\/wp\/v2\/posts\/43681\/revisions\/43683"}],"wp:featuredmedia":[{"embeddable":true,"href":"https:\/\/fyno.pt\/pt\/wp-json\/wp\/v2\/media\/43682"}],"wp:attachment":[{"href":"https:\/\/fyno.pt\/pt\/wp-json\/wp\/v2\/media?parent=43681"}],"wp:term":[{"taxonomy":"category","embeddable":true,"href":"https:\/\/fyno.pt\/pt\/wp-json\/wp\/v2\/categories?post=43681"},{"taxonomy":"post_tag","embeddable":true,"href":"https:\/\/fyno.pt\/pt\/wp-json\/wp\/v2\/tags?post=43681"}],"curies":[{"name":"wp","href":"https:\/\/api.w.org\/{rel}","templated":true}]}}