{"id":43678,"date":"2026-09-02T15:26:07","date_gmt":"2026-09-02T18:26:07","guid":{"rendered":"https:\/\/fyno.pt\/?p=43678"},"modified":"2026-09-02T15:26:07","modified_gmt":"2026-09-02T18:26:07","slug":"estreito-trump","status":"publish","type":"post","link":"https:\/\/fyno.pt\/pt\/news\/estreito-trump\/","title":{"rendered":"Presidente dos EUA sugere renomear estreito de Ormuz como estreito Trump"},"content":{"rendered":"<p>O presidente dos Estados Unidos prop\u00f4s, em sua rede social Truth Social, a mudan\u00e7a do nome do estreito de Ormuz para &#039;estreito Trump&#039;. A sugest\u00e3o vem em um momento de crescente tens\u00e3o entre Washington e Teer\u00e3, com novos ataques sendo registrados entre as duas na\u00e7\u00f5es.<\/p>\n\n\n\n<h2 class=\"wp-block-heading\">Contexto da proposta<\/h2>\n\n\n\n<p>A proposta de renomear o estreito de Ormuz ocorre em um cen\u00e1rio de instabilidade regional, onde os conflitos entre os EUA e o Ir\u00e3 aumentaram recentemente. O estreito de Ormuz \u00e9 uma das rotas mar\u00edtimas mais estrat\u00e9gicas do mundo, sendo crucial para o transporte de petr\u00f3leo.<\/p>\n\n\n\n<h2 class=\"wp-block-heading\">Repercuss\u00e3o da ideia<\/h2>\n\n\n\n<p>A sugest\u00e3o do presidente americano pode gerar rea\u00e7\u00f5es variadas, tanto no \u00e2mbito pol\u00edtico quanto entre a popula\u00e7\u00e3o. A mudan\u00e7a de nome de uma regi\u00e3o t\u00e3o importante pode ser vista como uma tentativa de afirmar influ\u00eancia dos EUA na \u00e1rea, o que pode intensificar ainda mais as tens\u00f5es existentes.<\/p>\n\n\n\n<h2 class=\"wp-block-heading\">Pr\u00f3ximos passos<\/h2>\n\n\n\n<p>Ainda n\u00e3o est\u00e1 claro se a proposta ter\u00e1 qualquer impacto pr\u00e1tico ou se ser\u00e1 apenas uma declara\u00e7\u00e3o simb\u00f3lica. O governo dos EUA e seus aliados devem monitorar a situa\u00e7\u00e3o cuidadosamente, enquanto a comunidade internacional observa as implica\u00e7\u00f5es dessa sugest\u00e3o.<\/p>","protected":false},"excerpt":{"rendered":"<p>Ideia surge em meio a tens\u00f5es entre Washington e Teer\u00e3, ap\u00f3s recentes conflitos.<\/p>","protected":false},"author":9,"featured_media":43679,"comment_status":"open","ping_status":"open","sticky":false,"template":"","format":"standard","meta":{"footnotes":""},"categories":[560],"tags":[1967,1845,2134,1983,2077],"class_list":["post-43678","post","type-post","status-publish","format-standard","has-post-thumbnail","hentry","category-news","tag-eua","tag-ira","tag-ormuz","tag-tensoes","tag-trump"],"yoast_head":"<!-- This site is optimized with the Yoast SEO Premium plugin v27.9 (Yoast SEO v27.9) - https:\/\/yoast.com\/product\/yoast-seo-premium-wordpress\/ -->\n<title>presidente dos eua prop\u00f5e renomear estreito de ormuz<\/title>\n<meta name=\"description\" content=\"Presidente dos EUA sugere renomear o estreito de Ormuz para &#039;estreito Trump&#039; em meio a tens\u00f5es com o Ir\u00e3.\" \/>\n<meta name=\"robots\" content=\"index, follow, max-snippet:-1, max-image-preview:large, max-video-preview:-1\" \/>\n<link rel=\"canonical\" href=\"https:\/\/fyno.pt\/pt\/news\/estreito-trump\/\" \/>\n<meta property=\"og:locale\" content=\"pt_PT\" \/>\n<meta property=\"og:type\" content=\"article\" \/>\n<meta property=\"og:title\" content=\"Presidente dos EUA sugere renomear estreito de Ormuz como estreito Trump\" \/>\n<meta property=\"og:description\" content=\"Presidente dos EUA sugere renomear o estreito de Ormuz para &#039;estreito Trump&#039; em meio a tens\u00f5es com o Ir\u00e3.\" \/>\n<meta property=\"og:url\" content=\"https:\/\/fyno.pt\/pt\/news\/estreito-trump\/\" \/>\n<meta property=\"og:site_name\" content=\"Fyno\" \/>\n<meta property=\"article:published_time\" content=\"2026-09-02T18:26:07+00:00\" \/>\n<meta property=\"og:image\" content=\"https:\/\/fyno.pt\/wp-content\/uploads\/2026\/09\/cropped-47693284-scaled-1.jpg\" \/>\n\t<meta property=\"og:image:width\" content=\"1200\" \/>\n\t<meta property=\"og:image:height\" content=\"675\" \/>\n\t<meta property=\"og:image:type\" content=\"image\/jpeg\" \/>\n<meta name=\"author\" content=\"Fyno\" \/>\n<meta name=\"twitter:card\" content=\"summary_large_image\" \/>\n<meta name=\"twitter:label1\" content=\"Escrito por\" \/>\n\t<meta name=\"twitter:data1\" content=\"Fyno\" \/>\n\t<meta name=\"twitter:label2\" content=\"Tempo estimado de leitura\" \/>\n\t<meta name=\"twitter:data2\" content=\"1 minuto\" \/>\n<script type=\"application\/ld+json\" class=\"yoast-schema-graph\">{\"@context\":\"https:\\\/\\\/schema.org\",\"@graph\":[{\"@type\":\"Article\",\"@id\":\"https:\\\/\\\/fyno.pt\\\/news\\\/estreito-trump\\\/#article\",\"isPartOf\":{\"@id\":\"https:\\\/\\\/fyno.pt\\\/news\\\/estreito-trump\\\/\"},\"author\":{\"name\":\"Fyno\",\"@id\":\"https:\\\/\\\/fyno.pt\\\/#\\\/schema\\\/person\\\/ab5b330ed5ed05f1b4a7b8e438f68187\"},\"headline\":\"Presidente dos EUA sugere renomear estreito de Ormuz como estreito Trump\",\"datePublished\":\"2026-09-02T18:26:07+00:00\",\"mainEntityOfPage\":{\"@id\":\"https:\\\/\\\/fyno.pt\\\/news\\\/estreito-trump\\\/\"},\"wordCount\":223,\"commentCount\":0,\"image\":{\"@id\":\"https:\\\/\\\/fyno.pt\\\/news\\\/estreito-trump\\\/#primaryimage\"},\"thumbnailUrl\":\"https:\\\/\\\/fyno.pt\\\/wp-content\\\/uploads\\\/2026\\\/09\\\/cropped-47693284-scaled-1.jpg\",\"keywords\":[\"EUA\",\"Ir\u00e3\",\"Ormuz\",\"tens\u00f5es\",\"Trump\"],\"articleSection\":[\"News\"],\"inLanguage\":\"pt-PT\",\"potentialAction\":[{\"@type\":\"CommentAction\",\"name\":\"Comment\",\"target\":[\"https:\\\/\\\/fyno.pt\\\/news\\\/estreito-trump\\\/#respond\"]}]},{\"@type\":\"WebPage\",\"@id\":\"https:\\\/\\\/fyno.pt\\\/news\\\/estreito-trump\\\/\",\"url\":\"https:\\\/\\\/fyno.pt\\\/news\\\/estreito-trump\\\/\",\"name\":\"presidente dos eua prop\u00f5e renomear estreito de ormuz\",\"isPartOf\":{\"@id\":\"https:\\\/\\\/fyno.pt\\\/#website\"},\"primaryImageOfPage\":{\"@id\":\"https:\\\/\\\/fyno.pt\\\/news\\\/estreito-trump\\\/#primaryimage\"},\"image\":{\"@id\":\"https:\\\/\\\/fyno.pt\\\/news\\\/estreito-trump\\\/#primaryimage\"},\"thumbnailUrl\":\"https:\\\/\\\/fyno.pt\\\/wp-content\\\/uploads\\\/2026\\\/09\\\/cropped-47693284-scaled-1.jpg\",\"datePublished\":\"2026-09-02T18:26:07+00:00\",\"author\":{\"@id\":\"https:\\\/\\\/fyno.pt\\\/#\\\/schema\\\/person\\\/ab5b330ed5ed05f1b4a7b8e438f68187\"},\"description\":\"Presidente dos EUA sugere renomear o estreito de Ormuz para 'estreito Trump' em meio a tens\u00f5es com o Ir\u00e3.\",\"breadcrumb\":{\"@id\":\"https:\\\/\\\/fyno.pt\\\/news\\\/estreito-trump\\\/#breadcrumb\"},\"inLanguage\":\"pt-PT\",\"potentialAction\":[{\"@type\":\"ReadAction\",\"target\":[\"https:\\\/\\\/fyno.pt\\\/news\\\/estreito-trump\\\/\"]}]},{\"@type\":\"ImageObject\",\"inLanguage\":\"pt-PT\",\"@id\":\"https:\\\/\\\/fyno.pt\\\/news\\\/estreito-trump\\\/#primaryimage\",\"url\":\"https:\\\/\\\/fyno.pt\\\/wp-content\\\/uploads\\\/2026\\\/09\\\/cropped-47693284-scaled-1.jpg\",\"contentUrl\":\"https:\\\/\\\/fyno.pt\\\/wp-content\\\/uploads\\\/2026\\\/09\\\/cropped-47693284-scaled-1.jpg\",\"width\":1200,\"height\":675,\"caption\":\"Foto: eco.sapo.pt\"},{\"@type\":\"BreadcrumbList\",\"@id\":\"https:\\\/\\\/fyno.pt\\\/news\\\/estreito-trump\\\/#breadcrumb\",\"itemListElement\":[{\"@type\":\"ListItem\",\"position\":1,\"name\":\"In\u00edcio\",\"item\":\"https:\\\/\\\/fyno.pt\\\/\"},{\"@type\":\"ListItem\",\"position\":2,\"name\":\"Presidente dos EUA sugere renomear estreito de Ormuz como estreito Trump\"}]},{\"@type\":\"WebSite\",\"@id\":\"https:\\\/\\\/fyno.pt\\\/#website\",\"url\":\"https:\\\/\\\/fyno.pt\\\/\",\"name\":\"Fyno\",\"description\":\"Not\u00edcia e informa\u00e7\u00e3o\",\"potentialAction\":[{\"@type\":\"SearchAction\",\"target\":{\"@type\":\"EntryPoint\",\"urlTemplate\":\"https:\\\/\\\/fyno.pt\\\/?s={search_term_string}\"},\"query-input\":{\"@type\":\"PropertyValueSpecification\",\"valueRequired\":true,\"valueName\":\"search_term_string\"}}],\"inLanguage\":\"pt-PT\"},{\"@type\":\"Person\",\"@id\":\"https:\\\/\\\/fyno.pt\\\/#\\\/schema\\\/person\\\/ab5b330ed5ed05f1b4a7b8e438f68187\",\"name\":\"Fyno\",\"image\":{\"@type\":\"ImageObject\",\"inLanguage\":\"pt-PT\",\"@id\":\"https:\\\/\\\/fyno.pt\\\/wp-content\\\/litespeed\\\/avatar\\\/8f51870e8d94c234e288da840d914372.jpg?ver=1788205134\",\"url\":\"https:\\\/\\\/fyno.pt\\\/wp-content\\\/litespeed\\\/avatar\\\/8f51870e8d94c234e288da840d914372.jpg?ver=1788205134\",\"contentUrl\":\"https:\\\/\\\/fyno.pt\\\/wp-content\\\/litespeed\\\/avatar\\\/8f51870e8d94c234e288da840d914372.jpg?ver=1788205134\",\"caption\":\"Fyno\"},\"description\":\"A sua fonte de informa\u00e7\u00e3o.\",\"url\":\"https:\\\/\\\/fyno.pt\\\/pt\\\/author\\\/fynopt\\\/\"}]}<\/script>\n<!-- \/ Yoast SEO Premium plugin. -->","yoast_head_json":{"title":"presidente dos eua prop\u00f5e renomear estreito de ormuz","description":"Presidente dos EUA sugere renomear o estreito de Ormuz para 'estreito Trump' em meio a tens\u00f5es com o Ir\u00e3.","robots":{"index":"index","follow":"follow","max-snippet":"max-snippet:-1","max-image-preview":"max-image-preview:large","max-video-preview":"max-video-preview:-1"},"canonical":"https:\/\/fyno.pt\/pt\/news\/estreito-trump\/","og_locale":"pt_PT","og_type":"article","og_title":"Presidente dos EUA sugere renomear estreito de Ormuz como estreito Trump","og_description":"Presidente dos EUA sugere renomear o estreito de Ormuz para 'estreito Trump' em meio a tens\u00f5es com o Ir\u00e3.","og_url":"https:\/\/fyno.pt\/pt\/news\/estreito-trump\/","og_site_name":"Fyno","article_published_time":"2026-09-02T18:26:07+00:00","og_image":[{"width":1200,"height":675,"url":"https:\/\/fyno.pt\/wp-content\/uploads\/2026\/09\/cropped-47693284-scaled-1.jpg","type":"image\/jpeg"}],"author":"Fyno","twitter_card":"summary_large_image","twitter_misc":{"Escrito por":"Fyno","Tempo estimado de leitura":"1 minuto"},"schema":{"@context":"https:\/\/schema.org","@graph":[{"@type":"Article","@id":"https:\/\/fyno.pt\/news\/estreito-trump\/#article","isPartOf":{"@id":"https:\/\/fyno.pt\/news\/estreito-trump\/"},"author":{"name":"Fyno","@id":"https:\/\/fyno.pt\/#\/schema\/person\/ab5b330ed5ed05f1b4a7b8e438f68187"},"headline":"Presidente dos EUA sugere renomear estreito de Ormuz como estreito Trump","datePublished":"2026-09-02T18:26:07+00:00","mainEntityOfPage":{"@id":"https:\/\/fyno.pt\/news\/estreito-trump\/"},"wordCount":223,"commentCount":0,"image":{"@id":"https:\/\/fyno.pt\/news\/estreito-trump\/#primaryimage"},"thumbnailUrl":"https:\/\/fyno.pt\/wp-content\/uploads\/2026\/09\/cropped-47693284-scaled-1.jpg","keywords":["EUA","Ir\u00e3","Ormuz","tens\u00f5es","Trump"],"articleSection":["News"],"inLanguage":"pt-PT","potentialAction":[{"@type":"CommentAction","name":"Comment","target":["https:\/\/fyno.pt\/news\/estreito-trump\/#respond"]}]},{"@type":"WebPage","@id":"https:\/\/fyno.pt\/news\/estreito-trump\/","url":"https:\/\/fyno.pt\/news\/estreito-trump\/","name":"presidente dos eua prop\u00f5e renomear estreito de ormuz","isPartOf":{"@id":"https:\/\/fyno.pt\/#website"},"primaryImageOfPage":{"@id":"https:\/\/fyno.pt\/news\/estreito-trump\/#primaryimage"},"image":{"@id":"https:\/\/fyno.pt\/news\/estreito-trump\/#primaryimage"},"thumbnailUrl":"https:\/\/fyno.pt\/wp-content\/uploads\/2026\/09\/cropped-47693284-scaled-1.jpg","datePublished":"2026-09-02T18:26:07+00:00","author":{"@id":"https:\/\/fyno.pt\/#\/schema\/person\/ab5b330ed5ed05f1b4a7b8e438f68187"},"description":"Presidente dos EUA sugere renomear o estreito de Ormuz para 'estreito Trump' em meio a tens\u00f5es com o Ir\u00e3.","breadcrumb":{"@id":"https:\/\/fyno.pt\/news\/estreito-trump\/#breadcrumb"},"inLanguage":"pt-PT","potentialAction":[{"@type":"ReadAction","target":["https:\/\/fyno.pt\/news\/estreito-trump\/"]}]},{"@type":"ImageObject","inLanguage":"pt-PT","@id":"https:\/\/fyno.pt\/news\/estreito-trump\/#primaryimage","url":"https:\/\/fyno.pt\/wp-content\/uploads\/2026\/09\/cropped-47693284-scaled-1.jpg","contentUrl":"https:\/\/fyno.pt\/wp-content\/uploads\/2026\/09\/cropped-47693284-scaled-1.jpg","width":1200,"height":675,"caption":"Foto: eco.sapo.pt"},{"@type":"BreadcrumbList","@id":"https:\/\/fyno.pt\/news\/estreito-trump\/#breadcrumb","itemListElement":[{"@type":"ListItem","position":1,"name":"In\u00edcio","item":"https:\/\/fyno.pt\/"},{"@type":"ListItem","position":2,"name":"Presidente dos EUA sugere renomear estreito de Ormuz como estreito Trump"}]},{"@type":"WebSite","@id":"https:\/\/fyno.pt\/#website","url":"https:\/\/fyno.pt\/","name":"Fyno","description":"Not\u00edcia e informa\u00e7\u00e3o","potentialAction":[{"@type":"SearchAction","target":{"@type":"EntryPoint","urlTemplate":"https:\/\/fyno.pt\/?s={search_term_string}"},"query-input":{"@type":"PropertyValueSpecification","valueRequired":true,"valueName":"search_term_string"}}],"inLanguage":"pt-PT"},{"@type":"Person","@id":"https:\/\/fyno.pt\/#\/schema\/person\/ab5b330ed5ed05f1b4a7b8e438f68187","name":"Fyno","image":{"@type":"ImageObject","inLanguage":"pt-PT","@id":"https:\/\/fyno.pt\/wp-content\/litespeed\/avatar\/8f51870e8d94c234e288da840d914372.jpg?ver=1788205134","url":"https:\/\/fyno.pt\/wp-content\/litespeed\/avatar\/8f51870e8d94c234e288da840d914372.jpg?ver=1788205134","contentUrl":"https:\/\/fyno.pt\/wp-content\/litespeed\/avatar\/8f51870e8d94c234e288da840d914372.jpg?ver=1788205134","caption":"Fyno"},"description":"A sua fonte de informa\u00e7\u00e3o.","url":"https:\/\/fyno.pt\/pt\/author\/fynopt\/"}]}},"_links":{"self":[{"href":"https:\/\/fyno.pt\/pt\/wp-json\/wp\/v2\/posts\/43678","targetHints":{"allow":["GET"]}}],"collection":[{"href":"https:\/\/fyno.pt\/pt\/wp-json\/wp\/v2\/posts"}],"about":[{"href":"https:\/\/fyno.pt\/pt\/wp-json\/wp\/v2\/types\/post"}],"author":[{"embeddable":true,"href":"https:\/\/fyno.pt\/pt\/wp-json\/wp\/v2\/users\/9"}],"replies":[{"embeddable":true,"href":"https:\/\/fyno.pt\/pt\/wp-json\/wp\/v2\/comments?post=43678"}],"version-history":[{"count":1,"href":"https:\/\/fyno.pt\/pt\/wp-json\/wp\/v2\/posts\/43678\/revisions"}],"predecessor-version":[{"id":43680,"href":"https:\/\/fyno.pt\/pt\/wp-json\/wp\/v2\/posts\/43678\/revisions\/43680"}],"wp:featuredmedia":[{"embeddable":true,"href":"https:\/\/fyno.pt\/pt\/wp-json\/wp\/v2\/media\/43679"}],"wp:attachment":[{"href":"https:\/\/fyno.pt\/pt\/wp-json\/wp\/v2\/media?parent=43678"}],"wp:term":[{"taxonomy":"category","embeddable":true,"href":"https:\/\/fyno.pt\/pt\/wp-json\/wp\/v2\/categories?post=43678"},{"taxonomy":"post_tag","embeddable":true,"href":"https:\/\/fyno.pt\/pt\/wp-json\/wp\/v2\/tags?post=43678"}],"curies":[{"name":"wp","href":"https:\/\/api.w.org\/{rel}","templated":true}]}}