{"id":43676,"date":"2026-09-02T15:25:55","date_gmt":"2026-09-02T18:25:55","guid":{"rendered":"https:\/\/fyno.pt\/?p=43676"},"modified":"2026-09-02T15:25:55","modified_gmt":"2026-09-02T18:25:55","slug":"esposende-parquimetros-centro","status":"publish","type":"post","link":"https:\/\/fyno.pt\/pt\/mundo\/esposende-parquimetros-centro\/","title":{"rendered":"Esposende implementar\u00e1 parqu\u00edmetros em \u00e1reas centrais da cidade"},"content":{"rendered":"<p>O munic\u00edpio de Esposende anunciou a implementa\u00e7\u00e3o de parqu\u00edmetros em tr\u00eas \u00e1reas estrat\u00e9gicas do centro da cidade, com previs\u00e3o para in\u00edcio em outubro. A medida visa introduzir o estacionamento pago em cerca de 140 vagas, facilitando a rotatividade e o acesso ao com\u00e9rcio local.<\/p>\n\n\n\n<h2 class=\"wp-block-heading\">\u00c1reas afetadas e tarifas<\/h2>\n\n\n\n<p>O estacionamento pago ser\u00e1 aplicado na Rua Santa Maria dos Anjos, Largo Comandante Oliveira Martins e Parque dos Bombeiros. A tarifa estabelecida \u00e9 de 0,75 euros por hora, com um limite de duas horas de estadia. O hor\u00e1rio de funcionamento ser\u00e1 de segunda a sexta-feira, das 09:00 \u00e0s 19:00, e aos s\u00e1bados, das 09:00 \u00e0s 13:00.<\/p>\n\n\n\n<h2 class=\"wp-block-heading\">Objetivos da medida<\/h2>\n\n\n\n<p>Segundo a autarquia, a limita\u00e7\u00e3o do tempo de estacionamento \u00e9 estrat\u00e9gica, visando evitar que ve\u00edculos permane\u00e7am por longos per\u00edodos. A ideia \u00e9 permitir que mais pessoas consigam acessar o centro para compras, servi\u00e7os e outras atividades. Atualmente, a press\u00e3o sobre o estacionamento tem dificultado a rotatividade, com muitos espa\u00e7os ocupados por ve\u00edculos de trabalhadores durante todo o dia.<\/p>\n\n\n\n<p>Com a cria\u00e7\u00e3o desta pequena \u00e1rea de estacionamento pago, a prefeitura espera que os lugares possam ser utilizados por diferentes usu\u00e1rios ao longo do dia, beneficiando assim o com\u00e9rcio e a din\u00e2mica urbana.<\/p>\n\n\n\n<h2 class=\"wp-block-heading\">An\u00e1lise e fiscaliza\u00e7\u00e3o<\/h2>\n\n\n\n<p>A implementa\u00e7\u00e3o da nova medida foi resultado de um trabalho conjunto com a Associa\u00e7\u00e3o Comercial e Industrial do Concelho de Esposende. Para esta fase inicial, n\u00e3o est\u00e3o previstas isen\u00e7\u00f5es ou tarifas diferenciadas para moradores ou comerciantes, embora a autarquia assegure que existem mais de 1.100 vagas gratuitas nas proximidades.<\/p>\n\n\n\n<p>A fiscaliza\u00e7\u00e3o do estacionamento pago ser\u00e1 feita pela GNR, e um per\u00edodo de informa\u00e7\u00e3o ser\u00e1 estabelecido para ajudar os usu\u00e1rios a se adaptarem \u00e0s novas regras, com informa\u00e7\u00f5es sobre hor\u00e1rios, tarifas e localiza\u00e7\u00e3o dos parqu\u00edmetros.<\/p>\n\n\n\n<p>A c\u00e2mara de Esposende destaca que, neste momento, n\u00e3o h\u00e1 planos para expandir o estacionamento pago a outras \u00e1reas, priorizando a avalia\u00e7\u00e3o do impacto da medida nas zonas j\u00e1 definidas.<\/p>","protected":false},"excerpt":{"rendered":"<p>Estacionamento pago ter\u00e1 in\u00edcio em outubro, com tarifas e regras espec\u00edficas.<\/p>","protected":false},"author":9,"featured_media":0,"comment_status":"open","ping_status":"open","sticky":false,"template":"","format":"standard","meta":{"footnotes":""},"categories":[51],"tags":[2133,2132,2130,1843,2131],"class_list":["post-43676","post","type-post","status-publish","format-standard","hentry","category-mundo","tag-cidade","tag-comercio","tag-esposende","tag-estacionamento","tag-parquimetros"],"yoast_head":"<!-- This site is optimized with the Yoast SEO Premium plugin v27.9 (Yoast SEO v27.9) - https:\/\/yoast.com\/product\/yoast-seo-premium-wordpress\/ -->\n<title>Esposende anuncia parqu\u00edmetros em \u00e1reas centrais da cidade<\/title>\n<meta name=\"description\" content=\"Esposende implementa parqu\u00edmetros em \u00e1reas centrais para melhorar rotatividade de estacionamento e acesso ao com\u00e9rcio local.\" \/>\n<meta name=\"robots\" content=\"index, follow, max-snippet:-1, max-image-preview:large, max-video-preview:-1\" \/>\n<link rel=\"canonical\" href=\"https:\/\/fyno.pt\/pt\/mundo\/esposende-parquimetros-centro\/\" \/>\n<meta property=\"og:locale\" content=\"pt_PT\" \/>\n<meta property=\"og:type\" content=\"article\" \/>\n<meta property=\"og:title\" content=\"Esposende implementar\u00e1 parqu\u00edmetros em \u00e1reas centrais da cidade\" \/>\n<meta property=\"og:description\" content=\"Esposende implementa parqu\u00edmetros em \u00e1reas centrais para melhorar rotatividade de estacionamento e acesso ao com\u00e9rcio local.\" \/>\n<meta property=\"og:url\" content=\"https:\/\/fyno.pt\/pt\/mundo\/esposende-parquimetros-centro\/\" \/>\n<meta property=\"og:site_name\" content=\"Fyno\" \/>\n<meta property=\"article:published_time\" content=\"2026-09-02T18:25:55+00:00\" \/>\n<meta name=\"author\" content=\"Fyno\" \/>\n<meta name=\"twitter:card\" content=\"summary_large_image\" \/>\n<meta name=\"twitter:label1\" content=\"Escrito por\" \/>\n\t<meta name=\"twitter:data1\" content=\"Fyno\" \/>\n\t<meta name=\"twitter:label2\" content=\"Tempo estimado de leitura\" \/>\n\t<meta name=\"twitter:data2\" content=\"2 minutos\" \/>\n<script type=\"application\/ld+json\" class=\"yoast-schema-graph\">{\"@context\":\"https:\\\/\\\/schema.org\",\"@graph\":[{\"@type\":\"Article\",\"@id\":\"https:\\\/\\\/fyno.pt\\\/mundo\\\/esposende-parquimetros-centro\\\/#article\",\"isPartOf\":{\"@id\":\"https:\\\/\\\/fyno.pt\\\/mundo\\\/esposende-parquimetros-centro\\\/\"},\"author\":{\"name\":\"Fyno\",\"@id\":\"https:\\\/\\\/fyno.pt\\\/#\\\/schema\\\/person\\\/ab5b330ed5ed05f1b4a7b8e438f68187\"},\"headline\":\"Esposende implementar\u00e1 parqu\u00edmetros em \u00e1reas centrais da cidade\",\"datePublished\":\"2026-09-02T18:25:55+00:00\",\"mainEntityOfPage\":{\"@id\":\"https:\\\/\\\/fyno.pt\\\/mundo\\\/esposende-parquimetros-centro\\\/\"},\"wordCount\":355,\"commentCount\":0,\"keywords\":[\"cidade\",\"com\u00e9rcio\",\"Esposende\",\"estacionamento\",\"parqu\u00edmetros\"],\"articleSection\":[\"Mundo\"],\"inLanguage\":\"pt-PT\",\"potentialAction\":[{\"@type\":\"CommentAction\",\"name\":\"Comment\",\"target\":[\"https:\\\/\\\/fyno.pt\\\/mundo\\\/esposende-parquimetros-centro\\\/#respond\"]}]},{\"@type\":\"WebPage\",\"@id\":\"https:\\\/\\\/fyno.pt\\\/mundo\\\/esposende-parquimetros-centro\\\/\",\"url\":\"https:\\\/\\\/fyno.pt\\\/mundo\\\/esposende-parquimetros-centro\\\/\",\"name\":\"Esposende anuncia parqu\u00edmetros em \u00e1reas centrais da cidade\",\"isPartOf\":{\"@id\":\"https:\\\/\\\/fyno.pt\\\/#website\"},\"datePublished\":\"2026-09-02T18:25:55+00:00\",\"author\":{\"@id\":\"https:\\\/\\\/fyno.pt\\\/#\\\/schema\\\/person\\\/ab5b330ed5ed05f1b4a7b8e438f68187\"},\"description\":\"Esposende implementa parqu\u00edmetros em \u00e1reas centrais para melhorar rotatividade de estacionamento e acesso ao com\u00e9rcio local.\",\"breadcrumb\":{\"@id\":\"https:\\\/\\\/fyno.pt\\\/mundo\\\/esposende-parquimetros-centro\\\/#breadcrumb\"},\"inLanguage\":\"pt-PT\",\"potentialAction\":[{\"@type\":\"ReadAction\",\"target\":[\"https:\\\/\\\/fyno.pt\\\/mundo\\\/esposende-parquimetros-centro\\\/\"]}]},{\"@type\":\"BreadcrumbList\",\"@id\":\"https:\\\/\\\/fyno.pt\\\/mundo\\\/esposende-parquimetros-centro\\\/#breadcrumb\",\"itemListElement\":[{\"@type\":\"ListItem\",\"position\":1,\"name\":\"In\u00edcio\",\"item\":\"https:\\\/\\\/fyno.pt\\\/\"},{\"@type\":\"ListItem\",\"position\":2,\"name\":\"Esposende implementar\u00e1 parqu\u00edmetros em \u00e1reas centrais da cidade\"}]},{\"@type\":\"WebSite\",\"@id\":\"https:\\\/\\\/fyno.pt\\\/#website\",\"url\":\"https:\\\/\\\/fyno.pt\\\/\",\"name\":\"Fyno\",\"description\":\"Not\u00edcia e informa\u00e7\u00e3o\",\"potentialAction\":[{\"@type\":\"SearchAction\",\"target\":{\"@type\":\"EntryPoint\",\"urlTemplate\":\"https:\\\/\\\/fyno.pt\\\/?s={search_term_string}\"},\"query-input\":{\"@type\":\"PropertyValueSpecification\",\"valueRequired\":true,\"valueName\":\"search_term_string\"}}],\"inLanguage\":\"pt-PT\"},{\"@type\":\"Person\",\"@id\":\"https:\\\/\\\/fyno.pt\\\/#\\\/schema\\\/person\\\/ab5b330ed5ed05f1b4a7b8e438f68187\",\"name\":\"Fyno\",\"image\":{\"@type\":\"ImageObject\",\"inLanguage\":\"pt-PT\",\"@id\":\"https:\\\/\\\/fyno.pt\\\/wp-content\\\/litespeed\\\/avatar\\\/8f51870e8d94c234e288da840d914372.jpg?ver=1788205134\",\"url\":\"https:\\\/\\\/fyno.pt\\\/wp-content\\\/litespeed\\\/avatar\\\/8f51870e8d94c234e288da840d914372.jpg?ver=1788205134\",\"contentUrl\":\"https:\\\/\\\/fyno.pt\\\/wp-content\\\/litespeed\\\/avatar\\\/8f51870e8d94c234e288da840d914372.jpg?ver=1788205134\",\"caption\":\"Fyno\"},\"description\":\"A sua fonte de informa\u00e7\u00e3o.\",\"url\":\"https:\\\/\\\/fyno.pt\\\/pt\\\/author\\\/fynopt\\\/\"}]}<\/script>\n<!-- \/ Yoast SEO Premium plugin. -->","yoast_head_json":{"title":"Esposende anuncia parqu\u00edmetros em \u00e1reas centrais da cidade","description":"Esposende implementa parqu\u00edmetros em \u00e1reas centrais para melhorar rotatividade de estacionamento e acesso ao com\u00e9rcio local.","robots":{"index":"index","follow":"follow","max-snippet":"max-snippet:-1","max-image-preview":"max-image-preview:large","max-video-preview":"max-video-preview:-1"},"canonical":"https:\/\/fyno.pt\/pt\/mundo\/esposende-parquimetros-centro\/","og_locale":"pt_PT","og_type":"article","og_title":"Esposende implementar\u00e1 parqu\u00edmetros em \u00e1reas centrais da cidade","og_description":"Esposende implementa parqu\u00edmetros em \u00e1reas centrais para melhorar rotatividade de estacionamento e acesso ao com\u00e9rcio local.","og_url":"https:\/\/fyno.pt\/pt\/mundo\/esposende-parquimetros-centro\/","og_site_name":"Fyno","article_published_time":"2026-09-02T18:25:55+00:00","author":"Fyno","twitter_card":"summary_large_image","twitter_misc":{"Escrito por":"Fyno","Tempo estimado de leitura":"2 minutos"},"schema":{"@context":"https:\/\/schema.org","@graph":[{"@type":"Article","@id":"https:\/\/fyno.pt\/mundo\/esposende-parquimetros-centro\/#article","isPartOf":{"@id":"https:\/\/fyno.pt\/mundo\/esposende-parquimetros-centro\/"},"author":{"name":"Fyno","@id":"https:\/\/fyno.pt\/#\/schema\/person\/ab5b330ed5ed05f1b4a7b8e438f68187"},"headline":"Esposende implementar\u00e1 parqu\u00edmetros em \u00e1reas centrais da cidade","datePublished":"2026-09-02T18:25:55+00:00","mainEntityOfPage":{"@id":"https:\/\/fyno.pt\/mundo\/esposende-parquimetros-centro\/"},"wordCount":355,"commentCount":0,"keywords":["cidade","com\u00e9rcio","Esposende","estacionamento","parqu\u00edmetros"],"articleSection":["Mundo"],"inLanguage":"pt-PT","potentialAction":[{"@type":"CommentAction","name":"Comment","target":["https:\/\/fyno.pt\/mundo\/esposende-parquimetros-centro\/#respond"]}]},{"@type":"WebPage","@id":"https:\/\/fyno.pt\/mundo\/esposende-parquimetros-centro\/","url":"https:\/\/fyno.pt\/mundo\/esposende-parquimetros-centro\/","name":"Esposende anuncia parqu\u00edmetros em \u00e1reas centrais da cidade","isPartOf":{"@id":"https:\/\/fyno.pt\/#website"},"datePublished":"2026-09-02T18:25:55+00:00","author":{"@id":"https:\/\/fyno.pt\/#\/schema\/person\/ab5b330ed5ed05f1b4a7b8e438f68187"},"description":"Esposende implementa parqu\u00edmetros em \u00e1reas centrais para melhorar rotatividade de estacionamento e acesso ao com\u00e9rcio local.","breadcrumb":{"@id":"https:\/\/fyno.pt\/mundo\/esposende-parquimetros-centro\/#breadcrumb"},"inLanguage":"pt-PT","potentialAction":[{"@type":"ReadAction","target":["https:\/\/fyno.pt\/mundo\/esposende-parquimetros-centro\/"]}]},{"@type":"BreadcrumbList","@id":"https:\/\/fyno.pt\/mundo\/esposende-parquimetros-centro\/#breadcrumb","itemListElement":[{"@type":"ListItem","position":1,"name":"In\u00edcio","item":"https:\/\/fyno.pt\/"},{"@type":"ListItem","position":2,"name":"Esposende implementar\u00e1 parqu\u00edmetros em \u00e1reas centrais da cidade"}]},{"@type":"WebSite","@id":"https:\/\/fyno.pt\/#website","url":"https:\/\/fyno.pt\/","name":"Fyno","description":"Not\u00edcia e informa\u00e7\u00e3o","potentialAction":[{"@type":"SearchAction","target":{"@type":"EntryPoint","urlTemplate":"https:\/\/fyno.pt\/?s={search_term_string}"},"query-input":{"@type":"PropertyValueSpecification","valueRequired":true,"valueName":"search_term_string"}}],"inLanguage":"pt-PT"},{"@type":"Person","@id":"https:\/\/fyno.pt\/#\/schema\/person\/ab5b330ed5ed05f1b4a7b8e438f68187","name":"Fyno","image":{"@type":"ImageObject","inLanguage":"pt-PT","@id":"https:\/\/fyno.pt\/wp-content\/litespeed\/avatar\/8f51870e8d94c234e288da840d914372.jpg?ver=1788205134","url":"https:\/\/fyno.pt\/wp-content\/litespeed\/avatar\/8f51870e8d94c234e288da840d914372.jpg?ver=1788205134","contentUrl":"https:\/\/fyno.pt\/wp-content\/litespeed\/avatar\/8f51870e8d94c234e288da840d914372.jpg?ver=1788205134","caption":"Fyno"},"description":"A sua fonte de informa\u00e7\u00e3o.","url":"https:\/\/fyno.pt\/pt\/author\/fynopt\/"}]}},"_links":{"self":[{"href":"https:\/\/fyno.pt\/pt\/wp-json\/wp\/v2\/posts\/43676","targetHints":{"allow":["GET"]}}],"collection":[{"href":"https:\/\/fyno.pt\/pt\/wp-json\/wp\/v2\/posts"}],"about":[{"href":"https:\/\/fyno.pt\/pt\/wp-json\/wp\/v2\/types\/post"}],"author":[{"embeddable":true,"href":"https:\/\/fyno.pt\/pt\/wp-json\/wp\/v2\/users\/9"}],"replies":[{"embeddable":true,"href":"https:\/\/fyno.pt\/pt\/wp-json\/wp\/v2\/comments?post=43676"}],"version-history":[{"count":1,"href":"https:\/\/fyno.pt\/pt\/wp-json\/wp\/v2\/posts\/43676\/revisions"}],"predecessor-version":[{"id":43677,"href":"https:\/\/fyno.pt\/pt\/wp-json\/wp\/v2\/posts\/43676\/revisions\/43677"}],"wp:attachment":[{"href":"https:\/\/fyno.pt\/pt\/wp-json\/wp\/v2\/media?parent=43676"}],"wp:term":[{"taxonomy":"category","embeddable":true,"href":"https:\/\/fyno.pt\/pt\/wp-json\/wp\/v2\/categories?post=43676"},{"taxonomy":"post_tag","embeddable":true,"href":"https:\/\/fyno.pt\/pt\/wp-json\/wp\/v2\/tags?post=43676"}],"curies":[{"name":"wp","href":"https:\/\/api.w.org\/{rel}","templated":true}]}}