{"id":43673,"date":"2026-09-02T14:55:32","date_gmt":"2026-09-02T17:55:32","guid":{"rendered":"https:\/\/fyno.pt\/?p=43673"},"modified":"2026-09-02T14:55:32","modified_gmt":"2026-09-02T17:55:32","slug":"protestos-em-apoio-a-ceuta","status":"publish","type":"post","link":"https:\/\/fyno.pt\/pt\/news\/protestos-em-apoio-a-ceuta\/","title":{"rendered":"Mais de 700 protestos em cidades da Espanha em apoio a Ceuta"},"content":{"rendered":"<p>Nesta quarta-feira, mais de 700 manifesta\u00e7\u00f5es est\u00e3o programadas em v\u00e1rias cidades da Espanha, com o objetivo de expressar solidariedade a Ceuta e criticar a administra\u00e7\u00e3o da crise migrat\u00f3ria pelo governo de Pedro S\u00e1nchez.<\/p>\n\n\n\n<h2 class=\"wp-block-heading\">Mobiliza\u00e7\u00e3o em diversas cidades<\/h2>\n\n\n\n<p>Os protestos est\u00e3o sendo organizados por diferentes grupos e associa\u00e7\u00f5es, que buscam chamar a aten\u00e7\u00e3o para a situa\u00e7\u00e3o enfrentada em Ceuta, uma das cidades aut\u00f4nomas da Espanha, que tem sido impactada significativamente pela crise migrat\u00f3ria. As mobiliza\u00e7\u00f5es est\u00e3o acontecendo em locais como Madrid, Barcelona e Val\u00eancia, entre outras cidades.<\/p>\n\n\n\n<h2 class=\"wp-block-heading\">Reivindica\u00e7\u00f5es dos manifestantes<\/h2>\n\n\n\n<p>Os manifestantes exigem uma abordagem mais eficaz e humana por parte do governo em rela\u00e7\u00e3o \u00e0 gest\u00e3o da migra\u00e7\u00e3o. A crise, que se intensificou nos \u00faltimos meses, trouxe \u00e0 tona a necessidade de pol\u00edticas que garantam a seguran\u00e7a e os direitos dos migrantes, al\u00e9m de uma resposta adequada \u00e0s necessidades das comunidades locais.<\/p>\n\n\n\n<h2 class=\"wp-block-heading\">Contexto da crise em Ceuta<\/h2>\n\n\n\n<p>Ceuta, localizada na costa norte da \u00c1frica e fronteira da Europa, tem sido um ponto de entrada para migrantes que buscam melhores condi\u00e7\u00f5es de vida. A situa\u00e7\u00e3o se tornou cr\u00edtica, gerando n\u00e3o apenas preocupa\u00e7\u00f5es humanit\u00e1rias, mas tamb\u00e9m pol\u00edticas, levando a popula\u00e7\u00e3o local a se mobilizar em busca de solu\u00e7\u00f5es.<\/p>\n\n\n\n<p>As manifesta\u00e7\u00f5es desta quarta-feira refletem o descontentamento com a atual gest\u00e3o da crise, buscando pressionar o governo a adotar medidas mais efetivas diante da situa\u00e7\u00e3o complexa enfrentada tanto por Ceuta quanto por outras regi\u00f5es afetadas pela migra\u00e7\u00e3o.<\/p>","protected":false},"excerpt":{"rendered":"<p>Mobiliza\u00e7\u00f5es ocorrem em resposta \u00e0 crise migrat\u00f3ria e \u00e0 gest\u00e3o do governo espanhol.<\/p>","protected":false},"author":9,"featured_media":43674,"comment_status":"open","ping_status":"open","sticky":false,"template":"","format":"standard","meta":{"footnotes":""},"categories":[560],"tags":[1838,2128,2127,2129,2126],"class_list":["post-43673","post","type-post","status-publish","format-standard","has-post-thumbnail","hentry","category-news","tag-ceuta","tag-espanha","tag-migracao","tag-pedro-sanchez","tag-protestos"],"yoast_head":"<!-- This site is optimized with the Yoast SEO Premium plugin v27.9 (Yoast SEO v27.9) - https:\/\/yoast.com\/product\/yoast-seo-premium-wordpress\/ -->\n<title>mais de 700 protestos na espanha em apoio a ceuta<\/title>\n<meta name=\"description\" content=\"Mais de 700 protestos ocorrem na Espanha em apoio a Ceuta e cr\u00edticas \u00e0 gest\u00e3o da crise migrat\u00f3ria pelo governo.\" \/>\n<meta name=\"robots\" content=\"index, follow, max-snippet:-1, max-image-preview:large, max-video-preview:-1\" \/>\n<link rel=\"canonical\" href=\"https:\/\/fyno.pt\/pt\/news\/protestos-em-apoio-a-ceuta\/\" \/>\n<meta property=\"og:locale\" content=\"pt_PT\" \/>\n<meta property=\"og:type\" content=\"article\" \/>\n<meta property=\"og:title\" content=\"Mais de 700 protestos em cidades da Espanha em apoio a Ceuta\" \/>\n<meta property=\"og:description\" content=\"Mais de 700 protestos ocorrem na Espanha em apoio a Ceuta e cr\u00edticas \u00e0 gest\u00e3o da crise migrat\u00f3ria pelo governo.\" \/>\n<meta property=\"og:url\" content=\"https:\/\/fyno.pt\/pt\/news\/protestos-em-apoio-a-ceuta\/\" \/>\n<meta property=\"og:site_name\" content=\"Fyno\" \/>\n<meta property=\"article:published_time\" content=\"2026-09-02T17:55:32+00:00\" \/>\n<meta property=\"og:image\" content=\"https:\/\/fyno.pt\/wp-content\/uploads\/2026\/09\/postiaf5-image-1788371729.jpg\" \/>\n\t<meta property=\"og:image:width\" content=\"1200\" \/>\n\t<meta property=\"og:image:height\" content=\"630\" \/>\n\t<meta property=\"og:image:type\" content=\"image\/jpeg\" \/>\n<meta name=\"author\" content=\"Fyno\" \/>\n<meta name=\"twitter:card\" content=\"summary_large_image\" \/>\n<meta name=\"twitter:label1\" content=\"Escrito por\" \/>\n\t<meta name=\"twitter:data1\" content=\"Fyno\" \/>\n\t<meta name=\"twitter:label2\" content=\"Tempo estimado de leitura\" \/>\n\t<meta name=\"twitter:data2\" content=\"1 minuto\" \/>\n<script type=\"application\/ld+json\" class=\"yoast-schema-graph\">{\"@context\":\"https:\\\/\\\/schema.org\",\"@graph\":[{\"@type\":\"Article\",\"@id\":\"https:\\\/\\\/fyno.pt\\\/news\\\/protestos-em-apoio-a-ceuta\\\/#article\",\"isPartOf\":{\"@id\":\"https:\\\/\\\/fyno.pt\\\/news\\\/protestos-em-apoio-a-ceuta\\\/\"},\"author\":{\"name\":\"Fyno\",\"@id\":\"https:\\\/\\\/fyno.pt\\\/#\\\/schema\\\/person\\\/ab5b330ed5ed05f1b4a7b8e438f68187\"},\"headline\":\"Mais de 700 protestos em cidades da Espanha em apoio a Ceuta\",\"datePublished\":\"2026-09-02T17:55:32+00:00\",\"mainEntityOfPage\":{\"@id\":\"https:\\\/\\\/fyno.pt\\\/news\\\/protestos-em-apoio-a-ceuta\\\/\"},\"wordCount\":279,\"commentCount\":0,\"image\":{\"@id\":\"https:\\\/\\\/fyno.pt\\\/news\\\/protestos-em-apoio-a-ceuta\\\/#primaryimage\"},\"thumbnailUrl\":\"https:\\\/\\\/fyno.pt\\\/wp-content\\\/uploads\\\/2026\\\/09\\\/postiaf5-image-1788371729.jpg\",\"keywords\":[\"Ceuta\",\"Espanha\",\"migra\u00e7\u00e3o\",\"Pedro S\u00e1nchez\",\"protestos\"],\"articleSection\":[\"News\"],\"inLanguage\":\"pt-PT\",\"potentialAction\":[{\"@type\":\"CommentAction\",\"name\":\"Comment\",\"target\":[\"https:\\\/\\\/fyno.pt\\\/news\\\/protestos-em-apoio-a-ceuta\\\/#respond\"]}]},{\"@type\":\"WebPage\",\"@id\":\"https:\\\/\\\/fyno.pt\\\/news\\\/protestos-em-apoio-a-ceuta\\\/\",\"url\":\"https:\\\/\\\/fyno.pt\\\/news\\\/protestos-em-apoio-a-ceuta\\\/\",\"name\":\"mais de 700 protestos na espanha em apoio a ceuta\",\"isPartOf\":{\"@id\":\"https:\\\/\\\/fyno.pt\\\/#website\"},\"primaryImageOfPage\":{\"@id\":\"https:\\\/\\\/fyno.pt\\\/news\\\/protestos-em-apoio-a-ceuta\\\/#primaryimage\"},\"image\":{\"@id\":\"https:\\\/\\\/fyno.pt\\\/news\\\/protestos-em-apoio-a-ceuta\\\/#primaryimage\"},\"thumbnailUrl\":\"https:\\\/\\\/fyno.pt\\\/wp-content\\\/uploads\\\/2026\\\/09\\\/postiaf5-image-1788371729.jpg\",\"datePublished\":\"2026-09-02T17:55:32+00:00\",\"author\":{\"@id\":\"https:\\\/\\\/fyno.pt\\\/#\\\/schema\\\/person\\\/ab5b330ed5ed05f1b4a7b8e438f68187\"},\"description\":\"Mais de 700 protestos ocorrem na Espanha em apoio a Ceuta e cr\u00edticas \u00e0 gest\u00e3o da crise migrat\u00f3ria pelo governo.\",\"breadcrumb\":{\"@id\":\"https:\\\/\\\/fyno.pt\\\/news\\\/protestos-em-apoio-a-ceuta\\\/#breadcrumb\"},\"inLanguage\":\"pt-PT\",\"potentialAction\":[{\"@type\":\"ReadAction\",\"target\":[\"https:\\\/\\\/fyno.pt\\\/news\\\/protestos-em-apoio-a-ceuta\\\/\"]}]},{\"@type\":\"ImageObject\",\"inLanguage\":\"pt-PT\",\"@id\":\"https:\\\/\\\/fyno.pt\\\/news\\\/protestos-em-apoio-a-ceuta\\\/#primaryimage\",\"url\":\"https:\\\/\\\/fyno.pt\\\/wp-content\\\/uploads\\\/2026\\\/09\\\/postiaf5-image-1788371729.jpg\",\"contentUrl\":\"https:\\\/\\\/fyno.pt\\\/wp-content\\\/uploads\\\/2026\\\/09\\\/postiaf5-image-1788371729.jpg\",\"width\":1200,\"height\":630,\"caption\":\"Ceuta leva Espanha para as ruas com mais de 700 protestos convocadosCr\u00e9ditos:FORTA\\\/Reuters\"},{\"@type\":\"BreadcrumbList\",\"@id\":\"https:\\\/\\\/fyno.pt\\\/news\\\/protestos-em-apoio-a-ceuta\\\/#breadcrumb\",\"itemListElement\":[{\"@type\":\"ListItem\",\"position\":1,\"name\":\"In\u00edcio\",\"item\":\"https:\\\/\\\/fyno.pt\\\/\"},{\"@type\":\"ListItem\",\"position\":2,\"name\":\"Mais de 700 protestos em cidades da Espanha em apoio a Ceuta\"}]},{\"@type\":\"WebSite\",\"@id\":\"https:\\\/\\\/fyno.pt\\\/#website\",\"url\":\"https:\\\/\\\/fyno.pt\\\/\",\"name\":\"Fyno\",\"description\":\"Not\u00edcia e informa\u00e7\u00e3o\",\"potentialAction\":[{\"@type\":\"SearchAction\",\"target\":{\"@type\":\"EntryPoint\",\"urlTemplate\":\"https:\\\/\\\/fyno.pt\\\/?s={search_term_string}\"},\"query-input\":{\"@type\":\"PropertyValueSpecification\",\"valueRequired\":true,\"valueName\":\"search_term_string\"}}],\"inLanguage\":\"pt-PT\"},{\"@type\":\"Person\",\"@id\":\"https:\\\/\\\/fyno.pt\\\/#\\\/schema\\\/person\\\/ab5b330ed5ed05f1b4a7b8e438f68187\",\"name\":\"Fyno\",\"image\":{\"@type\":\"ImageObject\",\"inLanguage\":\"pt-PT\",\"@id\":\"https:\\\/\\\/fyno.pt\\\/wp-content\\\/litespeed\\\/avatar\\\/8f51870e8d94c234e288da840d914372.jpg?ver=1788205134\",\"url\":\"https:\\\/\\\/fyno.pt\\\/wp-content\\\/litespeed\\\/avatar\\\/8f51870e8d94c234e288da840d914372.jpg?ver=1788205134\",\"contentUrl\":\"https:\\\/\\\/fyno.pt\\\/wp-content\\\/litespeed\\\/avatar\\\/8f51870e8d94c234e288da840d914372.jpg?ver=1788205134\",\"caption\":\"Fyno\"},\"description\":\"A sua fonte de informa\u00e7\u00e3o.\",\"url\":\"https:\\\/\\\/fyno.pt\\\/pt\\\/author\\\/fynopt\\\/\"}]}<\/script>\n<!-- \/ Yoast SEO Premium plugin. -->","yoast_head_json":{"title":"mais de 700 protestos na espanha em apoio a ceuta","description":"Mais de 700 protestos ocorrem na Espanha em apoio a Ceuta e cr\u00edticas \u00e0 gest\u00e3o da crise migrat\u00f3ria pelo governo.","robots":{"index":"index","follow":"follow","max-snippet":"max-snippet:-1","max-image-preview":"max-image-preview:large","max-video-preview":"max-video-preview:-1"},"canonical":"https:\/\/fyno.pt\/pt\/news\/protestos-em-apoio-a-ceuta\/","og_locale":"pt_PT","og_type":"article","og_title":"Mais de 700 protestos em cidades da Espanha em apoio a Ceuta","og_description":"Mais de 700 protestos ocorrem na Espanha em apoio a Ceuta e cr\u00edticas \u00e0 gest\u00e3o da crise migrat\u00f3ria pelo governo.","og_url":"https:\/\/fyno.pt\/pt\/news\/protestos-em-apoio-a-ceuta\/","og_site_name":"Fyno","article_published_time":"2026-09-02T17:55:32+00:00","og_image":[{"width":1200,"height":630,"url":"https:\/\/fyno.pt\/wp-content\/uploads\/2026\/09\/postiaf5-image-1788371729.jpg","type":"image\/jpeg"}],"author":"Fyno","twitter_card":"summary_large_image","twitter_misc":{"Escrito por":"Fyno","Tempo estimado de leitura":"1 minuto"},"schema":{"@context":"https:\/\/schema.org","@graph":[{"@type":"Article","@id":"https:\/\/fyno.pt\/news\/protestos-em-apoio-a-ceuta\/#article","isPartOf":{"@id":"https:\/\/fyno.pt\/news\/protestos-em-apoio-a-ceuta\/"},"author":{"name":"Fyno","@id":"https:\/\/fyno.pt\/#\/schema\/person\/ab5b330ed5ed05f1b4a7b8e438f68187"},"headline":"Mais de 700 protestos em cidades da Espanha em apoio a Ceuta","datePublished":"2026-09-02T17:55:32+00:00","mainEntityOfPage":{"@id":"https:\/\/fyno.pt\/news\/protestos-em-apoio-a-ceuta\/"},"wordCount":279,"commentCount":0,"image":{"@id":"https:\/\/fyno.pt\/news\/protestos-em-apoio-a-ceuta\/#primaryimage"},"thumbnailUrl":"https:\/\/fyno.pt\/wp-content\/uploads\/2026\/09\/postiaf5-image-1788371729.jpg","keywords":["Ceuta","Espanha","migra\u00e7\u00e3o","Pedro S\u00e1nchez","protestos"],"articleSection":["News"],"inLanguage":"pt-PT","potentialAction":[{"@type":"CommentAction","name":"Comment","target":["https:\/\/fyno.pt\/news\/protestos-em-apoio-a-ceuta\/#respond"]}]},{"@type":"WebPage","@id":"https:\/\/fyno.pt\/news\/protestos-em-apoio-a-ceuta\/","url":"https:\/\/fyno.pt\/news\/protestos-em-apoio-a-ceuta\/","name":"mais de 700 protestos na espanha em apoio a ceuta","isPartOf":{"@id":"https:\/\/fyno.pt\/#website"},"primaryImageOfPage":{"@id":"https:\/\/fyno.pt\/news\/protestos-em-apoio-a-ceuta\/#primaryimage"},"image":{"@id":"https:\/\/fyno.pt\/news\/protestos-em-apoio-a-ceuta\/#primaryimage"},"thumbnailUrl":"https:\/\/fyno.pt\/wp-content\/uploads\/2026\/09\/postiaf5-image-1788371729.jpg","datePublished":"2026-09-02T17:55:32+00:00","author":{"@id":"https:\/\/fyno.pt\/#\/schema\/person\/ab5b330ed5ed05f1b4a7b8e438f68187"},"description":"Mais de 700 protestos ocorrem na Espanha em apoio a Ceuta e cr\u00edticas \u00e0 gest\u00e3o da crise migrat\u00f3ria pelo governo.","breadcrumb":{"@id":"https:\/\/fyno.pt\/news\/protestos-em-apoio-a-ceuta\/#breadcrumb"},"inLanguage":"pt-PT","potentialAction":[{"@type":"ReadAction","target":["https:\/\/fyno.pt\/news\/protestos-em-apoio-a-ceuta\/"]}]},{"@type":"ImageObject","inLanguage":"pt-PT","@id":"https:\/\/fyno.pt\/news\/protestos-em-apoio-a-ceuta\/#primaryimage","url":"https:\/\/fyno.pt\/wp-content\/uploads\/2026\/09\/postiaf5-image-1788371729.jpg","contentUrl":"https:\/\/fyno.pt\/wp-content\/uploads\/2026\/09\/postiaf5-image-1788371729.jpg","width":1200,"height":630,"caption":"Ceuta leva Espanha para as ruas com mais de 700 protestos convocadosCr\u00e9ditos:FORTA\/Reuters"},{"@type":"BreadcrumbList","@id":"https:\/\/fyno.pt\/news\/protestos-em-apoio-a-ceuta\/#breadcrumb","itemListElement":[{"@type":"ListItem","position":1,"name":"In\u00edcio","item":"https:\/\/fyno.pt\/"},{"@type":"ListItem","position":2,"name":"Mais de 700 protestos em cidades da Espanha em apoio a Ceuta"}]},{"@type":"WebSite","@id":"https:\/\/fyno.pt\/#website","url":"https:\/\/fyno.pt\/","name":"Fyno","description":"Not\u00edcia e informa\u00e7\u00e3o","potentialAction":[{"@type":"SearchAction","target":{"@type":"EntryPoint","urlTemplate":"https:\/\/fyno.pt\/?s={search_term_string}"},"query-input":{"@type":"PropertyValueSpecification","valueRequired":true,"valueName":"search_term_string"}}],"inLanguage":"pt-PT"},{"@type":"Person","@id":"https:\/\/fyno.pt\/#\/schema\/person\/ab5b330ed5ed05f1b4a7b8e438f68187","name":"Fyno","image":{"@type":"ImageObject","inLanguage":"pt-PT","@id":"https:\/\/fyno.pt\/wp-content\/litespeed\/avatar\/8f51870e8d94c234e288da840d914372.jpg?ver=1788205134","url":"https:\/\/fyno.pt\/wp-content\/litespeed\/avatar\/8f51870e8d94c234e288da840d914372.jpg?ver=1788205134","contentUrl":"https:\/\/fyno.pt\/wp-content\/litespeed\/avatar\/8f51870e8d94c234e288da840d914372.jpg?ver=1788205134","caption":"Fyno"},"description":"A sua fonte de informa\u00e7\u00e3o.","url":"https:\/\/fyno.pt\/pt\/author\/fynopt\/"}]}},"_links":{"self":[{"href":"https:\/\/fyno.pt\/pt\/wp-json\/wp\/v2\/posts\/43673","targetHints":{"allow":["GET"]}}],"collection":[{"href":"https:\/\/fyno.pt\/pt\/wp-json\/wp\/v2\/posts"}],"about":[{"href":"https:\/\/fyno.pt\/pt\/wp-json\/wp\/v2\/types\/post"}],"author":[{"embeddable":true,"href":"https:\/\/fyno.pt\/pt\/wp-json\/wp\/v2\/users\/9"}],"replies":[{"embeddable":true,"href":"https:\/\/fyno.pt\/pt\/wp-json\/wp\/v2\/comments?post=43673"}],"version-history":[{"count":1,"href":"https:\/\/fyno.pt\/pt\/wp-json\/wp\/v2\/posts\/43673\/revisions"}],"predecessor-version":[{"id":43675,"href":"https:\/\/fyno.pt\/pt\/wp-json\/wp\/v2\/posts\/43673\/revisions\/43675"}],"wp:featuredmedia":[{"embeddable":true,"href":"https:\/\/fyno.pt\/pt\/wp-json\/wp\/v2\/media\/43674"}],"wp:attachment":[{"href":"https:\/\/fyno.pt\/pt\/wp-json\/wp\/v2\/media?parent=43673"}],"wp:term":[{"taxonomy":"category","embeddable":true,"href":"https:\/\/fyno.pt\/pt\/wp-json\/wp\/v2\/categories?post=43673"},{"taxonomy":"post_tag","embeddable":true,"href":"https:\/\/fyno.pt\/pt\/wp-json\/wp\/v2\/tags?post=43673"}],"curies":[{"name":"wp","href":"https:\/\/api.w.org\/{rel}","templated":true}]}}