{"id":43670,"date":"2026-09-02T14:55:18","date_gmt":"2026-09-02T17:55:18","guid":{"rendered":"https:\/\/fyno.pt\/?p=43670"},"modified":"2026-09-02T14:55:18","modified_gmt":"2026-09-02T17:55:18","slug":"expresso-alto-mondego-portugal","status":"publish","type":"post","link":"https:\/\/fyno.pt\/pt\/mundo\/expresso-alto-mondego-portugal\/","title":{"rendered":"Novo comboio tur\u00edstico \u00e9 lan\u00e7ado em Portugal com foco na sustentabilidade"},"content":{"rendered":"<p>Os munic\u00edpios de Nelas, Mangualde, Fornos de Algodres e Gouveia apresentaram o projeto &#039;Expresso do Alto Mondego&#039;, uma iniciativa tur\u00edstica que conta com a colabora\u00e7\u00e3o da CP \u2013 Comboios de Portugal e de operadores privados, totalizando um investimento de 511 mil euros.<\/p>\n\n\n\n<h2 class=\"wp-block-heading\">Colabora\u00e7\u00e3o entre munic\u00edpios<\/h2>\n\n\n\n<p>Localizados nos distritos de Viseu e Guarda, os munic\u00edpios destacam-se por serem interligados pela serra da Estrela e pelo rio Mondego. Joaquim Amaral, presidente da C\u00e2mara de Nelas, enfatizou as semelhan\u00e7as e a complementaridade entre as quatro localidades, que possuem caracter\u00edsticas geogr\u00e1ficas distintas.<\/p>\n\n\n\n<p>O projeto, que visa impulsionar o turismo na regi\u00e3o, \u00e9 uma continuidade dos esfor\u00e7os conjuntos na \u00e1rea cultural realizados nos \u00faltimos anos. Amaral mencionou que &#039;quando trabalhamos em rede, consolidamos valor&#039;, referindo-se \u00e0 import\u00e2ncia da colabora\u00e7\u00e3o entre os munic\u00edpios.<\/p>\n\n\n\n<h2 class=\"wp-block-heading\">Objetivos e financiamento<\/h2>\n\n\n\n<p>O &#039;Expresso do Alto Mondego&#039; \u00e9 financiado em 70% pelo Turismo Centro de Portugal, com o restante dividido entre os munic\u00edpios. O objetivo \u00e9 criar uma plataforma que re\u00fana as ofertas tur\u00edsticas da regi\u00e3o, proporcionando uma experi\u00eancia \u00fanica aos visitantes.<\/p>\n\n\n\n<p>O projeto teve in\u00edcio em maio de 2023 e est\u00e1 previsto para ser conclu\u00eddo em maio de 2028. Um dos principais objetivos \u00e9 obter a certifica\u00e7\u00e3o Biosfera, um selo verde reconhecido internacionalmente, que atesta a sustentabilidade das iniciativas tur\u00edsticas.<\/p>\n\n\n\n<h2 class=\"wp-block-heading\">Experi\u00eancias sustent\u00e1veis<\/h2>\n\n\n\n<p>\u00c1urea Gon\u00e7alves, da empresa Ruris, respons\u00e1vel pelo desenvolvimento do projeto, destacou a inten\u00e7\u00e3o de oferecer pacotes tur\u00edsticos que permitam aos visitantes explorar a regi\u00e3o por meio do comboio, al\u00e9m de disponibilizar 40 bicicletas el\u00e9tricas, distribu\u00eddas entre os munic\u00edpios para uma experi\u00eancia mais sustent\u00e1vel.<\/p>\n\n\n\n<p>Rosalina Alegre, vereadora de Mangualde, ressaltou o crescimento da regi\u00e3o Viseu D\u00e3o Laf\u00f5es e como projetos como esse podem aumentar o interesse tur\u00edstico. Alexandre Lote, prefeito de Fornos de Algodres, e Jorge Ferreira, prefeito de Gouveia, tamb\u00e9m destacaram a import\u00e2ncia do projeto para o desenvolvimento econ\u00f4mico e cultural da regi\u00e3o.<\/p>","protected":false},"excerpt":{"rendered":"<p>O projeto &#8216;Expresso do Alto Mondego&#8217; une quatro munic\u00edpios e busca oferecer experi\u00eancias diferenciadas aos visitantes.<\/p>","protected":false},"author":9,"featured_media":43671,"comment_status":"open","ping_status":"open","sticky":false,"template":"","format":"standard","meta":{"footnotes":""},"categories":[51],"tags":[2124,808,1963,2123,2125],"class_list":["post-43670","post","type-post","status-publish","format-standard","has-post-thumbnail","hentry","category-mundo","tag-comboio","tag-portugal","tag-sustentabilidade","tag-turismo","tag-viseu"],"yoast_head":"<!-- This site is optimized with the Yoast SEO Premium plugin v27.9 (Yoast SEO v27.9) - https:\/\/yoast.com\/product\/yoast-seo-premium-wordpress\/ -->\n<title>novo comboio tur\u00edstico sustent\u00e1vel \u00e9 lan\u00e7ado em portugal<\/title>\n<meta name=\"description\" content=\"O &#039;Expresso do Alto Mondego&#039; \u00e9 um novo comboio tur\u00edstico em Portugal que prioriza a sustentabilidade e o turismo regional.\" \/>\n<meta name=\"robots\" content=\"index, follow, max-snippet:-1, max-image-preview:large, max-video-preview:-1\" \/>\n<link rel=\"canonical\" href=\"https:\/\/fyno.pt\/pt\/mundo\/expresso-alto-mondego-portugal\/\" \/>\n<meta property=\"og:locale\" content=\"pt_PT\" \/>\n<meta property=\"og:type\" content=\"article\" \/>\n<meta property=\"og:title\" content=\"Novo comboio tur\u00edstico \u00e9 lan\u00e7ado em Portugal com foco na sustentabilidade\" \/>\n<meta property=\"og:description\" content=\"O &#039;Expresso do Alto Mondego&#039; \u00e9 um novo comboio tur\u00edstico em Portugal que prioriza a sustentabilidade e o turismo regional.\" \/>\n<meta property=\"og:url\" content=\"https:\/\/fyno.pt\/pt\/mundo\/expresso-alto-mondego-portugal\/\" \/>\n<meta property=\"og:site_name\" content=\"Fyno\" \/>\n<meta property=\"article:published_time\" content=\"2026-09-02T17:55:18+00:00\" \/>\n<meta property=\"og:image\" content=\"https:\/\/fyno.pt\/wp-content\/uploads\/2026\/09\/comboio-presidencial-1160x630-1.jpg\" \/>\n\t<meta property=\"og:image:width\" content=\"1160\" \/>\n\t<meta property=\"og:image:height\" content=\"630\" \/>\n\t<meta property=\"og:image:type\" content=\"image\/jpeg\" \/>\n<meta name=\"author\" content=\"Fyno\" \/>\n<meta name=\"twitter:card\" content=\"summary_large_image\" \/>\n<meta name=\"twitter:label1\" content=\"Escrito por\" \/>\n\t<meta name=\"twitter:data1\" content=\"Fyno\" \/>\n\t<meta name=\"twitter:label2\" content=\"Tempo estimado de leitura\" \/>\n\t<meta name=\"twitter:data2\" content=\"2 minutos\" \/>\n<script type=\"application\/ld+json\" class=\"yoast-schema-graph\">{\"@context\":\"https:\\\/\\\/schema.org\",\"@graph\":[{\"@type\":\"Article\",\"@id\":\"https:\\\/\\\/fyno.pt\\\/mundo\\\/expresso-alto-mondego-portugal\\\/#article\",\"isPartOf\":{\"@id\":\"https:\\\/\\\/fyno.pt\\\/mundo\\\/expresso-alto-mondego-portugal\\\/\"},\"author\":{\"name\":\"Fyno\",\"@id\":\"https:\\\/\\\/fyno.pt\\\/#\\\/schema\\\/person\\\/ab5b330ed5ed05f1b4a7b8e438f68187\"},\"headline\":\"Novo comboio tur\u00edstico \u00e9 lan\u00e7ado em Portugal com foco na sustentabilidade\",\"datePublished\":\"2026-09-02T17:55:18+00:00\",\"mainEntityOfPage\":{\"@id\":\"https:\\\/\\\/fyno.pt\\\/mundo\\\/expresso-alto-mondego-portugal\\\/\"},\"wordCount\":350,\"commentCount\":0,\"image\":{\"@id\":\"https:\\\/\\\/fyno.pt\\\/mundo\\\/expresso-alto-mondego-portugal\\\/#primaryimage\"},\"thumbnailUrl\":\"https:\\\/\\\/fyno.pt\\\/wp-content\\\/uploads\\\/2026\\\/09\\\/comboio-presidencial-1160x630-1.jpg\",\"keywords\":[\"comboio\",\"Portugal\",\"sustentabilidade\",\"turismo\",\"Viseu\"],\"articleSection\":[\"Mundo\"],\"inLanguage\":\"pt-PT\",\"potentialAction\":[{\"@type\":\"CommentAction\",\"name\":\"Comment\",\"target\":[\"https:\\\/\\\/fyno.pt\\\/mundo\\\/expresso-alto-mondego-portugal\\\/#respond\"]}]},{\"@type\":\"WebPage\",\"@id\":\"https:\\\/\\\/fyno.pt\\\/mundo\\\/expresso-alto-mondego-portugal\\\/\",\"url\":\"https:\\\/\\\/fyno.pt\\\/mundo\\\/expresso-alto-mondego-portugal\\\/\",\"name\":\"novo comboio tur\u00edstico sustent\u00e1vel \u00e9 lan\u00e7ado em portugal\",\"isPartOf\":{\"@id\":\"https:\\\/\\\/fyno.pt\\\/#website\"},\"primaryImageOfPage\":{\"@id\":\"https:\\\/\\\/fyno.pt\\\/mundo\\\/expresso-alto-mondego-portugal\\\/#primaryimage\"},\"image\":{\"@id\":\"https:\\\/\\\/fyno.pt\\\/mundo\\\/expresso-alto-mondego-portugal\\\/#primaryimage\"},\"thumbnailUrl\":\"https:\\\/\\\/fyno.pt\\\/wp-content\\\/uploads\\\/2026\\\/09\\\/comboio-presidencial-1160x630-1.jpg\",\"datePublished\":\"2026-09-02T17:55:18+00:00\",\"author\":{\"@id\":\"https:\\\/\\\/fyno.pt\\\/#\\\/schema\\\/person\\\/ab5b330ed5ed05f1b4a7b8e438f68187\"},\"description\":\"O 'Expresso do Alto Mondego' \u00e9 um novo comboio tur\u00edstico em Portugal que prioriza a sustentabilidade e o turismo regional.\",\"breadcrumb\":{\"@id\":\"https:\\\/\\\/fyno.pt\\\/mundo\\\/expresso-alto-mondego-portugal\\\/#breadcrumb\"},\"inLanguage\":\"pt-PT\",\"potentialAction\":[{\"@type\":\"ReadAction\",\"target\":[\"https:\\\/\\\/fyno.pt\\\/mundo\\\/expresso-alto-mondego-portugal\\\/\"]}]},{\"@type\":\"ImageObject\",\"inLanguage\":\"pt-PT\",\"@id\":\"https:\\\/\\\/fyno.pt\\\/mundo\\\/expresso-alto-mondego-portugal\\\/#primaryimage\",\"url\":\"https:\\\/\\\/fyno.pt\\\/wp-content\\\/uploads\\\/2026\\\/09\\\/comboio-presidencial-1160x630-1.jpg\",\"contentUrl\":\"https:\\\/\\\/fyno.pt\\\/wp-content\\\/uploads\\\/2026\\\/09\\\/comboio-presidencial-1160x630-1.jpg\",\"width\":1160,\"height\":630,\"caption\":\"Ilustrativa \\\/ CP \\\/ Arquivo\"},{\"@type\":\"BreadcrumbList\",\"@id\":\"https:\\\/\\\/fyno.pt\\\/mundo\\\/expresso-alto-mondego-portugal\\\/#breadcrumb\",\"itemListElement\":[{\"@type\":\"ListItem\",\"position\":1,\"name\":\"In\u00edcio\",\"item\":\"https:\\\/\\\/fyno.pt\\\/\"},{\"@type\":\"ListItem\",\"position\":2,\"name\":\"Novo comboio tur\u00edstico \u00e9 lan\u00e7ado em Portugal com foco na sustentabilidade\"}]},{\"@type\":\"WebSite\",\"@id\":\"https:\\\/\\\/fyno.pt\\\/#website\",\"url\":\"https:\\\/\\\/fyno.pt\\\/\",\"name\":\"Fyno\",\"description\":\"Not\u00edcia e informa\u00e7\u00e3o\",\"potentialAction\":[{\"@type\":\"SearchAction\",\"target\":{\"@type\":\"EntryPoint\",\"urlTemplate\":\"https:\\\/\\\/fyno.pt\\\/?s={search_term_string}\"},\"query-input\":{\"@type\":\"PropertyValueSpecification\",\"valueRequired\":true,\"valueName\":\"search_term_string\"}}],\"inLanguage\":\"pt-PT\"},{\"@type\":\"Person\",\"@id\":\"https:\\\/\\\/fyno.pt\\\/#\\\/schema\\\/person\\\/ab5b330ed5ed05f1b4a7b8e438f68187\",\"name\":\"Fyno\",\"image\":{\"@type\":\"ImageObject\",\"inLanguage\":\"pt-PT\",\"@id\":\"https:\\\/\\\/fyno.pt\\\/wp-content\\\/litespeed\\\/avatar\\\/8f51870e8d94c234e288da840d914372.jpg?ver=1788205134\",\"url\":\"https:\\\/\\\/fyno.pt\\\/wp-content\\\/litespeed\\\/avatar\\\/8f51870e8d94c234e288da840d914372.jpg?ver=1788205134\",\"contentUrl\":\"https:\\\/\\\/fyno.pt\\\/wp-content\\\/litespeed\\\/avatar\\\/8f51870e8d94c234e288da840d914372.jpg?ver=1788205134\",\"caption\":\"Fyno\"},\"description\":\"A sua fonte de informa\u00e7\u00e3o.\",\"url\":\"https:\\\/\\\/fyno.pt\\\/pt\\\/author\\\/fynopt\\\/\"}]}<\/script>\n<!-- \/ Yoast SEO Premium plugin. -->","yoast_head_json":{"title":"novo comboio tur\u00edstico sustent\u00e1vel \u00e9 lan\u00e7ado em portugal","description":"O 'Expresso do Alto Mondego' \u00e9 um novo comboio tur\u00edstico em Portugal que prioriza a sustentabilidade e o turismo regional.","robots":{"index":"index","follow":"follow","max-snippet":"max-snippet:-1","max-image-preview":"max-image-preview:large","max-video-preview":"max-video-preview:-1"},"canonical":"https:\/\/fyno.pt\/pt\/mundo\/expresso-alto-mondego-portugal\/","og_locale":"pt_PT","og_type":"article","og_title":"Novo comboio tur\u00edstico \u00e9 lan\u00e7ado em Portugal com foco na sustentabilidade","og_description":"O 'Expresso do Alto Mondego' \u00e9 um novo comboio tur\u00edstico em Portugal que prioriza a sustentabilidade e o turismo regional.","og_url":"https:\/\/fyno.pt\/pt\/mundo\/expresso-alto-mondego-portugal\/","og_site_name":"Fyno","article_published_time":"2026-09-02T17:55:18+00:00","og_image":[{"width":1160,"height":630,"url":"https:\/\/fyno.pt\/wp-content\/uploads\/2026\/09\/comboio-presidencial-1160x630-1.jpg","type":"image\/jpeg"}],"author":"Fyno","twitter_card":"summary_large_image","twitter_misc":{"Escrito por":"Fyno","Tempo estimado de leitura":"2 minutos"},"schema":{"@context":"https:\/\/schema.org","@graph":[{"@type":"Article","@id":"https:\/\/fyno.pt\/mundo\/expresso-alto-mondego-portugal\/#article","isPartOf":{"@id":"https:\/\/fyno.pt\/mundo\/expresso-alto-mondego-portugal\/"},"author":{"name":"Fyno","@id":"https:\/\/fyno.pt\/#\/schema\/person\/ab5b330ed5ed05f1b4a7b8e438f68187"},"headline":"Novo comboio tur\u00edstico \u00e9 lan\u00e7ado em Portugal com foco na sustentabilidade","datePublished":"2026-09-02T17:55:18+00:00","mainEntityOfPage":{"@id":"https:\/\/fyno.pt\/mundo\/expresso-alto-mondego-portugal\/"},"wordCount":350,"commentCount":0,"image":{"@id":"https:\/\/fyno.pt\/mundo\/expresso-alto-mondego-portugal\/#primaryimage"},"thumbnailUrl":"https:\/\/fyno.pt\/wp-content\/uploads\/2026\/09\/comboio-presidencial-1160x630-1.jpg","keywords":["comboio","Portugal","sustentabilidade","turismo","Viseu"],"articleSection":["Mundo"],"inLanguage":"pt-PT","potentialAction":[{"@type":"CommentAction","name":"Comment","target":["https:\/\/fyno.pt\/mundo\/expresso-alto-mondego-portugal\/#respond"]}]},{"@type":"WebPage","@id":"https:\/\/fyno.pt\/mundo\/expresso-alto-mondego-portugal\/","url":"https:\/\/fyno.pt\/mundo\/expresso-alto-mondego-portugal\/","name":"novo comboio tur\u00edstico sustent\u00e1vel \u00e9 lan\u00e7ado em portugal","isPartOf":{"@id":"https:\/\/fyno.pt\/#website"},"primaryImageOfPage":{"@id":"https:\/\/fyno.pt\/mundo\/expresso-alto-mondego-portugal\/#primaryimage"},"image":{"@id":"https:\/\/fyno.pt\/mundo\/expresso-alto-mondego-portugal\/#primaryimage"},"thumbnailUrl":"https:\/\/fyno.pt\/wp-content\/uploads\/2026\/09\/comboio-presidencial-1160x630-1.jpg","datePublished":"2026-09-02T17:55:18+00:00","author":{"@id":"https:\/\/fyno.pt\/#\/schema\/person\/ab5b330ed5ed05f1b4a7b8e438f68187"},"description":"O 'Expresso do Alto Mondego' \u00e9 um novo comboio tur\u00edstico em Portugal que prioriza a sustentabilidade e o turismo regional.","breadcrumb":{"@id":"https:\/\/fyno.pt\/mundo\/expresso-alto-mondego-portugal\/#breadcrumb"},"inLanguage":"pt-PT","potentialAction":[{"@type":"ReadAction","target":["https:\/\/fyno.pt\/mundo\/expresso-alto-mondego-portugal\/"]}]},{"@type":"ImageObject","inLanguage":"pt-PT","@id":"https:\/\/fyno.pt\/mundo\/expresso-alto-mondego-portugal\/#primaryimage","url":"https:\/\/fyno.pt\/wp-content\/uploads\/2026\/09\/comboio-presidencial-1160x630-1.jpg","contentUrl":"https:\/\/fyno.pt\/wp-content\/uploads\/2026\/09\/comboio-presidencial-1160x630-1.jpg","width":1160,"height":630,"caption":"Ilustrativa \/ CP \/ Arquivo"},{"@type":"BreadcrumbList","@id":"https:\/\/fyno.pt\/mundo\/expresso-alto-mondego-portugal\/#breadcrumb","itemListElement":[{"@type":"ListItem","position":1,"name":"In\u00edcio","item":"https:\/\/fyno.pt\/"},{"@type":"ListItem","position":2,"name":"Novo comboio tur\u00edstico \u00e9 lan\u00e7ado em Portugal com foco na sustentabilidade"}]},{"@type":"WebSite","@id":"https:\/\/fyno.pt\/#website","url":"https:\/\/fyno.pt\/","name":"Fyno","description":"Not\u00edcia e informa\u00e7\u00e3o","potentialAction":[{"@type":"SearchAction","target":{"@type":"EntryPoint","urlTemplate":"https:\/\/fyno.pt\/?s={search_term_string}"},"query-input":{"@type":"PropertyValueSpecification","valueRequired":true,"valueName":"search_term_string"}}],"inLanguage":"pt-PT"},{"@type":"Person","@id":"https:\/\/fyno.pt\/#\/schema\/person\/ab5b330ed5ed05f1b4a7b8e438f68187","name":"Fyno","image":{"@type":"ImageObject","inLanguage":"pt-PT","@id":"https:\/\/fyno.pt\/wp-content\/litespeed\/avatar\/8f51870e8d94c234e288da840d914372.jpg?ver=1788205134","url":"https:\/\/fyno.pt\/wp-content\/litespeed\/avatar\/8f51870e8d94c234e288da840d914372.jpg?ver=1788205134","contentUrl":"https:\/\/fyno.pt\/wp-content\/litespeed\/avatar\/8f51870e8d94c234e288da840d914372.jpg?ver=1788205134","caption":"Fyno"},"description":"A sua fonte de informa\u00e7\u00e3o.","url":"https:\/\/fyno.pt\/pt\/author\/fynopt\/"}]}},"_links":{"self":[{"href":"https:\/\/fyno.pt\/pt\/wp-json\/wp\/v2\/posts\/43670","targetHints":{"allow":["GET"]}}],"collection":[{"href":"https:\/\/fyno.pt\/pt\/wp-json\/wp\/v2\/posts"}],"about":[{"href":"https:\/\/fyno.pt\/pt\/wp-json\/wp\/v2\/types\/post"}],"author":[{"embeddable":true,"href":"https:\/\/fyno.pt\/pt\/wp-json\/wp\/v2\/users\/9"}],"replies":[{"embeddable":true,"href":"https:\/\/fyno.pt\/pt\/wp-json\/wp\/v2\/comments?post=43670"}],"version-history":[{"count":1,"href":"https:\/\/fyno.pt\/pt\/wp-json\/wp\/v2\/posts\/43670\/revisions"}],"predecessor-version":[{"id":43672,"href":"https:\/\/fyno.pt\/pt\/wp-json\/wp\/v2\/posts\/43670\/revisions\/43672"}],"wp:featuredmedia":[{"embeddable":true,"href":"https:\/\/fyno.pt\/pt\/wp-json\/wp\/v2\/media\/43671"}],"wp:attachment":[{"href":"https:\/\/fyno.pt\/pt\/wp-json\/wp\/v2\/media?parent=43670"}],"wp:term":[{"taxonomy":"category","embeddable":true,"href":"https:\/\/fyno.pt\/pt\/wp-json\/wp\/v2\/categories?post=43670"},{"taxonomy":"post_tag","embeddable":true,"href":"https:\/\/fyno.pt\/pt\/wp-json\/wp\/v2\/tags?post=43670"}],"curies":[{"name":"wp","href":"https:\/\/api.w.org\/{rel}","templated":true}]}}