{"id":43667,"date":"2026-09-02T14:25:25","date_gmt":"2026-09-02T17:25:25","guid":{"rendered":"https:\/\/fyno.pt\/?p=43667"},"modified":"2026-09-02T14:25:25","modified_gmt":"2026-09-02T17:25:25","slug":"festival-iminente-10-anos-marvila","status":"publish","type":"post","link":"https:\/\/fyno.pt\/pt\/news\/festival-iminente-10-anos-marvila\/","title":{"rendered":"Festival Iminente celebra 10 anos em escola abandonada em Marvila"},"content":{"rendered":"<p>O Festival Iminente, idealizado pelo artista Alexandre Farto, conhecido como Vhils, comemora uma d\u00e9cada de exist\u00eancia de 17 a 20 de setembro. O evento acontece em uma antiga escola em Marvila, a Afonso Domingues, proporcionando um novo uso a este espa\u00e7o abandonado.<\/p>\n\n\n\n<h2 class=\"wp-block-heading\">Artistas em destaque<\/h2>\n\n\n\n<p>Mais de cem artistas est\u00e3o programados para se apresentar durante o festival, incluindo nomes renomados como Original Kappa e DJ Premier. O evento promete ser uma celebra\u00e7\u00e3o da arte contempor\u00e2nea, com diversas interven\u00e7\u00f5es e performances ao longo dos dias.<\/p>\n\n\n\n<h2 class=\"wp-block-heading\">Um espa\u00e7o revitalizado<\/h2>\n\n\n\n<p>A escolha de uma escola abandonada para sediar o festival \u00e9 uma tentativa de revitaliza\u00e7\u00e3o do espa\u00e7o, transformando-o em um ponto de encontro cultural. A iniciativa visa n\u00e3o apenas dar vida ao local, mas tamb\u00e9m incentivar a comunidade a se envolver com a arte e a cultura.<\/p>\n\n\n\n<p>O Festival Iminente se destaca por sua proposta inovadora e por sua capacidade de reunir artistas de diferentes \u00e1reas, consolidando-se como um importante evento no calend\u00e1rio cultural da cidade.<\/p>","protected":false},"excerpt":{"rendered":"<p>Evento re\u00fane mais de cem artistas de destaque entre 17 e 20 de setembro.<\/p>","protected":false},"author":9,"featured_media":43668,"comment_status":"open","ping_status":"open","sticky":false,"template":"","format":"standard","meta":{"footnotes":""},"categories":[560],"tags":[2108,795,2043,2121,2122],"class_list":["post-43667","post","type-post","status-publish","format-standard","has-post-thumbnail","hentry","category-news","tag-arte","tag-cultura","tag-festival","tag-marvila","tag-revitalizacao"],"yoast_head":"<!-- This site is optimized with the Yoast SEO Premium plugin v27.9 (Yoast SEO v27.9) - https:\/\/yoast.com\/product\/yoast-seo-premium-wordpress\/ -->\n<title>festival iminente completa 10 anos em escola abandonada<\/title>\n<meta name=\"description\" content=\"Festival Iminente celebra 10 anos em Marvila com mais de cem artistas em uma escola abandonada.\" \/>\n<meta name=\"robots\" content=\"index, follow, max-snippet:-1, max-image-preview:large, max-video-preview:-1\" \/>\n<link rel=\"canonical\" href=\"https:\/\/fyno.pt\/pt\/news\/festival-iminente-10-anos-marvila\/\" \/>\n<meta property=\"og:locale\" content=\"pt_PT\" \/>\n<meta property=\"og:type\" content=\"article\" \/>\n<meta property=\"og:title\" content=\"Festival Iminente celebra 10 anos em escola abandonada em Marvila\" \/>\n<meta property=\"og:description\" content=\"Festival Iminente celebra 10 anos em Marvila com mais de cem artistas em uma escola abandonada.\" \/>\n<meta property=\"og:url\" content=\"https:\/\/fyno.pt\/pt\/news\/festival-iminente-10-anos-marvila\/\" \/>\n<meta property=\"og:site_name\" content=\"Fyno\" \/>\n<meta property=\"article:published_time\" content=\"2026-09-02T17:25:25+00:00\" \/>\n<meta name=\"author\" content=\"Fyno\" \/>\n<meta name=\"twitter:card\" content=\"summary_large_image\" \/>\n<meta name=\"twitter:label1\" content=\"Escrito por\" \/>\n\t<meta name=\"twitter:data1\" content=\"Fyno\" \/>\n\t<meta name=\"twitter:label2\" content=\"Tempo estimado de leitura\" \/>\n\t<meta name=\"twitter:data2\" content=\"1 minuto\" \/>\n<script type=\"application\/ld+json\" class=\"yoast-schema-graph\">{\"@context\":\"https:\\\/\\\/schema.org\",\"@graph\":[{\"@type\":\"Article\",\"@id\":\"https:\\\/\\\/fyno.pt\\\/news\\\/festival-iminente-10-anos-marvila\\\/#article\",\"isPartOf\":{\"@id\":\"https:\\\/\\\/fyno.pt\\\/news\\\/festival-iminente-10-anos-marvila\\\/\"},\"author\":{\"name\":\"Fyno\",\"@id\":\"https:\\\/\\\/fyno.pt\\\/#\\\/schema\\\/person\\\/ab5b330ed5ed05f1b4a7b8e438f68187\"},\"headline\":\"Festival Iminente celebra 10 anos em escola abandonada em Marvila\",\"datePublished\":\"2026-09-02T17:25:25+00:00\",\"mainEntityOfPage\":{\"@id\":\"https:\\\/\\\/fyno.pt\\\/news\\\/festival-iminente-10-anos-marvila\\\/\"},\"wordCount\":182,\"commentCount\":0,\"image\":{\"@id\":\"https:\\\/\\\/fyno.pt\\\/news\\\/festival-iminente-10-anos-marvila\\\/#primaryimage\"},\"thumbnailUrl\":\"https:\\\/\\\/fyno.pt\\\/wp-content\\\/uploads\\\/2026\\\/09\\\/DOC.20260902.47702527.JSG7489.jpg\",\"keywords\":[\"arte\",\"cultura\",\"festival\",\"Marvila\",\"revitaliza\u00e7\u00e3o\"],\"articleSection\":[\"News\"],\"inLanguage\":\"pt-PT\",\"potentialAction\":[{\"@type\":\"CommentAction\",\"name\":\"Comment\",\"target\":[\"https:\\\/\\\/fyno.pt\\\/news\\\/festival-iminente-10-anos-marvila\\\/#respond\"]}]},{\"@type\":\"WebPage\",\"@id\":\"https:\\\/\\\/fyno.pt\\\/news\\\/festival-iminente-10-anos-marvila\\\/\",\"url\":\"https:\\\/\\\/fyno.pt\\\/news\\\/festival-iminente-10-anos-marvila\\\/\",\"name\":\"festival iminente completa 10 anos em escola abandonada\",\"isPartOf\":{\"@id\":\"https:\\\/\\\/fyno.pt\\\/#website\"},\"primaryImageOfPage\":{\"@id\":\"https:\\\/\\\/fyno.pt\\\/news\\\/festival-iminente-10-anos-marvila\\\/#primaryimage\"},\"image\":{\"@id\":\"https:\\\/\\\/fyno.pt\\\/news\\\/festival-iminente-10-anos-marvila\\\/#primaryimage\"},\"thumbnailUrl\":\"https:\\\/\\\/fyno.pt\\\/wp-content\\\/uploads\\\/2026\\\/09\\\/DOC.20260902.47702527.JSG7489.jpg\",\"datePublished\":\"2026-09-02T17:25:25+00:00\",\"author\":{\"@id\":\"https:\\\/\\\/fyno.pt\\\/#\\\/schema\\\/person\\\/ab5b330ed5ed05f1b4a7b8e438f68187\"},\"description\":\"Festival Iminente celebra 10 anos em Marvila com mais de cem artistas em uma escola abandonada.\",\"breadcrumb\":{\"@id\":\"https:\\\/\\\/fyno.pt\\\/news\\\/festival-iminente-10-anos-marvila\\\/#breadcrumb\"},\"inLanguage\":\"pt-PT\",\"potentialAction\":[{\"@type\":\"ReadAction\",\"target\":[\"https:\\\/\\\/fyno.pt\\\/news\\\/festival-iminente-10-anos-marvila\\\/\"]}]},{\"@type\":\"ImageObject\",\"inLanguage\":\"pt-PT\",\"@id\":\"https:\\\/\\\/fyno.pt\\\/news\\\/festival-iminente-10-anos-marvila\\\/#primaryimage\",\"url\":\"https:\\\/\\\/fyno.pt\\\/wp-content\\\/uploads\\\/2026\\\/09\\\/DOC.20260902.47702527.JSG7489.jpg\",\"contentUrl\":\"https:\\\/\\\/fyno.pt\\\/wp-content\\\/uploads\\\/2026\\\/09\\\/DOC.20260902.47702527.JSG7489.jpg\",\"width\":1200,\"height\":800,\"caption\":\"Jos\u00e9 Sena Goul\u00e3o\\\/Lusa\"},{\"@type\":\"BreadcrumbList\",\"@id\":\"https:\\\/\\\/fyno.pt\\\/news\\\/festival-iminente-10-anos-marvila\\\/#breadcrumb\",\"itemListElement\":[{\"@type\":\"ListItem\",\"position\":1,\"name\":\"In\u00edcio\",\"item\":\"https:\\\/\\\/fyno.pt\\\/\"},{\"@type\":\"ListItem\",\"position\":2,\"name\":\"Festival Iminente celebra 10 anos em escola abandonada em Marvila\"}]},{\"@type\":\"WebSite\",\"@id\":\"https:\\\/\\\/fyno.pt\\\/#website\",\"url\":\"https:\\\/\\\/fyno.pt\\\/\",\"name\":\"Fyno\",\"description\":\"Not\u00edcia e informa\u00e7\u00e3o\",\"potentialAction\":[{\"@type\":\"SearchAction\",\"target\":{\"@type\":\"EntryPoint\",\"urlTemplate\":\"https:\\\/\\\/fyno.pt\\\/?s={search_term_string}\"},\"query-input\":{\"@type\":\"PropertyValueSpecification\",\"valueRequired\":true,\"valueName\":\"search_term_string\"}}],\"inLanguage\":\"pt-PT\"},{\"@type\":\"Person\",\"@id\":\"https:\\\/\\\/fyno.pt\\\/#\\\/schema\\\/person\\\/ab5b330ed5ed05f1b4a7b8e438f68187\",\"name\":\"Fyno\",\"image\":{\"@type\":\"ImageObject\",\"inLanguage\":\"pt-PT\",\"@id\":\"https:\\\/\\\/fyno.pt\\\/wp-content\\\/litespeed\\\/avatar\\\/8f51870e8d94c234e288da840d914372.jpg?ver=1788205134\",\"url\":\"https:\\\/\\\/fyno.pt\\\/wp-content\\\/litespeed\\\/avatar\\\/8f51870e8d94c234e288da840d914372.jpg?ver=1788205134\",\"contentUrl\":\"https:\\\/\\\/fyno.pt\\\/wp-content\\\/litespeed\\\/avatar\\\/8f51870e8d94c234e288da840d914372.jpg?ver=1788205134\",\"caption\":\"Fyno\"},\"description\":\"A sua fonte de informa\u00e7\u00e3o.\",\"url\":\"https:\\\/\\\/fyno.pt\\\/pt\\\/author\\\/fynopt\\\/\"}]}<\/script>\n<!-- \/ Yoast SEO Premium plugin. -->","yoast_head_json":{"title":"festival iminente completa 10 anos em escola abandonada","description":"Festival Iminente celebra 10 anos em Marvila com mais de cem artistas em uma escola abandonada.","robots":{"index":"index","follow":"follow","max-snippet":"max-snippet:-1","max-image-preview":"max-image-preview:large","max-video-preview":"max-video-preview:-1"},"canonical":"https:\/\/fyno.pt\/pt\/news\/festival-iminente-10-anos-marvila\/","og_locale":"pt_PT","og_type":"article","og_title":"Festival Iminente celebra 10 anos em escola abandonada em Marvila","og_description":"Festival Iminente celebra 10 anos em Marvila com mais de cem artistas em uma escola abandonada.","og_url":"https:\/\/fyno.pt\/pt\/news\/festival-iminente-10-anos-marvila\/","og_site_name":"Fyno","article_published_time":"2026-09-02T17:25:25+00:00","author":"Fyno","twitter_card":"summary_large_image","twitter_misc":{"Escrito por":"Fyno","Tempo estimado de leitura":"1 minuto"},"schema":{"@context":"https:\/\/schema.org","@graph":[{"@type":"Article","@id":"https:\/\/fyno.pt\/news\/festival-iminente-10-anos-marvila\/#article","isPartOf":{"@id":"https:\/\/fyno.pt\/news\/festival-iminente-10-anos-marvila\/"},"author":{"name":"Fyno","@id":"https:\/\/fyno.pt\/#\/schema\/person\/ab5b330ed5ed05f1b4a7b8e438f68187"},"headline":"Festival Iminente celebra 10 anos em escola abandonada em Marvila","datePublished":"2026-09-02T17:25:25+00:00","mainEntityOfPage":{"@id":"https:\/\/fyno.pt\/news\/festival-iminente-10-anos-marvila\/"},"wordCount":182,"commentCount":0,"image":{"@id":"https:\/\/fyno.pt\/news\/festival-iminente-10-anos-marvila\/#primaryimage"},"thumbnailUrl":"https:\/\/fyno.pt\/wp-content\/uploads\/2026\/09\/DOC.20260902.47702527.JSG7489.jpg","keywords":["arte","cultura","festival","Marvila","revitaliza\u00e7\u00e3o"],"articleSection":["News"],"inLanguage":"pt-PT","potentialAction":[{"@type":"CommentAction","name":"Comment","target":["https:\/\/fyno.pt\/news\/festival-iminente-10-anos-marvila\/#respond"]}]},{"@type":"WebPage","@id":"https:\/\/fyno.pt\/news\/festival-iminente-10-anos-marvila\/","url":"https:\/\/fyno.pt\/news\/festival-iminente-10-anos-marvila\/","name":"festival iminente completa 10 anos em escola abandonada","isPartOf":{"@id":"https:\/\/fyno.pt\/#website"},"primaryImageOfPage":{"@id":"https:\/\/fyno.pt\/news\/festival-iminente-10-anos-marvila\/#primaryimage"},"image":{"@id":"https:\/\/fyno.pt\/news\/festival-iminente-10-anos-marvila\/#primaryimage"},"thumbnailUrl":"https:\/\/fyno.pt\/wp-content\/uploads\/2026\/09\/DOC.20260902.47702527.JSG7489.jpg","datePublished":"2026-09-02T17:25:25+00:00","author":{"@id":"https:\/\/fyno.pt\/#\/schema\/person\/ab5b330ed5ed05f1b4a7b8e438f68187"},"description":"Festival Iminente celebra 10 anos em Marvila com mais de cem artistas em uma escola abandonada.","breadcrumb":{"@id":"https:\/\/fyno.pt\/news\/festival-iminente-10-anos-marvila\/#breadcrumb"},"inLanguage":"pt-PT","potentialAction":[{"@type":"ReadAction","target":["https:\/\/fyno.pt\/news\/festival-iminente-10-anos-marvila\/"]}]},{"@type":"ImageObject","inLanguage":"pt-PT","@id":"https:\/\/fyno.pt\/news\/festival-iminente-10-anos-marvila\/#primaryimage","url":"https:\/\/fyno.pt\/wp-content\/uploads\/2026\/09\/DOC.20260902.47702527.JSG7489.jpg","contentUrl":"https:\/\/fyno.pt\/wp-content\/uploads\/2026\/09\/DOC.20260902.47702527.JSG7489.jpg","width":1200,"height":800,"caption":"Jos\u00e9 Sena Goul\u00e3o\/Lusa"},{"@type":"BreadcrumbList","@id":"https:\/\/fyno.pt\/news\/festival-iminente-10-anos-marvila\/#breadcrumb","itemListElement":[{"@type":"ListItem","position":1,"name":"In\u00edcio","item":"https:\/\/fyno.pt\/"},{"@type":"ListItem","position":2,"name":"Festival Iminente celebra 10 anos em escola abandonada em Marvila"}]},{"@type":"WebSite","@id":"https:\/\/fyno.pt\/#website","url":"https:\/\/fyno.pt\/","name":"Fyno","description":"Not\u00edcia e informa\u00e7\u00e3o","potentialAction":[{"@type":"SearchAction","target":{"@type":"EntryPoint","urlTemplate":"https:\/\/fyno.pt\/?s={search_term_string}"},"query-input":{"@type":"PropertyValueSpecification","valueRequired":true,"valueName":"search_term_string"}}],"inLanguage":"pt-PT"},{"@type":"Person","@id":"https:\/\/fyno.pt\/#\/schema\/person\/ab5b330ed5ed05f1b4a7b8e438f68187","name":"Fyno","image":{"@type":"ImageObject","inLanguage":"pt-PT","@id":"https:\/\/fyno.pt\/wp-content\/litespeed\/avatar\/8f51870e8d94c234e288da840d914372.jpg?ver=1788205134","url":"https:\/\/fyno.pt\/wp-content\/litespeed\/avatar\/8f51870e8d94c234e288da840d914372.jpg?ver=1788205134","contentUrl":"https:\/\/fyno.pt\/wp-content\/litespeed\/avatar\/8f51870e8d94c234e288da840d914372.jpg?ver=1788205134","caption":"Fyno"},"description":"A sua fonte de informa\u00e7\u00e3o.","url":"https:\/\/fyno.pt\/pt\/author\/fynopt\/"}]}},"_links":{"self":[{"href":"https:\/\/fyno.pt\/pt\/wp-json\/wp\/v2\/posts\/43667","targetHints":{"allow":["GET"]}}],"collection":[{"href":"https:\/\/fyno.pt\/pt\/wp-json\/wp\/v2\/posts"}],"about":[{"href":"https:\/\/fyno.pt\/pt\/wp-json\/wp\/v2\/types\/post"}],"author":[{"embeddable":true,"href":"https:\/\/fyno.pt\/pt\/wp-json\/wp\/v2\/users\/9"}],"replies":[{"embeddable":true,"href":"https:\/\/fyno.pt\/pt\/wp-json\/wp\/v2\/comments?post=43667"}],"version-history":[{"count":1,"href":"https:\/\/fyno.pt\/pt\/wp-json\/wp\/v2\/posts\/43667\/revisions"}],"predecessor-version":[{"id":43669,"href":"https:\/\/fyno.pt\/pt\/wp-json\/wp\/v2\/posts\/43667\/revisions\/43669"}],"wp:featuredmedia":[{"embeddable":true,"href":"https:\/\/fyno.pt\/pt\/wp-json\/wp\/v2\/media\/43668"}],"wp:attachment":[{"href":"https:\/\/fyno.pt\/pt\/wp-json\/wp\/v2\/media?parent=43667"}],"wp:term":[{"taxonomy":"category","embeddable":true,"href":"https:\/\/fyno.pt\/pt\/wp-json\/wp\/v2\/categories?post=43667"},{"taxonomy":"post_tag","embeddable":true,"href":"https:\/\/fyno.pt\/pt\/wp-json\/wp\/v2\/tags?post=43667"}],"curies":[{"name":"wp","href":"https:\/\/api.w.org\/{rel}","templated":true}]}}