{"id":43664,"date":"2026-09-02T14:25:10","date_gmt":"2026-09-02T17:25:10","guid":{"rendered":"https:\/\/fyno.pt\/?p=43664"},"modified":"2026-09-02T14:25:10","modified_gmt":"2026-09-02T17:25:10","slug":"aliou-traore-novo-reforco-vizela","status":"publish","type":"post","link":"https:\/\/fyno.pt\/pt\/mundo\/aliou-traore-novo-reforco-vizela\/","title":{"rendered":"Aliou Traor\u00e9 \u00e9 o novo refor\u00e7o do Vizela por duas temporadas"},"content":{"rendered":"<p>O Vizela anunciou a contrata\u00e7\u00e3o do meio-campista franc\u00eas Aliou Traor\u00e9, de 25 anos, por um per\u00edodo de duas temporadas, com a possibilidade de uma extens\u00e3o. O an\u00fancio foi feito pelo clube que disputa a II Liga portuguesa de futebol.<\/p>\n\n\n\n<h2 class=\"wp-block-heading\">Traor\u00e9 traz experi\u00eancia internacional<\/h2>\n\n\n\n<p>Traor\u00e9, que vestir\u00e1 a camisa n\u00famero 95, chega ao Vizela ap\u00f3s tr\u00eas temporadas em que atuou pelo Vanspor, na Turquia, totalizando 100 partidas em sua carreira nos \u00faltimos anos. O jogador expressou sua motiva\u00e7\u00e3o para essa nova etapa, afirmando: \u201cO FC Vizela \u00e9 o pr\u00f3ximo passo na minha carreira. Estou numa fase em que preciso de confirmar aquilo que j\u00e1 fiz anteriormente e continuar a evoluir. Estou muito motivado.\u201d.<\/p>\n\n\n\n<h2 class=\"wp-block-heading\">Trajet\u00f3ria profissional<\/h2>\n\n\n\n<p>Nascido em Sarcelles, Traor\u00e9 iniciou sua forma\u00e7\u00e3o na AAS Sarcelles e passou pelo Paris Saint-Germain. Aos 16 anos, transferiu-se para o Manchester United, onde assinou seu primeiro contrato profissional e jogou nas categorias sub-18 e sub-23.<\/p>\n\n\n\n<p>O jogador seguiu sua carreira no Caen, na Fran\u00e7a, e teve passagens por clubes italianos como Parma e Frosinone, al\u00e9m de experi\u00eancias na Turquia com Goztepe, Ke\u00e7iorengucu e Vanspor. Sobre sua nova jornada, ele comentou: \u201cAceitei este desafio, acima de tudo, pelo projeto. Senti que \u00e9 realmente ambicioso, tanto pelo clube como pela cidade. Estou aqui para ajudar a equipa a alcan\u00e7ar os seus objetivos.\u201d.<\/p>\n\n\n\n<h2 class=\"wp-block-heading\">Estilo de jogo<\/h2>\n\n\n\n<p>Traor\u00e9 se descreve como um m\u00e9dio &#039;box-to-box&#039;, que aprecia ter a posse de bola e participar ativamente no jogo, contribuindo em diferentes momentos. Al\u00e9m de sua experi\u00eancia em clubes, ele tamb\u00e9m foi internacional jovem pela Fran\u00e7a, acumulando oito convoca\u00e7\u00f5es e dois gols nas categorias sub-16 e sub-19.<\/p>","protected":false},"excerpt":{"rendered":"<p>Meio-campista franc\u00eas, ex-Vanspor, chega para ajudar o clube na II Liga portuguesa.<\/p>","protected":false},"author":9,"featured_media":43665,"comment_status":"open","ping_status":"open","sticky":false,"template":"","format":"standard","meta":{"footnotes":""},"categories":[51],"tags":[2119,2120,595,1926,2074],"class_list":["post-43664","post","type-post","status-publish","format-standard","has-post-thumbnail","hentry","category-mundo","tag-aliou-traore","tag-contratacao","tag-futebol","tag-ii-liga","tag-vizela"],"yoast_head":"<!-- This site is optimized with the Yoast SEO Premium plugin v27.9 (Yoast SEO v27.9) - https:\/\/yoast.com\/product\/yoast-seo-premium-wordpress\/ -->\n<title>Vizela apresenta aliou traor\u00e9 como novo refor\u00e7o para a temporada<\/title>\n<meta name=\"description\" content=\"Vizela anuncia contrata\u00e7\u00e3o de Aliou Traor\u00e9 por duas temporadas, revelando suas ambi\u00e7\u00f5es e trajet\u00f3ria no futebol.\" \/>\n<meta name=\"robots\" content=\"index, follow, max-snippet:-1, max-image-preview:large, max-video-preview:-1\" \/>\n<link rel=\"canonical\" href=\"https:\/\/fyno.pt\/pt\/mundo\/aliou-traore-novo-reforco-vizela\/\" \/>\n<meta property=\"og:locale\" content=\"pt_PT\" \/>\n<meta property=\"og:type\" content=\"article\" \/>\n<meta property=\"og:title\" content=\"Aliou Traor\u00e9 \u00e9 o novo refor\u00e7o do Vizela por duas temporadas\" \/>\n<meta property=\"og:description\" content=\"Vizela anuncia contrata\u00e7\u00e3o de Aliou Traor\u00e9 por duas temporadas, revelando suas ambi\u00e7\u00f5es e trajet\u00f3ria no futebol.\" \/>\n<meta property=\"og:url\" content=\"https:\/\/fyno.pt\/pt\/mundo\/aliou-traore-novo-reforco-vizela\/\" \/>\n<meta property=\"og:site_name\" content=\"Fyno\" \/>\n<meta property=\"article:published_time\" content=\"2026-09-02T17:25:10+00:00\" \/>\n<meta property=\"og:image\" content=\"https:\/\/fyno.pt\/wp-content\/uploads\/2026\/09\/Aliou-Traore-1160x630-1.jpg\" \/>\n\t<meta property=\"og:image:width\" content=\"1160\" \/>\n\t<meta property=\"og:image:height\" content=\"630\" \/>\n\t<meta property=\"og:image:type\" content=\"image\/jpeg\" \/>\n<meta name=\"author\" content=\"Fyno\" \/>\n<meta name=\"twitter:card\" content=\"summary_large_image\" \/>\n<meta name=\"twitter:label1\" content=\"Escrito por\" \/>\n\t<meta name=\"twitter:data1\" content=\"Fyno\" \/>\n\t<meta name=\"twitter:label2\" content=\"Tempo estimado de leitura\" \/>\n\t<meta name=\"twitter:data2\" content=\"1 minuto\" \/>\n<script type=\"application\/ld+json\" class=\"yoast-schema-graph\">{\"@context\":\"https:\\\/\\\/schema.org\",\"@graph\":[{\"@type\":\"Article\",\"@id\":\"https:\\\/\\\/fyno.pt\\\/mundo\\\/aliou-traore-novo-reforco-vizela\\\/#article\",\"isPartOf\":{\"@id\":\"https:\\\/\\\/fyno.pt\\\/mundo\\\/aliou-traore-novo-reforco-vizela\\\/\"},\"author\":{\"name\":\"Fyno\",\"@id\":\"https:\\\/\\\/fyno.pt\\\/#\\\/schema\\\/person\\\/ab5b330ed5ed05f1b4a7b8e438f68187\"},\"headline\":\"Aliou Traor\u00e9 \u00e9 o novo refor\u00e7o do Vizela por duas temporadas\",\"datePublished\":\"2026-09-02T17:25:10+00:00\",\"mainEntityOfPage\":{\"@id\":\"https:\\\/\\\/fyno.pt\\\/mundo\\\/aliou-traore-novo-reforco-vizela\\\/\"},\"wordCount\":294,\"commentCount\":0,\"image\":{\"@id\":\"https:\\\/\\\/fyno.pt\\\/mundo\\\/aliou-traore-novo-reforco-vizela\\\/#primaryimage\"},\"thumbnailUrl\":\"https:\\\/\\\/fyno.pt\\\/wp-content\\\/uploads\\\/2026\\\/09\\\/Aliou-Traore-1160x630-1.jpg\",\"keywords\":[\"Aliou Traor\u00e9\",\"contrata\u00e7\u00e3o\",\"Futebol\",\"II Liga\",\"Vizela\"],\"articleSection\":[\"Mundo\"],\"inLanguage\":\"pt-PT\",\"potentialAction\":[{\"@type\":\"CommentAction\",\"name\":\"Comment\",\"target\":[\"https:\\\/\\\/fyno.pt\\\/mundo\\\/aliou-traore-novo-reforco-vizela\\\/#respond\"]}]},{\"@type\":\"WebPage\",\"@id\":\"https:\\\/\\\/fyno.pt\\\/mundo\\\/aliou-traore-novo-reforco-vizela\\\/\",\"url\":\"https:\\\/\\\/fyno.pt\\\/mundo\\\/aliou-traore-novo-reforco-vizela\\\/\",\"name\":\"Vizela apresenta aliou traor\u00e9 como novo refor\u00e7o para a temporada\",\"isPartOf\":{\"@id\":\"https:\\\/\\\/fyno.pt\\\/#website\"},\"primaryImageOfPage\":{\"@id\":\"https:\\\/\\\/fyno.pt\\\/mundo\\\/aliou-traore-novo-reforco-vizela\\\/#primaryimage\"},\"image\":{\"@id\":\"https:\\\/\\\/fyno.pt\\\/mundo\\\/aliou-traore-novo-reforco-vizela\\\/#primaryimage\"},\"thumbnailUrl\":\"https:\\\/\\\/fyno.pt\\\/wp-content\\\/uploads\\\/2026\\\/09\\\/Aliou-Traore-1160x630-1.jpg\",\"datePublished\":\"2026-09-02T17:25:10+00:00\",\"author\":{\"@id\":\"https:\\\/\\\/fyno.pt\\\/#\\\/schema\\\/person\\\/ab5b330ed5ed05f1b4a7b8e438f68187\"},\"description\":\"Vizela anuncia contrata\u00e7\u00e3o de Aliou Traor\u00e9 por duas temporadas, revelando suas ambi\u00e7\u00f5es e trajet\u00f3ria no futebol.\",\"breadcrumb\":{\"@id\":\"https:\\\/\\\/fyno.pt\\\/mundo\\\/aliou-traore-novo-reforco-vizela\\\/#breadcrumb\"},\"inLanguage\":\"pt-PT\",\"potentialAction\":[{\"@type\":\"ReadAction\",\"target\":[\"https:\\\/\\\/fyno.pt\\\/mundo\\\/aliou-traore-novo-reforco-vizela\\\/\"]}]},{\"@type\":\"ImageObject\",\"inLanguage\":\"pt-PT\",\"@id\":\"https:\\\/\\\/fyno.pt\\\/mundo\\\/aliou-traore-novo-reforco-vizela\\\/#primaryimage\",\"url\":\"https:\\\/\\\/fyno.pt\\\/wp-content\\\/uploads\\\/2026\\\/09\\\/Aliou-Traore-1160x630-1.jpg\",\"contentUrl\":\"https:\\\/\\\/fyno.pt\\\/wp-content\\\/uploads\\\/2026\\\/09\\\/Aliou-Traore-1160x630-1.jpg\",\"width\":1160,\"height\":630,\"caption\":\"Foto: FC Vizela\"},{\"@type\":\"BreadcrumbList\",\"@id\":\"https:\\\/\\\/fyno.pt\\\/mundo\\\/aliou-traore-novo-reforco-vizela\\\/#breadcrumb\",\"itemListElement\":[{\"@type\":\"ListItem\",\"position\":1,\"name\":\"In\u00edcio\",\"item\":\"https:\\\/\\\/fyno.pt\\\/\"},{\"@type\":\"ListItem\",\"position\":2,\"name\":\"Aliou Traor\u00e9 \u00e9 o novo refor\u00e7o do Vizela por duas temporadas\"}]},{\"@type\":\"WebSite\",\"@id\":\"https:\\\/\\\/fyno.pt\\\/#website\",\"url\":\"https:\\\/\\\/fyno.pt\\\/\",\"name\":\"Fyno\",\"description\":\"Not\u00edcia e informa\u00e7\u00e3o\",\"potentialAction\":[{\"@type\":\"SearchAction\",\"target\":{\"@type\":\"EntryPoint\",\"urlTemplate\":\"https:\\\/\\\/fyno.pt\\\/?s={search_term_string}\"},\"query-input\":{\"@type\":\"PropertyValueSpecification\",\"valueRequired\":true,\"valueName\":\"search_term_string\"}}],\"inLanguage\":\"pt-PT\"},{\"@type\":\"Person\",\"@id\":\"https:\\\/\\\/fyno.pt\\\/#\\\/schema\\\/person\\\/ab5b330ed5ed05f1b4a7b8e438f68187\",\"name\":\"Fyno\",\"image\":{\"@type\":\"ImageObject\",\"inLanguage\":\"pt-PT\",\"@id\":\"https:\\\/\\\/fyno.pt\\\/wp-content\\\/litespeed\\\/avatar\\\/8f51870e8d94c234e288da840d914372.jpg?ver=1788205134\",\"url\":\"https:\\\/\\\/fyno.pt\\\/wp-content\\\/litespeed\\\/avatar\\\/8f51870e8d94c234e288da840d914372.jpg?ver=1788205134\",\"contentUrl\":\"https:\\\/\\\/fyno.pt\\\/wp-content\\\/litespeed\\\/avatar\\\/8f51870e8d94c234e288da840d914372.jpg?ver=1788205134\",\"caption\":\"Fyno\"},\"description\":\"A sua fonte de informa\u00e7\u00e3o.\",\"url\":\"https:\\\/\\\/fyno.pt\\\/pt\\\/author\\\/fynopt\\\/\"}]}<\/script>\n<!-- \/ Yoast SEO Premium plugin. -->","yoast_head_json":{"title":"Vizela apresenta aliou traor\u00e9 como novo refor\u00e7o para a temporada","description":"Vizela anuncia contrata\u00e7\u00e3o de Aliou Traor\u00e9 por duas temporadas, revelando suas ambi\u00e7\u00f5es e trajet\u00f3ria no futebol.","robots":{"index":"index","follow":"follow","max-snippet":"max-snippet:-1","max-image-preview":"max-image-preview:large","max-video-preview":"max-video-preview:-1"},"canonical":"https:\/\/fyno.pt\/pt\/mundo\/aliou-traore-novo-reforco-vizela\/","og_locale":"pt_PT","og_type":"article","og_title":"Aliou Traor\u00e9 \u00e9 o novo refor\u00e7o do Vizela por duas temporadas","og_description":"Vizela anuncia contrata\u00e7\u00e3o de Aliou Traor\u00e9 por duas temporadas, revelando suas ambi\u00e7\u00f5es e trajet\u00f3ria no futebol.","og_url":"https:\/\/fyno.pt\/pt\/mundo\/aliou-traore-novo-reforco-vizela\/","og_site_name":"Fyno","article_published_time":"2026-09-02T17:25:10+00:00","og_image":[{"width":1160,"height":630,"url":"https:\/\/fyno.pt\/wp-content\/uploads\/2026\/09\/Aliou-Traore-1160x630-1.jpg","type":"image\/jpeg"}],"author":"Fyno","twitter_card":"summary_large_image","twitter_misc":{"Escrito por":"Fyno","Tempo estimado de leitura":"1 minuto"},"schema":{"@context":"https:\/\/schema.org","@graph":[{"@type":"Article","@id":"https:\/\/fyno.pt\/mundo\/aliou-traore-novo-reforco-vizela\/#article","isPartOf":{"@id":"https:\/\/fyno.pt\/mundo\/aliou-traore-novo-reforco-vizela\/"},"author":{"name":"Fyno","@id":"https:\/\/fyno.pt\/#\/schema\/person\/ab5b330ed5ed05f1b4a7b8e438f68187"},"headline":"Aliou Traor\u00e9 \u00e9 o novo refor\u00e7o do Vizela por duas temporadas","datePublished":"2026-09-02T17:25:10+00:00","mainEntityOfPage":{"@id":"https:\/\/fyno.pt\/mundo\/aliou-traore-novo-reforco-vizela\/"},"wordCount":294,"commentCount":0,"image":{"@id":"https:\/\/fyno.pt\/mundo\/aliou-traore-novo-reforco-vizela\/#primaryimage"},"thumbnailUrl":"https:\/\/fyno.pt\/wp-content\/uploads\/2026\/09\/Aliou-Traore-1160x630-1.jpg","keywords":["Aliou Traor\u00e9","contrata\u00e7\u00e3o","Futebol","II Liga","Vizela"],"articleSection":["Mundo"],"inLanguage":"pt-PT","potentialAction":[{"@type":"CommentAction","name":"Comment","target":["https:\/\/fyno.pt\/mundo\/aliou-traore-novo-reforco-vizela\/#respond"]}]},{"@type":"WebPage","@id":"https:\/\/fyno.pt\/mundo\/aliou-traore-novo-reforco-vizela\/","url":"https:\/\/fyno.pt\/mundo\/aliou-traore-novo-reforco-vizela\/","name":"Vizela apresenta aliou traor\u00e9 como novo refor\u00e7o para a temporada","isPartOf":{"@id":"https:\/\/fyno.pt\/#website"},"primaryImageOfPage":{"@id":"https:\/\/fyno.pt\/mundo\/aliou-traore-novo-reforco-vizela\/#primaryimage"},"image":{"@id":"https:\/\/fyno.pt\/mundo\/aliou-traore-novo-reforco-vizela\/#primaryimage"},"thumbnailUrl":"https:\/\/fyno.pt\/wp-content\/uploads\/2026\/09\/Aliou-Traore-1160x630-1.jpg","datePublished":"2026-09-02T17:25:10+00:00","author":{"@id":"https:\/\/fyno.pt\/#\/schema\/person\/ab5b330ed5ed05f1b4a7b8e438f68187"},"description":"Vizela anuncia contrata\u00e7\u00e3o de Aliou Traor\u00e9 por duas temporadas, revelando suas ambi\u00e7\u00f5es e trajet\u00f3ria no futebol.","breadcrumb":{"@id":"https:\/\/fyno.pt\/mundo\/aliou-traore-novo-reforco-vizela\/#breadcrumb"},"inLanguage":"pt-PT","potentialAction":[{"@type":"ReadAction","target":["https:\/\/fyno.pt\/mundo\/aliou-traore-novo-reforco-vizela\/"]}]},{"@type":"ImageObject","inLanguage":"pt-PT","@id":"https:\/\/fyno.pt\/mundo\/aliou-traore-novo-reforco-vizela\/#primaryimage","url":"https:\/\/fyno.pt\/wp-content\/uploads\/2026\/09\/Aliou-Traore-1160x630-1.jpg","contentUrl":"https:\/\/fyno.pt\/wp-content\/uploads\/2026\/09\/Aliou-Traore-1160x630-1.jpg","width":1160,"height":630,"caption":"Foto: FC Vizela"},{"@type":"BreadcrumbList","@id":"https:\/\/fyno.pt\/mundo\/aliou-traore-novo-reforco-vizela\/#breadcrumb","itemListElement":[{"@type":"ListItem","position":1,"name":"In\u00edcio","item":"https:\/\/fyno.pt\/"},{"@type":"ListItem","position":2,"name":"Aliou Traor\u00e9 \u00e9 o novo refor\u00e7o do Vizela por duas temporadas"}]},{"@type":"WebSite","@id":"https:\/\/fyno.pt\/#website","url":"https:\/\/fyno.pt\/","name":"Fyno","description":"Not\u00edcia e informa\u00e7\u00e3o","potentialAction":[{"@type":"SearchAction","target":{"@type":"EntryPoint","urlTemplate":"https:\/\/fyno.pt\/?s={search_term_string}"},"query-input":{"@type":"PropertyValueSpecification","valueRequired":true,"valueName":"search_term_string"}}],"inLanguage":"pt-PT"},{"@type":"Person","@id":"https:\/\/fyno.pt\/#\/schema\/person\/ab5b330ed5ed05f1b4a7b8e438f68187","name":"Fyno","image":{"@type":"ImageObject","inLanguage":"pt-PT","@id":"https:\/\/fyno.pt\/wp-content\/litespeed\/avatar\/8f51870e8d94c234e288da840d914372.jpg?ver=1788205134","url":"https:\/\/fyno.pt\/wp-content\/litespeed\/avatar\/8f51870e8d94c234e288da840d914372.jpg?ver=1788205134","contentUrl":"https:\/\/fyno.pt\/wp-content\/litespeed\/avatar\/8f51870e8d94c234e288da840d914372.jpg?ver=1788205134","caption":"Fyno"},"description":"A sua fonte de informa\u00e7\u00e3o.","url":"https:\/\/fyno.pt\/pt\/author\/fynopt\/"}]}},"_links":{"self":[{"href":"https:\/\/fyno.pt\/pt\/wp-json\/wp\/v2\/posts\/43664","targetHints":{"allow":["GET"]}}],"collection":[{"href":"https:\/\/fyno.pt\/pt\/wp-json\/wp\/v2\/posts"}],"about":[{"href":"https:\/\/fyno.pt\/pt\/wp-json\/wp\/v2\/types\/post"}],"author":[{"embeddable":true,"href":"https:\/\/fyno.pt\/pt\/wp-json\/wp\/v2\/users\/9"}],"replies":[{"embeddable":true,"href":"https:\/\/fyno.pt\/pt\/wp-json\/wp\/v2\/comments?post=43664"}],"version-history":[{"count":1,"href":"https:\/\/fyno.pt\/pt\/wp-json\/wp\/v2\/posts\/43664\/revisions"}],"predecessor-version":[{"id":43666,"href":"https:\/\/fyno.pt\/pt\/wp-json\/wp\/v2\/posts\/43664\/revisions\/43666"}],"wp:featuredmedia":[{"embeddable":true,"href":"https:\/\/fyno.pt\/pt\/wp-json\/wp\/v2\/media\/43665"}],"wp:attachment":[{"href":"https:\/\/fyno.pt\/pt\/wp-json\/wp\/v2\/media?parent=43664"}],"wp:term":[{"taxonomy":"category","embeddable":true,"href":"https:\/\/fyno.pt\/pt\/wp-json\/wp\/v2\/categories?post=43664"},{"taxonomy":"post_tag","embeddable":true,"href":"https:\/\/fyno.pt\/pt\/wp-json\/wp\/v2\/tags?post=43664"}],"curies":[{"name":"wp","href":"https:\/\/api.w.org\/{rel}","templated":true}]}}