{"id":43661,"date":"2026-09-02T13:55:09","date_gmt":"2026-09-02T16:55:09","guid":{"rendered":"https:\/\/fyno.pt\/pt\/?p=43661"},"modified":"2026-09-02T13:55:09","modified_gmt":"2026-09-02T16:55:09","slug":"parque-terra-nostra-evento-bem-estar","status":"publish","type":"post","link":"https:\/\/fyno.pt\/pt\/news\/parque-terra-nostra-evento-bem-estar\/","title":{"rendered":"Parque Terra Nostra promove evento de bem-estar em meio \u00e0 natureza"},"content":{"rendered":"<p>Nos dias 12 e 13 de setembro, o Parque Terra Nostra ser\u00e1 palco do evento &#039;Respirar \u2013 Wellness Edition&#039;, que tem como foco a imers\u00e3o na natureza e o bem-estar. A proposta visa proporcionar aos participantes uma experi\u00eancia de reconex\u00e3o sensorial com o ambiente natural do parque.<\/p>\n\n\n\n<h2 class=\"wp-block-heading\">Uma experi\u00eancia envolvente<\/h2>\n\n\n\n<p>Durante o evento, os visitantes poder\u00e3o participar de diversas atividades que estimulam a sa\u00fade f\u00edsica e mental. A programa\u00e7\u00e3o inclui pr\u00e1ticas de medita\u00e7\u00e3o, yoga e outras experi\u00eancias que promovem o relaxamento e a harmonia com a natureza. O objetivo \u00e9 que os participantes se sintam revigorados e mais conectados ao seu entorno.<\/p>\n\n\n\n<h2 class=\"wp-block-heading\">A natureza como aliada<\/h2>\n\n\n\n<p>O Parque Terra Nostra, conhecido por sua rica biodiversidade e paisagens deslumbrantes, oferece o cen\u00e1rio ideal para um evento desse tipo. Ao promover o contato direto com a natureza, o &#039;Respirar \u2013 Wellness Edition&#039; busca sensibilizar os participantes sobre a import\u00e2ncia da preserva\u00e7\u00e3o ambiental e a promo\u00e7\u00e3o de um estilo de vida saud\u00e1vel.<\/p>\n\n\n\n<p>Com a crescente busca por pr\u00e1ticas que favore\u00e7am o bem-estar, iniciativas como essa se tornam cada vez mais relevantes. Em tempos de estresse e correria, momentos de pausa e reflex\u00e3o s\u00e3o essenciais para a sa\u00fade mental e emocional.<\/p>\n\n\n\n<p>O &#039;Respirar \u2013 Wellness Edition&#039; \u00e9 uma oportunidade \u00fanica para quem deseja escapar da rotina e se reconectar com o que h\u00e1 de mais puro na natureza. Os interessados em participar podem se preparar para um final de semana repleto de atividades que promovem o autocuidado e a tranquilidade.<\/p>","protected":false},"excerpt":{"rendered":"<p>Nos dias 12 e 13 de setembro, o Parque Terra Nostra realiza o &#8216;Respirar \u2013 Wellness Edition&#8217;.<\/p>","protected":false},"author":9,"featured_media":43662,"comment_status":"open","ping_status":"open","sticky":false,"template":"","format":"standard","meta":{"footnotes":""},"categories":[560],"tags":[941,2118,2116,2115,2117],"class_list":["post-43661","post","type-post","status-publish","format-standard","has-post-thumbnail","hentry","category-news","tag-bem-estar","tag-meditacao","tag-natureza","tag-parque","tag-yoga"],"yoast_head":"<!-- This site is optimized with the Yoast SEO Premium plugin v27.9 (Yoast SEO v27.9) - https:\/\/yoast.com\/product\/yoast-seo-premium-wordpress\/ -->\n<title>parque terra nostra recebe evento de bem-estar em setembro<\/title>\n<meta name=\"description\" content=\"Parque Terra Nostra realiza o evento &#039;Respirar \u2013 Wellness Edition&#039; com atividades de bem-estar em meio \u00e0 natureza nos dias 12 e 13 de setembro.\" \/>\n<meta name=\"robots\" content=\"index, follow, max-snippet:-1, max-image-preview:large, max-video-preview:-1\" \/>\n<link rel=\"canonical\" href=\"https:\/\/fyno.pt\/pt\/news\/parque-terra-nostra-evento-bem-estar\/\" \/>\n<meta property=\"og:locale\" content=\"pt_PT\" \/>\n<meta property=\"og:type\" content=\"article\" \/>\n<meta property=\"og:title\" content=\"Parque Terra Nostra promove evento de bem-estar em meio \u00e0 natureza\" \/>\n<meta property=\"og:description\" content=\"Parque Terra Nostra realiza o evento &#039;Respirar \u2013 Wellness Edition&#039; com atividades de bem-estar em meio \u00e0 natureza nos dias 12 e 13 de setembro.\" \/>\n<meta property=\"og:url\" content=\"https:\/\/fyno.pt\/pt\/news\/parque-terra-nostra-evento-bem-estar\/\" \/>\n<meta property=\"og:site_name\" content=\"Fyno\" \/>\n<meta property=\"article:published_time\" content=\"2026-09-02T16:55:09+00:00\" \/>\n<meta property=\"og:image\" content=\"https:\/\/fyno.pt\/wp-content\/uploads\/2026\/09\/e8d22661a900e8653c511822293d6560c2abb2e2-scaled.jpg\" \/>\n\t<meta property=\"og:image:width\" content=\"1200\" \/>\n\t<meta property=\"og:image:height\" content=\"800\" \/>\n\t<meta property=\"og:image:type\" content=\"image\/jpeg\" \/>\n<meta name=\"author\" content=\"Fyno\" \/>\n<meta name=\"twitter:card\" content=\"summary_large_image\" \/>\n<meta name=\"twitter:label1\" content=\"Escrito por\" \/>\n\t<meta name=\"twitter:data1\" content=\"Fyno\" \/>\n\t<meta name=\"twitter:label2\" content=\"Tempo estimado de leitura\" \/>\n\t<meta name=\"twitter:data2\" content=\"1 minuto\" \/>\n<script type=\"application\/ld+json\" class=\"yoast-schema-graph\">{\"@context\":\"https:\\\/\\\/schema.org\",\"@graph\":[{\"@type\":\"Article\",\"@id\":\"https:\\\/\\\/fyno.pt\\\/pt\\\/news\\\/parque-terra-nostra-evento-bem-estar\\\/#article\",\"isPartOf\":{\"@id\":\"https:\\\/\\\/fyno.pt\\\/pt\\\/news\\\/parque-terra-nostra-evento-bem-estar\\\/\"},\"author\":{\"name\":\"Fyno\",\"@id\":\"https:\\\/\\\/fyno.pt\\\/#\\\/schema\\\/person\\\/ab5b330ed5ed05f1b4a7b8e438f68187\"},\"headline\":\"Parque Terra Nostra promove evento de bem-estar em meio \u00e0 natureza\",\"datePublished\":\"2026-09-02T16:55:09+00:00\",\"mainEntityOfPage\":{\"@id\":\"https:\\\/\\\/fyno.pt\\\/pt\\\/news\\\/parque-terra-nostra-evento-bem-estar\\\/\"},\"wordCount\":270,\"commentCount\":0,\"image\":{\"@id\":\"https:\\\/\\\/fyno.pt\\\/pt\\\/news\\\/parque-terra-nostra-evento-bem-estar\\\/#primaryimage\"},\"thumbnailUrl\":\"https:\\\/\\\/fyno.pt\\\/wp-content\\\/uploads\\\/2026\\\/09\\\/e8d22661a900e8653c511822293d6560c2abb2e2-scaled.jpg\",\"keywords\":[\"bem-estar\",\"medita\u00e7\u00e3o\",\"natureza\",\"parque\",\"yoga\"],\"articleSection\":[\"News\"],\"inLanguage\":\"pt-PT\",\"potentialAction\":[{\"@type\":\"CommentAction\",\"name\":\"Comment\",\"target\":[\"https:\\\/\\\/fyno.pt\\\/pt\\\/news\\\/parque-terra-nostra-evento-bem-estar\\\/#respond\"]}]},{\"@type\":\"WebPage\",\"@id\":\"https:\\\/\\\/fyno.pt\\\/pt\\\/news\\\/parque-terra-nostra-evento-bem-estar\\\/\",\"url\":\"https:\\\/\\\/fyno.pt\\\/pt\\\/news\\\/parque-terra-nostra-evento-bem-estar\\\/\",\"name\":\"parque terra nostra recebe evento de bem-estar em setembro\",\"isPartOf\":{\"@id\":\"https:\\\/\\\/fyno.pt\\\/#website\"},\"primaryImageOfPage\":{\"@id\":\"https:\\\/\\\/fyno.pt\\\/pt\\\/news\\\/parque-terra-nostra-evento-bem-estar\\\/#primaryimage\"},\"image\":{\"@id\":\"https:\\\/\\\/fyno.pt\\\/pt\\\/news\\\/parque-terra-nostra-evento-bem-estar\\\/#primaryimage\"},\"thumbnailUrl\":\"https:\\\/\\\/fyno.pt\\\/wp-content\\\/uploads\\\/2026\\\/09\\\/e8d22661a900e8653c511822293d6560c2abb2e2-scaled.jpg\",\"datePublished\":\"2026-09-02T16:55:09+00:00\",\"author\":{\"@id\":\"https:\\\/\\\/fyno.pt\\\/#\\\/schema\\\/person\\\/ab5b330ed5ed05f1b4a7b8e438f68187\"},\"description\":\"Parque Terra Nostra realiza o evento 'Respirar \u2013 Wellness Edition' com atividades de bem-estar em meio \u00e0 natureza nos dias 12 e 13 de setembro.\",\"breadcrumb\":{\"@id\":\"https:\\\/\\\/fyno.pt\\\/pt\\\/news\\\/parque-terra-nostra-evento-bem-estar\\\/#breadcrumb\"},\"inLanguage\":\"pt-PT\",\"potentialAction\":[{\"@type\":\"ReadAction\",\"target\":[\"https:\\\/\\\/fyno.pt\\\/pt\\\/news\\\/parque-terra-nostra-evento-bem-estar\\\/\"]}]},{\"@type\":\"ImageObject\",\"inLanguage\":\"pt-PT\",\"@id\":\"https:\\\/\\\/fyno.pt\\\/pt\\\/news\\\/parque-terra-nostra-evento-bem-estar\\\/#primaryimage\",\"url\":\"https:\\\/\\\/fyno.pt\\\/wp-content\\\/uploads\\\/2026\\\/09\\\/e8d22661a900e8653c511822293d6560c2abb2e2-scaled.jpg\",\"contentUrl\":\"https:\\\/\\\/fyno.pt\\\/wp-content\\\/uploads\\\/2026\\\/09\\\/e8d22661a900e8653c511822293d6560c2abb2e2-scaled.jpg\",\"width\":1200,\"height\":800,\"caption\":\"Divulga\u00e7\u00e3o\"},{\"@type\":\"BreadcrumbList\",\"@id\":\"https:\\\/\\\/fyno.pt\\\/pt\\\/news\\\/parque-terra-nostra-evento-bem-estar\\\/#breadcrumb\",\"itemListElement\":[{\"@type\":\"ListItem\",\"position\":1,\"name\":\"In\u00edcio\",\"item\":\"https:\\\/\\\/fyno.pt\\\/\"},{\"@type\":\"ListItem\",\"position\":2,\"name\":\"Parque Terra Nostra promove evento de bem-estar em meio \u00e0 natureza\"}]},{\"@type\":\"WebSite\",\"@id\":\"https:\\\/\\\/fyno.pt\\\/#website\",\"url\":\"https:\\\/\\\/fyno.pt\\\/\",\"name\":\"Fyno\",\"description\":\"Not\u00edcia e informa\u00e7\u00e3o\",\"potentialAction\":[{\"@type\":\"SearchAction\",\"target\":{\"@type\":\"EntryPoint\",\"urlTemplate\":\"https:\\\/\\\/fyno.pt\\\/?s={search_term_string}\"},\"query-input\":{\"@type\":\"PropertyValueSpecification\",\"valueRequired\":true,\"valueName\":\"search_term_string\"}}],\"inLanguage\":\"pt-PT\"},{\"@type\":\"Person\",\"@id\":\"https:\\\/\\\/fyno.pt\\\/#\\\/schema\\\/person\\\/ab5b330ed5ed05f1b4a7b8e438f68187\",\"name\":\"Fyno\",\"image\":{\"@type\":\"ImageObject\",\"inLanguage\":\"pt-PT\",\"@id\":\"https:\\\/\\\/fyno.pt\\\/wp-content\\\/litespeed\\\/avatar\\\/8f51870e8d94c234e288da840d914372.jpg?ver=1788205134\",\"url\":\"https:\\\/\\\/fyno.pt\\\/wp-content\\\/litespeed\\\/avatar\\\/8f51870e8d94c234e288da840d914372.jpg?ver=1788205134\",\"contentUrl\":\"https:\\\/\\\/fyno.pt\\\/wp-content\\\/litespeed\\\/avatar\\\/8f51870e8d94c234e288da840d914372.jpg?ver=1788205134\",\"caption\":\"Fyno\"},\"description\":\"A sua fonte de informa\u00e7\u00e3o.\",\"url\":\"https:\\\/\\\/fyno.pt\\\/pt\\\/author\\\/fynopt\\\/\"}]}<\/script>\n<!-- \/ Yoast SEO Premium plugin. -->","yoast_head_json":{"title":"parque terra nostra recebe evento de bem-estar em setembro","description":"Parque Terra Nostra realiza o evento 'Respirar \u2013 Wellness Edition' com atividades de bem-estar em meio \u00e0 natureza nos dias 12 e 13 de setembro.","robots":{"index":"index","follow":"follow","max-snippet":"max-snippet:-1","max-image-preview":"max-image-preview:large","max-video-preview":"max-video-preview:-1"},"canonical":"https:\/\/fyno.pt\/pt\/news\/parque-terra-nostra-evento-bem-estar\/","og_locale":"pt_PT","og_type":"article","og_title":"Parque Terra Nostra promove evento de bem-estar em meio \u00e0 natureza","og_description":"Parque Terra Nostra realiza o evento 'Respirar \u2013 Wellness Edition' com atividades de bem-estar em meio \u00e0 natureza nos dias 12 e 13 de setembro.","og_url":"https:\/\/fyno.pt\/pt\/news\/parque-terra-nostra-evento-bem-estar\/","og_site_name":"Fyno","article_published_time":"2026-09-02T16:55:09+00:00","og_image":[{"width":1200,"height":800,"url":"https:\/\/fyno.pt\/wp-content\/uploads\/2026\/09\/e8d22661a900e8653c511822293d6560c2abb2e2-scaled.jpg","type":"image\/jpeg"}],"author":"Fyno","twitter_card":"summary_large_image","twitter_misc":{"Escrito por":"Fyno","Tempo estimado de leitura":"1 minuto"},"schema":{"@context":"https:\/\/schema.org","@graph":[{"@type":"Article","@id":"https:\/\/fyno.pt\/pt\/news\/parque-terra-nostra-evento-bem-estar\/#article","isPartOf":{"@id":"https:\/\/fyno.pt\/pt\/news\/parque-terra-nostra-evento-bem-estar\/"},"author":{"name":"Fyno","@id":"https:\/\/fyno.pt\/#\/schema\/person\/ab5b330ed5ed05f1b4a7b8e438f68187"},"headline":"Parque Terra Nostra promove evento de bem-estar em meio \u00e0 natureza","datePublished":"2026-09-02T16:55:09+00:00","mainEntityOfPage":{"@id":"https:\/\/fyno.pt\/pt\/news\/parque-terra-nostra-evento-bem-estar\/"},"wordCount":270,"commentCount":0,"image":{"@id":"https:\/\/fyno.pt\/pt\/news\/parque-terra-nostra-evento-bem-estar\/#primaryimage"},"thumbnailUrl":"https:\/\/fyno.pt\/wp-content\/uploads\/2026\/09\/e8d22661a900e8653c511822293d6560c2abb2e2-scaled.jpg","keywords":["bem-estar","medita\u00e7\u00e3o","natureza","parque","yoga"],"articleSection":["News"],"inLanguage":"pt-PT","potentialAction":[{"@type":"CommentAction","name":"Comment","target":["https:\/\/fyno.pt\/pt\/news\/parque-terra-nostra-evento-bem-estar\/#respond"]}]},{"@type":"WebPage","@id":"https:\/\/fyno.pt\/pt\/news\/parque-terra-nostra-evento-bem-estar\/","url":"https:\/\/fyno.pt\/pt\/news\/parque-terra-nostra-evento-bem-estar\/","name":"parque terra nostra recebe evento de bem-estar em setembro","isPartOf":{"@id":"https:\/\/fyno.pt\/#website"},"primaryImageOfPage":{"@id":"https:\/\/fyno.pt\/pt\/news\/parque-terra-nostra-evento-bem-estar\/#primaryimage"},"image":{"@id":"https:\/\/fyno.pt\/pt\/news\/parque-terra-nostra-evento-bem-estar\/#primaryimage"},"thumbnailUrl":"https:\/\/fyno.pt\/wp-content\/uploads\/2026\/09\/e8d22661a900e8653c511822293d6560c2abb2e2-scaled.jpg","datePublished":"2026-09-02T16:55:09+00:00","author":{"@id":"https:\/\/fyno.pt\/#\/schema\/person\/ab5b330ed5ed05f1b4a7b8e438f68187"},"description":"Parque Terra Nostra realiza o evento 'Respirar \u2013 Wellness Edition' com atividades de bem-estar em meio \u00e0 natureza nos dias 12 e 13 de setembro.","breadcrumb":{"@id":"https:\/\/fyno.pt\/pt\/news\/parque-terra-nostra-evento-bem-estar\/#breadcrumb"},"inLanguage":"pt-PT","potentialAction":[{"@type":"ReadAction","target":["https:\/\/fyno.pt\/pt\/news\/parque-terra-nostra-evento-bem-estar\/"]}]},{"@type":"ImageObject","inLanguage":"pt-PT","@id":"https:\/\/fyno.pt\/pt\/news\/parque-terra-nostra-evento-bem-estar\/#primaryimage","url":"https:\/\/fyno.pt\/wp-content\/uploads\/2026\/09\/e8d22661a900e8653c511822293d6560c2abb2e2-scaled.jpg","contentUrl":"https:\/\/fyno.pt\/wp-content\/uploads\/2026\/09\/e8d22661a900e8653c511822293d6560c2abb2e2-scaled.jpg","width":1200,"height":800,"caption":"Divulga\u00e7\u00e3o"},{"@type":"BreadcrumbList","@id":"https:\/\/fyno.pt\/pt\/news\/parque-terra-nostra-evento-bem-estar\/#breadcrumb","itemListElement":[{"@type":"ListItem","position":1,"name":"In\u00edcio","item":"https:\/\/fyno.pt\/"},{"@type":"ListItem","position":2,"name":"Parque Terra Nostra promove evento de bem-estar em meio \u00e0 natureza"}]},{"@type":"WebSite","@id":"https:\/\/fyno.pt\/#website","url":"https:\/\/fyno.pt\/","name":"Fyno","description":"Not\u00edcia e informa\u00e7\u00e3o","potentialAction":[{"@type":"SearchAction","target":{"@type":"EntryPoint","urlTemplate":"https:\/\/fyno.pt\/?s={search_term_string}"},"query-input":{"@type":"PropertyValueSpecification","valueRequired":true,"valueName":"search_term_string"}}],"inLanguage":"pt-PT"},{"@type":"Person","@id":"https:\/\/fyno.pt\/#\/schema\/person\/ab5b330ed5ed05f1b4a7b8e438f68187","name":"Fyno","image":{"@type":"ImageObject","inLanguage":"pt-PT","@id":"https:\/\/fyno.pt\/wp-content\/litespeed\/avatar\/8f51870e8d94c234e288da840d914372.jpg?ver=1788205134","url":"https:\/\/fyno.pt\/wp-content\/litespeed\/avatar\/8f51870e8d94c234e288da840d914372.jpg?ver=1788205134","contentUrl":"https:\/\/fyno.pt\/wp-content\/litespeed\/avatar\/8f51870e8d94c234e288da840d914372.jpg?ver=1788205134","caption":"Fyno"},"description":"A sua fonte de informa\u00e7\u00e3o.","url":"https:\/\/fyno.pt\/pt\/author\/fynopt\/"}]}},"_links":{"self":[{"href":"https:\/\/fyno.pt\/pt\/wp-json\/wp\/v2\/posts\/43661","targetHints":{"allow":["GET"]}}],"collection":[{"href":"https:\/\/fyno.pt\/pt\/wp-json\/wp\/v2\/posts"}],"about":[{"href":"https:\/\/fyno.pt\/pt\/wp-json\/wp\/v2\/types\/post"}],"author":[{"embeddable":true,"href":"https:\/\/fyno.pt\/pt\/wp-json\/wp\/v2\/users\/9"}],"replies":[{"embeddable":true,"href":"https:\/\/fyno.pt\/pt\/wp-json\/wp\/v2\/comments?post=43661"}],"version-history":[{"count":1,"href":"https:\/\/fyno.pt\/pt\/wp-json\/wp\/v2\/posts\/43661\/revisions"}],"predecessor-version":[{"id":43663,"href":"https:\/\/fyno.pt\/pt\/wp-json\/wp\/v2\/posts\/43661\/revisions\/43663"}],"wp:featuredmedia":[{"embeddable":true,"href":"https:\/\/fyno.pt\/pt\/wp-json\/wp\/v2\/media\/43662"}],"wp:attachment":[{"href":"https:\/\/fyno.pt\/pt\/wp-json\/wp\/v2\/media?parent=43661"}],"wp:term":[{"taxonomy":"category","embeddable":true,"href":"https:\/\/fyno.pt\/pt\/wp-json\/wp\/v2\/categories?post=43661"},{"taxonomy":"post_tag","embeddable":true,"href":"https:\/\/fyno.pt\/pt\/wp-json\/wp\/v2\/tags?post=43661"}],"curies":[{"name":"wp","href":"https:\/\/api.w.org\/{rel}","templated":true}]}}