{"id":43649,"date":"2026-09-02T12:54:42","date_gmt":"2026-09-02T15:54:42","guid":{"rendered":"https:\/\/fyno.pt\/?p=43649"},"modified":"2026-09-02T12:54:42","modified_gmt":"2026-09-02T15:54:42","slug":"chega-mocao-censura-governo","status":"publish","type":"post","link":"https:\/\/fyno.pt\/pt\/news\/chega-mocao-censura-governo\/","title":{"rendered":"Chega apresenta mo\u00e7\u00e3o de censura ao governo ap\u00f3s declara\u00e7\u00f5es de Ventura"},"content":{"rendered":"<p>O partido Chega, liderado por Andr\u00e9 Ventura, formalizou uma mo\u00e7\u00e3o de censura ao Governo, ap\u00f3s o ministro da Administra\u00e7\u00e3o Interna, Lu\u00eds Neves, se manter no cargo. A iniciativa foi anunciada no final da semana passada, quando Ventura amea\u00e7ou tomar essa medida caso Neves permanecesse no minist\u00e9rio.<\/p>\n\n\n\n<h2 class=\"wp-block-heading\">Amea\u00e7as e a\u00e7\u00f5es de Ventura<\/h2>\n\n\n\n<p>Andr\u00e9 Ventura deixou claro que a apresenta\u00e7\u00e3o da mo\u00e7\u00e3o era uma possibilidade real, caso suas expectativas quanto \u00e0 demiss\u00e3o de Lu\u00eds Neves n\u00e3o fossem atendidas. O l\u00edder do Chega tem se posicionado de forma cr\u00edtica em rela\u00e7\u00e3o \u00e0s pol\u00edticas do Governo, especialmente no que diz respeito \u00e0 seguran\u00e7a p\u00fablica e \u00e0 atua\u00e7\u00e3o dos \u00f3rg\u00e3os respons\u00e1veis pela administra\u00e7\u00e3o interna.<\/p>\n\n\n\n<h2 class=\"wp-block-heading\">O papel da esquerda na mo\u00e7\u00e3o<\/h2>\n\n\n\n<p>O sucesso da mo\u00e7\u00e3o de censura, no entanto, \u00e9 considerado improv\u00e1vel, dependendo do apoio da esquerda. A oposi\u00e7\u00e3o e suas rea\u00e7\u00f5es a essa iniciativa podem influenciar o desfecho desse movimento, uma vez que o Chega busca mobilizar outras for\u00e7as pol\u00edticas em torno de sua proposta, mesmo diante de um cen\u00e1rio dif\u00edcil.<\/p>\n\n\n\n<h2 class=\"wp-block-heading\">Pr\u00f3ximos passos<\/h2>\n\n\n\n<p>Com a mo\u00e7\u00e3o de censura formalizada, o Chega dever\u00e1 trabalhar para angariar apoio, mas o futuro da proposta ainda \u00e9 incerto. A situa\u00e7\u00e3o pol\u00edtica continua a se desenvolver, e a rea\u00e7\u00e3o do Governo e das demais for\u00e7as pol\u00edticas ser\u00e1 crucial para determinar o impacto dessa iniciativa.<\/p>","protected":false},"excerpt":{"rendered":"<p>Andr\u00e9 Ventura refor\u00e7a movimento contra Lu\u00eds Neves, ministro da Administra\u00e7\u00e3o Interna.<\/p>","protected":false},"author":9,"featured_media":43650,"comment_status":"open","ping_status":"open","sticky":false,"template":"","format":"standard","meta":{"footnotes":""},"categories":[560],"tags":[1864,1867,1431,1866,1040],"class_list":["post-43649","post","type-post","status-publish","format-standard","has-post-thumbnail","hentry","category-news","tag-andre-ventura","tag-chega","tag-governo","tag-mocao-de-censura","tag-politica"],"yoast_head":"<!-- This site is optimized with the Yoast SEO Premium plugin v27.9 (Yoast SEO v27.9) - https:\/\/yoast.com\/product\/yoast-seo-premium-wordpress\/ -->\n<title>Chega apresenta mo\u00e7\u00e3o de censura ao governo ap\u00f3s declara\u00e7\u00f5es de Ventura<\/title>\n<meta name=\"description\" content=\"Chega formaliza mo\u00e7\u00e3o de censura ao governo ap\u00f3s declara\u00e7\u00f5es de Ventura sobre perman\u00eancia de Lu\u00eds Neves no cargo.\" \/>\n<meta name=\"robots\" content=\"index, follow, max-snippet:-1, max-image-preview:large, max-video-preview:-1\" \/>\n<link rel=\"canonical\" href=\"https:\/\/fyno.pt\/pt\/news\/chega-mocao-censura-governo\/\" \/>\n<meta property=\"og:locale\" content=\"pt_PT\" \/>\n<meta property=\"og:type\" content=\"article\" \/>\n<meta property=\"og:title\" content=\"Chega apresenta mo\u00e7\u00e3o de censura ao governo ap\u00f3s declara\u00e7\u00f5es de Ventura\" \/>\n<meta property=\"og:description\" content=\"Chega formaliza mo\u00e7\u00e3o de censura ao governo ap\u00f3s declara\u00e7\u00f5es de Ventura sobre perman\u00eancia de Lu\u00eds Neves no cargo.\" \/>\n<meta property=\"og:url\" content=\"https:\/\/fyno.pt\/pt\/news\/chega-mocao-censura-governo\/\" \/>\n<meta property=\"og:site_name\" content=\"Fyno\" \/>\n<meta property=\"article:published_time\" content=\"2026-09-02T15:54:42+00:00\" \/>\n<meta name=\"author\" content=\"Fyno\" \/>\n<meta name=\"twitter:card\" content=\"summary_large_image\" \/>\n<meta name=\"twitter:label1\" content=\"Escrito por\" \/>\n\t<meta name=\"twitter:data1\" content=\"Fyno\" \/>\n\t<meta name=\"twitter:label2\" content=\"Tempo estimado de leitura\" \/>\n\t<meta name=\"twitter:data2\" content=\"1 minuto\" \/>\n<script type=\"application\/ld+json\" class=\"yoast-schema-graph\">{\"@context\":\"https:\\\/\\\/schema.org\",\"@graph\":[{\"@type\":\"Article\",\"@id\":\"https:\\\/\\\/fyno.pt\\\/news\\\/chega-mocao-censura-governo\\\/#article\",\"isPartOf\":{\"@id\":\"https:\\\/\\\/fyno.pt\\\/news\\\/chega-mocao-censura-governo\\\/\"},\"author\":{\"name\":\"Fyno\",\"@id\":\"https:\\\/\\\/fyno.pt\\\/#\\\/schema\\\/person\\\/ab5b330ed5ed05f1b4a7b8e438f68187\"},\"headline\":\"Chega apresenta mo\u00e7\u00e3o de censura ao governo ap\u00f3s declara\u00e7\u00f5es de Ventura\",\"datePublished\":\"2026-09-02T15:54:42+00:00\",\"mainEntityOfPage\":{\"@id\":\"https:\\\/\\\/fyno.pt\\\/news\\\/chega-mocao-censura-governo\\\/\"},\"wordCount\":262,\"commentCount\":0,\"image\":{\"@id\":\"https:\\\/\\\/fyno.pt\\\/news\\\/chega-mocao-censura-governo\\\/#primaryimage\"},\"thumbnailUrl\":\"https:\\\/\\\/fyno.pt\\\/wp-content\\\/uploads\\\/2026\\\/09\\\/Imagem-Imagem-DN16092025REINALDORODRIGUES243-1.jpg\",\"keywords\":[\"Andr\u00e9 Ventura\",\"Chega\",\"Governo\",\"mo\u00e7\u00e3o de censura\",\"pol\u00edtica\"],\"articleSection\":[\"News\"],\"inLanguage\":\"pt-PT\",\"potentialAction\":[{\"@type\":\"CommentAction\",\"name\":\"Comment\",\"target\":[\"https:\\\/\\\/fyno.pt\\\/news\\\/chega-mocao-censura-governo\\\/#respond\"]}]},{\"@type\":\"WebPage\",\"@id\":\"https:\\\/\\\/fyno.pt\\\/news\\\/chega-mocao-censura-governo\\\/\",\"url\":\"https:\\\/\\\/fyno.pt\\\/news\\\/chega-mocao-censura-governo\\\/\",\"name\":\"Chega apresenta mo\u00e7\u00e3o de censura ao governo ap\u00f3s declara\u00e7\u00f5es de Ventura\",\"isPartOf\":{\"@id\":\"https:\\\/\\\/fyno.pt\\\/#website\"},\"primaryImageOfPage\":{\"@id\":\"https:\\\/\\\/fyno.pt\\\/news\\\/chega-mocao-censura-governo\\\/#primaryimage\"},\"image\":{\"@id\":\"https:\\\/\\\/fyno.pt\\\/news\\\/chega-mocao-censura-governo\\\/#primaryimage\"},\"thumbnailUrl\":\"https:\\\/\\\/fyno.pt\\\/wp-content\\\/uploads\\\/2026\\\/09\\\/Imagem-Imagem-DN16092025REINALDORODRIGUES243-1.jpg\",\"datePublished\":\"2026-09-02T15:54:42+00:00\",\"author\":{\"@id\":\"https:\\\/\\\/fyno.pt\\\/#\\\/schema\\\/person\\\/ab5b330ed5ed05f1b4a7b8e438f68187\"},\"description\":\"Chega formaliza mo\u00e7\u00e3o de censura ao governo ap\u00f3s declara\u00e7\u00f5es de Ventura sobre perman\u00eancia de Lu\u00eds Neves no cargo.\",\"breadcrumb\":{\"@id\":\"https:\\\/\\\/fyno.pt\\\/news\\\/chega-mocao-censura-governo\\\/#breadcrumb\"},\"inLanguage\":\"pt-PT\",\"potentialAction\":[{\"@type\":\"ReadAction\",\"target\":[\"https:\\\/\\\/fyno.pt\\\/news\\\/chega-mocao-censura-governo\\\/\"]}]},{\"@type\":\"ImageObject\",\"inLanguage\":\"pt-PT\",\"@id\":\"https:\\\/\\\/fyno.pt\\\/news\\\/chega-mocao-censura-governo\\\/#primaryimage\",\"url\":\"https:\\\/\\\/fyno.pt\\\/wp-content\\\/uploads\\\/2026\\\/09\\\/Imagem-Imagem-DN16092025REINALDORODRIGUES243-1.jpg\",\"contentUrl\":\"https:\\\/\\\/fyno.pt\\\/wp-content\\\/uploads\\\/2026\\\/09\\\/Imagem-Imagem-DN16092025REINALDORODRIGUES243-1.jpg\",\"width\":1200,\"height\":675,\"caption\":\"Foto: sapo.pt\"},{\"@type\":\"BreadcrumbList\",\"@id\":\"https:\\\/\\\/fyno.pt\\\/news\\\/chega-mocao-censura-governo\\\/#breadcrumb\",\"itemListElement\":[{\"@type\":\"ListItem\",\"position\":1,\"name\":\"In\u00edcio\",\"item\":\"https:\\\/\\\/fyno.pt\\\/\"},{\"@type\":\"ListItem\",\"position\":2,\"name\":\"Chega apresenta mo\u00e7\u00e3o de censura ao governo ap\u00f3s declara\u00e7\u00f5es de Ventura\"}]},{\"@type\":\"WebSite\",\"@id\":\"https:\\\/\\\/fyno.pt\\\/#website\",\"url\":\"https:\\\/\\\/fyno.pt\\\/\",\"name\":\"Fyno\",\"description\":\"Not\u00edcia e informa\u00e7\u00e3o\",\"potentialAction\":[{\"@type\":\"SearchAction\",\"target\":{\"@type\":\"EntryPoint\",\"urlTemplate\":\"https:\\\/\\\/fyno.pt\\\/?s={search_term_string}\"},\"query-input\":{\"@type\":\"PropertyValueSpecification\",\"valueRequired\":true,\"valueName\":\"search_term_string\"}}],\"inLanguage\":\"pt-PT\"},{\"@type\":\"Person\",\"@id\":\"https:\\\/\\\/fyno.pt\\\/#\\\/schema\\\/person\\\/ab5b330ed5ed05f1b4a7b8e438f68187\",\"name\":\"Fyno\",\"image\":{\"@type\":\"ImageObject\",\"inLanguage\":\"pt-PT\",\"@id\":\"https:\\\/\\\/fyno.pt\\\/wp-content\\\/litespeed\\\/avatar\\\/8f51870e8d94c234e288da840d914372.jpg?ver=1788205134\",\"url\":\"https:\\\/\\\/fyno.pt\\\/wp-content\\\/litespeed\\\/avatar\\\/8f51870e8d94c234e288da840d914372.jpg?ver=1788205134\",\"contentUrl\":\"https:\\\/\\\/fyno.pt\\\/wp-content\\\/litespeed\\\/avatar\\\/8f51870e8d94c234e288da840d914372.jpg?ver=1788205134\",\"caption\":\"Fyno\"},\"description\":\"A sua fonte de informa\u00e7\u00e3o.\",\"url\":\"https:\\\/\\\/fyno.pt\\\/pt\\\/author\\\/fynopt\\\/\"}]}<\/script>\n<!-- \/ Yoast SEO Premium plugin. -->","yoast_head_json":{"title":"Chega apresenta mo\u00e7\u00e3o de censura ao governo ap\u00f3s declara\u00e7\u00f5es de Ventura","description":"Chega formaliza mo\u00e7\u00e3o de censura ao governo ap\u00f3s declara\u00e7\u00f5es de Ventura sobre perman\u00eancia de Lu\u00eds Neves no cargo.","robots":{"index":"index","follow":"follow","max-snippet":"max-snippet:-1","max-image-preview":"max-image-preview:large","max-video-preview":"max-video-preview:-1"},"canonical":"https:\/\/fyno.pt\/pt\/news\/chega-mocao-censura-governo\/","og_locale":"pt_PT","og_type":"article","og_title":"Chega apresenta mo\u00e7\u00e3o de censura ao governo ap\u00f3s declara\u00e7\u00f5es de Ventura","og_description":"Chega formaliza mo\u00e7\u00e3o de censura ao governo ap\u00f3s declara\u00e7\u00f5es de Ventura sobre perman\u00eancia de Lu\u00eds Neves no cargo.","og_url":"https:\/\/fyno.pt\/pt\/news\/chega-mocao-censura-governo\/","og_site_name":"Fyno","article_published_time":"2026-09-02T15:54:42+00:00","author":"Fyno","twitter_card":"summary_large_image","twitter_misc":{"Escrito por":"Fyno","Tempo estimado de leitura":"1 minuto"},"schema":{"@context":"https:\/\/schema.org","@graph":[{"@type":"Article","@id":"https:\/\/fyno.pt\/news\/chega-mocao-censura-governo\/#article","isPartOf":{"@id":"https:\/\/fyno.pt\/news\/chega-mocao-censura-governo\/"},"author":{"name":"Fyno","@id":"https:\/\/fyno.pt\/#\/schema\/person\/ab5b330ed5ed05f1b4a7b8e438f68187"},"headline":"Chega apresenta mo\u00e7\u00e3o de censura ao governo ap\u00f3s declara\u00e7\u00f5es de Ventura","datePublished":"2026-09-02T15:54:42+00:00","mainEntityOfPage":{"@id":"https:\/\/fyno.pt\/news\/chega-mocao-censura-governo\/"},"wordCount":262,"commentCount":0,"image":{"@id":"https:\/\/fyno.pt\/news\/chega-mocao-censura-governo\/#primaryimage"},"thumbnailUrl":"https:\/\/fyno.pt\/wp-content\/uploads\/2026\/09\/Imagem-Imagem-DN16092025REINALDORODRIGUES243-1.jpg","keywords":["Andr\u00e9 Ventura","Chega","Governo","mo\u00e7\u00e3o de censura","pol\u00edtica"],"articleSection":["News"],"inLanguage":"pt-PT","potentialAction":[{"@type":"CommentAction","name":"Comment","target":["https:\/\/fyno.pt\/news\/chega-mocao-censura-governo\/#respond"]}]},{"@type":"WebPage","@id":"https:\/\/fyno.pt\/news\/chega-mocao-censura-governo\/","url":"https:\/\/fyno.pt\/news\/chega-mocao-censura-governo\/","name":"Chega apresenta mo\u00e7\u00e3o de censura ao governo ap\u00f3s declara\u00e7\u00f5es de Ventura","isPartOf":{"@id":"https:\/\/fyno.pt\/#website"},"primaryImageOfPage":{"@id":"https:\/\/fyno.pt\/news\/chega-mocao-censura-governo\/#primaryimage"},"image":{"@id":"https:\/\/fyno.pt\/news\/chega-mocao-censura-governo\/#primaryimage"},"thumbnailUrl":"https:\/\/fyno.pt\/wp-content\/uploads\/2026\/09\/Imagem-Imagem-DN16092025REINALDORODRIGUES243-1.jpg","datePublished":"2026-09-02T15:54:42+00:00","author":{"@id":"https:\/\/fyno.pt\/#\/schema\/person\/ab5b330ed5ed05f1b4a7b8e438f68187"},"description":"Chega formaliza mo\u00e7\u00e3o de censura ao governo ap\u00f3s declara\u00e7\u00f5es de Ventura sobre perman\u00eancia de Lu\u00eds Neves no cargo.","breadcrumb":{"@id":"https:\/\/fyno.pt\/news\/chega-mocao-censura-governo\/#breadcrumb"},"inLanguage":"pt-PT","potentialAction":[{"@type":"ReadAction","target":["https:\/\/fyno.pt\/news\/chega-mocao-censura-governo\/"]}]},{"@type":"ImageObject","inLanguage":"pt-PT","@id":"https:\/\/fyno.pt\/news\/chega-mocao-censura-governo\/#primaryimage","url":"https:\/\/fyno.pt\/wp-content\/uploads\/2026\/09\/Imagem-Imagem-DN16092025REINALDORODRIGUES243-1.jpg","contentUrl":"https:\/\/fyno.pt\/wp-content\/uploads\/2026\/09\/Imagem-Imagem-DN16092025REINALDORODRIGUES243-1.jpg","width":1200,"height":675,"caption":"Foto: sapo.pt"},{"@type":"BreadcrumbList","@id":"https:\/\/fyno.pt\/news\/chega-mocao-censura-governo\/#breadcrumb","itemListElement":[{"@type":"ListItem","position":1,"name":"In\u00edcio","item":"https:\/\/fyno.pt\/"},{"@type":"ListItem","position":2,"name":"Chega apresenta mo\u00e7\u00e3o de censura ao governo ap\u00f3s declara\u00e7\u00f5es de Ventura"}]},{"@type":"WebSite","@id":"https:\/\/fyno.pt\/#website","url":"https:\/\/fyno.pt\/","name":"Fyno","description":"Not\u00edcia e informa\u00e7\u00e3o","potentialAction":[{"@type":"SearchAction","target":{"@type":"EntryPoint","urlTemplate":"https:\/\/fyno.pt\/?s={search_term_string}"},"query-input":{"@type":"PropertyValueSpecification","valueRequired":true,"valueName":"search_term_string"}}],"inLanguage":"pt-PT"},{"@type":"Person","@id":"https:\/\/fyno.pt\/#\/schema\/person\/ab5b330ed5ed05f1b4a7b8e438f68187","name":"Fyno","image":{"@type":"ImageObject","inLanguage":"pt-PT","@id":"https:\/\/fyno.pt\/wp-content\/litespeed\/avatar\/8f51870e8d94c234e288da840d914372.jpg?ver=1788205134","url":"https:\/\/fyno.pt\/wp-content\/litespeed\/avatar\/8f51870e8d94c234e288da840d914372.jpg?ver=1788205134","contentUrl":"https:\/\/fyno.pt\/wp-content\/litespeed\/avatar\/8f51870e8d94c234e288da840d914372.jpg?ver=1788205134","caption":"Fyno"},"description":"A sua fonte de informa\u00e7\u00e3o.","url":"https:\/\/fyno.pt\/pt\/author\/fynopt\/"}]}},"_links":{"self":[{"href":"https:\/\/fyno.pt\/pt\/wp-json\/wp\/v2\/posts\/43649","targetHints":{"allow":["GET"]}}],"collection":[{"href":"https:\/\/fyno.pt\/pt\/wp-json\/wp\/v2\/posts"}],"about":[{"href":"https:\/\/fyno.pt\/pt\/wp-json\/wp\/v2\/types\/post"}],"author":[{"embeddable":true,"href":"https:\/\/fyno.pt\/pt\/wp-json\/wp\/v2\/users\/9"}],"replies":[{"embeddable":true,"href":"https:\/\/fyno.pt\/pt\/wp-json\/wp\/v2\/comments?post=43649"}],"version-history":[{"count":1,"href":"https:\/\/fyno.pt\/pt\/wp-json\/wp\/v2\/posts\/43649\/revisions"}],"predecessor-version":[{"id":43651,"href":"https:\/\/fyno.pt\/pt\/wp-json\/wp\/v2\/posts\/43649\/revisions\/43651"}],"wp:featuredmedia":[{"embeddable":true,"href":"https:\/\/fyno.pt\/pt\/wp-json\/wp\/v2\/media\/43650"}],"wp:attachment":[{"href":"https:\/\/fyno.pt\/pt\/wp-json\/wp\/v2\/media?parent=43649"}],"wp:term":[{"taxonomy":"category","embeddable":true,"href":"https:\/\/fyno.pt\/pt\/wp-json\/wp\/v2\/categories?post=43649"},{"taxonomy":"post_tag","embeddable":true,"href":"https:\/\/fyno.pt\/pt\/wp-json\/wp\/v2\/tags?post=43649"}],"curies":[{"name":"wp","href":"https:\/\/api.w.org\/{rel}","templated":true}]}}