{"id":43646,"date":"2026-09-02T12:54:24","date_gmt":"2026-09-02T15:54:24","guid":{"rendered":"https:\/\/fyno.pt\/?p=43646"},"modified":"2026-09-02T12:54:24","modified_gmt":"2026-09-02T15:54:24","slug":"t-shirts-comemorativas-feiras-novas","status":"publish","type":"post","link":"https:\/\/fyno.pt\/pt\/mundo\/t-shirts-comemorativas-feiras-novas\/","title":{"rendered":"T-shirts comemorativas dos 200 anos das Feiras Novas est\u00e3o \u00e0 venda at\u00e9 sexta-feira"},"content":{"rendered":"<p>As ic\u00f4nicas t-shirts de Rita S\u00e1 Lima, criadas em homenagem aos 200 anos das Feiras Novas de Ponte de Lima, est\u00e3o dispon\u00edveis para compra at\u00e9 esta sexta-feira, dia 4 de setembro. A artista tem se dedicado a desenvolver suas pr\u00f3prias ilustra\u00e7\u00f5es para a festa desde 2019, com exce\u00e7\u00e3o dos anos em que a celebra\u00e7\u00e3o foi cancelada devido \u00e0 pandemia.<\/p>\n\n\n\n<h2 class=\"wp-block-heading\">Uma cole\u00e7\u00e3o especial<\/h2>\n\n\n\n<p>Este ano, a cole\u00e7\u00e3o traz op\u00e7\u00f5es em preto e branco, em diversos tamanhos, idealizadas para que os participantes possam usar durante as festividades e levar um peda\u00e7o da festa consigo. A ilustra\u00e7\u00e3o deste ano destaca a import\u00e2ncia da data, apresentando pares de dan\u00e7a, um bombo, uma concertina e a ponte iluminada, capturando a ess\u00eancia da celebra\u00e7\u00e3o tanto de dia quanto \u00e0 noite.<\/p>\n\n\n\n<h2 class=\"wp-block-heading\">Detalhes da compra<\/h2>\n\n\n\n<p>As t-shirts est\u00e3o sendo vendidas por 18 euros, com um desconto para crian\u00e7as de at\u00e9 6 anos, que pagam 16 euros. Os interessados podem fazer suas encomendas atrav\u00e9s de mensagens privadas nas redes sociais da artista at\u00e9 a data limite mencionada.<\/p>\n\n\n\n<h2 class=\"wp-block-heading\">Rela\u00e7\u00e3o com as Feiras Novas<\/h2>\n\n\n\n<p>A liga\u00e7\u00e3o de Rita S\u00e1 Lima com as Feiras Novas \u00e9 profunda e pessoal. Em 2024, ela foi respons\u00e1vel pelo cartaz oficial da festa, um projeto que reflete sua trajet\u00f3ria art\u00edstica e sua conex\u00e3o com uma celebra\u00e7\u00e3o que faz parte de sua identidade como limiana. Formada em Artes Pl\u00e1sticas e mestre em Pintura pela Faculdade de Belas Artes da Universidade do Porto, Rita \u00e9 conhecida por sua abordagem gestual e espont\u00e2nea, frequentemente explorando temas relacionados \u00e0 mulher e ao autorretrato.<\/p>\n\n\n\n<p>A artista, que utiliza t\u00e9cnicas como o &#039;desenho cego&#039;, busca sempre criar algo que capture a ess\u00eancia das Feiras Novas, uma tradi\u00e7\u00e3o que ela acredita ser fundamental para o m\u00eas de setembro na regi\u00e3o.<\/p>\n\n\n\n<p>As t-shirts, que podem ser vistas nas redes sociais da artista, s\u00e3o uma forma de conectar os participantes com a hist\u00f3ria e a cultura local, permitindo que todos possam celebrar essa data especial com estilo.<\/p>","protected":false},"excerpt":{"rendered":"<p>Rita S\u00e1 Lima lan\u00e7a cole\u00e7\u00e3o exclusiva para celebrar a romaria de Ponte de Lima.<\/p>","protected":false},"author":9,"featured_media":43647,"comment_status":"open","ping_status":"open","sticky":false,"template":"","format":"standard","meta":{"footnotes":""},"categories":[51],"tags":[2108,795,2105,2107,2106],"class_list":["post-43646","post","type-post","status-publish","format-standard","has-post-thumbnail","hentry","category-mundo","tag-arte","tag-cultura","tag-feiras-novas","tag-rita-sa-lima","tag-t-shirts"],"yoast_head":"<!-- This site is optimized with the Yoast SEO Premium plugin v27.9 (Yoast SEO v27.9) - https:\/\/yoast.com\/product\/yoast-seo-premium-wordpress\/ -->\n<title>t-shirts comemorativas das feiras novas est\u00e3o \u00e0 venda at\u00e9 sexta-feira<\/title>\n<meta name=\"description\" content=\"As t-shirts dos 200 anos das Feiras Novas est\u00e3o \u00e0 venda at\u00e9 sexta-feira, com ilustra\u00e7\u00f5es exclusivas de Rita S\u00e1 Lima.\" \/>\n<meta name=\"robots\" content=\"index, follow, max-snippet:-1, max-image-preview:large, max-video-preview:-1\" \/>\n<link rel=\"canonical\" href=\"https:\/\/fyno.pt\/pt\/mundo\/t-shirts-comemorativas-feiras-novas\/\" \/>\n<meta property=\"og:locale\" content=\"pt_PT\" \/>\n<meta property=\"og:type\" content=\"article\" \/>\n<meta property=\"og:title\" content=\"T-shirts comemorativas dos 200 anos das Feiras Novas est\u00e3o \u00e0 venda at\u00e9 sexta-feira\" \/>\n<meta property=\"og:description\" content=\"As t-shirts dos 200 anos das Feiras Novas est\u00e3o \u00e0 venda at\u00e9 sexta-feira, com ilustra\u00e7\u00f5es exclusivas de Rita S\u00e1 Lima.\" \/>\n<meta property=\"og:url\" content=\"https:\/\/fyno.pt\/pt\/mundo\/t-shirts-comemorativas-feiras-novas\/\" \/>\n<meta property=\"og:site_name\" content=\"Fyno\" \/>\n<meta property=\"article:published_time\" content=\"2026-09-02T15:54:24+00:00\" \/>\n<meta property=\"og:image\" content=\"https:\/\/fyno.pt\/wp-content\/uploads\/2026\/09\/T-Shirt-Rita-Sa-Lima-Feiras-Novas-2026-1-1160x630-1.jpg\" \/>\n\t<meta property=\"og:image:width\" content=\"1160\" \/>\n\t<meta property=\"og:image:height\" content=\"630\" \/>\n\t<meta property=\"og:image:type\" content=\"image\/jpeg\" \/>\n<meta name=\"author\" content=\"Fyno\" \/>\n<meta name=\"twitter:card\" content=\"summary_large_image\" \/>\n<meta name=\"twitter:label1\" content=\"Escrito por\" \/>\n\t<meta name=\"twitter:data1\" content=\"Fyno\" \/>\n\t<meta name=\"twitter:label2\" content=\"Tempo estimado de leitura\" \/>\n\t<meta name=\"twitter:data2\" content=\"2 minutos\" \/>\n<script type=\"application\/ld+json\" class=\"yoast-schema-graph\">{\"@context\":\"https:\\\/\\\/schema.org\",\"@graph\":[{\"@type\":\"Article\",\"@id\":\"https:\\\/\\\/fyno.pt\\\/mundo\\\/t-shirts-comemorativas-feiras-novas\\\/#article\",\"isPartOf\":{\"@id\":\"https:\\\/\\\/fyno.pt\\\/mundo\\\/t-shirts-comemorativas-feiras-novas\\\/\"},\"author\":{\"name\":\"Fyno\",\"@id\":\"https:\\\/\\\/fyno.pt\\\/#\\\/schema\\\/person\\\/ab5b330ed5ed05f1b4a7b8e438f68187\"},\"headline\":\"T-shirts comemorativas dos 200 anos das Feiras Novas est\u00e3o \u00e0 venda at\u00e9 sexta-feira\",\"datePublished\":\"2026-09-02T15:54:24+00:00\",\"mainEntityOfPage\":{\"@id\":\"https:\\\/\\\/fyno.pt\\\/mundo\\\/t-shirts-comemorativas-feiras-novas\\\/\"},\"wordCount\":357,\"commentCount\":0,\"image\":{\"@id\":\"https:\\\/\\\/fyno.pt\\\/mundo\\\/t-shirts-comemorativas-feiras-novas\\\/#primaryimage\"},\"thumbnailUrl\":\"https:\\\/\\\/fyno.pt\\\/wp-content\\\/uploads\\\/2026\\\/09\\\/T-Shirt-Rita-Sa-Lima-Feiras-Novas-2026-1-1160x630-1.jpg\",\"keywords\":[\"arte\",\"cultura\",\"Feiras Novas\",\"Rita S\u00e1 Lima\",\"t-shirts\"],\"articleSection\":[\"Mundo\"],\"inLanguage\":\"pt-PT\",\"potentialAction\":[{\"@type\":\"CommentAction\",\"name\":\"Comment\",\"target\":[\"https:\\\/\\\/fyno.pt\\\/mundo\\\/t-shirts-comemorativas-feiras-novas\\\/#respond\"]}]},{\"@type\":\"WebPage\",\"@id\":\"https:\\\/\\\/fyno.pt\\\/mundo\\\/t-shirts-comemorativas-feiras-novas\\\/\",\"url\":\"https:\\\/\\\/fyno.pt\\\/mundo\\\/t-shirts-comemorativas-feiras-novas\\\/\",\"name\":\"t-shirts comemorativas das feiras novas est\u00e3o \u00e0 venda at\u00e9 sexta-feira\",\"isPartOf\":{\"@id\":\"https:\\\/\\\/fyno.pt\\\/#website\"},\"primaryImageOfPage\":{\"@id\":\"https:\\\/\\\/fyno.pt\\\/mundo\\\/t-shirts-comemorativas-feiras-novas\\\/#primaryimage\"},\"image\":{\"@id\":\"https:\\\/\\\/fyno.pt\\\/mundo\\\/t-shirts-comemorativas-feiras-novas\\\/#primaryimage\"},\"thumbnailUrl\":\"https:\\\/\\\/fyno.pt\\\/wp-content\\\/uploads\\\/2026\\\/09\\\/T-Shirt-Rita-Sa-Lima-Feiras-Novas-2026-1-1160x630-1.jpg\",\"datePublished\":\"2026-09-02T15:54:24+00:00\",\"author\":{\"@id\":\"https:\\\/\\\/fyno.pt\\\/#\\\/schema\\\/person\\\/ab5b330ed5ed05f1b4a7b8e438f68187\"},\"description\":\"As t-shirts dos 200 anos das Feiras Novas est\u00e3o \u00e0 venda at\u00e9 sexta-feira, com ilustra\u00e7\u00f5es exclusivas de Rita S\u00e1 Lima.\",\"breadcrumb\":{\"@id\":\"https:\\\/\\\/fyno.pt\\\/mundo\\\/t-shirts-comemorativas-feiras-novas\\\/#breadcrumb\"},\"inLanguage\":\"pt-PT\",\"potentialAction\":[{\"@type\":\"ReadAction\",\"target\":[\"https:\\\/\\\/fyno.pt\\\/mundo\\\/t-shirts-comemorativas-feiras-novas\\\/\"]}]},{\"@type\":\"ImageObject\",\"inLanguage\":\"pt-PT\",\"@id\":\"https:\\\/\\\/fyno.pt\\\/mundo\\\/t-shirts-comemorativas-feiras-novas\\\/#primaryimage\",\"url\":\"https:\\\/\\\/fyno.pt\\\/wp-content\\\/uploads\\\/2026\\\/09\\\/T-Shirt-Rita-Sa-Lima-Feiras-Novas-2026-1-1160x630-1.jpg\",\"contentUrl\":\"https:\\\/\\\/fyno.pt\\\/wp-content\\\/uploads\\\/2026\\\/09\\\/T-Shirt-Rita-Sa-Lima-Feiras-Novas-2026-1-1160x630-1.jpg\",\"width\":1160,\"height\":630,\"caption\":\"Rita S\u00e1 Lima apresenta duas vers\u00f5es da sua t-shirt alusiva \u00e0s Feiras Novas. Foto: Direitos Reservados\"},{\"@type\":\"BreadcrumbList\",\"@id\":\"https:\\\/\\\/fyno.pt\\\/mundo\\\/t-shirts-comemorativas-feiras-novas\\\/#breadcrumb\",\"itemListElement\":[{\"@type\":\"ListItem\",\"position\":1,\"name\":\"In\u00edcio\",\"item\":\"https:\\\/\\\/fyno.pt\\\/\"},{\"@type\":\"ListItem\",\"position\":2,\"name\":\"T-shirts comemorativas dos 200 anos das Feiras Novas est\u00e3o \u00e0 venda at\u00e9 sexta-feira\"}]},{\"@type\":\"WebSite\",\"@id\":\"https:\\\/\\\/fyno.pt\\\/#website\",\"url\":\"https:\\\/\\\/fyno.pt\\\/\",\"name\":\"Fyno\",\"description\":\"Not\u00edcia e informa\u00e7\u00e3o\",\"potentialAction\":[{\"@type\":\"SearchAction\",\"target\":{\"@type\":\"EntryPoint\",\"urlTemplate\":\"https:\\\/\\\/fyno.pt\\\/?s={search_term_string}\"},\"query-input\":{\"@type\":\"PropertyValueSpecification\",\"valueRequired\":true,\"valueName\":\"search_term_string\"}}],\"inLanguage\":\"pt-PT\"},{\"@type\":\"Person\",\"@id\":\"https:\\\/\\\/fyno.pt\\\/#\\\/schema\\\/person\\\/ab5b330ed5ed05f1b4a7b8e438f68187\",\"name\":\"Fyno\",\"image\":{\"@type\":\"ImageObject\",\"inLanguage\":\"pt-PT\",\"@id\":\"https:\\\/\\\/fyno.pt\\\/wp-content\\\/litespeed\\\/avatar\\\/8f51870e8d94c234e288da840d914372.jpg?ver=1788205134\",\"url\":\"https:\\\/\\\/fyno.pt\\\/wp-content\\\/litespeed\\\/avatar\\\/8f51870e8d94c234e288da840d914372.jpg?ver=1788205134\",\"contentUrl\":\"https:\\\/\\\/fyno.pt\\\/wp-content\\\/litespeed\\\/avatar\\\/8f51870e8d94c234e288da840d914372.jpg?ver=1788205134\",\"caption\":\"Fyno\"},\"description\":\"A sua fonte de informa\u00e7\u00e3o.\",\"url\":\"https:\\\/\\\/fyno.pt\\\/pt\\\/author\\\/fynopt\\\/\"}]}<\/script>\n<!-- \/ Yoast SEO Premium plugin. -->","yoast_head_json":{"title":"t-shirts comemorativas das feiras novas est\u00e3o \u00e0 venda at\u00e9 sexta-feira","description":"As t-shirts dos 200 anos das Feiras Novas est\u00e3o \u00e0 venda at\u00e9 sexta-feira, com ilustra\u00e7\u00f5es exclusivas de Rita S\u00e1 Lima.","robots":{"index":"index","follow":"follow","max-snippet":"max-snippet:-1","max-image-preview":"max-image-preview:large","max-video-preview":"max-video-preview:-1"},"canonical":"https:\/\/fyno.pt\/pt\/mundo\/t-shirts-comemorativas-feiras-novas\/","og_locale":"pt_PT","og_type":"article","og_title":"T-shirts comemorativas dos 200 anos das Feiras Novas est\u00e3o \u00e0 venda at\u00e9 sexta-feira","og_description":"As t-shirts dos 200 anos das Feiras Novas est\u00e3o \u00e0 venda at\u00e9 sexta-feira, com ilustra\u00e7\u00f5es exclusivas de Rita S\u00e1 Lima.","og_url":"https:\/\/fyno.pt\/pt\/mundo\/t-shirts-comemorativas-feiras-novas\/","og_site_name":"Fyno","article_published_time":"2026-09-02T15:54:24+00:00","og_image":[{"width":1160,"height":630,"url":"https:\/\/fyno.pt\/wp-content\/uploads\/2026\/09\/T-Shirt-Rita-Sa-Lima-Feiras-Novas-2026-1-1160x630-1.jpg","type":"image\/jpeg"}],"author":"Fyno","twitter_card":"summary_large_image","twitter_misc":{"Escrito por":"Fyno","Tempo estimado de leitura":"2 minutos"},"schema":{"@context":"https:\/\/schema.org","@graph":[{"@type":"Article","@id":"https:\/\/fyno.pt\/mundo\/t-shirts-comemorativas-feiras-novas\/#article","isPartOf":{"@id":"https:\/\/fyno.pt\/mundo\/t-shirts-comemorativas-feiras-novas\/"},"author":{"name":"Fyno","@id":"https:\/\/fyno.pt\/#\/schema\/person\/ab5b330ed5ed05f1b4a7b8e438f68187"},"headline":"T-shirts comemorativas dos 200 anos das Feiras Novas est\u00e3o \u00e0 venda at\u00e9 sexta-feira","datePublished":"2026-09-02T15:54:24+00:00","mainEntityOfPage":{"@id":"https:\/\/fyno.pt\/mundo\/t-shirts-comemorativas-feiras-novas\/"},"wordCount":357,"commentCount":0,"image":{"@id":"https:\/\/fyno.pt\/mundo\/t-shirts-comemorativas-feiras-novas\/#primaryimage"},"thumbnailUrl":"https:\/\/fyno.pt\/wp-content\/uploads\/2026\/09\/T-Shirt-Rita-Sa-Lima-Feiras-Novas-2026-1-1160x630-1.jpg","keywords":["arte","cultura","Feiras Novas","Rita S\u00e1 Lima","t-shirts"],"articleSection":["Mundo"],"inLanguage":"pt-PT","potentialAction":[{"@type":"CommentAction","name":"Comment","target":["https:\/\/fyno.pt\/mundo\/t-shirts-comemorativas-feiras-novas\/#respond"]}]},{"@type":"WebPage","@id":"https:\/\/fyno.pt\/mundo\/t-shirts-comemorativas-feiras-novas\/","url":"https:\/\/fyno.pt\/mundo\/t-shirts-comemorativas-feiras-novas\/","name":"t-shirts comemorativas das feiras novas est\u00e3o \u00e0 venda at\u00e9 sexta-feira","isPartOf":{"@id":"https:\/\/fyno.pt\/#website"},"primaryImageOfPage":{"@id":"https:\/\/fyno.pt\/mundo\/t-shirts-comemorativas-feiras-novas\/#primaryimage"},"image":{"@id":"https:\/\/fyno.pt\/mundo\/t-shirts-comemorativas-feiras-novas\/#primaryimage"},"thumbnailUrl":"https:\/\/fyno.pt\/wp-content\/uploads\/2026\/09\/T-Shirt-Rita-Sa-Lima-Feiras-Novas-2026-1-1160x630-1.jpg","datePublished":"2026-09-02T15:54:24+00:00","author":{"@id":"https:\/\/fyno.pt\/#\/schema\/person\/ab5b330ed5ed05f1b4a7b8e438f68187"},"description":"As t-shirts dos 200 anos das Feiras Novas est\u00e3o \u00e0 venda at\u00e9 sexta-feira, com ilustra\u00e7\u00f5es exclusivas de Rita S\u00e1 Lima.","breadcrumb":{"@id":"https:\/\/fyno.pt\/mundo\/t-shirts-comemorativas-feiras-novas\/#breadcrumb"},"inLanguage":"pt-PT","potentialAction":[{"@type":"ReadAction","target":["https:\/\/fyno.pt\/mundo\/t-shirts-comemorativas-feiras-novas\/"]}]},{"@type":"ImageObject","inLanguage":"pt-PT","@id":"https:\/\/fyno.pt\/mundo\/t-shirts-comemorativas-feiras-novas\/#primaryimage","url":"https:\/\/fyno.pt\/wp-content\/uploads\/2026\/09\/T-Shirt-Rita-Sa-Lima-Feiras-Novas-2026-1-1160x630-1.jpg","contentUrl":"https:\/\/fyno.pt\/wp-content\/uploads\/2026\/09\/T-Shirt-Rita-Sa-Lima-Feiras-Novas-2026-1-1160x630-1.jpg","width":1160,"height":630,"caption":"Rita S\u00e1 Lima apresenta duas vers\u00f5es da sua t-shirt alusiva \u00e0s Feiras Novas. Foto: Direitos Reservados"},{"@type":"BreadcrumbList","@id":"https:\/\/fyno.pt\/mundo\/t-shirts-comemorativas-feiras-novas\/#breadcrumb","itemListElement":[{"@type":"ListItem","position":1,"name":"In\u00edcio","item":"https:\/\/fyno.pt\/"},{"@type":"ListItem","position":2,"name":"T-shirts comemorativas dos 200 anos das Feiras Novas est\u00e3o \u00e0 venda at\u00e9 sexta-feira"}]},{"@type":"WebSite","@id":"https:\/\/fyno.pt\/#website","url":"https:\/\/fyno.pt\/","name":"Fyno","description":"Not\u00edcia e informa\u00e7\u00e3o","potentialAction":[{"@type":"SearchAction","target":{"@type":"EntryPoint","urlTemplate":"https:\/\/fyno.pt\/?s={search_term_string}"},"query-input":{"@type":"PropertyValueSpecification","valueRequired":true,"valueName":"search_term_string"}}],"inLanguage":"pt-PT"},{"@type":"Person","@id":"https:\/\/fyno.pt\/#\/schema\/person\/ab5b330ed5ed05f1b4a7b8e438f68187","name":"Fyno","image":{"@type":"ImageObject","inLanguage":"pt-PT","@id":"https:\/\/fyno.pt\/wp-content\/litespeed\/avatar\/8f51870e8d94c234e288da840d914372.jpg?ver=1788205134","url":"https:\/\/fyno.pt\/wp-content\/litespeed\/avatar\/8f51870e8d94c234e288da840d914372.jpg?ver=1788205134","contentUrl":"https:\/\/fyno.pt\/wp-content\/litespeed\/avatar\/8f51870e8d94c234e288da840d914372.jpg?ver=1788205134","caption":"Fyno"},"description":"A sua fonte de informa\u00e7\u00e3o.","url":"https:\/\/fyno.pt\/pt\/author\/fynopt\/"}]}},"_links":{"self":[{"href":"https:\/\/fyno.pt\/pt\/wp-json\/wp\/v2\/posts\/43646","targetHints":{"allow":["GET"]}}],"collection":[{"href":"https:\/\/fyno.pt\/pt\/wp-json\/wp\/v2\/posts"}],"about":[{"href":"https:\/\/fyno.pt\/pt\/wp-json\/wp\/v2\/types\/post"}],"author":[{"embeddable":true,"href":"https:\/\/fyno.pt\/pt\/wp-json\/wp\/v2\/users\/9"}],"replies":[{"embeddable":true,"href":"https:\/\/fyno.pt\/pt\/wp-json\/wp\/v2\/comments?post=43646"}],"version-history":[{"count":1,"href":"https:\/\/fyno.pt\/pt\/wp-json\/wp\/v2\/posts\/43646\/revisions"}],"predecessor-version":[{"id":43648,"href":"https:\/\/fyno.pt\/pt\/wp-json\/wp\/v2\/posts\/43646\/revisions\/43648"}],"wp:featuredmedia":[{"embeddable":true,"href":"https:\/\/fyno.pt\/pt\/wp-json\/wp\/v2\/media\/43647"}],"wp:attachment":[{"href":"https:\/\/fyno.pt\/pt\/wp-json\/wp\/v2\/media?parent=43646"}],"wp:term":[{"taxonomy":"category","embeddable":true,"href":"https:\/\/fyno.pt\/pt\/wp-json\/wp\/v2\/categories?post=43646"},{"taxonomy":"post_tag","embeddable":true,"href":"https:\/\/fyno.pt\/pt\/wp-json\/wp\/v2\/tags?post=43646"}],"curies":[{"name":"wp","href":"https:\/\/api.w.org\/{rel}","templated":true}]}}