{"id":43643,"date":"2026-09-02T12:24:24","date_gmt":"2026-09-02T15:24:24","guid":{"rendered":"https:\/\/fyno.pt\/?p=43643"},"modified":"2026-09-02T12:24:24","modified_gmt":"2026-09-02T15:24:24","slug":"video-mulher-dancando-facas-nova-iorque","status":"publish","type":"post","link":"https:\/\/fyno.pt\/pt\/news\/video-mulher-dancando-facas-nova-iorque\/","title":{"rendered":"V\u00eddeo de mulher dan\u00e7ando com facas circula ap\u00f3s ataque em Nova Iorque"},"content":{"rendered":"<p>Um v\u00eddeo que supostamente foi publicado pela mulher envolvida em um ataque a faca em Times Square, Nova Iorque, est\u00e1 circulando nas redes sociais. O incidente, que ocorreu na \u00faltima segunda-feira, deixou duas pessoas feridas. As imagens mostram uma mulher, com caracter\u00edsticas f\u00edsicas semelhantes \u00e0 autora do ataque, dan\u00e7ando em casa com facas.<\/p>\n\n\n\n<h2 class=\"wp-block-heading\">Ataque em Times Square<\/h2>\n\n\n\n<p>O ataque aconteceu em um dos locais mais movimentados da cidade, gerando preocupa\u00e7\u00e3o entre os frequentadores e turistas. As v\u00edtimas, que foram esfaqueadas, receberam atendimento m\u00e9dico e suas condi\u00e7\u00f5es de sa\u00fade n\u00e3o foram divulgadas at\u00e9 o momento. As autoridades est\u00e3o investigando as circunst\u00e2ncias do ocorrido.<\/p>\n\n\n\n<h2 class=\"wp-block-heading\">Investiga\u00e7\u00e3o em andamento<\/h2>\n\n\n\n<p>As imagens que circulam nas redes sociais t\u00eam gerado debate sobre a seguran\u00e7a p\u00fablica e as motiva\u00e7\u00f5es por tr\u00e1s do ataque. A pol\u00edcia de Nova Iorque est\u00e1 analisando o v\u00eddeo e outras evid\u00eancias para compreender melhor a situa\u00e7\u00e3o e identificar os motivos que levaram \u00e0 agress\u00e3o.<\/p>\n\n\n\n<p>Al\u00e9m disso, as autoridades est\u00e3o alertando a popula\u00e7\u00e3o sobre a import\u00e2ncia de relatar qualquer comportamento suspeito. A seguran\u00e7a em locais p\u00fablicos permanece uma prioridade, e a pol\u00edcia tem intensificado patrulhas na regi\u00e3o de Times Square ap\u00f3s o incidente.<\/p>\n\n\n\n<p>A divulga\u00e7\u00e3o do v\u00eddeo ressalta a necessidade de uma discuss\u00e3o mais ampla sobre sa\u00fade mental e apoio a pessoas em situa\u00e7\u00e3o vulner\u00e1vel. Especialistas enfatizam que eventos como esse muitas vezes est\u00e3o ligados a quest\u00f5es pessoais n\u00e3o tratadas.<\/p>","protected":false},"excerpt":{"rendered":"<p>Imagens supostamente mostram a autora do ataque em Times Square antes do incidente<\/p>","protected":false},"author":9,"featured_media":43644,"comment_status":"open","ping_status":"open","sticky":false,"template":"","format":"standard","meta":{"footnotes":""},"categories":[560],"tags":[2102,2101,2103,2104,514],"class_list":["post-43643","post","type-post","status-publish","format-standard","has-post-thumbnail","hentry","category-news","tag-ataque","tag-nova-iorque","tag-seguranca-publica","tag-times-square","tag-video"],"yoast_head":"<!-- This site is optimized with the Yoast SEO Premium plugin v27.9 (Yoast SEO v27.9) - https:\/\/yoast.com\/product\/yoast-seo-premium-wordpress\/ -->\n<title>v\u00eddeo de mulher dan\u00e7ando com facas ap\u00f3s ataque em nova iorque<\/title>\n<meta name=\"description\" content=\"V\u00eddeo de mulher dan\u00e7ando com facas circula ap\u00f3s ataque em Times Square, deixando duas pessoas feridas e gerando debate sobre seguran\u00e7a p\u00fablica.\" \/>\n<meta name=\"robots\" content=\"index, follow, max-snippet:-1, max-image-preview:large, max-video-preview:-1\" \/>\n<link rel=\"canonical\" href=\"https:\/\/fyno.pt\/pt\/news\/video-mulher-dancando-facas-nova-iorque\/\" \/>\n<meta property=\"og:locale\" content=\"pt_PT\" \/>\n<meta property=\"og:type\" content=\"article\" \/>\n<meta property=\"og:title\" content=\"V\u00eddeo de mulher dan\u00e7ando com facas circula ap\u00f3s ataque em Nova Iorque\" \/>\n<meta property=\"og:description\" content=\"V\u00eddeo de mulher dan\u00e7ando com facas circula ap\u00f3s ataque em Times Square, deixando duas pessoas feridas e gerando debate sobre seguran\u00e7a p\u00fablica.\" \/>\n<meta property=\"og:url\" content=\"https:\/\/fyno.pt\/pt\/news\/video-mulher-dancando-facas-nova-iorque\/\" \/>\n<meta property=\"og:site_name\" content=\"Fyno\" \/>\n<meta property=\"article:published_time\" content=\"2026-09-02T15:24:24+00:00\" \/>\n<meta property=\"og:image\" content=\"https:\/\/fyno.pt\/wp-content\/uploads\/2026\/09\/postiaf5-image-1788362662.jpg\" \/>\n\t<meta property=\"og:image:width\" content=\"1200\" \/>\n\t<meta property=\"og:image:height\" content=\"630\" \/>\n\t<meta property=\"og:image:type\" content=\"image\/jpeg\" \/>\n<meta name=\"author\" content=\"Fyno\" \/>\n<meta name=\"twitter:card\" content=\"summary_large_image\" \/>\n<meta name=\"twitter:label1\" content=\"Escrito por\" \/>\n\t<meta name=\"twitter:data1\" content=\"Fyno\" \/>\n\t<meta name=\"twitter:label2\" content=\"Tempo estimado de leitura\" \/>\n\t<meta name=\"twitter:data2\" content=\"1 minuto\" \/>\n<script type=\"application\/ld+json\" class=\"yoast-schema-graph\">{\"@context\":\"https:\\\/\\\/schema.org\",\"@graph\":[{\"@type\":\"Article\",\"@id\":\"https:\\\/\\\/fyno.pt\\\/news\\\/video-mulher-dancando-facas-nova-iorque\\\/#article\",\"isPartOf\":{\"@id\":\"https:\\\/\\\/fyno.pt\\\/news\\\/video-mulher-dancando-facas-nova-iorque\\\/\"},\"author\":{\"name\":\"Fyno\",\"@id\":\"https:\\\/\\\/fyno.pt\\\/#\\\/schema\\\/person\\\/ab5b330ed5ed05f1b4a7b8e438f68187\"},\"headline\":\"V\u00eddeo de mulher dan\u00e7ando com facas circula ap\u00f3s ataque em Nova Iorque\",\"datePublished\":\"2026-09-02T15:24:24+00:00\",\"mainEntityOfPage\":{\"@id\":\"https:\\\/\\\/fyno.pt\\\/news\\\/video-mulher-dancando-facas-nova-iorque\\\/\"},\"wordCount\":280,\"commentCount\":0,\"image\":{\"@id\":\"https:\\\/\\\/fyno.pt\\\/news\\\/video-mulher-dancando-facas-nova-iorque\\\/#primaryimage\"},\"thumbnailUrl\":\"https:\\\/\\\/fyno.pt\\\/wp-content\\\/uploads\\\/2026\\\/09\\\/postiaf5-image-1788362662.jpg\",\"keywords\":[\"ataque\",\"Nova Iorque\",\"seguran\u00e7a p\u00fablica\",\"Times Square\",\"Video\"],\"articleSection\":[\"News\"],\"inLanguage\":\"pt-PT\",\"potentialAction\":[{\"@type\":\"CommentAction\",\"name\":\"Comment\",\"target\":[\"https:\\\/\\\/fyno.pt\\\/news\\\/video-mulher-dancando-facas-nova-iorque\\\/#respond\"]}]},{\"@type\":\"WebPage\",\"@id\":\"https:\\\/\\\/fyno.pt\\\/news\\\/video-mulher-dancando-facas-nova-iorque\\\/\",\"url\":\"https:\\\/\\\/fyno.pt\\\/news\\\/video-mulher-dancando-facas-nova-iorque\\\/\",\"name\":\"v\u00eddeo de mulher dan\u00e7ando com facas ap\u00f3s ataque em nova iorque\",\"isPartOf\":{\"@id\":\"https:\\\/\\\/fyno.pt\\\/#website\"},\"primaryImageOfPage\":{\"@id\":\"https:\\\/\\\/fyno.pt\\\/news\\\/video-mulher-dancando-facas-nova-iorque\\\/#primaryimage\"},\"image\":{\"@id\":\"https:\\\/\\\/fyno.pt\\\/news\\\/video-mulher-dancando-facas-nova-iorque\\\/#primaryimage\"},\"thumbnailUrl\":\"https:\\\/\\\/fyno.pt\\\/wp-content\\\/uploads\\\/2026\\\/09\\\/postiaf5-image-1788362662.jpg\",\"datePublished\":\"2026-09-02T15:24:24+00:00\",\"author\":{\"@id\":\"https:\\\/\\\/fyno.pt\\\/#\\\/schema\\\/person\\\/ab5b330ed5ed05f1b4a7b8e438f68187\"},\"description\":\"V\u00eddeo de mulher dan\u00e7ando com facas circula ap\u00f3s ataque em Times Square, deixando duas pessoas feridas e gerando debate sobre seguran\u00e7a p\u00fablica.\",\"breadcrumb\":{\"@id\":\"https:\\\/\\\/fyno.pt\\\/news\\\/video-mulher-dancando-facas-nova-iorque\\\/#breadcrumb\"},\"inLanguage\":\"pt-PT\",\"potentialAction\":[{\"@type\":\"ReadAction\",\"target\":[\"https:\\\/\\\/fyno.pt\\\/news\\\/video-mulher-dancando-facas-nova-iorque\\\/\"]}]},{\"@type\":\"ImageObject\",\"inLanguage\":\"pt-PT\",\"@id\":\"https:\\\/\\\/fyno.pt\\\/news\\\/video-mulher-dancando-facas-nova-iorque\\\/#primaryimage\",\"url\":\"https:\\\/\\\/fyno.pt\\\/wp-content\\\/uploads\\\/2026\\\/09\\\/postiaf5-image-1788362662.jpg\",\"contentUrl\":\"https:\\\/\\\/fyno.pt\\\/wp-content\\\/uploads\\\/2026\\\/09\\\/postiaf5-image-1788362662.jpg\",\"width\":1200,\"height\":630,\"caption\":\"Foto: sapo.pt\"},{\"@type\":\"BreadcrumbList\",\"@id\":\"https:\\\/\\\/fyno.pt\\\/news\\\/video-mulher-dancando-facas-nova-iorque\\\/#breadcrumb\",\"itemListElement\":[{\"@type\":\"ListItem\",\"position\":1,\"name\":\"In\u00edcio\",\"item\":\"https:\\\/\\\/fyno.pt\\\/\"},{\"@type\":\"ListItem\",\"position\":2,\"name\":\"V\u00eddeo de mulher dan\u00e7ando com facas circula ap\u00f3s ataque em Nova Iorque\"}]},{\"@type\":\"WebSite\",\"@id\":\"https:\\\/\\\/fyno.pt\\\/#website\",\"url\":\"https:\\\/\\\/fyno.pt\\\/\",\"name\":\"Fyno\",\"description\":\"Not\u00edcia e informa\u00e7\u00e3o\",\"potentialAction\":[{\"@type\":\"SearchAction\",\"target\":{\"@type\":\"EntryPoint\",\"urlTemplate\":\"https:\\\/\\\/fyno.pt\\\/?s={search_term_string}\"},\"query-input\":{\"@type\":\"PropertyValueSpecification\",\"valueRequired\":true,\"valueName\":\"search_term_string\"}}],\"inLanguage\":\"pt-PT\"},{\"@type\":\"Person\",\"@id\":\"https:\\\/\\\/fyno.pt\\\/#\\\/schema\\\/person\\\/ab5b330ed5ed05f1b4a7b8e438f68187\",\"name\":\"Fyno\",\"image\":{\"@type\":\"ImageObject\",\"inLanguage\":\"pt-PT\",\"@id\":\"https:\\\/\\\/fyno.pt\\\/wp-content\\\/litespeed\\\/avatar\\\/8f51870e8d94c234e288da840d914372.jpg?ver=1788205134\",\"url\":\"https:\\\/\\\/fyno.pt\\\/wp-content\\\/litespeed\\\/avatar\\\/8f51870e8d94c234e288da840d914372.jpg?ver=1788205134\",\"contentUrl\":\"https:\\\/\\\/fyno.pt\\\/wp-content\\\/litespeed\\\/avatar\\\/8f51870e8d94c234e288da840d914372.jpg?ver=1788205134\",\"caption\":\"Fyno\"},\"description\":\"A sua fonte de informa\u00e7\u00e3o.\",\"url\":\"https:\\\/\\\/fyno.pt\\\/pt\\\/author\\\/fynopt\\\/\"}]}<\/script>\n<!-- \/ Yoast SEO Premium plugin. -->","yoast_head_json":{"title":"v\u00eddeo de mulher dan\u00e7ando com facas ap\u00f3s ataque em nova iorque","description":"V\u00eddeo de mulher dan\u00e7ando com facas circula ap\u00f3s ataque em Times Square, deixando duas pessoas feridas e gerando debate sobre seguran\u00e7a p\u00fablica.","robots":{"index":"index","follow":"follow","max-snippet":"max-snippet:-1","max-image-preview":"max-image-preview:large","max-video-preview":"max-video-preview:-1"},"canonical":"https:\/\/fyno.pt\/pt\/news\/video-mulher-dancando-facas-nova-iorque\/","og_locale":"pt_PT","og_type":"article","og_title":"V\u00eddeo de mulher dan\u00e7ando com facas circula ap\u00f3s ataque em Nova Iorque","og_description":"V\u00eddeo de mulher dan\u00e7ando com facas circula ap\u00f3s ataque em Times Square, deixando duas pessoas feridas e gerando debate sobre seguran\u00e7a p\u00fablica.","og_url":"https:\/\/fyno.pt\/pt\/news\/video-mulher-dancando-facas-nova-iorque\/","og_site_name":"Fyno","article_published_time":"2026-09-02T15:24:24+00:00","og_image":[{"width":1200,"height":630,"url":"https:\/\/fyno.pt\/wp-content\/uploads\/2026\/09\/postiaf5-image-1788362662.jpg","type":"image\/jpeg"}],"author":"Fyno","twitter_card":"summary_large_image","twitter_misc":{"Escrito por":"Fyno","Tempo estimado de leitura":"1 minuto"},"schema":{"@context":"https:\/\/schema.org","@graph":[{"@type":"Article","@id":"https:\/\/fyno.pt\/news\/video-mulher-dancando-facas-nova-iorque\/#article","isPartOf":{"@id":"https:\/\/fyno.pt\/news\/video-mulher-dancando-facas-nova-iorque\/"},"author":{"name":"Fyno","@id":"https:\/\/fyno.pt\/#\/schema\/person\/ab5b330ed5ed05f1b4a7b8e438f68187"},"headline":"V\u00eddeo de mulher dan\u00e7ando com facas circula ap\u00f3s ataque em Nova Iorque","datePublished":"2026-09-02T15:24:24+00:00","mainEntityOfPage":{"@id":"https:\/\/fyno.pt\/news\/video-mulher-dancando-facas-nova-iorque\/"},"wordCount":280,"commentCount":0,"image":{"@id":"https:\/\/fyno.pt\/news\/video-mulher-dancando-facas-nova-iorque\/#primaryimage"},"thumbnailUrl":"https:\/\/fyno.pt\/wp-content\/uploads\/2026\/09\/postiaf5-image-1788362662.jpg","keywords":["ataque","Nova Iorque","seguran\u00e7a p\u00fablica","Times Square","Video"],"articleSection":["News"],"inLanguage":"pt-PT","potentialAction":[{"@type":"CommentAction","name":"Comment","target":["https:\/\/fyno.pt\/news\/video-mulher-dancando-facas-nova-iorque\/#respond"]}]},{"@type":"WebPage","@id":"https:\/\/fyno.pt\/news\/video-mulher-dancando-facas-nova-iorque\/","url":"https:\/\/fyno.pt\/news\/video-mulher-dancando-facas-nova-iorque\/","name":"v\u00eddeo de mulher dan\u00e7ando com facas ap\u00f3s ataque em nova iorque","isPartOf":{"@id":"https:\/\/fyno.pt\/#website"},"primaryImageOfPage":{"@id":"https:\/\/fyno.pt\/news\/video-mulher-dancando-facas-nova-iorque\/#primaryimage"},"image":{"@id":"https:\/\/fyno.pt\/news\/video-mulher-dancando-facas-nova-iorque\/#primaryimage"},"thumbnailUrl":"https:\/\/fyno.pt\/wp-content\/uploads\/2026\/09\/postiaf5-image-1788362662.jpg","datePublished":"2026-09-02T15:24:24+00:00","author":{"@id":"https:\/\/fyno.pt\/#\/schema\/person\/ab5b330ed5ed05f1b4a7b8e438f68187"},"description":"V\u00eddeo de mulher dan\u00e7ando com facas circula ap\u00f3s ataque em Times Square, deixando duas pessoas feridas e gerando debate sobre seguran\u00e7a p\u00fablica.","breadcrumb":{"@id":"https:\/\/fyno.pt\/news\/video-mulher-dancando-facas-nova-iorque\/#breadcrumb"},"inLanguage":"pt-PT","potentialAction":[{"@type":"ReadAction","target":["https:\/\/fyno.pt\/news\/video-mulher-dancando-facas-nova-iorque\/"]}]},{"@type":"ImageObject","inLanguage":"pt-PT","@id":"https:\/\/fyno.pt\/news\/video-mulher-dancando-facas-nova-iorque\/#primaryimage","url":"https:\/\/fyno.pt\/wp-content\/uploads\/2026\/09\/postiaf5-image-1788362662.jpg","contentUrl":"https:\/\/fyno.pt\/wp-content\/uploads\/2026\/09\/postiaf5-image-1788362662.jpg","width":1200,"height":630,"caption":"Foto: sapo.pt"},{"@type":"BreadcrumbList","@id":"https:\/\/fyno.pt\/news\/video-mulher-dancando-facas-nova-iorque\/#breadcrumb","itemListElement":[{"@type":"ListItem","position":1,"name":"In\u00edcio","item":"https:\/\/fyno.pt\/"},{"@type":"ListItem","position":2,"name":"V\u00eddeo de mulher dan\u00e7ando com facas circula ap\u00f3s ataque em Nova Iorque"}]},{"@type":"WebSite","@id":"https:\/\/fyno.pt\/#website","url":"https:\/\/fyno.pt\/","name":"Fyno","description":"Not\u00edcia e informa\u00e7\u00e3o","potentialAction":[{"@type":"SearchAction","target":{"@type":"EntryPoint","urlTemplate":"https:\/\/fyno.pt\/?s={search_term_string}"},"query-input":{"@type":"PropertyValueSpecification","valueRequired":true,"valueName":"search_term_string"}}],"inLanguage":"pt-PT"},{"@type":"Person","@id":"https:\/\/fyno.pt\/#\/schema\/person\/ab5b330ed5ed05f1b4a7b8e438f68187","name":"Fyno","image":{"@type":"ImageObject","inLanguage":"pt-PT","@id":"https:\/\/fyno.pt\/wp-content\/litespeed\/avatar\/8f51870e8d94c234e288da840d914372.jpg?ver=1788205134","url":"https:\/\/fyno.pt\/wp-content\/litespeed\/avatar\/8f51870e8d94c234e288da840d914372.jpg?ver=1788205134","contentUrl":"https:\/\/fyno.pt\/wp-content\/litespeed\/avatar\/8f51870e8d94c234e288da840d914372.jpg?ver=1788205134","caption":"Fyno"},"description":"A sua fonte de informa\u00e7\u00e3o.","url":"https:\/\/fyno.pt\/pt\/author\/fynopt\/"}]}},"_links":{"self":[{"href":"https:\/\/fyno.pt\/pt\/wp-json\/wp\/v2\/posts\/43643","targetHints":{"allow":["GET"]}}],"collection":[{"href":"https:\/\/fyno.pt\/pt\/wp-json\/wp\/v2\/posts"}],"about":[{"href":"https:\/\/fyno.pt\/pt\/wp-json\/wp\/v2\/types\/post"}],"author":[{"embeddable":true,"href":"https:\/\/fyno.pt\/pt\/wp-json\/wp\/v2\/users\/9"}],"replies":[{"embeddable":true,"href":"https:\/\/fyno.pt\/pt\/wp-json\/wp\/v2\/comments?post=43643"}],"version-history":[{"count":1,"href":"https:\/\/fyno.pt\/pt\/wp-json\/wp\/v2\/posts\/43643\/revisions"}],"predecessor-version":[{"id":43645,"href":"https:\/\/fyno.pt\/pt\/wp-json\/wp\/v2\/posts\/43643\/revisions\/43645"}],"wp:featuredmedia":[{"embeddable":true,"href":"https:\/\/fyno.pt\/pt\/wp-json\/wp\/v2\/media\/43644"}],"wp:attachment":[{"href":"https:\/\/fyno.pt\/pt\/wp-json\/wp\/v2\/media?parent=43643"}],"wp:term":[{"taxonomy":"category","embeddable":true,"href":"https:\/\/fyno.pt\/pt\/wp-json\/wp\/v2\/categories?post=43643"},{"taxonomy":"post_tag","embeddable":true,"href":"https:\/\/fyno.pt\/pt\/wp-json\/wp\/v2\/tags?post=43643"}],"curies":[{"name":"wp","href":"https:\/\/api.w.org\/{rel}","templated":true}]}}