{"id":43640,"date":"2026-09-02T12:24:09","date_gmt":"2026-09-02T15:24:09","guid":{"rendered":"https:\/\/fyno.pt\/?p=43640"},"modified":"2026-09-02T12:24:09","modified_gmt":"2026-09-02T15:24:09","slug":"desfolhada-tradicional-cerveira","status":"publish","type":"post","link":"https:\/\/fyno.pt\/pt\/mundo\/desfolhada-tradicional-cerveira\/","title":{"rendered":"Cerveira promove desfolhada tradicional para preservar cultura local"},"content":{"rendered":"<p>No pr\u00f3ximo s\u00e1bado, Vila Nova de Cerveira realizar\u00e1 uma desfolhada tradicional minhota, um evento que visa preservar e divulgar o patrim\u00f3nio imaterial da regi\u00e3o, conforme anunciado pela autarquia.<\/p>\n\n\n\n<h2 class=\"wp-block-heading\">Recria\u00e7\u00e3o de pr\u00e1ticas culturais<\/h2>\n\n\n\n<p>Durante a atividade, o Terreiro se transformar\u00e1 em uma eira comunit\u00e1ria, com a presen\u00e7a de carros de bois carregados de milho e a participa\u00e7\u00e3o ativa da popula\u00e7\u00e3o no processo de desfolhada. A C\u00e2mara de Vila Nova de Cerveira enfatiza que o evento, com in\u00edcio marcado para as 21:00 na Pra\u00e7a da Liberdade, tem como objetivo &quot;manter viva a mem\u00f3ria coletiva e transmitir \u00e0s novas gera\u00e7\u00f5es um conjunto de tradi\u00e7\u00f5es que fazem parte da identidade cultural local&quot;.<\/p>\n\n\n\n<h2 class=\"wp-block-heading\">Valoriza\u00e7\u00e3o do patrim\u00f3nio cultural<\/h2>\n\n\n\n<p>A iniciativa busca recuperar e valorizar pr\u00e1ticas, saberes e costumes relacionados ao ciclo do milho, representando uma express\u00e3o do patrim\u00f3nio cultural e etnogr\u00e1fico do concelho. Organizada pela autarquia em colabora\u00e7\u00e3o com a Comiss\u00e3o de Festas da Senhora da Ajuda, a a\u00e7\u00e3o pretende proporcionar uma recria\u00e7\u00e3o fiel do ambiente das antigas desfolhadas comunit\u00e1rias, que eram momentos de trabalho e conv\u00edvio essenciais no calend\u00e1rio agr\u00edcola das comunidades rurais minhotas.<\/p>\n\n\n\n<h2 class=\"wp-block-heading\">Anima\u00e7\u00e3o cultural<\/h2>\n\n\n\n<p>O evento contar\u00e1 com anima\u00e7\u00e3o ligada \u00e0s manifesta\u00e7\u00f5es culturais mais aut\u00eanticas da regi\u00e3o, incluindo a participa\u00e7\u00e3o de ranchos folcl\u00f3ricos, grupos de bombos do concelho, cantares ao desafio e dan\u00e7as populares, criando um ambiente festivo e de celebra\u00e7\u00e3o das tradi\u00e7\u00f5es locais.<\/p>","protected":false},"excerpt":{"rendered":"<p>Evento no s\u00e1bado busca valorizar tradi\u00e7\u00f5es e o patrim\u00f3nio imaterial do concelho<\/p>","protected":false},"author":9,"featured_media":43641,"comment_status":"open","ping_status":"open","sticky":false,"template":"","format":"standard","meta":{"footnotes":""},"categories":[51],"tags":[2098,795,2099,1227,2100],"class_list":["post-43640","post","type-post","status-publish","format-standard","has-post-thumbnail","hentry","category-mundo","tag-cerveira","tag-cultura","tag-desfolhada","tag-eventos","tag-patrimonio"],"yoast_head":"<!-- This site is optimized with the Yoast SEO Premium plugin v27.9 (Yoast SEO v27.9) - https:\/\/yoast.com\/product\/yoast-seo-premium-wordpress\/ -->\n<title>Vila Nova de Cerveira realiza desfolhada tradicional neste s\u00e1bado<\/title>\n<meta name=\"description\" content=\"Vila Nova de Cerveira realiza desfolhada tradicional para preservar a cultura local e valorizar o patrim\u00f3nio imaterial da regi\u00e3o.\" \/>\n<meta name=\"robots\" content=\"index, follow, max-snippet:-1, max-image-preview:large, max-video-preview:-1\" \/>\n<link rel=\"canonical\" href=\"https:\/\/fyno.pt\/pt\/mundo\/desfolhada-tradicional-cerveira\/\" \/>\n<meta property=\"og:locale\" content=\"pt_PT\" \/>\n<meta property=\"og:type\" content=\"article\" \/>\n<meta property=\"og:title\" content=\"Cerveira promove desfolhada tradicional para preservar cultura local\" \/>\n<meta property=\"og:description\" content=\"Vila Nova de Cerveira realiza desfolhada tradicional para preservar a cultura local e valorizar o patrim\u00f3nio imaterial da regi\u00e3o.\" \/>\n<meta property=\"og:url\" content=\"https:\/\/fyno.pt\/pt\/mundo\/desfolhada-tradicional-cerveira\/\" \/>\n<meta property=\"og:site_name\" content=\"Fyno\" \/>\n<meta property=\"article:published_time\" content=\"2026-09-02T15:24:09+00:00\" \/>\n<meta property=\"og:image\" content=\"https:\/\/fyno.pt\/wp-content\/uploads\/2026\/09\/setembro___5___desfolhada_58_1_980_2500-1160x630-1.jpg\" \/>\n\t<meta property=\"og:image:width\" content=\"1160\" \/>\n\t<meta property=\"og:image:height\" content=\"630\" \/>\n\t<meta property=\"og:image:type\" content=\"image\/jpeg\" \/>\n<meta name=\"author\" content=\"Fyno\" \/>\n<meta name=\"twitter:card\" content=\"summary_large_image\" \/>\n<meta name=\"twitter:label1\" content=\"Escrito por\" \/>\n\t<meta name=\"twitter:data1\" content=\"Fyno\" \/>\n\t<meta name=\"twitter:label2\" content=\"Tempo estimado de leitura\" \/>\n\t<meta name=\"twitter:data2\" content=\"1 minuto\" \/>\n<script type=\"application\/ld+json\" class=\"yoast-schema-graph\">{\"@context\":\"https:\\\/\\\/schema.org\",\"@graph\":[{\"@type\":\"Article\",\"@id\":\"https:\\\/\\\/fyno.pt\\\/mundo\\\/desfolhada-tradicional-cerveira\\\/#article\",\"isPartOf\":{\"@id\":\"https:\\\/\\\/fyno.pt\\\/mundo\\\/desfolhada-tradicional-cerveira\\\/\"},\"author\":{\"name\":\"Fyno\",\"@id\":\"https:\\\/\\\/fyno.pt\\\/#\\\/schema\\\/person\\\/ab5b330ed5ed05f1b4a7b8e438f68187\"},\"headline\":\"Cerveira promove desfolhada tradicional para preservar cultura local\",\"datePublished\":\"2026-09-02T15:24:09+00:00\",\"mainEntityOfPage\":{\"@id\":\"https:\\\/\\\/fyno.pt\\\/mundo\\\/desfolhada-tradicional-cerveira\\\/\"},\"wordCount\":270,\"commentCount\":0,\"image\":{\"@id\":\"https:\\\/\\\/fyno.pt\\\/mundo\\\/desfolhada-tradicional-cerveira\\\/#primaryimage\"},\"thumbnailUrl\":\"https:\\\/\\\/fyno.pt\\\/wp-content\\\/uploads\\\/2026\\\/09\\\/setembro___5___desfolhada_58_1_980_2500-1160x630-1.jpg\",\"keywords\":[\"Cerveira\",\"cultura\",\"desfolhada\",\"Eventos\",\"patrim\u00f4nio\"],\"articleSection\":[\"Mundo\"],\"inLanguage\":\"pt-PT\",\"potentialAction\":[{\"@type\":\"CommentAction\",\"name\":\"Comment\",\"target\":[\"https:\\\/\\\/fyno.pt\\\/mundo\\\/desfolhada-tradicional-cerveira\\\/#respond\"]}]},{\"@type\":\"WebPage\",\"@id\":\"https:\\\/\\\/fyno.pt\\\/mundo\\\/desfolhada-tradicional-cerveira\\\/\",\"url\":\"https:\\\/\\\/fyno.pt\\\/mundo\\\/desfolhada-tradicional-cerveira\\\/\",\"name\":\"Vila Nova de Cerveira realiza desfolhada tradicional neste s\u00e1bado\",\"isPartOf\":{\"@id\":\"https:\\\/\\\/fyno.pt\\\/#website\"},\"primaryImageOfPage\":{\"@id\":\"https:\\\/\\\/fyno.pt\\\/mundo\\\/desfolhada-tradicional-cerveira\\\/#primaryimage\"},\"image\":{\"@id\":\"https:\\\/\\\/fyno.pt\\\/mundo\\\/desfolhada-tradicional-cerveira\\\/#primaryimage\"},\"thumbnailUrl\":\"https:\\\/\\\/fyno.pt\\\/wp-content\\\/uploads\\\/2026\\\/09\\\/setembro___5___desfolhada_58_1_980_2500-1160x630-1.jpg\",\"datePublished\":\"2026-09-02T15:24:09+00:00\",\"author\":{\"@id\":\"https:\\\/\\\/fyno.pt\\\/#\\\/schema\\\/person\\\/ab5b330ed5ed05f1b4a7b8e438f68187\"},\"description\":\"Vila Nova de Cerveira realiza desfolhada tradicional para preservar a cultura local e valorizar o patrim\u00f3nio imaterial da regi\u00e3o.\",\"breadcrumb\":{\"@id\":\"https:\\\/\\\/fyno.pt\\\/mundo\\\/desfolhada-tradicional-cerveira\\\/#breadcrumb\"},\"inLanguage\":\"pt-PT\",\"potentialAction\":[{\"@type\":\"ReadAction\",\"target\":[\"https:\\\/\\\/fyno.pt\\\/mundo\\\/desfolhada-tradicional-cerveira\\\/\"]}]},{\"@type\":\"ImageObject\",\"inLanguage\":\"pt-PT\",\"@id\":\"https:\\\/\\\/fyno.pt\\\/mundo\\\/desfolhada-tradicional-cerveira\\\/#primaryimage\",\"url\":\"https:\\\/\\\/fyno.pt\\\/wp-content\\\/uploads\\\/2026\\\/09\\\/setembro___5___desfolhada_58_1_980_2500-1160x630-1.jpg\",\"contentUrl\":\"https:\\\/\\\/fyno.pt\\\/wp-content\\\/uploads\\\/2026\\\/09\\\/setembro___5___desfolhada_58_1_980_2500-1160x630-1.jpg\",\"width\":1160,\"height\":630,\"caption\":\"CM Cerveira \\\/ Arquivo\"},{\"@type\":\"BreadcrumbList\",\"@id\":\"https:\\\/\\\/fyno.pt\\\/mundo\\\/desfolhada-tradicional-cerveira\\\/#breadcrumb\",\"itemListElement\":[{\"@type\":\"ListItem\",\"position\":1,\"name\":\"In\u00edcio\",\"item\":\"https:\\\/\\\/fyno.pt\\\/\"},{\"@type\":\"ListItem\",\"position\":2,\"name\":\"Cerveira promove desfolhada tradicional para preservar cultura local\"}]},{\"@type\":\"WebSite\",\"@id\":\"https:\\\/\\\/fyno.pt\\\/#website\",\"url\":\"https:\\\/\\\/fyno.pt\\\/\",\"name\":\"Fyno\",\"description\":\"Not\u00edcia e informa\u00e7\u00e3o\",\"potentialAction\":[{\"@type\":\"SearchAction\",\"target\":{\"@type\":\"EntryPoint\",\"urlTemplate\":\"https:\\\/\\\/fyno.pt\\\/?s={search_term_string}\"},\"query-input\":{\"@type\":\"PropertyValueSpecification\",\"valueRequired\":true,\"valueName\":\"search_term_string\"}}],\"inLanguage\":\"pt-PT\"},{\"@type\":\"Person\",\"@id\":\"https:\\\/\\\/fyno.pt\\\/#\\\/schema\\\/person\\\/ab5b330ed5ed05f1b4a7b8e438f68187\",\"name\":\"Fyno\",\"image\":{\"@type\":\"ImageObject\",\"inLanguage\":\"pt-PT\",\"@id\":\"https:\\\/\\\/fyno.pt\\\/wp-content\\\/litespeed\\\/avatar\\\/8f51870e8d94c234e288da840d914372.jpg?ver=1788205134\",\"url\":\"https:\\\/\\\/fyno.pt\\\/wp-content\\\/litespeed\\\/avatar\\\/8f51870e8d94c234e288da840d914372.jpg?ver=1788205134\",\"contentUrl\":\"https:\\\/\\\/fyno.pt\\\/wp-content\\\/litespeed\\\/avatar\\\/8f51870e8d94c234e288da840d914372.jpg?ver=1788205134\",\"caption\":\"Fyno\"},\"description\":\"A sua fonte de informa\u00e7\u00e3o.\",\"url\":\"https:\\\/\\\/fyno.pt\\\/pt\\\/author\\\/fynopt\\\/\"}]}<\/script>\n<!-- \/ Yoast SEO Premium plugin. -->","yoast_head_json":{"title":"Vila Nova de Cerveira realiza desfolhada tradicional neste s\u00e1bado","description":"Vila Nova de Cerveira realiza desfolhada tradicional para preservar a cultura local e valorizar o patrim\u00f3nio imaterial da regi\u00e3o.","robots":{"index":"index","follow":"follow","max-snippet":"max-snippet:-1","max-image-preview":"max-image-preview:large","max-video-preview":"max-video-preview:-1"},"canonical":"https:\/\/fyno.pt\/pt\/mundo\/desfolhada-tradicional-cerveira\/","og_locale":"pt_PT","og_type":"article","og_title":"Cerveira promove desfolhada tradicional para preservar cultura local","og_description":"Vila Nova de Cerveira realiza desfolhada tradicional para preservar a cultura local e valorizar o patrim\u00f3nio imaterial da regi\u00e3o.","og_url":"https:\/\/fyno.pt\/pt\/mundo\/desfolhada-tradicional-cerveira\/","og_site_name":"Fyno","article_published_time":"2026-09-02T15:24:09+00:00","og_image":[{"width":1160,"height":630,"url":"https:\/\/fyno.pt\/wp-content\/uploads\/2026\/09\/setembro___5___desfolhada_58_1_980_2500-1160x630-1.jpg","type":"image\/jpeg"}],"author":"Fyno","twitter_card":"summary_large_image","twitter_misc":{"Escrito por":"Fyno","Tempo estimado de leitura":"1 minuto"},"schema":{"@context":"https:\/\/schema.org","@graph":[{"@type":"Article","@id":"https:\/\/fyno.pt\/mundo\/desfolhada-tradicional-cerveira\/#article","isPartOf":{"@id":"https:\/\/fyno.pt\/mundo\/desfolhada-tradicional-cerveira\/"},"author":{"name":"Fyno","@id":"https:\/\/fyno.pt\/#\/schema\/person\/ab5b330ed5ed05f1b4a7b8e438f68187"},"headline":"Cerveira promove desfolhada tradicional para preservar cultura local","datePublished":"2026-09-02T15:24:09+00:00","mainEntityOfPage":{"@id":"https:\/\/fyno.pt\/mundo\/desfolhada-tradicional-cerveira\/"},"wordCount":270,"commentCount":0,"image":{"@id":"https:\/\/fyno.pt\/mundo\/desfolhada-tradicional-cerveira\/#primaryimage"},"thumbnailUrl":"https:\/\/fyno.pt\/wp-content\/uploads\/2026\/09\/setembro___5___desfolhada_58_1_980_2500-1160x630-1.jpg","keywords":["Cerveira","cultura","desfolhada","Eventos","patrim\u00f4nio"],"articleSection":["Mundo"],"inLanguage":"pt-PT","potentialAction":[{"@type":"CommentAction","name":"Comment","target":["https:\/\/fyno.pt\/mundo\/desfolhada-tradicional-cerveira\/#respond"]}]},{"@type":"WebPage","@id":"https:\/\/fyno.pt\/mundo\/desfolhada-tradicional-cerveira\/","url":"https:\/\/fyno.pt\/mundo\/desfolhada-tradicional-cerveira\/","name":"Vila Nova de Cerveira realiza desfolhada tradicional neste s\u00e1bado","isPartOf":{"@id":"https:\/\/fyno.pt\/#website"},"primaryImageOfPage":{"@id":"https:\/\/fyno.pt\/mundo\/desfolhada-tradicional-cerveira\/#primaryimage"},"image":{"@id":"https:\/\/fyno.pt\/mundo\/desfolhada-tradicional-cerveira\/#primaryimage"},"thumbnailUrl":"https:\/\/fyno.pt\/wp-content\/uploads\/2026\/09\/setembro___5___desfolhada_58_1_980_2500-1160x630-1.jpg","datePublished":"2026-09-02T15:24:09+00:00","author":{"@id":"https:\/\/fyno.pt\/#\/schema\/person\/ab5b330ed5ed05f1b4a7b8e438f68187"},"description":"Vila Nova de Cerveira realiza desfolhada tradicional para preservar a cultura local e valorizar o patrim\u00f3nio imaterial da regi\u00e3o.","breadcrumb":{"@id":"https:\/\/fyno.pt\/mundo\/desfolhada-tradicional-cerveira\/#breadcrumb"},"inLanguage":"pt-PT","potentialAction":[{"@type":"ReadAction","target":["https:\/\/fyno.pt\/mundo\/desfolhada-tradicional-cerveira\/"]}]},{"@type":"ImageObject","inLanguage":"pt-PT","@id":"https:\/\/fyno.pt\/mundo\/desfolhada-tradicional-cerveira\/#primaryimage","url":"https:\/\/fyno.pt\/wp-content\/uploads\/2026\/09\/setembro___5___desfolhada_58_1_980_2500-1160x630-1.jpg","contentUrl":"https:\/\/fyno.pt\/wp-content\/uploads\/2026\/09\/setembro___5___desfolhada_58_1_980_2500-1160x630-1.jpg","width":1160,"height":630,"caption":"CM Cerveira \/ Arquivo"},{"@type":"BreadcrumbList","@id":"https:\/\/fyno.pt\/mundo\/desfolhada-tradicional-cerveira\/#breadcrumb","itemListElement":[{"@type":"ListItem","position":1,"name":"In\u00edcio","item":"https:\/\/fyno.pt\/"},{"@type":"ListItem","position":2,"name":"Cerveira promove desfolhada tradicional para preservar cultura local"}]},{"@type":"WebSite","@id":"https:\/\/fyno.pt\/#website","url":"https:\/\/fyno.pt\/","name":"Fyno","description":"Not\u00edcia e informa\u00e7\u00e3o","potentialAction":[{"@type":"SearchAction","target":{"@type":"EntryPoint","urlTemplate":"https:\/\/fyno.pt\/?s={search_term_string}"},"query-input":{"@type":"PropertyValueSpecification","valueRequired":true,"valueName":"search_term_string"}}],"inLanguage":"pt-PT"},{"@type":"Person","@id":"https:\/\/fyno.pt\/#\/schema\/person\/ab5b330ed5ed05f1b4a7b8e438f68187","name":"Fyno","image":{"@type":"ImageObject","inLanguage":"pt-PT","@id":"https:\/\/fyno.pt\/wp-content\/litespeed\/avatar\/8f51870e8d94c234e288da840d914372.jpg?ver=1788205134","url":"https:\/\/fyno.pt\/wp-content\/litespeed\/avatar\/8f51870e8d94c234e288da840d914372.jpg?ver=1788205134","contentUrl":"https:\/\/fyno.pt\/wp-content\/litespeed\/avatar\/8f51870e8d94c234e288da840d914372.jpg?ver=1788205134","caption":"Fyno"},"description":"A sua fonte de informa\u00e7\u00e3o.","url":"https:\/\/fyno.pt\/pt\/author\/fynopt\/"}]}},"_links":{"self":[{"href":"https:\/\/fyno.pt\/pt\/wp-json\/wp\/v2\/posts\/43640","targetHints":{"allow":["GET"]}}],"collection":[{"href":"https:\/\/fyno.pt\/pt\/wp-json\/wp\/v2\/posts"}],"about":[{"href":"https:\/\/fyno.pt\/pt\/wp-json\/wp\/v2\/types\/post"}],"author":[{"embeddable":true,"href":"https:\/\/fyno.pt\/pt\/wp-json\/wp\/v2\/users\/9"}],"replies":[{"embeddable":true,"href":"https:\/\/fyno.pt\/pt\/wp-json\/wp\/v2\/comments?post=43640"}],"version-history":[{"count":1,"href":"https:\/\/fyno.pt\/pt\/wp-json\/wp\/v2\/posts\/43640\/revisions"}],"predecessor-version":[{"id":43642,"href":"https:\/\/fyno.pt\/pt\/wp-json\/wp\/v2\/posts\/43640\/revisions\/43642"}],"wp:featuredmedia":[{"embeddable":true,"href":"https:\/\/fyno.pt\/pt\/wp-json\/wp\/v2\/media\/43641"}],"wp:attachment":[{"href":"https:\/\/fyno.pt\/pt\/wp-json\/wp\/v2\/media?parent=43640"}],"wp:term":[{"taxonomy":"category","embeddable":true,"href":"https:\/\/fyno.pt\/pt\/wp-json\/wp\/v2\/categories?post=43640"},{"taxonomy":"post_tag","embeddable":true,"href":"https:\/\/fyno.pt\/pt\/wp-json\/wp\/v2\/tags?post=43640"}],"curies":[{"name":"wp","href":"https:\/\/api.w.org\/{rel}","templated":true}]}}