{"id":43637,"date":"2026-09-02T11:54:25","date_gmt":"2026-09-02T14:54:25","guid":{"rendered":"https:\/\/fyno.pt\/?p=43637"},"modified":"2026-09-02T11:54:25","modified_gmt":"2026-09-02T14:54:25","slug":"joao-brigido-lideranca-philip-morris","status":"publish","type":"post","link":"https:\/\/fyno.pt\/pt\/news\/joao-brigido-lideranca-philip-morris\/","title":{"rendered":"Jo\u00e3o Br\u00edgido assume lideran\u00e7a da maior f\u00e1brica da Philip Morris na It\u00e1lia"},"content":{"rendered":"<p>Jo\u00e3o Br\u00edgido, que at\u00e9 ent\u00e3o ocupava o cargo de diretor da f\u00e1brica da Tabaqueira, foi nomeado para liderar a maior unidade da Philip Morris International (PMI) em Crespellano, localizada na regi\u00e3o de Bolonha, It\u00e1lia.<\/p>\n\n\n\n<h2 class=\"wp-block-heading\">Nova fun\u00e7\u00e3o<\/h2>\n\n\n\n<p>Br\u00edgido traz consigo a experi\u00eancia adquirida na Tabaqueira, onde foi respons\u00e1vel por opera\u00e7\u00f5es significativas. Sua nova posi\u00e7\u00e3o na PMI o coloca em um papel estrat\u00e9gico, \u00e0 frente de uma das mais importantes f\u00e1bricas do grupo, que desempenha um papel crucial na produ\u00e7\u00e3o e desenvolvimento de produtos da empresa.<\/p>\n\n\n\n<h2 class=\"wp-block-heading\">Philip Morris e a Tabaqueira<\/h2>\n\n\n\n<p>A Tabaqueira, que faz parte do portf\u00f3lio da Philip Morris, tem se destacado na ind\u00fastria de tabaco, e a transi\u00e7\u00e3o de Br\u00edgido para a lideran\u00e7a da f\u00e1brica em Crespellano representa uma continuidade de sua trajet\u00f3ria profissional na \u00e1rea. A PMI, conhecida por suas inova\u00e7\u00f5es e compromisso com a redu\u00e7\u00e3o de danos, espera que a experi\u00eancia de Br\u00edgido contribua para seus objetivos estrat\u00e9gicos.<\/p>\n\n\n\n<h2 class=\"wp-block-heading\">Expectativas futuras<\/h2>\n\n\n\n<p>A expectativa \u00e9 que com Jo\u00e3o Br\u00edgido na lideran\u00e7a, a unidade em Crespellano n\u00e3o apenas mantenha seus altos padr\u00f5es de produ\u00e7\u00e3o, mas tamb\u00e9m avance em iniciativas que visam a transforma\u00e7\u00e3o da ind\u00fastria de tabaco. Sua experi\u00eancia ser\u00e1 fundamental para enfrentar os desafios do setor e promover inova\u00e7\u00f5es.<\/p>","protected":false},"excerpt":{"rendered":"<p>Ex-diretor da Tabaqueira agora comanda unidade em Crespellano, Bolonha.<\/p>","protected":false},"author":9,"featured_media":43638,"comment_status":"open","ping_status":"open","sticky":false,"template":"","format":"standard","meta":{"footnotes":""},"categories":[560],"tags":[2097,2094,1127,2095,2096],"class_list":["post-43637","post","type-post","status-publish","format-standard","has-post-thumbnail","hentry","category-news","tag-industria-de-tabaco","tag-joao-brigido","tag-lideranca","tag-philip-morris","tag-tabaqueira"],"yoast_head":"<!-- This site is optimized with the Yoast SEO Premium plugin v27.9 (Yoast SEO v27.9) - https:\/\/yoast.com\/product\/yoast-seo-premium-wordpress\/ -->\n<title>jo\u00e3o br\u00edgido assume lideran\u00e7a da maior f\u00e1brica da philip morris na it\u00e1lia<\/title>\n<meta name=\"description\" content=\"Jo\u00e3o Br\u00edgido \u00e9 nomeado l\u00edder da maior f\u00e1brica da Philip Morris na It\u00e1lia, trazendo experi\u00eancia da Tabaqueira.\" \/>\n<meta name=\"robots\" content=\"index, follow, max-snippet:-1, max-image-preview:large, max-video-preview:-1\" \/>\n<link rel=\"canonical\" href=\"https:\/\/fyno.pt\/pt\/news\/joao-brigido-lideranca-philip-morris\/\" \/>\n<meta property=\"og:locale\" content=\"pt_PT\" \/>\n<meta property=\"og:type\" content=\"article\" \/>\n<meta property=\"og:title\" content=\"Jo\u00e3o Br\u00edgido assume lideran\u00e7a da maior f\u00e1brica da Philip Morris na It\u00e1lia\" \/>\n<meta property=\"og:description\" content=\"Jo\u00e3o Br\u00edgido \u00e9 nomeado l\u00edder da maior f\u00e1brica da Philip Morris na It\u00e1lia, trazendo experi\u00eancia da Tabaqueira.\" \/>\n<meta property=\"og:url\" content=\"https:\/\/fyno.pt\/pt\/news\/joao-brigido-lideranca-philip-morris\/\" \/>\n<meta property=\"og:site_name\" content=\"Fyno\" \/>\n<meta property=\"article:published_time\" content=\"2026-09-02T14:54:25+00:00\" \/>\n<meta property=\"og:image\" content=\"https:\/\/fyno.pt\/wp-content\/uploads\/2026\/09\/Joao-Brigido-1536x1024-1.jpg\" \/>\n\t<meta property=\"og:image:width\" content=\"1200\" \/>\n\t<meta property=\"og:image:height\" content=\"800\" \/>\n\t<meta property=\"og:image:type\" content=\"image\/webp\" \/>\n<meta name=\"author\" content=\"Fyno\" \/>\n<meta name=\"twitter:card\" content=\"summary_large_image\" \/>\n<meta name=\"twitter:label1\" content=\"Escrito por\" \/>\n\t<meta name=\"twitter:data1\" content=\"Fyno\" \/>\n\t<meta name=\"twitter:label2\" content=\"Tempo estimado de leitura\" \/>\n\t<meta name=\"twitter:data2\" content=\"1 minuto\" \/>\n<script type=\"application\/ld+json\" class=\"yoast-schema-graph\">{\"@context\":\"https:\\\/\\\/schema.org\",\"@graph\":[{\"@type\":\"Article\",\"@id\":\"https:\\\/\\\/fyno.pt\\\/news\\\/joao-brigido-lideranca-philip-morris\\\/#article\",\"isPartOf\":{\"@id\":\"https:\\\/\\\/fyno.pt\\\/news\\\/joao-brigido-lideranca-philip-morris\\\/\"},\"author\":{\"name\":\"Fyno\",\"@id\":\"https:\\\/\\\/fyno.pt\\\/#\\\/schema\\\/person\\\/ab5b330ed5ed05f1b4a7b8e438f68187\"},\"headline\":\"Jo\u00e3o Br\u00edgido assume lideran\u00e7a da maior f\u00e1brica da Philip Morris na It\u00e1lia\",\"datePublished\":\"2026-09-02T14:54:25+00:00\",\"mainEntityOfPage\":{\"@id\":\"https:\\\/\\\/fyno.pt\\\/news\\\/joao-brigido-lideranca-philip-morris\\\/\"},\"wordCount\":253,\"commentCount\":0,\"image\":{\"@id\":\"https:\\\/\\\/fyno.pt\\\/news\\\/joao-brigido-lideranca-philip-morris\\\/#primaryimage\"},\"thumbnailUrl\":\"https:\\\/\\\/fyno.pt\\\/wp-content\\\/uploads\\\/2026\\\/09\\\/Joao-Brigido-1536x1024-1.jpg\",\"keywords\":[\"ind\u00fastria de tabaco\",\"Jo\u00e3o Br\u00edgido\",\"lideran\u00e7a\",\"Philip Morris\",\"Tabaqueira\"],\"articleSection\":[\"News\"],\"inLanguage\":\"pt-PT\",\"potentialAction\":[{\"@type\":\"CommentAction\",\"name\":\"Comment\",\"target\":[\"https:\\\/\\\/fyno.pt\\\/news\\\/joao-brigido-lideranca-philip-morris\\\/#respond\"]}]},{\"@type\":\"WebPage\",\"@id\":\"https:\\\/\\\/fyno.pt\\\/news\\\/joao-brigido-lideranca-philip-morris\\\/\",\"url\":\"https:\\\/\\\/fyno.pt\\\/news\\\/joao-brigido-lideranca-philip-morris\\\/\",\"name\":\"jo\u00e3o br\u00edgido assume lideran\u00e7a da maior f\u00e1brica da philip morris na it\u00e1lia\",\"isPartOf\":{\"@id\":\"https:\\\/\\\/fyno.pt\\\/#website\"},\"primaryImageOfPage\":{\"@id\":\"https:\\\/\\\/fyno.pt\\\/news\\\/joao-brigido-lideranca-philip-morris\\\/#primaryimage\"},\"image\":{\"@id\":\"https:\\\/\\\/fyno.pt\\\/news\\\/joao-brigido-lideranca-philip-morris\\\/#primaryimage\"},\"thumbnailUrl\":\"https:\\\/\\\/fyno.pt\\\/wp-content\\\/uploads\\\/2026\\\/09\\\/Joao-Brigido-1536x1024-1.jpg\",\"datePublished\":\"2026-09-02T14:54:25+00:00\",\"author\":{\"@id\":\"https:\\\/\\\/fyno.pt\\\/#\\\/schema\\\/person\\\/ab5b330ed5ed05f1b4a7b8e438f68187\"},\"description\":\"Jo\u00e3o Br\u00edgido \u00e9 nomeado l\u00edder da maior f\u00e1brica da Philip Morris na It\u00e1lia, trazendo experi\u00eancia da Tabaqueira.\",\"breadcrumb\":{\"@id\":\"https:\\\/\\\/fyno.pt\\\/news\\\/joao-brigido-lideranca-philip-morris\\\/#breadcrumb\"},\"inLanguage\":\"pt-PT\",\"potentialAction\":[{\"@type\":\"ReadAction\",\"target\":[\"https:\\\/\\\/fyno.pt\\\/news\\\/joao-brigido-lideranca-philip-morris\\\/\"]}]},{\"@type\":\"ImageObject\",\"inLanguage\":\"pt-PT\",\"@id\":\"https:\\\/\\\/fyno.pt\\\/news\\\/joao-brigido-lideranca-philip-morris\\\/#primaryimage\",\"url\":\"https:\\\/\\\/fyno.pt\\\/wp-content\\\/uploads\\\/2026\\\/09\\\/Joao-Brigido-1536x1024-1.jpg\",\"contentUrl\":\"https:\\\/\\\/fyno.pt\\\/wp-content\\\/uploads\\\/2026\\\/09\\\/Joao-Brigido-1536x1024-1.jpg\",\"width\":1200,\"height\":800,\"caption\":\"Portugu\u00eas Jo\u00e3o Br\u00edgido vai liderar a maior f\u00e1brica do mundo da dona da Tabaqueira\"},{\"@type\":\"BreadcrumbList\",\"@id\":\"https:\\\/\\\/fyno.pt\\\/news\\\/joao-brigido-lideranca-philip-morris\\\/#breadcrumb\",\"itemListElement\":[{\"@type\":\"ListItem\",\"position\":1,\"name\":\"In\u00edcio\",\"item\":\"https:\\\/\\\/fyno.pt\\\/\"},{\"@type\":\"ListItem\",\"position\":2,\"name\":\"Jo\u00e3o Br\u00edgido assume lideran\u00e7a da maior f\u00e1brica da Philip Morris na It\u00e1lia\"}]},{\"@type\":\"WebSite\",\"@id\":\"https:\\\/\\\/fyno.pt\\\/#website\",\"url\":\"https:\\\/\\\/fyno.pt\\\/\",\"name\":\"Fyno\",\"description\":\"Not\u00edcia e informa\u00e7\u00e3o\",\"potentialAction\":[{\"@type\":\"SearchAction\",\"target\":{\"@type\":\"EntryPoint\",\"urlTemplate\":\"https:\\\/\\\/fyno.pt\\\/?s={search_term_string}\"},\"query-input\":{\"@type\":\"PropertyValueSpecification\",\"valueRequired\":true,\"valueName\":\"search_term_string\"}}],\"inLanguage\":\"pt-PT\"},{\"@type\":\"Person\",\"@id\":\"https:\\\/\\\/fyno.pt\\\/#\\\/schema\\\/person\\\/ab5b330ed5ed05f1b4a7b8e438f68187\",\"name\":\"Fyno\",\"image\":{\"@type\":\"ImageObject\",\"inLanguage\":\"pt-PT\",\"@id\":\"https:\\\/\\\/fyno.pt\\\/wp-content\\\/litespeed\\\/avatar\\\/8f51870e8d94c234e288da840d914372.jpg?ver=1788205134\",\"url\":\"https:\\\/\\\/fyno.pt\\\/wp-content\\\/litespeed\\\/avatar\\\/8f51870e8d94c234e288da840d914372.jpg?ver=1788205134\",\"contentUrl\":\"https:\\\/\\\/fyno.pt\\\/wp-content\\\/litespeed\\\/avatar\\\/8f51870e8d94c234e288da840d914372.jpg?ver=1788205134\",\"caption\":\"Fyno\"},\"description\":\"A sua fonte de informa\u00e7\u00e3o.\",\"url\":\"https:\\\/\\\/fyno.pt\\\/pt\\\/author\\\/fynopt\\\/\"}]}<\/script>\n<!-- \/ Yoast SEO Premium plugin. -->","yoast_head_json":{"title":"jo\u00e3o br\u00edgido assume lideran\u00e7a da maior f\u00e1brica da philip morris na it\u00e1lia","description":"Jo\u00e3o Br\u00edgido \u00e9 nomeado l\u00edder da maior f\u00e1brica da Philip Morris na It\u00e1lia, trazendo experi\u00eancia da Tabaqueira.","robots":{"index":"index","follow":"follow","max-snippet":"max-snippet:-1","max-image-preview":"max-image-preview:large","max-video-preview":"max-video-preview:-1"},"canonical":"https:\/\/fyno.pt\/pt\/news\/joao-brigido-lideranca-philip-morris\/","og_locale":"pt_PT","og_type":"article","og_title":"Jo\u00e3o Br\u00edgido assume lideran\u00e7a da maior f\u00e1brica da Philip Morris na It\u00e1lia","og_description":"Jo\u00e3o Br\u00edgido \u00e9 nomeado l\u00edder da maior f\u00e1brica da Philip Morris na It\u00e1lia, trazendo experi\u00eancia da Tabaqueira.","og_url":"https:\/\/fyno.pt\/pt\/news\/joao-brigido-lideranca-philip-morris\/","og_site_name":"Fyno","article_published_time":"2026-09-02T14:54:25+00:00","og_image":[{"width":1200,"height":800,"url":"https:\/\/fyno.pt\/wp-content\/uploads\/2026\/09\/Joao-Brigido-1536x1024-1.jpg","type":"image\/webp"}],"author":"Fyno","twitter_card":"summary_large_image","twitter_misc":{"Escrito por":"Fyno","Tempo estimado de leitura":"1 minuto"},"schema":{"@context":"https:\/\/schema.org","@graph":[{"@type":"Article","@id":"https:\/\/fyno.pt\/news\/joao-brigido-lideranca-philip-morris\/#article","isPartOf":{"@id":"https:\/\/fyno.pt\/news\/joao-brigido-lideranca-philip-morris\/"},"author":{"name":"Fyno","@id":"https:\/\/fyno.pt\/#\/schema\/person\/ab5b330ed5ed05f1b4a7b8e438f68187"},"headline":"Jo\u00e3o Br\u00edgido assume lideran\u00e7a da maior f\u00e1brica da Philip Morris na It\u00e1lia","datePublished":"2026-09-02T14:54:25+00:00","mainEntityOfPage":{"@id":"https:\/\/fyno.pt\/news\/joao-brigido-lideranca-philip-morris\/"},"wordCount":253,"commentCount":0,"image":{"@id":"https:\/\/fyno.pt\/news\/joao-brigido-lideranca-philip-morris\/#primaryimage"},"thumbnailUrl":"https:\/\/fyno.pt\/wp-content\/uploads\/2026\/09\/Joao-Brigido-1536x1024-1.jpg","keywords":["ind\u00fastria de tabaco","Jo\u00e3o Br\u00edgido","lideran\u00e7a","Philip Morris","Tabaqueira"],"articleSection":["News"],"inLanguage":"pt-PT","potentialAction":[{"@type":"CommentAction","name":"Comment","target":["https:\/\/fyno.pt\/news\/joao-brigido-lideranca-philip-morris\/#respond"]}]},{"@type":"WebPage","@id":"https:\/\/fyno.pt\/news\/joao-brigido-lideranca-philip-morris\/","url":"https:\/\/fyno.pt\/news\/joao-brigido-lideranca-philip-morris\/","name":"jo\u00e3o br\u00edgido assume lideran\u00e7a da maior f\u00e1brica da philip morris na it\u00e1lia","isPartOf":{"@id":"https:\/\/fyno.pt\/#website"},"primaryImageOfPage":{"@id":"https:\/\/fyno.pt\/news\/joao-brigido-lideranca-philip-morris\/#primaryimage"},"image":{"@id":"https:\/\/fyno.pt\/news\/joao-brigido-lideranca-philip-morris\/#primaryimage"},"thumbnailUrl":"https:\/\/fyno.pt\/wp-content\/uploads\/2026\/09\/Joao-Brigido-1536x1024-1.jpg","datePublished":"2026-09-02T14:54:25+00:00","author":{"@id":"https:\/\/fyno.pt\/#\/schema\/person\/ab5b330ed5ed05f1b4a7b8e438f68187"},"description":"Jo\u00e3o Br\u00edgido \u00e9 nomeado l\u00edder da maior f\u00e1brica da Philip Morris na It\u00e1lia, trazendo experi\u00eancia da Tabaqueira.","breadcrumb":{"@id":"https:\/\/fyno.pt\/news\/joao-brigido-lideranca-philip-morris\/#breadcrumb"},"inLanguage":"pt-PT","potentialAction":[{"@type":"ReadAction","target":["https:\/\/fyno.pt\/news\/joao-brigido-lideranca-philip-morris\/"]}]},{"@type":"ImageObject","inLanguage":"pt-PT","@id":"https:\/\/fyno.pt\/news\/joao-brigido-lideranca-philip-morris\/#primaryimage","url":"https:\/\/fyno.pt\/wp-content\/uploads\/2026\/09\/Joao-Brigido-1536x1024-1.jpg","contentUrl":"https:\/\/fyno.pt\/wp-content\/uploads\/2026\/09\/Joao-Brigido-1536x1024-1.jpg","width":1200,"height":800,"caption":"Portugu\u00eas Jo\u00e3o Br\u00edgido vai liderar a maior f\u00e1brica do mundo da dona da Tabaqueira"},{"@type":"BreadcrumbList","@id":"https:\/\/fyno.pt\/news\/joao-brigido-lideranca-philip-morris\/#breadcrumb","itemListElement":[{"@type":"ListItem","position":1,"name":"In\u00edcio","item":"https:\/\/fyno.pt\/"},{"@type":"ListItem","position":2,"name":"Jo\u00e3o Br\u00edgido assume lideran\u00e7a da maior f\u00e1brica da Philip Morris na It\u00e1lia"}]},{"@type":"WebSite","@id":"https:\/\/fyno.pt\/#website","url":"https:\/\/fyno.pt\/","name":"Fyno","description":"Not\u00edcia e informa\u00e7\u00e3o","potentialAction":[{"@type":"SearchAction","target":{"@type":"EntryPoint","urlTemplate":"https:\/\/fyno.pt\/?s={search_term_string}"},"query-input":{"@type":"PropertyValueSpecification","valueRequired":true,"valueName":"search_term_string"}}],"inLanguage":"pt-PT"},{"@type":"Person","@id":"https:\/\/fyno.pt\/#\/schema\/person\/ab5b330ed5ed05f1b4a7b8e438f68187","name":"Fyno","image":{"@type":"ImageObject","inLanguage":"pt-PT","@id":"https:\/\/fyno.pt\/wp-content\/litespeed\/avatar\/8f51870e8d94c234e288da840d914372.jpg?ver=1788205134","url":"https:\/\/fyno.pt\/wp-content\/litespeed\/avatar\/8f51870e8d94c234e288da840d914372.jpg?ver=1788205134","contentUrl":"https:\/\/fyno.pt\/wp-content\/litespeed\/avatar\/8f51870e8d94c234e288da840d914372.jpg?ver=1788205134","caption":"Fyno"},"description":"A sua fonte de informa\u00e7\u00e3o.","url":"https:\/\/fyno.pt\/pt\/author\/fynopt\/"}]}},"_links":{"self":[{"href":"https:\/\/fyno.pt\/pt\/wp-json\/wp\/v2\/posts\/43637","targetHints":{"allow":["GET"]}}],"collection":[{"href":"https:\/\/fyno.pt\/pt\/wp-json\/wp\/v2\/posts"}],"about":[{"href":"https:\/\/fyno.pt\/pt\/wp-json\/wp\/v2\/types\/post"}],"author":[{"embeddable":true,"href":"https:\/\/fyno.pt\/pt\/wp-json\/wp\/v2\/users\/9"}],"replies":[{"embeddable":true,"href":"https:\/\/fyno.pt\/pt\/wp-json\/wp\/v2\/comments?post=43637"}],"version-history":[{"count":1,"href":"https:\/\/fyno.pt\/pt\/wp-json\/wp\/v2\/posts\/43637\/revisions"}],"predecessor-version":[{"id":43639,"href":"https:\/\/fyno.pt\/pt\/wp-json\/wp\/v2\/posts\/43637\/revisions\/43639"}],"wp:featuredmedia":[{"embeddable":true,"href":"https:\/\/fyno.pt\/pt\/wp-json\/wp\/v2\/media\/43638"}],"wp:attachment":[{"href":"https:\/\/fyno.pt\/pt\/wp-json\/wp\/v2\/media?parent=43637"}],"wp:term":[{"taxonomy":"category","embeddable":true,"href":"https:\/\/fyno.pt\/pt\/wp-json\/wp\/v2\/categories?post=43637"},{"taxonomy":"post_tag","embeddable":true,"href":"https:\/\/fyno.pt\/pt\/wp-json\/wp\/v2\/tags?post=43637"}],"curies":[{"name":"wp","href":"https:\/\/api.w.org\/{rel}","templated":true}]}}