{"id":43634,"date":"2026-09-02T11:54:08","date_gmt":"2026-09-02T14:54:08","guid":{"rendered":"https:\/\/fyno.pt\/?p=43634"},"modified":"2026-09-02T11:54:08","modified_gmt":"2026-09-02T14:54:08","slug":"utilidade-publica-gestao-combustiveis-alto-minho","status":"publish","type":"post","link":"https:\/\/fyno.pt\/pt\/mundo\/utilidade-publica-gestao-combustiveis-alto-minho\/","title":{"rendered":"Governo declara utilidade p\u00fablica urgente para gest\u00e3o de combust\u00edveis no Alto Minho"},"content":{"rendered":"<p>O Minist\u00e9rio da Agricultura e Mar anunciou a declara\u00e7\u00e3o de utilidade p\u00fablica, com car\u00e1ter de urg\u00eancia, para terrenos em diversas freguesias dos munic\u00edpios de Arcos de Valdevez e Mon\u00e7\u00e3o. A medida visa a cria\u00e7\u00e3o de faixas de gest\u00e3o de combust\u00edveis, conforme um despacho publicado recentemente.<\/p>\n\n\n\n<h2 class=\"wp-block-heading\">Detalhes da declara\u00e7\u00e3o<\/h2>\n\n\n\n<p>O documento, consultado pela ag\u00eancia Lusa no Di\u00e1rio da Rep\u00fablica, informa que a declara\u00e7\u00e3o \u00e9 necess\u00e1ria para a constitui\u00e7\u00e3o de uma servid\u00e3o administrativa, fundamental \u00e0 execu\u00e7\u00e3o da rede prim\u00e1ria de faixas de gest\u00e3o de combust\u00edveis. Essa rede de defesa contra inc\u00eandios ir\u00e1 abranger 91 parcelas de terrenos.<\/p>\n\n\n\n<p>As \u00e1reas afetadas incluem a freguesia de Sistelo, a Uni\u00e3o das Freguesias de Alvora e Loureda, al\u00e9m da Uni\u00e3o das Freguesias de Portela e Extremo, todas localizadas no concelho de Arcos de Valdevez. Em Mon\u00e7\u00e3o, a medida abrange a freguesia de Merufe e a Uni\u00e3o de Freguesias de Anh\u00f5es e Luzio.<\/p>\n\n\n\n<h2 class=\"wp-block-heading\">\u00c1rea e caracter\u00edsticas da servid\u00e3o<\/h2>\n\n\n\n<p>A servid\u00e3o administrativa contempla uma \u00e1rea total de 1.494.487,33 metros quadrados, com uma faixa de 126 metros de largura. O Instituto da Conserva\u00e7\u00e3o da Natureza e das Florestas (ICNF) ser\u00e1 respons\u00e1vel pelos encargos relacionados \u00e0 constitui\u00e7\u00e3o dessa servid\u00e3o, contando com a cobertura financeira or\u00e7ament\u00e1ria necess\u00e1ria.<\/p>\n\n\n\n<p>As faixas de gest\u00e3o de combust\u00edveis s\u00e3o consideradas redes de defesa prim\u00e1rias, secund\u00e1rias e terci\u00e1rias, com fun\u00e7\u00f5es essenciais para o combate a inc\u00eandios. Em particular, as faixas que comp\u00f5em a rede prim\u00e1ria t\u00eam o objetivo de reduzir a \u00e1rea percorrida por grandes inc\u00eandios, facilitando uma interven\u00e7\u00e3o direta no combate ao fogo.<\/p>\n\n\n\n<h2 class=\"wp-block-heading\">Objetivo da rede de prote\u00e7\u00e3o<\/h2>\n\n\n\n<p>A cria\u00e7\u00e3o dessa rede de faixas visa estabelecer, em locais estrat\u00e9gicos, condi\u00e7\u00f5es favor\u00e1veis ao combate a inc\u00eandios rurais, com a implanta\u00e7\u00e3o em territ\u00f3rios predominantemente rurais. Essa iniciativa \u00e9 parte de um esfor\u00e7o cont\u00ednuo para melhorar a gest\u00e3o de riscos e a seguran\u00e7a ambiental na regi\u00e3o do Alto Minho.<\/p>","protected":false},"excerpt":{"rendered":"<p>Medida abrange terrenos em Arcos de Valdevez e Mon\u00e7\u00e3o para criar faixas de prote\u00e7\u00e3o contra inc\u00eandios.<\/p>","protected":false},"author":9,"featured_media":43635,"comment_status":"open","ping_status":"open","sticky":false,"template":"","format":"standard","meta":{"footnotes":""},"categories":[51],"tags":[2091,2090,2092,2022,2093],"class_list":["post-43634","post","type-post","status-publish","format-standard","has-post-thumbnail","hentry","category-mundo","tag-alto-minho","tag-combustiveis","tag-gestao-ambiental","tag-incendios","tag-utilidade-publica"],"yoast_head":"<!-- This site is optimized with the Yoast SEO Premium plugin v27.9 (Yoast SEO v27.9) - https:\/\/yoast.com\/product\/yoast-seo-premium-wordpress\/ -->\n<title>governo declara utilidade p\u00fablica para gest\u00e3o de combust\u00edveis no alto minho<\/title>\n<meta name=\"description\" content=\"Governo declara utilidade p\u00fablica urgente para terrenos no Alto Minho visando gest\u00e3o de combust\u00edveis e preven\u00e7\u00e3o de inc\u00eandios.\" \/>\n<meta name=\"robots\" content=\"index, follow, max-snippet:-1, max-image-preview:large, max-video-preview:-1\" \/>\n<link rel=\"canonical\" href=\"https:\/\/fyno.pt\/pt\/mundo\/utilidade-publica-gestao-combustiveis-alto-minho\/\" \/>\n<meta property=\"og:locale\" content=\"pt_PT\" \/>\n<meta property=\"og:type\" content=\"article\" \/>\n<meta property=\"og:title\" content=\"Governo declara utilidade p\u00fablica urgente para gest\u00e3o de combust\u00edveis no Alto Minho\" \/>\n<meta property=\"og:description\" content=\"Governo declara utilidade p\u00fablica urgente para terrenos no Alto Minho visando gest\u00e3o de combust\u00edveis e preven\u00e7\u00e3o de inc\u00eandios.\" \/>\n<meta property=\"og:url\" content=\"https:\/\/fyno.pt\/pt\/mundo\/utilidade-publica-gestao-combustiveis-alto-minho\/\" \/>\n<meta property=\"og:site_name\" content=\"Fyno\" \/>\n<meta property=\"article:published_time\" content=\"2026-09-02T14:54:08+00:00\" \/>\n<meta property=\"og:image\" content=\"https:\/\/fyno.pt\/wp-content\/uploads\/2026\/09\/incendios-1160x630-1.jpg\" \/>\n\t<meta property=\"og:image:width\" content=\"1160\" \/>\n\t<meta property=\"og:image:height\" content=\"630\" \/>\n\t<meta property=\"og:image:type\" content=\"image\/jpeg\" \/>\n<meta name=\"author\" content=\"Fyno\" \/>\n<meta name=\"twitter:card\" content=\"summary_large_image\" \/>\n<meta name=\"twitter:label1\" content=\"Escrito por\" \/>\n\t<meta name=\"twitter:data1\" content=\"Fyno\" \/>\n\t<meta name=\"twitter:label2\" content=\"Tempo estimado de leitura\" \/>\n\t<meta name=\"twitter:data2\" content=\"2 minutos\" \/>\n<script type=\"application\/ld+json\" class=\"yoast-schema-graph\">{\"@context\":\"https:\\\/\\\/schema.org\",\"@graph\":[{\"@type\":\"Article\",\"@id\":\"https:\\\/\\\/fyno.pt\\\/mundo\\\/utilidade-publica-gestao-combustiveis-alto-minho\\\/#article\",\"isPartOf\":{\"@id\":\"https:\\\/\\\/fyno.pt\\\/mundo\\\/utilidade-publica-gestao-combustiveis-alto-minho\\\/\"},\"author\":{\"name\":\"Fyno\",\"@id\":\"https:\\\/\\\/fyno.pt\\\/#\\\/schema\\\/person\\\/ab5b330ed5ed05f1b4a7b8e438f68187\"},\"headline\":\"Governo declara utilidade p\u00fablica urgente para gest\u00e3o de combust\u00edveis no Alto Minho\",\"datePublished\":\"2026-09-02T14:54:08+00:00\",\"mainEntityOfPage\":{\"@id\":\"https:\\\/\\\/fyno.pt\\\/mundo\\\/utilidade-publica-gestao-combustiveis-alto-minho\\\/\"},\"wordCount\":373,\"commentCount\":0,\"image\":{\"@id\":\"https:\\\/\\\/fyno.pt\\\/mundo\\\/utilidade-publica-gestao-combustiveis-alto-minho\\\/#primaryimage\"},\"thumbnailUrl\":\"https:\\\/\\\/fyno.pt\\\/wp-content\\\/uploads\\\/2026\\\/09\\\/incendios-1160x630-1.jpg\",\"keywords\":[\"Alto Minho\",\"combust\u00edveis\",\"gest\u00e3o ambiental\",\"inc\u00eandios\",\"utilidade p\u00fablica\"],\"articleSection\":[\"Mundo\"],\"inLanguage\":\"pt-PT\",\"potentialAction\":[{\"@type\":\"CommentAction\",\"name\":\"Comment\",\"target\":[\"https:\\\/\\\/fyno.pt\\\/mundo\\\/utilidade-publica-gestao-combustiveis-alto-minho\\\/#respond\"]}]},{\"@type\":\"WebPage\",\"@id\":\"https:\\\/\\\/fyno.pt\\\/mundo\\\/utilidade-publica-gestao-combustiveis-alto-minho\\\/\",\"url\":\"https:\\\/\\\/fyno.pt\\\/mundo\\\/utilidade-publica-gestao-combustiveis-alto-minho\\\/\",\"name\":\"governo declara utilidade p\u00fablica para gest\u00e3o de combust\u00edveis no alto minho\",\"isPartOf\":{\"@id\":\"https:\\\/\\\/fyno.pt\\\/#website\"},\"primaryImageOfPage\":{\"@id\":\"https:\\\/\\\/fyno.pt\\\/mundo\\\/utilidade-publica-gestao-combustiveis-alto-minho\\\/#primaryimage\"},\"image\":{\"@id\":\"https:\\\/\\\/fyno.pt\\\/mundo\\\/utilidade-publica-gestao-combustiveis-alto-minho\\\/#primaryimage\"},\"thumbnailUrl\":\"https:\\\/\\\/fyno.pt\\\/wp-content\\\/uploads\\\/2026\\\/09\\\/incendios-1160x630-1.jpg\",\"datePublished\":\"2026-09-02T14:54:08+00:00\",\"author\":{\"@id\":\"https:\\\/\\\/fyno.pt\\\/#\\\/schema\\\/person\\\/ab5b330ed5ed05f1b4a7b8e438f68187\"},\"description\":\"Governo declara utilidade p\u00fablica urgente para terrenos no Alto Minho visando gest\u00e3o de combust\u00edveis e preven\u00e7\u00e3o de inc\u00eandios.\",\"breadcrumb\":{\"@id\":\"https:\\\/\\\/fyno.pt\\\/mundo\\\/utilidade-publica-gestao-combustiveis-alto-minho\\\/#breadcrumb\"},\"inLanguage\":\"pt-PT\",\"potentialAction\":[{\"@type\":\"ReadAction\",\"target\":[\"https:\\\/\\\/fyno.pt\\\/mundo\\\/utilidade-publica-gestao-combustiveis-alto-minho\\\/\"]}]},{\"@type\":\"ImageObject\",\"inLanguage\":\"pt-PT\",\"@id\":\"https:\\\/\\\/fyno.pt\\\/mundo\\\/utilidade-publica-gestao-combustiveis-alto-minho\\\/#primaryimage\",\"url\":\"https:\\\/\\\/fyno.pt\\\/wp-content\\\/uploads\\\/2026\\\/09\\\/incendios-1160x630-1.jpg\",\"contentUrl\":\"https:\\\/\\\/fyno.pt\\\/wp-content\\\/uploads\\\/2026\\\/09\\\/incendios-1160x630-1.jpg\",\"width\":1160,\"height\":630,\"caption\":\"Ivo Borges \\\/ O MINHO \\\/ Arquivo\"},{\"@type\":\"BreadcrumbList\",\"@id\":\"https:\\\/\\\/fyno.pt\\\/mundo\\\/utilidade-publica-gestao-combustiveis-alto-minho\\\/#breadcrumb\",\"itemListElement\":[{\"@type\":\"ListItem\",\"position\":1,\"name\":\"In\u00edcio\",\"item\":\"https:\\\/\\\/fyno.pt\\\/\"},{\"@type\":\"ListItem\",\"position\":2,\"name\":\"Governo declara utilidade p\u00fablica urgente para gest\u00e3o de combust\u00edveis no Alto Minho\"}]},{\"@type\":\"WebSite\",\"@id\":\"https:\\\/\\\/fyno.pt\\\/#website\",\"url\":\"https:\\\/\\\/fyno.pt\\\/\",\"name\":\"Fyno\",\"description\":\"Not\u00edcia e informa\u00e7\u00e3o\",\"potentialAction\":[{\"@type\":\"SearchAction\",\"target\":{\"@type\":\"EntryPoint\",\"urlTemplate\":\"https:\\\/\\\/fyno.pt\\\/?s={search_term_string}\"},\"query-input\":{\"@type\":\"PropertyValueSpecification\",\"valueRequired\":true,\"valueName\":\"search_term_string\"}}],\"inLanguage\":\"pt-PT\"},{\"@type\":\"Person\",\"@id\":\"https:\\\/\\\/fyno.pt\\\/#\\\/schema\\\/person\\\/ab5b330ed5ed05f1b4a7b8e438f68187\",\"name\":\"Fyno\",\"image\":{\"@type\":\"ImageObject\",\"inLanguage\":\"pt-PT\",\"@id\":\"https:\\\/\\\/fyno.pt\\\/wp-content\\\/litespeed\\\/avatar\\\/8f51870e8d94c234e288da840d914372.jpg?ver=1788205134\",\"url\":\"https:\\\/\\\/fyno.pt\\\/wp-content\\\/litespeed\\\/avatar\\\/8f51870e8d94c234e288da840d914372.jpg?ver=1788205134\",\"contentUrl\":\"https:\\\/\\\/fyno.pt\\\/wp-content\\\/litespeed\\\/avatar\\\/8f51870e8d94c234e288da840d914372.jpg?ver=1788205134\",\"caption\":\"Fyno\"},\"description\":\"A sua fonte de informa\u00e7\u00e3o.\",\"url\":\"https:\\\/\\\/fyno.pt\\\/pt\\\/author\\\/fynopt\\\/\"}]}<\/script>\n<!-- \/ Yoast SEO Premium plugin. -->","yoast_head_json":{"title":"governo declara utilidade p\u00fablica para gest\u00e3o de combust\u00edveis no alto minho","description":"Governo declara utilidade p\u00fablica urgente para terrenos no Alto Minho visando gest\u00e3o de combust\u00edveis e preven\u00e7\u00e3o de inc\u00eandios.","robots":{"index":"index","follow":"follow","max-snippet":"max-snippet:-1","max-image-preview":"max-image-preview:large","max-video-preview":"max-video-preview:-1"},"canonical":"https:\/\/fyno.pt\/pt\/mundo\/utilidade-publica-gestao-combustiveis-alto-minho\/","og_locale":"pt_PT","og_type":"article","og_title":"Governo declara utilidade p\u00fablica urgente para gest\u00e3o de combust\u00edveis no Alto Minho","og_description":"Governo declara utilidade p\u00fablica urgente para terrenos no Alto Minho visando gest\u00e3o de combust\u00edveis e preven\u00e7\u00e3o de inc\u00eandios.","og_url":"https:\/\/fyno.pt\/pt\/mundo\/utilidade-publica-gestao-combustiveis-alto-minho\/","og_site_name":"Fyno","article_published_time":"2026-09-02T14:54:08+00:00","og_image":[{"width":1160,"height":630,"url":"https:\/\/fyno.pt\/wp-content\/uploads\/2026\/09\/incendios-1160x630-1.jpg","type":"image\/jpeg"}],"author":"Fyno","twitter_card":"summary_large_image","twitter_misc":{"Escrito por":"Fyno","Tempo estimado de leitura":"2 minutos"},"schema":{"@context":"https:\/\/schema.org","@graph":[{"@type":"Article","@id":"https:\/\/fyno.pt\/mundo\/utilidade-publica-gestao-combustiveis-alto-minho\/#article","isPartOf":{"@id":"https:\/\/fyno.pt\/mundo\/utilidade-publica-gestao-combustiveis-alto-minho\/"},"author":{"name":"Fyno","@id":"https:\/\/fyno.pt\/#\/schema\/person\/ab5b330ed5ed05f1b4a7b8e438f68187"},"headline":"Governo declara utilidade p\u00fablica urgente para gest\u00e3o de combust\u00edveis no Alto Minho","datePublished":"2026-09-02T14:54:08+00:00","mainEntityOfPage":{"@id":"https:\/\/fyno.pt\/mundo\/utilidade-publica-gestao-combustiveis-alto-minho\/"},"wordCount":373,"commentCount":0,"image":{"@id":"https:\/\/fyno.pt\/mundo\/utilidade-publica-gestao-combustiveis-alto-minho\/#primaryimage"},"thumbnailUrl":"https:\/\/fyno.pt\/wp-content\/uploads\/2026\/09\/incendios-1160x630-1.jpg","keywords":["Alto Minho","combust\u00edveis","gest\u00e3o ambiental","inc\u00eandios","utilidade p\u00fablica"],"articleSection":["Mundo"],"inLanguage":"pt-PT","potentialAction":[{"@type":"CommentAction","name":"Comment","target":["https:\/\/fyno.pt\/mundo\/utilidade-publica-gestao-combustiveis-alto-minho\/#respond"]}]},{"@type":"WebPage","@id":"https:\/\/fyno.pt\/mundo\/utilidade-publica-gestao-combustiveis-alto-minho\/","url":"https:\/\/fyno.pt\/mundo\/utilidade-publica-gestao-combustiveis-alto-minho\/","name":"governo declara utilidade p\u00fablica para gest\u00e3o de combust\u00edveis no alto minho","isPartOf":{"@id":"https:\/\/fyno.pt\/#website"},"primaryImageOfPage":{"@id":"https:\/\/fyno.pt\/mundo\/utilidade-publica-gestao-combustiveis-alto-minho\/#primaryimage"},"image":{"@id":"https:\/\/fyno.pt\/mundo\/utilidade-publica-gestao-combustiveis-alto-minho\/#primaryimage"},"thumbnailUrl":"https:\/\/fyno.pt\/wp-content\/uploads\/2026\/09\/incendios-1160x630-1.jpg","datePublished":"2026-09-02T14:54:08+00:00","author":{"@id":"https:\/\/fyno.pt\/#\/schema\/person\/ab5b330ed5ed05f1b4a7b8e438f68187"},"description":"Governo declara utilidade p\u00fablica urgente para terrenos no Alto Minho visando gest\u00e3o de combust\u00edveis e preven\u00e7\u00e3o de inc\u00eandios.","breadcrumb":{"@id":"https:\/\/fyno.pt\/mundo\/utilidade-publica-gestao-combustiveis-alto-minho\/#breadcrumb"},"inLanguage":"pt-PT","potentialAction":[{"@type":"ReadAction","target":["https:\/\/fyno.pt\/mundo\/utilidade-publica-gestao-combustiveis-alto-minho\/"]}]},{"@type":"ImageObject","inLanguage":"pt-PT","@id":"https:\/\/fyno.pt\/mundo\/utilidade-publica-gestao-combustiveis-alto-minho\/#primaryimage","url":"https:\/\/fyno.pt\/wp-content\/uploads\/2026\/09\/incendios-1160x630-1.jpg","contentUrl":"https:\/\/fyno.pt\/wp-content\/uploads\/2026\/09\/incendios-1160x630-1.jpg","width":1160,"height":630,"caption":"Ivo Borges \/ O MINHO \/ Arquivo"},{"@type":"BreadcrumbList","@id":"https:\/\/fyno.pt\/mundo\/utilidade-publica-gestao-combustiveis-alto-minho\/#breadcrumb","itemListElement":[{"@type":"ListItem","position":1,"name":"In\u00edcio","item":"https:\/\/fyno.pt\/"},{"@type":"ListItem","position":2,"name":"Governo declara utilidade p\u00fablica urgente para gest\u00e3o de combust\u00edveis no Alto Minho"}]},{"@type":"WebSite","@id":"https:\/\/fyno.pt\/#website","url":"https:\/\/fyno.pt\/","name":"Fyno","description":"Not\u00edcia e informa\u00e7\u00e3o","potentialAction":[{"@type":"SearchAction","target":{"@type":"EntryPoint","urlTemplate":"https:\/\/fyno.pt\/?s={search_term_string}"},"query-input":{"@type":"PropertyValueSpecification","valueRequired":true,"valueName":"search_term_string"}}],"inLanguage":"pt-PT"},{"@type":"Person","@id":"https:\/\/fyno.pt\/#\/schema\/person\/ab5b330ed5ed05f1b4a7b8e438f68187","name":"Fyno","image":{"@type":"ImageObject","inLanguage":"pt-PT","@id":"https:\/\/fyno.pt\/wp-content\/litespeed\/avatar\/8f51870e8d94c234e288da840d914372.jpg?ver=1788205134","url":"https:\/\/fyno.pt\/wp-content\/litespeed\/avatar\/8f51870e8d94c234e288da840d914372.jpg?ver=1788205134","contentUrl":"https:\/\/fyno.pt\/wp-content\/litespeed\/avatar\/8f51870e8d94c234e288da840d914372.jpg?ver=1788205134","caption":"Fyno"},"description":"A sua fonte de informa\u00e7\u00e3o.","url":"https:\/\/fyno.pt\/pt\/author\/fynopt\/"}]}},"_links":{"self":[{"href":"https:\/\/fyno.pt\/pt\/wp-json\/wp\/v2\/posts\/43634","targetHints":{"allow":["GET"]}}],"collection":[{"href":"https:\/\/fyno.pt\/pt\/wp-json\/wp\/v2\/posts"}],"about":[{"href":"https:\/\/fyno.pt\/pt\/wp-json\/wp\/v2\/types\/post"}],"author":[{"embeddable":true,"href":"https:\/\/fyno.pt\/pt\/wp-json\/wp\/v2\/users\/9"}],"replies":[{"embeddable":true,"href":"https:\/\/fyno.pt\/pt\/wp-json\/wp\/v2\/comments?post=43634"}],"version-history":[{"count":1,"href":"https:\/\/fyno.pt\/pt\/wp-json\/wp\/v2\/posts\/43634\/revisions"}],"predecessor-version":[{"id":43636,"href":"https:\/\/fyno.pt\/pt\/wp-json\/wp\/v2\/posts\/43634\/revisions\/43636"}],"wp:featuredmedia":[{"embeddable":true,"href":"https:\/\/fyno.pt\/pt\/wp-json\/wp\/v2\/media\/43635"}],"wp:attachment":[{"href":"https:\/\/fyno.pt\/pt\/wp-json\/wp\/v2\/media?parent=43634"}],"wp:term":[{"taxonomy":"category","embeddable":true,"href":"https:\/\/fyno.pt\/pt\/wp-json\/wp\/v2\/categories?post=43634"},{"taxonomy":"post_tag","embeddable":true,"href":"https:\/\/fyno.pt\/pt\/wp-json\/wp\/v2\/tags?post=43634"}],"curies":[{"name":"wp","href":"https:\/\/api.w.org\/{rel}","templated":true}]}}