{"id":43631,"date":"2026-09-02T11:24:06","date_gmt":"2026-09-02T14:24:06","guid":{"rendered":"https:\/\/fyno.pt\/?p=43631"},"modified":"2026-09-02T11:24:06","modified_gmt":"2026-09-02T14:24:06","slug":"crise-supremo-brasil-revelacoes-juiz-bolsonaro","status":"publish","type":"post","link":"https:\/\/fyno.pt\/pt\/news\/crise-supremo-brasil-revelacoes-juiz-bolsonaro\/","title":{"rendered":"Crise no Supremo do Brasil ap\u00f3s revela\u00e7\u00f5es sobre juiz ligado a Bolsonaro"},"content":{"rendered":"<p>O Supremo Tribunal Federal do Brasil enfrenta uma crise interna ap\u00f3s um juiz da corte, indicado por Jair Bolsonaro, divulgar um inqu\u00e9rito que envolve um colega. Este juiz, que foi respons\u00e1vel por condenar o ex-presidente, aparece em mensagens que levantam questionamentos sobre sua conduta. A situa\u00e7\u00e3o gerou um clamor por parte da oposi\u00e7\u00e3o, que j\u00e1 exige o impeachment do magistrado.<\/p>\n\n\n\n<h2 class=\"wp-block-heading\">Revela\u00e7\u00f5es comprometedoras<\/h2>\n\n\n\n<p>As mensagens reveladas no inqu\u00e9rito colocam em xeque a integridade do juiz mencionado, pois indicam poss\u00edveis irregularidades em sua atua\u00e7\u00e3o. Este epis\u00f3dio n\u00e3o apenas abala a confian\u00e7a nas institui\u00e7\u00f5es judiciais, mas tamb\u00e9m acirra os \u00e2nimos no cen\u00e1rio pol\u00edtico, com partidos opositores aproveitando a oportunidade para questionar a legitimidade das decis\u00f5es do Supremo.<\/p>\n\n\n\n<h2 class=\"wp-block-heading\">Press\u00e3o pol\u00edtica e exig\u00eancias de impeachment<\/h2>\n\n\n\n<p>A press\u00e3o sobre o Supremo aumentou com as novas informa\u00e7\u00f5es, levando integrantes da oposi\u00e7\u00e3o a exigir a responsabiliza\u00e7\u00e3o do juiz. Esse movimento \u00e9 visto como parte de uma estrat\u00e9gia mais ampla para deslegitimar decis\u00f5es judiciais que t\u00eam sido desfavor\u00e1veis ao ex-presidente e seus aliados, criando um ambiente de instabilidade pol\u00edtica.<\/p>\n\n\n\n<h2 class=\"wp-block-heading\">Cen\u00e1rio atual e pr\u00f3ximos passos<\/h2>\n\n\n\n<p>O Supremo agora se v\u00ea em uma posi\u00e7\u00e3o delicada, tendo que lidar com as repercuss\u00f5es das revela\u00e7\u00f5es e a crescente insatisfa\u00e7\u00e3o pol\u00edtica. A continuidade do inqu\u00e9rito e as poss\u00edveis consequ\u00eancias para o juiz implicado ainda est\u00e3o em aberto, mas a situa\u00e7\u00e3o ressalta a import\u00e2ncia da transpar\u00eancia e da \u00e9tica dentro das institui\u00e7\u00f5es judiciais.<\/p>","protected":false},"excerpt":{"rendered":"<p>Inqu\u00e9rito exp\u00f5e mensagens de juiz que condenou ex-presidente, gerando press\u00e3o pol\u00edtica.<\/p>","protected":false},"author":9,"featured_media":43632,"comment_status":"open","ping_status":"open","sticky":false,"template":"","format":"standard","meta":{"footnotes":""},"categories":[560],"tags":[2088,2089,2000,1040,2087],"class_list":["post-43631","post","type-post","status-publish","format-standard","has-post-thumbnail","hentry","category-news","tag-bolsonaro","tag-impeachment","tag-justica","tag-politica","tag-supremo"],"yoast_head":"<!-- This site is optimized with the Yoast SEO Premium plugin v27.9 (Yoast SEO v27.9) - https:\/\/yoast.com\/product\/yoast-seo-premium-wordpress\/ -->\n<title>crise no supremo ap\u00f3s revela\u00e7\u00f5es sobre juiz ligado a bolsonaro<\/title>\n<meta name=\"description\" content=\"Crise no STF ap\u00f3s revela\u00e7\u00f5es sobre juiz ligado a Bolsonaro gera clamor por impeachment e abala confian\u00e7a nas institui\u00e7\u00f5es.\" \/>\n<meta name=\"robots\" content=\"index, follow, max-snippet:-1, max-image-preview:large, max-video-preview:-1\" \/>\n<link rel=\"canonical\" href=\"https:\/\/fyno.pt\/pt\/news\/crise-supremo-brasil-revelacoes-juiz-bolsonaro\/\" \/>\n<meta property=\"og:locale\" content=\"pt_PT\" \/>\n<meta property=\"og:type\" content=\"article\" \/>\n<meta property=\"og:title\" content=\"Crise no Supremo do Brasil ap\u00f3s revela\u00e7\u00f5es sobre juiz ligado a Bolsonaro\" \/>\n<meta property=\"og:description\" content=\"Crise no STF ap\u00f3s revela\u00e7\u00f5es sobre juiz ligado a Bolsonaro gera clamor por impeachment e abala confian\u00e7a nas institui\u00e7\u00f5es.\" \/>\n<meta property=\"og:url\" content=\"https:\/\/fyno.pt\/pt\/news\/crise-supremo-brasil-revelacoes-juiz-bolsonaro\/\" \/>\n<meta property=\"og:site_name\" content=\"Fyno\" \/>\n<meta property=\"article:published_time\" content=\"2026-09-02T14:24:06+00:00\" \/>\n<meta name=\"author\" content=\"Fyno\" \/>\n<meta name=\"twitter:card\" content=\"summary_large_image\" \/>\n<meta name=\"twitter:label1\" content=\"Escrito por\" \/>\n\t<meta name=\"twitter:data1\" content=\"Fyno\" \/>\n\t<meta name=\"twitter:label2\" content=\"Tempo estimado de leitura\" \/>\n\t<meta name=\"twitter:data2\" content=\"1 minuto\" \/>\n<script type=\"application\/ld+json\" class=\"yoast-schema-graph\">{\"@context\":\"https:\\\/\\\/schema.org\",\"@graph\":[{\"@type\":\"Article\",\"@id\":\"https:\\\/\\\/fyno.pt\\\/news\\\/crise-supremo-brasil-revelacoes-juiz-bolsonaro\\\/#article\",\"isPartOf\":{\"@id\":\"https:\\\/\\\/fyno.pt\\\/news\\\/crise-supremo-brasil-revelacoes-juiz-bolsonaro\\\/\"},\"author\":{\"name\":\"Fyno\",\"@id\":\"https:\\\/\\\/fyno.pt\\\/#\\\/schema\\\/person\\\/ab5b330ed5ed05f1b4a7b8e438f68187\"},\"headline\":\"Crise no Supremo do Brasil ap\u00f3s revela\u00e7\u00f5es sobre juiz ligado a Bolsonaro\",\"datePublished\":\"2026-09-02T14:24:06+00:00\",\"mainEntityOfPage\":{\"@id\":\"https:\\\/\\\/fyno.pt\\\/news\\\/crise-supremo-brasil-revelacoes-juiz-bolsonaro\\\/\"},\"wordCount\":285,\"commentCount\":0,\"image\":{\"@id\":\"https:\\\/\\\/fyno.pt\\\/news\\\/crise-supremo-brasil-revelacoes-juiz-bolsonaro\\\/#primaryimage\"},\"thumbnailUrl\":\"https:\\\/\\\/fyno.pt\\\/wp-content\\\/uploads\\\/2026\\\/09\\\/DN01062026LNEGRAO0000009.jpg\",\"keywords\":[\"Bolsonaro\",\"impeachment\",\"justi\u00e7a\",\"pol\u00edtica\",\"Supremo\"],\"articleSection\":[\"News\"],\"inLanguage\":\"pt-PT\",\"potentialAction\":[{\"@type\":\"CommentAction\",\"name\":\"Comment\",\"target\":[\"https:\\\/\\\/fyno.pt\\\/news\\\/crise-supremo-brasil-revelacoes-juiz-bolsonaro\\\/#respond\"]}]},{\"@type\":\"WebPage\",\"@id\":\"https:\\\/\\\/fyno.pt\\\/news\\\/crise-supremo-brasil-revelacoes-juiz-bolsonaro\\\/\",\"url\":\"https:\\\/\\\/fyno.pt\\\/news\\\/crise-supremo-brasil-revelacoes-juiz-bolsonaro\\\/\",\"name\":\"crise no supremo ap\u00f3s revela\u00e7\u00f5es sobre juiz ligado a bolsonaro\",\"isPartOf\":{\"@id\":\"https:\\\/\\\/fyno.pt\\\/#website\"},\"primaryImageOfPage\":{\"@id\":\"https:\\\/\\\/fyno.pt\\\/news\\\/crise-supremo-brasil-revelacoes-juiz-bolsonaro\\\/#primaryimage\"},\"image\":{\"@id\":\"https:\\\/\\\/fyno.pt\\\/news\\\/crise-supremo-brasil-revelacoes-juiz-bolsonaro\\\/#primaryimage\"},\"thumbnailUrl\":\"https:\\\/\\\/fyno.pt\\\/wp-content\\\/uploads\\\/2026\\\/09\\\/DN01062026LNEGRAO0000009.jpg\",\"datePublished\":\"2026-09-02T14:24:06+00:00\",\"author\":{\"@id\":\"https:\\\/\\\/fyno.pt\\\/#\\\/schema\\\/person\\\/ab5b330ed5ed05f1b4a7b8e438f68187\"},\"description\":\"Crise no STF ap\u00f3s revela\u00e7\u00f5es sobre juiz ligado a Bolsonaro gera clamor por impeachment e abala confian\u00e7a nas institui\u00e7\u00f5es.\",\"breadcrumb\":{\"@id\":\"https:\\\/\\\/fyno.pt\\\/news\\\/crise-supremo-brasil-revelacoes-juiz-bolsonaro\\\/#breadcrumb\"},\"inLanguage\":\"pt-PT\",\"potentialAction\":[{\"@type\":\"ReadAction\",\"target\":[\"https:\\\/\\\/fyno.pt\\\/news\\\/crise-supremo-brasil-revelacoes-juiz-bolsonaro\\\/\"]}]},{\"@type\":\"ImageObject\",\"inLanguage\":\"pt-PT\",\"@id\":\"https:\\\/\\\/fyno.pt\\\/news\\\/crise-supremo-brasil-revelacoes-juiz-bolsonaro\\\/#primaryimage\",\"url\":\"https:\\\/\\\/fyno.pt\\\/wp-content\\\/uploads\\\/2026\\\/09\\\/DN01062026LNEGRAO0000009.jpg\",\"contentUrl\":\"https:\\\/\\\/fyno.pt\\\/wp-content\\\/uploads\\\/2026\\\/09\\\/DN01062026LNEGRAO0000009.jpg\",\"width\":1200,\"height\":781,\"caption\":\"Foto: sapo.pt\"},{\"@type\":\"BreadcrumbList\",\"@id\":\"https:\\\/\\\/fyno.pt\\\/news\\\/crise-supremo-brasil-revelacoes-juiz-bolsonaro\\\/#breadcrumb\",\"itemListElement\":[{\"@type\":\"ListItem\",\"position\":1,\"name\":\"In\u00edcio\",\"item\":\"https:\\\/\\\/fyno.pt\\\/\"},{\"@type\":\"ListItem\",\"position\":2,\"name\":\"Crise no Supremo do Brasil ap\u00f3s revela\u00e7\u00f5es sobre juiz ligado a Bolsonaro\"}]},{\"@type\":\"WebSite\",\"@id\":\"https:\\\/\\\/fyno.pt\\\/#website\",\"url\":\"https:\\\/\\\/fyno.pt\\\/\",\"name\":\"Fyno\",\"description\":\"Not\u00edcia e informa\u00e7\u00e3o\",\"potentialAction\":[{\"@type\":\"SearchAction\",\"target\":{\"@type\":\"EntryPoint\",\"urlTemplate\":\"https:\\\/\\\/fyno.pt\\\/?s={search_term_string}\"},\"query-input\":{\"@type\":\"PropertyValueSpecification\",\"valueRequired\":true,\"valueName\":\"search_term_string\"}}],\"inLanguage\":\"pt-PT\"},{\"@type\":\"Person\",\"@id\":\"https:\\\/\\\/fyno.pt\\\/#\\\/schema\\\/person\\\/ab5b330ed5ed05f1b4a7b8e438f68187\",\"name\":\"Fyno\",\"image\":{\"@type\":\"ImageObject\",\"inLanguage\":\"pt-PT\",\"@id\":\"https:\\\/\\\/fyno.pt\\\/wp-content\\\/litespeed\\\/avatar\\\/8f51870e8d94c234e288da840d914372.jpg?ver=1788205134\",\"url\":\"https:\\\/\\\/fyno.pt\\\/wp-content\\\/litespeed\\\/avatar\\\/8f51870e8d94c234e288da840d914372.jpg?ver=1788205134\",\"contentUrl\":\"https:\\\/\\\/fyno.pt\\\/wp-content\\\/litespeed\\\/avatar\\\/8f51870e8d94c234e288da840d914372.jpg?ver=1788205134\",\"caption\":\"Fyno\"},\"description\":\"A sua fonte de informa\u00e7\u00e3o.\",\"url\":\"https:\\\/\\\/fyno.pt\\\/pt\\\/author\\\/fynopt\\\/\"}]}<\/script>\n<!-- \/ Yoast SEO Premium plugin. -->","yoast_head_json":{"title":"crise no supremo ap\u00f3s revela\u00e7\u00f5es sobre juiz ligado a bolsonaro","description":"Crise no STF ap\u00f3s revela\u00e7\u00f5es sobre juiz ligado a Bolsonaro gera clamor por impeachment e abala confian\u00e7a nas institui\u00e7\u00f5es.","robots":{"index":"index","follow":"follow","max-snippet":"max-snippet:-1","max-image-preview":"max-image-preview:large","max-video-preview":"max-video-preview:-1"},"canonical":"https:\/\/fyno.pt\/pt\/news\/crise-supremo-brasil-revelacoes-juiz-bolsonaro\/","og_locale":"pt_PT","og_type":"article","og_title":"Crise no Supremo do Brasil ap\u00f3s revela\u00e7\u00f5es sobre juiz ligado a Bolsonaro","og_description":"Crise no STF ap\u00f3s revela\u00e7\u00f5es sobre juiz ligado a Bolsonaro gera clamor por impeachment e abala confian\u00e7a nas institui\u00e7\u00f5es.","og_url":"https:\/\/fyno.pt\/pt\/news\/crise-supremo-brasil-revelacoes-juiz-bolsonaro\/","og_site_name":"Fyno","article_published_time":"2026-09-02T14:24:06+00:00","author":"Fyno","twitter_card":"summary_large_image","twitter_misc":{"Escrito por":"Fyno","Tempo estimado de leitura":"1 minuto"},"schema":{"@context":"https:\/\/schema.org","@graph":[{"@type":"Article","@id":"https:\/\/fyno.pt\/news\/crise-supremo-brasil-revelacoes-juiz-bolsonaro\/#article","isPartOf":{"@id":"https:\/\/fyno.pt\/news\/crise-supremo-brasil-revelacoes-juiz-bolsonaro\/"},"author":{"name":"Fyno","@id":"https:\/\/fyno.pt\/#\/schema\/person\/ab5b330ed5ed05f1b4a7b8e438f68187"},"headline":"Crise no Supremo do Brasil ap\u00f3s revela\u00e7\u00f5es sobre juiz ligado a Bolsonaro","datePublished":"2026-09-02T14:24:06+00:00","mainEntityOfPage":{"@id":"https:\/\/fyno.pt\/news\/crise-supremo-brasil-revelacoes-juiz-bolsonaro\/"},"wordCount":285,"commentCount":0,"image":{"@id":"https:\/\/fyno.pt\/news\/crise-supremo-brasil-revelacoes-juiz-bolsonaro\/#primaryimage"},"thumbnailUrl":"https:\/\/fyno.pt\/wp-content\/uploads\/2026\/09\/DN01062026LNEGRAO0000009.jpg","keywords":["Bolsonaro","impeachment","justi\u00e7a","pol\u00edtica","Supremo"],"articleSection":["News"],"inLanguage":"pt-PT","potentialAction":[{"@type":"CommentAction","name":"Comment","target":["https:\/\/fyno.pt\/news\/crise-supremo-brasil-revelacoes-juiz-bolsonaro\/#respond"]}]},{"@type":"WebPage","@id":"https:\/\/fyno.pt\/news\/crise-supremo-brasil-revelacoes-juiz-bolsonaro\/","url":"https:\/\/fyno.pt\/news\/crise-supremo-brasil-revelacoes-juiz-bolsonaro\/","name":"crise no supremo ap\u00f3s revela\u00e7\u00f5es sobre juiz ligado a bolsonaro","isPartOf":{"@id":"https:\/\/fyno.pt\/#website"},"primaryImageOfPage":{"@id":"https:\/\/fyno.pt\/news\/crise-supremo-brasil-revelacoes-juiz-bolsonaro\/#primaryimage"},"image":{"@id":"https:\/\/fyno.pt\/news\/crise-supremo-brasil-revelacoes-juiz-bolsonaro\/#primaryimage"},"thumbnailUrl":"https:\/\/fyno.pt\/wp-content\/uploads\/2026\/09\/DN01062026LNEGRAO0000009.jpg","datePublished":"2026-09-02T14:24:06+00:00","author":{"@id":"https:\/\/fyno.pt\/#\/schema\/person\/ab5b330ed5ed05f1b4a7b8e438f68187"},"description":"Crise no STF ap\u00f3s revela\u00e7\u00f5es sobre juiz ligado a Bolsonaro gera clamor por impeachment e abala confian\u00e7a nas institui\u00e7\u00f5es.","breadcrumb":{"@id":"https:\/\/fyno.pt\/news\/crise-supremo-brasil-revelacoes-juiz-bolsonaro\/#breadcrumb"},"inLanguage":"pt-PT","potentialAction":[{"@type":"ReadAction","target":["https:\/\/fyno.pt\/news\/crise-supremo-brasil-revelacoes-juiz-bolsonaro\/"]}]},{"@type":"ImageObject","inLanguage":"pt-PT","@id":"https:\/\/fyno.pt\/news\/crise-supremo-brasil-revelacoes-juiz-bolsonaro\/#primaryimage","url":"https:\/\/fyno.pt\/wp-content\/uploads\/2026\/09\/DN01062026LNEGRAO0000009.jpg","contentUrl":"https:\/\/fyno.pt\/wp-content\/uploads\/2026\/09\/DN01062026LNEGRAO0000009.jpg","width":1200,"height":781,"caption":"Foto: sapo.pt"},{"@type":"BreadcrumbList","@id":"https:\/\/fyno.pt\/news\/crise-supremo-brasil-revelacoes-juiz-bolsonaro\/#breadcrumb","itemListElement":[{"@type":"ListItem","position":1,"name":"In\u00edcio","item":"https:\/\/fyno.pt\/"},{"@type":"ListItem","position":2,"name":"Crise no Supremo do Brasil ap\u00f3s revela\u00e7\u00f5es sobre juiz ligado a Bolsonaro"}]},{"@type":"WebSite","@id":"https:\/\/fyno.pt\/#website","url":"https:\/\/fyno.pt\/","name":"Fyno","description":"Not\u00edcia e informa\u00e7\u00e3o","potentialAction":[{"@type":"SearchAction","target":{"@type":"EntryPoint","urlTemplate":"https:\/\/fyno.pt\/?s={search_term_string}"},"query-input":{"@type":"PropertyValueSpecification","valueRequired":true,"valueName":"search_term_string"}}],"inLanguage":"pt-PT"},{"@type":"Person","@id":"https:\/\/fyno.pt\/#\/schema\/person\/ab5b330ed5ed05f1b4a7b8e438f68187","name":"Fyno","image":{"@type":"ImageObject","inLanguage":"pt-PT","@id":"https:\/\/fyno.pt\/wp-content\/litespeed\/avatar\/8f51870e8d94c234e288da840d914372.jpg?ver=1788205134","url":"https:\/\/fyno.pt\/wp-content\/litespeed\/avatar\/8f51870e8d94c234e288da840d914372.jpg?ver=1788205134","contentUrl":"https:\/\/fyno.pt\/wp-content\/litespeed\/avatar\/8f51870e8d94c234e288da840d914372.jpg?ver=1788205134","caption":"Fyno"},"description":"A sua fonte de informa\u00e7\u00e3o.","url":"https:\/\/fyno.pt\/pt\/author\/fynopt\/"}]}},"_links":{"self":[{"href":"https:\/\/fyno.pt\/pt\/wp-json\/wp\/v2\/posts\/43631","targetHints":{"allow":["GET"]}}],"collection":[{"href":"https:\/\/fyno.pt\/pt\/wp-json\/wp\/v2\/posts"}],"about":[{"href":"https:\/\/fyno.pt\/pt\/wp-json\/wp\/v2\/types\/post"}],"author":[{"embeddable":true,"href":"https:\/\/fyno.pt\/pt\/wp-json\/wp\/v2\/users\/9"}],"replies":[{"embeddable":true,"href":"https:\/\/fyno.pt\/pt\/wp-json\/wp\/v2\/comments?post=43631"}],"version-history":[{"count":1,"href":"https:\/\/fyno.pt\/pt\/wp-json\/wp\/v2\/posts\/43631\/revisions"}],"predecessor-version":[{"id":43633,"href":"https:\/\/fyno.pt\/pt\/wp-json\/wp\/v2\/posts\/43631\/revisions\/43633"}],"wp:featuredmedia":[{"embeddable":true,"href":"https:\/\/fyno.pt\/pt\/wp-json\/wp\/v2\/media\/43632"}],"wp:attachment":[{"href":"https:\/\/fyno.pt\/pt\/wp-json\/wp\/v2\/media?parent=43631"}],"wp:term":[{"taxonomy":"category","embeddable":true,"href":"https:\/\/fyno.pt\/pt\/wp-json\/wp\/v2\/categories?post=43631"},{"taxonomy":"post_tag","embeddable":true,"href":"https:\/\/fyno.pt\/pt\/wp-json\/wp\/v2\/tags?post=43631"}],"curies":[{"name":"wp","href":"https:\/\/api.w.org\/{rel}","templated":true}]}}