{"id":43622,"date":"2026-09-02T10:53:41","date_gmt":"2026-09-02T13:53:41","guid":{"rendered":"https:\/\/fyno.pt\/?p=43622"},"modified":"2026-09-02T10:53:41","modified_gmt":"2026-09-02T13:53:41","slug":"barcelos-espaco-cidadao-roriz","status":"publish","type":"post","link":"https:\/\/fyno.pt\/pt\/mundo\/barcelos-espaco-cidadao-roriz\/","title":{"rendered":"Barcelos inaugura 27\u00ba Espa\u00e7o Cidad\u00e3o na freguesia de Roriz"},"content":{"rendered":"<p>A freguesia de Roriz, em Barcelos, agora conta com um Espa\u00e7o Cidad\u00e3o, inaugurado no \u00faltimo s\u00e1bado, tornando-se o 27\u00ba no munic\u00edpio. O novo balc\u00e3o foi inaugurado pelo presidente da C\u00e2mara, M\u00e1rio Constantino Lopes, e pelo presidente da Junta de Freguesia de Roriz, Filipe Mendes.<\/p>\n\n\n\n<h2 class=\"wp-block-heading\">Facilidade de acesso aos servi\u00e7os<\/h2>\n\n\n\n<p>Segundo a autarquia, o Espa\u00e7o Cidad\u00e3o permite que a popula\u00e7\u00e3o resolva localmente diversas quest\u00f5es relacionadas \u00e0 Administra\u00e7\u00e3o P\u00fablica, proporcionando maior comodidade e reduzindo a necessidade de desloca\u00e7\u00f5es a outros servi\u00e7os.<\/p>\n\n\n\n<p>Durante a inaugura\u00e7\u00e3o, M\u00e1rio Constantino Lopes enfatizou a import\u00e2ncia da colabora\u00e7\u00e3o das juntas de freguesia na estrat\u00e9gia de aproxima\u00e7\u00e3o ao cidad\u00e3o. Ele ressaltou que a cria\u00e7\u00e3o desses balc\u00f5es facilita a vida dos moradores, permitindo que eles tratem de assuntos que antes exigiriam viagens a locais mais distantes, como Barcelos ou Braga.<\/p>\n\n\n\n<h2 class=\"wp-block-heading\">Compromisso com a popula\u00e7\u00e3o<\/h2>\n\n\n\n<p>O presidente da C\u00e2mara destacou a inten\u00e7\u00e3o de expandir os servi\u00e7os oferecidos em Roriz, incluindo a instala\u00e7\u00e3o de um posto de correios e servi\u00e7os relacionados \u00e0 EDP. &quot;Cada vez mais, as juntas de freguesia e as c\u00e2maras municipais t\u00eam de estar ao servi\u00e7o das pessoas&quot;, afirmou Lopes.<\/p>\n\n\n\n<p>Filipe Mendes, presidente da Junta de Freguesia, tamb\u00e9m comentou sobre a import\u00e2ncia da inaugura\u00e7\u00e3o, que representa um compromisso de facilitar o acesso da popula\u00e7\u00e3o aos servi\u00e7os p\u00fablicos. Ele ressaltou que o novo balc\u00e3o estar\u00e1 dispon\u00edvel n\u00e3o apenas para os residentes de Roriz, mas para todos que necessitem.<\/p>\n\n\n\n<h2 class=\"wp-block-heading\">Atendimento digital assistido<\/h2>\n\n\n\n<p>O Espa\u00e7o Cidad\u00e3o oferece atendimento t\u00e9cnico assistido, permitindo que os cidad\u00e3os acessem diversos servi\u00e7os p\u00fablicos digitais em um \u00fanico local. Entre os servi\u00e7os dispon\u00edveis, est\u00e3o quest\u00f5es relacionadas \u00e0 carta de condu\u00e7\u00e3o, Autoridade Tribut\u00e1ria, ADSE, e fatura eletr\u00f4nica.<\/p>\n\n\n\n<p>O novo Espa\u00e7o Cidad\u00e3o de Roriz come\u00e7ou a funcionar em 31 de agosto e est\u00e1 aberto \u00e0s segundas e sextas-feiras, das 10h \u00e0s 13h e das 14h \u00e0s 19h, e de ter\u00e7a a quinta-feira, das 10h \u00e0s 13h.<\/p>","protected":false},"excerpt":{"rendered":"<p>Inaugura\u00e7\u00e3o visa facilitar acesso da popula\u00e7\u00e3o a servi\u00e7os p\u00fablicos essenciais.<\/p>","protected":false},"author":9,"featured_media":43623,"comment_status":"open","ping_status":"open","sticky":false,"template":"","format":"standard","meta":{"footnotes":""},"categories":[51],"tags":[1959,2080,2081,2079,1928],"class_list":["post-43622","post","type-post","status-publish","format-standard","has-post-thumbnail","hentry","category-mundo","tag-barcelos","tag-espaco-cidadao","tag-inauguracao","tag-roriz","tag-servicos-publicos"],"yoast_head":"<!-- This site is optimized with the Yoast SEO Premium plugin v27.9 (Yoast SEO v27.9) - https:\/\/yoast.com\/product\/yoast-seo-premium-wordpress\/ -->\n<title>Barcelos inaugura 27\u00ba Espa\u00e7o Cidad\u00e3o na freguesia de Roriz<\/title>\n<meta name=\"description\" content=\"Barcelos inaugura 27\u00ba Espa\u00e7o Cidad\u00e3o em Roriz, facilitando acesso aos servi\u00e7os p\u00fablicos para a popula\u00e7\u00e3o local.\" \/>\n<meta name=\"robots\" content=\"index, follow, max-snippet:-1, max-image-preview:large, max-video-preview:-1\" \/>\n<link rel=\"canonical\" href=\"https:\/\/fyno.pt\/pt\/mundo\/barcelos-espaco-cidadao-roriz\/\" \/>\n<meta property=\"og:locale\" content=\"pt_PT\" \/>\n<meta property=\"og:type\" content=\"article\" \/>\n<meta property=\"og:title\" content=\"Barcelos inaugura 27\u00ba Espa\u00e7o Cidad\u00e3o na freguesia de Roriz\" \/>\n<meta property=\"og:description\" content=\"Barcelos inaugura 27\u00ba Espa\u00e7o Cidad\u00e3o em Roriz, facilitando acesso aos servi\u00e7os p\u00fablicos para a popula\u00e7\u00e3o local.\" \/>\n<meta property=\"og:url\" content=\"https:\/\/fyno.pt\/pt\/mundo\/barcelos-espaco-cidadao-roriz\/\" \/>\n<meta property=\"og:site_name\" content=\"Fyno\" \/>\n<meta property=\"article:published_time\" content=\"2026-09-02T13:53:41+00:00\" \/>\n<meta property=\"og:image\" content=\"https:\/\/fyno.pt\/wp-content\/uploads\/2026\/09\/Espaco-Cidadao-Roriz-1-1160x630-1.jpg\" \/>\n\t<meta property=\"og:image:width\" content=\"1160\" \/>\n\t<meta property=\"og:image:height\" content=\"630\" \/>\n\t<meta property=\"og:image:type\" content=\"image\/jpeg\" \/>\n<meta name=\"author\" content=\"Fyno\" \/>\n<meta name=\"twitter:card\" content=\"summary_large_image\" \/>\n<meta name=\"twitter:label1\" content=\"Escrito por\" \/>\n\t<meta name=\"twitter:data1\" content=\"Fyno\" \/>\n\t<meta name=\"twitter:label2\" content=\"Tempo estimado de leitura\" \/>\n\t<meta name=\"twitter:data2\" content=\"2 minutos\" \/>\n<script type=\"application\/ld+json\" class=\"yoast-schema-graph\">{\"@context\":\"https:\\\/\\\/schema.org\",\"@graph\":[{\"@type\":\"Article\",\"@id\":\"https:\\\/\\\/fyno.pt\\\/mundo\\\/barcelos-espaco-cidadao-roriz\\\/#article\",\"isPartOf\":{\"@id\":\"https:\\\/\\\/fyno.pt\\\/mundo\\\/barcelos-espaco-cidadao-roriz\\\/\"},\"author\":{\"name\":\"Fyno\",\"@id\":\"https:\\\/\\\/fyno.pt\\\/#\\\/schema\\\/person\\\/ab5b330ed5ed05f1b4a7b8e438f68187\"},\"headline\":\"Barcelos inaugura 27\u00ba Espa\u00e7o Cidad\u00e3o na freguesia de Roriz\",\"datePublished\":\"2026-09-02T13:53:41+00:00\",\"mainEntityOfPage\":{\"@id\":\"https:\\\/\\\/fyno.pt\\\/mundo\\\/barcelos-espaco-cidadao-roriz\\\/\"},\"wordCount\":373,\"commentCount\":0,\"image\":{\"@id\":\"https:\\\/\\\/fyno.pt\\\/mundo\\\/barcelos-espaco-cidadao-roriz\\\/#primaryimage\"},\"thumbnailUrl\":\"https:\\\/\\\/fyno.pt\\\/wp-content\\\/uploads\\\/2026\\\/09\\\/Espaco-Cidadao-Roriz-1-1160x630-1.jpg\",\"keywords\":[\"Barcelos\",\"Espa\u00e7o Cidad\u00e3o\",\"inaugura\u00e7\u00e3o\",\"Roriz\",\"servicos-publicos\"],\"articleSection\":[\"Mundo\"],\"inLanguage\":\"pt-PT\",\"potentialAction\":[{\"@type\":\"CommentAction\",\"name\":\"Comment\",\"target\":[\"https:\\\/\\\/fyno.pt\\\/mundo\\\/barcelos-espaco-cidadao-roriz\\\/#respond\"]}]},{\"@type\":\"WebPage\",\"@id\":\"https:\\\/\\\/fyno.pt\\\/mundo\\\/barcelos-espaco-cidadao-roriz\\\/\",\"url\":\"https:\\\/\\\/fyno.pt\\\/mundo\\\/barcelos-espaco-cidadao-roriz\\\/\",\"name\":\"Barcelos inaugura 27\u00ba Espa\u00e7o Cidad\u00e3o na freguesia de Roriz\",\"isPartOf\":{\"@id\":\"https:\\\/\\\/fyno.pt\\\/#website\"},\"primaryImageOfPage\":{\"@id\":\"https:\\\/\\\/fyno.pt\\\/mundo\\\/barcelos-espaco-cidadao-roriz\\\/#primaryimage\"},\"image\":{\"@id\":\"https:\\\/\\\/fyno.pt\\\/mundo\\\/barcelos-espaco-cidadao-roriz\\\/#primaryimage\"},\"thumbnailUrl\":\"https:\\\/\\\/fyno.pt\\\/wp-content\\\/uploads\\\/2026\\\/09\\\/Espaco-Cidadao-Roriz-1-1160x630-1.jpg\",\"datePublished\":\"2026-09-02T13:53:41+00:00\",\"author\":{\"@id\":\"https:\\\/\\\/fyno.pt\\\/#\\\/schema\\\/person\\\/ab5b330ed5ed05f1b4a7b8e438f68187\"},\"description\":\"Barcelos inaugura 27\u00ba Espa\u00e7o Cidad\u00e3o em Roriz, facilitando acesso aos servi\u00e7os p\u00fablicos para a popula\u00e7\u00e3o local.\",\"breadcrumb\":{\"@id\":\"https:\\\/\\\/fyno.pt\\\/mundo\\\/barcelos-espaco-cidadao-roriz\\\/#breadcrumb\"},\"inLanguage\":\"pt-PT\",\"potentialAction\":[{\"@type\":\"ReadAction\",\"target\":[\"https:\\\/\\\/fyno.pt\\\/mundo\\\/barcelos-espaco-cidadao-roriz\\\/\"]}]},{\"@type\":\"ImageObject\",\"inLanguage\":\"pt-PT\",\"@id\":\"https:\\\/\\\/fyno.pt\\\/mundo\\\/barcelos-espaco-cidadao-roriz\\\/#primaryimage\",\"url\":\"https:\\\/\\\/fyno.pt\\\/wp-content\\\/uploads\\\/2026\\\/09\\\/Espaco-Cidadao-Roriz-1-1160x630-1.jpg\",\"contentUrl\":\"https:\\\/\\\/fyno.pt\\\/wp-content\\\/uploads\\\/2026\\\/09\\\/Espaco-Cidadao-Roriz-1-1160x630-1.jpg\",\"width\":1160,\"height\":630,\"caption\":\"Foto: CM Barcelos\"},{\"@type\":\"BreadcrumbList\",\"@id\":\"https:\\\/\\\/fyno.pt\\\/mundo\\\/barcelos-espaco-cidadao-roriz\\\/#breadcrumb\",\"itemListElement\":[{\"@type\":\"ListItem\",\"position\":1,\"name\":\"In\u00edcio\",\"item\":\"https:\\\/\\\/fyno.pt\\\/\"},{\"@type\":\"ListItem\",\"position\":2,\"name\":\"Barcelos inaugura 27\u00ba Espa\u00e7o Cidad\u00e3o na freguesia de Roriz\"}]},{\"@type\":\"WebSite\",\"@id\":\"https:\\\/\\\/fyno.pt\\\/#website\",\"url\":\"https:\\\/\\\/fyno.pt\\\/\",\"name\":\"Fyno\",\"description\":\"Not\u00edcia e informa\u00e7\u00e3o\",\"potentialAction\":[{\"@type\":\"SearchAction\",\"target\":{\"@type\":\"EntryPoint\",\"urlTemplate\":\"https:\\\/\\\/fyno.pt\\\/?s={search_term_string}\"},\"query-input\":{\"@type\":\"PropertyValueSpecification\",\"valueRequired\":true,\"valueName\":\"search_term_string\"}}],\"inLanguage\":\"pt-PT\"},{\"@type\":\"Person\",\"@id\":\"https:\\\/\\\/fyno.pt\\\/#\\\/schema\\\/person\\\/ab5b330ed5ed05f1b4a7b8e438f68187\",\"name\":\"Fyno\",\"image\":{\"@type\":\"ImageObject\",\"inLanguage\":\"pt-PT\",\"@id\":\"https:\\\/\\\/fyno.pt\\\/wp-content\\\/litespeed\\\/avatar\\\/8f51870e8d94c234e288da840d914372.jpg?ver=1788205134\",\"url\":\"https:\\\/\\\/fyno.pt\\\/wp-content\\\/litespeed\\\/avatar\\\/8f51870e8d94c234e288da840d914372.jpg?ver=1788205134\",\"contentUrl\":\"https:\\\/\\\/fyno.pt\\\/wp-content\\\/litespeed\\\/avatar\\\/8f51870e8d94c234e288da840d914372.jpg?ver=1788205134\",\"caption\":\"Fyno\"},\"description\":\"A sua fonte de informa\u00e7\u00e3o.\",\"url\":\"https:\\\/\\\/fyno.pt\\\/pt\\\/author\\\/fynopt\\\/\"}]}<\/script>\n<!-- \/ Yoast SEO Premium plugin. -->","yoast_head_json":{"title":"Barcelos inaugura 27\u00ba Espa\u00e7o Cidad\u00e3o na freguesia de Roriz","description":"Barcelos inaugura 27\u00ba Espa\u00e7o Cidad\u00e3o em Roriz, facilitando acesso aos servi\u00e7os p\u00fablicos para a popula\u00e7\u00e3o local.","robots":{"index":"index","follow":"follow","max-snippet":"max-snippet:-1","max-image-preview":"max-image-preview:large","max-video-preview":"max-video-preview:-1"},"canonical":"https:\/\/fyno.pt\/pt\/mundo\/barcelos-espaco-cidadao-roriz\/","og_locale":"pt_PT","og_type":"article","og_title":"Barcelos inaugura 27\u00ba Espa\u00e7o Cidad\u00e3o na freguesia de Roriz","og_description":"Barcelos inaugura 27\u00ba Espa\u00e7o Cidad\u00e3o em Roriz, facilitando acesso aos servi\u00e7os p\u00fablicos para a popula\u00e7\u00e3o local.","og_url":"https:\/\/fyno.pt\/pt\/mundo\/barcelos-espaco-cidadao-roriz\/","og_site_name":"Fyno","article_published_time":"2026-09-02T13:53:41+00:00","og_image":[{"width":1160,"height":630,"url":"https:\/\/fyno.pt\/wp-content\/uploads\/2026\/09\/Espaco-Cidadao-Roriz-1-1160x630-1.jpg","type":"image\/jpeg"}],"author":"Fyno","twitter_card":"summary_large_image","twitter_misc":{"Escrito por":"Fyno","Tempo estimado de leitura":"2 minutos"},"schema":{"@context":"https:\/\/schema.org","@graph":[{"@type":"Article","@id":"https:\/\/fyno.pt\/mundo\/barcelos-espaco-cidadao-roriz\/#article","isPartOf":{"@id":"https:\/\/fyno.pt\/mundo\/barcelos-espaco-cidadao-roriz\/"},"author":{"name":"Fyno","@id":"https:\/\/fyno.pt\/#\/schema\/person\/ab5b330ed5ed05f1b4a7b8e438f68187"},"headline":"Barcelos inaugura 27\u00ba Espa\u00e7o Cidad\u00e3o na freguesia de Roriz","datePublished":"2026-09-02T13:53:41+00:00","mainEntityOfPage":{"@id":"https:\/\/fyno.pt\/mundo\/barcelos-espaco-cidadao-roriz\/"},"wordCount":373,"commentCount":0,"image":{"@id":"https:\/\/fyno.pt\/mundo\/barcelos-espaco-cidadao-roriz\/#primaryimage"},"thumbnailUrl":"https:\/\/fyno.pt\/wp-content\/uploads\/2026\/09\/Espaco-Cidadao-Roriz-1-1160x630-1.jpg","keywords":["Barcelos","Espa\u00e7o Cidad\u00e3o","inaugura\u00e7\u00e3o","Roriz","servicos-publicos"],"articleSection":["Mundo"],"inLanguage":"pt-PT","potentialAction":[{"@type":"CommentAction","name":"Comment","target":["https:\/\/fyno.pt\/mundo\/barcelos-espaco-cidadao-roriz\/#respond"]}]},{"@type":"WebPage","@id":"https:\/\/fyno.pt\/mundo\/barcelos-espaco-cidadao-roriz\/","url":"https:\/\/fyno.pt\/mundo\/barcelos-espaco-cidadao-roriz\/","name":"Barcelos inaugura 27\u00ba Espa\u00e7o Cidad\u00e3o na freguesia de Roriz","isPartOf":{"@id":"https:\/\/fyno.pt\/#website"},"primaryImageOfPage":{"@id":"https:\/\/fyno.pt\/mundo\/barcelos-espaco-cidadao-roriz\/#primaryimage"},"image":{"@id":"https:\/\/fyno.pt\/mundo\/barcelos-espaco-cidadao-roriz\/#primaryimage"},"thumbnailUrl":"https:\/\/fyno.pt\/wp-content\/uploads\/2026\/09\/Espaco-Cidadao-Roriz-1-1160x630-1.jpg","datePublished":"2026-09-02T13:53:41+00:00","author":{"@id":"https:\/\/fyno.pt\/#\/schema\/person\/ab5b330ed5ed05f1b4a7b8e438f68187"},"description":"Barcelos inaugura 27\u00ba Espa\u00e7o Cidad\u00e3o em Roriz, facilitando acesso aos servi\u00e7os p\u00fablicos para a popula\u00e7\u00e3o local.","breadcrumb":{"@id":"https:\/\/fyno.pt\/mundo\/barcelos-espaco-cidadao-roriz\/#breadcrumb"},"inLanguage":"pt-PT","potentialAction":[{"@type":"ReadAction","target":["https:\/\/fyno.pt\/mundo\/barcelos-espaco-cidadao-roriz\/"]}]},{"@type":"ImageObject","inLanguage":"pt-PT","@id":"https:\/\/fyno.pt\/mundo\/barcelos-espaco-cidadao-roriz\/#primaryimage","url":"https:\/\/fyno.pt\/wp-content\/uploads\/2026\/09\/Espaco-Cidadao-Roriz-1-1160x630-1.jpg","contentUrl":"https:\/\/fyno.pt\/wp-content\/uploads\/2026\/09\/Espaco-Cidadao-Roriz-1-1160x630-1.jpg","width":1160,"height":630,"caption":"Foto: CM Barcelos"},{"@type":"BreadcrumbList","@id":"https:\/\/fyno.pt\/mundo\/barcelos-espaco-cidadao-roriz\/#breadcrumb","itemListElement":[{"@type":"ListItem","position":1,"name":"In\u00edcio","item":"https:\/\/fyno.pt\/"},{"@type":"ListItem","position":2,"name":"Barcelos inaugura 27\u00ba Espa\u00e7o Cidad\u00e3o na freguesia de Roriz"}]},{"@type":"WebSite","@id":"https:\/\/fyno.pt\/#website","url":"https:\/\/fyno.pt\/","name":"Fyno","description":"Not\u00edcia e informa\u00e7\u00e3o","potentialAction":[{"@type":"SearchAction","target":{"@type":"EntryPoint","urlTemplate":"https:\/\/fyno.pt\/?s={search_term_string}"},"query-input":{"@type":"PropertyValueSpecification","valueRequired":true,"valueName":"search_term_string"}}],"inLanguage":"pt-PT"},{"@type":"Person","@id":"https:\/\/fyno.pt\/#\/schema\/person\/ab5b330ed5ed05f1b4a7b8e438f68187","name":"Fyno","image":{"@type":"ImageObject","inLanguage":"pt-PT","@id":"https:\/\/fyno.pt\/wp-content\/litespeed\/avatar\/8f51870e8d94c234e288da840d914372.jpg?ver=1788205134","url":"https:\/\/fyno.pt\/wp-content\/litespeed\/avatar\/8f51870e8d94c234e288da840d914372.jpg?ver=1788205134","contentUrl":"https:\/\/fyno.pt\/wp-content\/litespeed\/avatar\/8f51870e8d94c234e288da840d914372.jpg?ver=1788205134","caption":"Fyno"},"description":"A sua fonte de informa\u00e7\u00e3o.","url":"https:\/\/fyno.pt\/pt\/author\/fynopt\/"}]}},"_links":{"self":[{"href":"https:\/\/fyno.pt\/pt\/wp-json\/wp\/v2\/posts\/43622","targetHints":{"allow":["GET"]}}],"collection":[{"href":"https:\/\/fyno.pt\/pt\/wp-json\/wp\/v2\/posts"}],"about":[{"href":"https:\/\/fyno.pt\/pt\/wp-json\/wp\/v2\/types\/post"}],"author":[{"embeddable":true,"href":"https:\/\/fyno.pt\/pt\/wp-json\/wp\/v2\/users\/9"}],"replies":[{"embeddable":true,"href":"https:\/\/fyno.pt\/pt\/wp-json\/wp\/v2\/comments?post=43622"}],"version-history":[{"count":1,"href":"https:\/\/fyno.pt\/pt\/wp-json\/wp\/v2\/posts\/43622\/revisions"}],"predecessor-version":[{"id":43624,"href":"https:\/\/fyno.pt\/pt\/wp-json\/wp\/v2\/posts\/43622\/revisions\/43624"}],"wp:featuredmedia":[{"embeddable":true,"href":"https:\/\/fyno.pt\/pt\/wp-json\/wp\/v2\/media\/43623"}],"wp:attachment":[{"href":"https:\/\/fyno.pt\/pt\/wp-json\/wp\/v2\/media?parent=43622"}],"wp:term":[{"taxonomy":"category","embeddable":true,"href":"https:\/\/fyno.pt\/pt\/wp-json\/wp\/v2\/categories?post=43622"},{"taxonomy":"post_tag","embeddable":true,"href":"https:\/\/fyno.pt\/pt\/wp-json\/wp\/v2\/tags?post=43622"}],"curies":[{"name":"wp","href":"https:\/\/api.w.org\/{rel}","templated":true}]}}