{"id":43619,"date":"2026-09-02T10:23:59","date_gmt":"2026-09-02T13:23:59","guid":{"rendered":"https:\/\/fyno.pt\/pt\/?p=43619"},"modified":"2026-09-02T10:23:59","modified_gmt":"2026-09-02T13:23:59","slug":"milo-yiannopoulos-critica-trump","status":"publish","type":"post","link":"https:\/\/fyno.pt\/pt\/news\/milo-yiannopoulos-critica-trump\/","title":{"rendered":"Milo Yiannopoulos critica Trump ap\u00f3s deporta\u00e7\u00e3o pelo ICE"},"content":{"rendered":"<p>Milo Yiannopoulos, uma figura proeminente do movimento &#039;alt-right&#039; e ex-apoiante de Donald Trump, foi detido em Nova Orle\u00e3es e deportado pelos servi\u00e7os de imigra\u00e7\u00e3o dos Estados Unidos. Ap\u00f3s essa experi\u00eancia, Yiannopoulos revelou estar &quot;muito envergonhado&quot; por ter defendido a pol\u00edtica de imigra\u00e7\u00e3o do ex-presidente.<\/p>\n\n\n\n<h2 class=\"wp-block-heading\">Deten\u00e7\u00e3o e deporta\u00e7\u00e3o<\/h2>\n\n\n\n<p>A deten\u00e7\u00e3o de Yiannopoulos ocorreu em um contexto de crescente vigil\u00e2ncia do ICE (Servi\u00e7o de Imigra\u00e7\u00e3o e Controle de Alf\u00e2ndega) sobre indiv\u00edduos em situa\u00e7\u00e3o irregular no pa\u00eds. A deporta\u00e7\u00e3o dele levanta quest\u00f5es sobre as pol\u00edticas imigrat\u00f3rias defendidas durante a administra\u00e7\u00e3o Trump, que frequentemente foram criticadas por ativistas e defensores dos direitos humanos.<\/p>\n\n\n\n<h2 class=\"wp-block-heading\">Mudan\u00e7a de perspectiva<\/h2>\n\n\n\n<p>Ap\u00f3s a deporta\u00e7\u00e3o, Yiannopoulos fez uma reflex\u00e3o sobre suas cren\u00e7as passadas, expressando arrependimento por seu apoio \u00e0 pol\u00edtica de imigra\u00e7\u00e3o de Trump. Ele destacou a dificuldade de lidar com as consequ\u00eancias de suas a\u00e7\u00f5es e como isso impactou sua vis\u00e3o sobre o tema. A mudan\u00e7a de atitude de uma figura que antes era um defensor fervoroso do ex-presidente pode gerar discuss\u00f5es sobre a efic\u00e1cia das pol\u00edticas de imigra\u00e7\u00e3o e suas repercuss\u00f5es na vida de pessoas como ele.<\/p>\n\n\n\n<h2 class=\"wp-block-heading\">Impacto e repercuss\u00e3o<\/h2>\n\n\n\n<p>A situa\u00e7\u00e3o de Yiannopoulos n\u00e3o \u00e9 apenas um caso isolado, mas sim um reflexo das complexidades enfrentadas por muitos imigrantes e defensores das pol\u00edticas de imigra\u00e7\u00e3o. A sua hist\u00f3ria pode servir como um alerta sobre as realidades que muitos enfrentam e as consequ\u00eancias que podem advir de posi\u00e7\u00f5es pol\u00edticas extremas.<\/p>","protected":false},"excerpt":{"rendered":"<p>O ex-apoiante do ex-presidente expressa vergonha por suas a\u00e7\u00f5es pol\u00edticas anteriores.<\/p>","protected":false},"author":9,"featured_media":43620,"comment_status":"open","ping_status":"open","sticky":false,"template":"","format":"standard","meta":{"footnotes":""},"categories":[560],"tags":[2078,1840,2076,1040,2077],"class_list":["post-43619","post","type-post","status-publish","format-standard","has-post-thumbnail","hentry","category-news","tag-deportacao","tag-imigracao","tag-milo-yiannopoulos","tag-politica","tag-trump"],"yoast_head":"<!-- This site is optimized with the Yoast SEO Premium plugin v27.9 (Yoast SEO v27.9) - https:\/\/yoast.com\/product\/yoast-seo-premium-wordpress\/ -->\n<title>milo yiannopoulos critica pol\u00edticas de trump ap\u00f3s deporta\u00e7\u00e3o<\/title>\n<meta name=\"description\" content=\"Milo Yiannopoulos critica Trump ap\u00f3s deporta\u00e7\u00e3o pelos servi\u00e7os de imigra\u00e7\u00e3o dos EUA, refletindo sobre suas cren\u00e7as passadas.\" \/>\n<meta name=\"robots\" content=\"index, follow, max-snippet:-1, max-image-preview:large, max-video-preview:-1\" \/>\n<link rel=\"canonical\" href=\"https:\/\/fyno.pt\/pt\/news\/milo-yiannopoulos-critica-trump\/\" \/>\n<meta property=\"og:locale\" content=\"pt_PT\" \/>\n<meta property=\"og:type\" content=\"article\" \/>\n<meta property=\"og:title\" content=\"Milo Yiannopoulos critica Trump ap\u00f3s deporta\u00e7\u00e3o pelo ICE\" \/>\n<meta property=\"og:description\" content=\"Milo Yiannopoulos critica Trump ap\u00f3s deporta\u00e7\u00e3o pelos servi\u00e7os de imigra\u00e7\u00e3o dos EUA, refletindo sobre suas cren\u00e7as passadas.\" \/>\n<meta property=\"og:url\" content=\"https:\/\/fyno.pt\/pt\/news\/milo-yiannopoulos-critica-trump\/\" \/>\n<meta property=\"og:site_name\" content=\"Fyno\" \/>\n<meta property=\"article:published_time\" content=\"2026-09-02T13:23:59+00:00\" \/>\n<meta property=\"og:image\" content=\"https:\/\/fyno.pt\/wp-content\/uploads\/2026\/09\/gettyimages-2172250331.jpg\" \/>\n\t<meta property=\"og:image:width\" content=\"1200\" \/>\n\t<meta property=\"og:image:height\" content=\"800\" \/>\n\t<meta property=\"og:image:type\" content=\"image\/jpeg\" \/>\n<meta name=\"author\" content=\"Fyno\" \/>\n<meta name=\"twitter:card\" content=\"summary_large_image\" \/>\n<meta name=\"twitter:label1\" content=\"Escrito por\" \/>\n\t<meta name=\"twitter:data1\" content=\"Fyno\" \/>\n\t<meta name=\"twitter:label2\" content=\"Tempo estimado de leitura\" \/>\n\t<meta name=\"twitter:data2\" content=\"1 minuto\" \/>\n<script type=\"application\/ld+json\" class=\"yoast-schema-graph\">{\"@context\":\"https:\\\/\\\/schema.org\",\"@graph\":[{\"@type\":\"Article\",\"@id\":\"https:\\\/\\\/fyno.pt\\\/pt\\\/news\\\/milo-yiannopoulos-critica-trump\\\/#article\",\"isPartOf\":{\"@id\":\"https:\\\/\\\/fyno.pt\\\/pt\\\/news\\\/milo-yiannopoulos-critica-trump\\\/\"},\"author\":{\"name\":\"Fyno\",\"@id\":\"https:\\\/\\\/fyno.pt\\\/#\\\/schema\\\/person\\\/ab5b330ed5ed05f1b4a7b8e438f68187\"},\"headline\":\"Milo Yiannopoulos critica Trump ap\u00f3s deporta\u00e7\u00e3o pelo ICE\",\"datePublished\":\"2026-09-02T13:23:59+00:00\",\"mainEntityOfPage\":{\"@id\":\"https:\\\/\\\/fyno.pt\\\/pt\\\/news\\\/milo-yiannopoulos-critica-trump\\\/\"},\"wordCount\":289,\"commentCount\":0,\"image\":{\"@id\":\"https:\\\/\\\/fyno.pt\\\/pt\\\/news\\\/milo-yiannopoulos-critica-trump\\\/#primaryimage\"},\"thumbnailUrl\":\"https:\\\/\\\/fyno.pt\\\/wp-content\\\/uploads\\\/2026\\\/09\\\/gettyimages-2172250331.jpg\",\"keywords\":[\"deporta\u00e7\u00e3o\",\"imigra\u00e7\u00e3o\",\"Milo Yiannopoulos\",\"pol\u00edtica\",\"Trump\"],\"articleSection\":[\"News\"],\"inLanguage\":\"pt-PT\",\"potentialAction\":[{\"@type\":\"CommentAction\",\"name\":\"Comment\",\"target\":[\"https:\\\/\\\/fyno.pt\\\/pt\\\/news\\\/milo-yiannopoulos-critica-trump\\\/#respond\"]}]},{\"@type\":\"WebPage\",\"@id\":\"https:\\\/\\\/fyno.pt\\\/pt\\\/news\\\/milo-yiannopoulos-critica-trump\\\/\",\"url\":\"https:\\\/\\\/fyno.pt\\\/pt\\\/news\\\/milo-yiannopoulos-critica-trump\\\/\",\"name\":\"milo yiannopoulos critica pol\u00edticas de trump ap\u00f3s deporta\u00e7\u00e3o\",\"isPartOf\":{\"@id\":\"https:\\\/\\\/fyno.pt\\\/#website\"},\"primaryImageOfPage\":{\"@id\":\"https:\\\/\\\/fyno.pt\\\/pt\\\/news\\\/milo-yiannopoulos-critica-trump\\\/#primaryimage\"},\"image\":{\"@id\":\"https:\\\/\\\/fyno.pt\\\/pt\\\/news\\\/milo-yiannopoulos-critica-trump\\\/#primaryimage\"},\"thumbnailUrl\":\"https:\\\/\\\/fyno.pt\\\/wp-content\\\/uploads\\\/2026\\\/09\\\/gettyimages-2172250331.jpg\",\"datePublished\":\"2026-09-02T13:23:59+00:00\",\"author\":{\"@id\":\"https:\\\/\\\/fyno.pt\\\/#\\\/schema\\\/person\\\/ab5b330ed5ed05f1b4a7b8e438f68187\"},\"description\":\"Milo Yiannopoulos critica Trump ap\u00f3s deporta\u00e7\u00e3o pelos servi\u00e7os de imigra\u00e7\u00e3o dos EUA, refletindo sobre suas cren\u00e7as passadas.\",\"breadcrumb\":{\"@id\":\"https:\\\/\\\/fyno.pt\\\/pt\\\/news\\\/milo-yiannopoulos-critica-trump\\\/#breadcrumb\"},\"inLanguage\":\"pt-PT\",\"potentialAction\":[{\"@type\":\"ReadAction\",\"target\":[\"https:\\\/\\\/fyno.pt\\\/pt\\\/news\\\/milo-yiannopoulos-critica-trump\\\/\"]}]},{\"@type\":\"ImageObject\",\"inLanguage\":\"pt-PT\",\"@id\":\"https:\\\/\\\/fyno.pt\\\/pt\\\/news\\\/milo-yiannopoulos-critica-trump\\\/#primaryimage\",\"url\":\"https:\\\/\\\/fyno.pt\\\/wp-content\\\/uploads\\\/2026\\\/09\\\/gettyimages-2172250331.jpg\",\"contentUrl\":\"https:\\\/\\\/fyno.pt\\\/wp-content\\\/uploads\\\/2026\\\/09\\\/gettyimages-2172250331.jpg\",\"width\":1200,\"height\":800,\"caption\":\"Milo Yiannapoulos foi editor do site Breitbart e um dos rostos da 'alt-right' que estiveram ao lado de Trump desde o in\u00edcioCr\u00e9ditos:TNS v...\"},{\"@type\":\"BreadcrumbList\",\"@id\":\"https:\\\/\\\/fyno.pt\\\/pt\\\/news\\\/milo-yiannopoulos-critica-trump\\\/#breadcrumb\",\"itemListElement\":[{\"@type\":\"ListItem\",\"position\":1,\"name\":\"In\u00edcio\",\"item\":\"https:\\\/\\\/fyno.pt\\\/\"},{\"@type\":\"ListItem\",\"position\":2,\"name\":\"Milo Yiannopoulos critica Trump ap\u00f3s deporta\u00e7\u00e3o pelo ICE\"}]},{\"@type\":\"WebSite\",\"@id\":\"https:\\\/\\\/fyno.pt\\\/#website\",\"url\":\"https:\\\/\\\/fyno.pt\\\/\",\"name\":\"Fyno\",\"description\":\"Not\u00edcia e informa\u00e7\u00e3o\",\"potentialAction\":[{\"@type\":\"SearchAction\",\"target\":{\"@type\":\"EntryPoint\",\"urlTemplate\":\"https:\\\/\\\/fyno.pt\\\/?s={search_term_string}\"},\"query-input\":{\"@type\":\"PropertyValueSpecification\",\"valueRequired\":true,\"valueName\":\"search_term_string\"}}],\"inLanguage\":\"pt-PT\"},{\"@type\":\"Person\",\"@id\":\"https:\\\/\\\/fyno.pt\\\/#\\\/schema\\\/person\\\/ab5b330ed5ed05f1b4a7b8e438f68187\",\"name\":\"Fyno\",\"image\":{\"@type\":\"ImageObject\",\"inLanguage\":\"pt-PT\",\"@id\":\"https:\\\/\\\/fyno.pt\\\/wp-content\\\/litespeed\\\/avatar\\\/8f51870e8d94c234e288da840d914372.jpg?ver=1788205134\",\"url\":\"https:\\\/\\\/fyno.pt\\\/wp-content\\\/litespeed\\\/avatar\\\/8f51870e8d94c234e288da840d914372.jpg?ver=1788205134\",\"contentUrl\":\"https:\\\/\\\/fyno.pt\\\/wp-content\\\/litespeed\\\/avatar\\\/8f51870e8d94c234e288da840d914372.jpg?ver=1788205134\",\"caption\":\"Fyno\"},\"description\":\"A sua fonte de informa\u00e7\u00e3o.\",\"url\":\"https:\\\/\\\/fyno.pt\\\/pt\\\/author\\\/fynopt\\\/\"}]}<\/script>\n<!-- \/ Yoast SEO Premium plugin. -->","yoast_head_json":{"title":"milo yiannopoulos critica pol\u00edticas de trump ap\u00f3s deporta\u00e7\u00e3o","description":"Milo Yiannopoulos critica Trump ap\u00f3s deporta\u00e7\u00e3o pelos servi\u00e7os de imigra\u00e7\u00e3o dos EUA, refletindo sobre suas cren\u00e7as passadas.","robots":{"index":"index","follow":"follow","max-snippet":"max-snippet:-1","max-image-preview":"max-image-preview:large","max-video-preview":"max-video-preview:-1"},"canonical":"https:\/\/fyno.pt\/pt\/news\/milo-yiannopoulos-critica-trump\/","og_locale":"pt_PT","og_type":"article","og_title":"Milo Yiannopoulos critica Trump ap\u00f3s deporta\u00e7\u00e3o pelo ICE","og_description":"Milo Yiannopoulos critica Trump ap\u00f3s deporta\u00e7\u00e3o pelos servi\u00e7os de imigra\u00e7\u00e3o dos EUA, refletindo sobre suas cren\u00e7as passadas.","og_url":"https:\/\/fyno.pt\/pt\/news\/milo-yiannopoulos-critica-trump\/","og_site_name":"Fyno","article_published_time":"2026-09-02T13:23:59+00:00","og_image":[{"width":1200,"height":800,"url":"https:\/\/fyno.pt\/wp-content\/uploads\/2026\/09\/gettyimages-2172250331.jpg","type":"image\/jpeg"}],"author":"Fyno","twitter_card":"summary_large_image","twitter_misc":{"Escrito por":"Fyno","Tempo estimado de leitura":"1 minuto"},"schema":{"@context":"https:\/\/schema.org","@graph":[{"@type":"Article","@id":"https:\/\/fyno.pt\/pt\/news\/milo-yiannopoulos-critica-trump\/#article","isPartOf":{"@id":"https:\/\/fyno.pt\/pt\/news\/milo-yiannopoulos-critica-trump\/"},"author":{"name":"Fyno","@id":"https:\/\/fyno.pt\/#\/schema\/person\/ab5b330ed5ed05f1b4a7b8e438f68187"},"headline":"Milo Yiannopoulos critica Trump ap\u00f3s deporta\u00e7\u00e3o pelo ICE","datePublished":"2026-09-02T13:23:59+00:00","mainEntityOfPage":{"@id":"https:\/\/fyno.pt\/pt\/news\/milo-yiannopoulos-critica-trump\/"},"wordCount":289,"commentCount":0,"image":{"@id":"https:\/\/fyno.pt\/pt\/news\/milo-yiannopoulos-critica-trump\/#primaryimage"},"thumbnailUrl":"https:\/\/fyno.pt\/wp-content\/uploads\/2026\/09\/gettyimages-2172250331.jpg","keywords":["deporta\u00e7\u00e3o","imigra\u00e7\u00e3o","Milo Yiannopoulos","pol\u00edtica","Trump"],"articleSection":["News"],"inLanguage":"pt-PT","potentialAction":[{"@type":"CommentAction","name":"Comment","target":["https:\/\/fyno.pt\/pt\/news\/milo-yiannopoulos-critica-trump\/#respond"]}]},{"@type":"WebPage","@id":"https:\/\/fyno.pt\/pt\/news\/milo-yiannopoulos-critica-trump\/","url":"https:\/\/fyno.pt\/pt\/news\/milo-yiannopoulos-critica-trump\/","name":"milo yiannopoulos critica pol\u00edticas de trump ap\u00f3s deporta\u00e7\u00e3o","isPartOf":{"@id":"https:\/\/fyno.pt\/#website"},"primaryImageOfPage":{"@id":"https:\/\/fyno.pt\/pt\/news\/milo-yiannopoulos-critica-trump\/#primaryimage"},"image":{"@id":"https:\/\/fyno.pt\/pt\/news\/milo-yiannopoulos-critica-trump\/#primaryimage"},"thumbnailUrl":"https:\/\/fyno.pt\/wp-content\/uploads\/2026\/09\/gettyimages-2172250331.jpg","datePublished":"2026-09-02T13:23:59+00:00","author":{"@id":"https:\/\/fyno.pt\/#\/schema\/person\/ab5b330ed5ed05f1b4a7b8e438f68187"},"description":"Milo Yiannopoulos critica Trump ap\u00f3s deporta\u00e7\u00e3o pelos servi\u00e7os de imigra\u00e7\u00e3o dos EUA, refletindo sobre suas cren\u00e7as passadas.","breadcrumb":{"@id":"https:\/\/fyno.pt\/pt\/news\/milo-yiannopoulos-critica-trump\/#breadcrumb"},"inLanguage":"pt-PT","potentialAction":[{"@type":"ReadAction","target":["https:\/\/fyno.pt\/pt\/news\/milo-yiannopoulos-critica-trump\/"]}]},{"@type":"ImageObject","inLanguage":"pt-PT","@id":"https:\/\/fyno.pt\/pt\/news\/milo-yiannopoulos-critica-trump\/#primaryimage","url":"https:\/\/fyno.pt\/wp-content\/uploads\/2026\/09\/gettyimages-2172250331.jpg","contentUrl":"https:\/\/fyno.pt\/wp-content\/uploads\/2026\/09\/gettyimages-2172250331.jpg","width":1200,"height":800,"caption":"Milo Yiannapoulos foi editor do site Breitbart e um dos rostos da 'alt-right' que estiveram ao lado de Trump desde o in\u00edcioCr\u00e9ditos:TNS v..."},{"@type":"BreadcrumbList","@id":"https:\/\/fyno.pt\/pt\/news\/milo-yiannopoulos-critica-trump\/#breadcrumb","itemListElement":[{"@type":"ListItem","position":1,"name":"In\u00edcio","item":"https:\/\/fyno.pt\/"},{"@type":"ListItem","position":2,"name":"Milo Yiannopoulos critica Trump ap\u00f3s deporta\u00e7\u00e3o pelo ICE"}]},{"@type":"WebSite","@id":"https:\/\/fyno.pt\/#website","url":"https:\/\/fyno.pt\/","name":"Fyno","description":"Not\u00edcia e informa\u00e7\u00e3o","potentialAction":[{"@type":"SearchAction","target":{"@type":"EntryPoint","urlTemplate":"https:\/\/fyno.pt\/?s={search_term_string}"},"query-input":{"@type":"PropertyValueSpecification","valueRequired":true,"valueName":"search_term_string"}}],"inLanguage":"pt-PT"},{"@type":"Person","@id":"https:\/\/fyno.pt\/#\/schema\/person\/ab5b330ed5ed05f1b4a7b8e438f68187","name":"Fyno","image":{"@type":"ImageObject","inLanguage":"pt-PT","@id":"https:\/\/fyno.pt\/wp-content\/litespeed\/avatar\/8f51870e8d94c234e288da840d914372.jpg?ver=1788205134","url":"https:\/\/fyno.pt\/wp-content\/litespeed\/avatar\/8f51870e8d94c234e288da840d914372.jpg?ver=1788205134","contentUrl":"https:\/\/fyno.pt\/wp-content\/litespeed\/avatar\/8f51870e8d94c234e288da840d914372.jpg?ver=1788205134","caption":"Fyno"},"description":"A sua fonte de informa\u00e7\u00e3o.","url":"https:\/\/fyno.pt\/pt\/author\/fynopt\/"}]}},"_links":{"self":[{"href":"https:\/\/fyno.pt\/pt\/wp-json\/wp\/v2\/posts\/43619","targetHints":{"allow":["GET"]}}],"collection":[{"href":"https:\/\/fyno.pt\/pt\/wp-json\/wp\/v2\/posts"}],"about":[{"href":"https:\/\/fyno.pt\/pt\/wp-json\/wp\/v2\/types\/post"}],"author":[{"embeddable":true,"href":"https:\/\/fyno.pt\/pt\/wp-json\/wp\/v2\/users\/9"}],"replies":[{"embeddable":true,"href":"https:\/\/fyno.pt\/pt\/wp-json\/wp\/v2\/comments?post=43619"}],"version-history":[{"count":1,"href":"https:\/\/fyno.pt\/pt\/wp-json\/wp\/v2\/posts\/43619\/revisions"}],"predecessor-version":[{"id":43621,"href":"https:\/\/fyno.pt\/pt\/wp-json\/wp\/v2\/posts\/43619\/revisions\/43621"}],"wp:featuredmedia":[{"embeddable":true,"href":"https:\/\/fyno.pt\/pt\/wp-json\/wp\/v2\/media\/43620"}],"wp:attachment":[{"href":"https:\/\/fyno.pt\/pt\/wp-json\/wp\/v2\/media?parent=43619"}],"wp:term":[{"taxonomy":"category","embeddable":true,"href":"https:\/\/fyno.pt\/pt\/wp-json\/wp\/v2\/categories?post=43619"},{"taxonomy":"post_tag","embeddable":true,"href":"https:\/\/fyno.pt\/pt\/wp-json\/wp\/v2\/tags?post=43619"}],"curies":[{"name":"wp","href":"https:\/\/api.w.org\/{rel}","templated":true}]}}