{"id":43613,"date":"2026-09-02T09:52:32","date_gmt":"2026-09-02T12:52:32","guid":{"rendered":"https:\/\/fyno.pt\/pt\/?p=43613"},"modified":"2026-09-02T09:52:32","modified_gmt":"2026-09-02T12:52:32","slug":"ps-garante-que-nao-havera-crise-politica-em-portugal","status":"publish","type":"post","link":"https:\/\/fyno.pt\/pt\/news\/ps-garante-que-nao-havera-crise-politica-em-portugal\/","title":{"rendered":"PS garante que n\u00e3o haver\u00e1 crise pol\u00edtica em Portugal"},"content":{"rendered":"<p>O secret\u00e1rio-geral do Partido Socialista (PS) afirmou que seu partido n\u00e3o ser\u00e1 a causa de uma eventual crise pol\u00edtica em Portugal, destacando que a responsabilidade deve ser assumida pelo primeiro-ministro em rela\u00e7\u00e3o \u00e0 controv\u00e9rsia envolvendo o ministro Lu\u00eds Neves.<\/p>\n\n\n\n<h2 class=\"wp-block-heading\">Responsabilidade do primeiro-ministro<\/h2>\n\n\n\n<p>Durante sua declara\u00e7\u00e3o, o l\u00edder do PS reiterou que a situa\u00e7\u00e3o atual demanda uma postura clara do primeiro-ministro, que precisa lidar com as implica\u00e7\u00f5es da pol\u00eamica que cerca o ministro Lu\u00eds Neves. A situa\u00e7\u00e3o levanta quest\u00f5es sobre a lideran\u00e7a e a capacidade do governo de navegar por momentos de tens\u00e3o pol\u00edtica.<\/p>\n\n\n\n<h2 class=\"wp-block-heading\">Posi\u00e7\u00e3o do PS<\/h2>\n\n\n\n<p>Ao afirmar que o PS n\u00e3o ser\u00e1 respons\u00e1vel por uma crise pol\u00edtica, o secret\u00e1rio-geral enfatizou a import\u00e2ncia de um di\u00e1logo aberto e construtivo dentro do governo. Ele ressaltou que a situa\u00e7\u00e3o deve ser tratada com seriedade e que todos os envolvidos precisam colaborar para garantir a estabilidade pol\u00edtica no pa\u00eds.<\/p>","protected":false},"excerpt":{"rendered":"<p>Secret\u00e1rio-geral do PS defende que a responsabilidade recai sobre o primeiro-ministro.<\/p>","protected":false},"author":9,"featured_media":43614,"comment_status":"open","ping_status":"open","sticky":false,"template":"","format":"standard","meta":{"footnotes":""},"categories":[560],"tags":[1431,1865,1040,808,2072],"class_list":["post-43613","post","type-post","status-publish","format-standard","has-post-thumbnail","hentry","category-news","tag-governo","tag-luis-neves","tag-politica","tag-portugal","tag-ps"],"yoast_head":"<!-- This site is optimized with the Yoast SEO Premium plugin v27.9 (Yoast SEO v27.9) - https:\/\/yoast.com\/product\/yoast-seo-premium-wordpress\/ -->\n<title>ps garante que n\u00e3o haver\u00e1 crise pol\u00edtica em portugal<\/title>\n<meta name=\"description\" content=\"PS afirma que n\u00e3o ser\u00e1 respons\u00e1vel por crise pol\u00edtica em Portugal e destaca a necessidade de di\u00e1logo no governo.\" \/>\n<meta name=\"robots\" content=\"index, follow, max-snippet:-1, max-image-preview:large, max-video-preview:-1\" \/>\n<link rel=\"canonical\" href=\"https:\/\/fyno.pt\/pt\/news\/ps-garante-que-nao-havera-crise-politica-em-portugal\/\" \/>\n<meta property=\"og:locale\" content=\"pt_PT\" \/>\n<meta property=\"og:type\" content=\"article\" \/>\n<meta property=\"og:title\" content=\"PS garante que n\u00e3o haver\u00e1 crise pol\u00edtica em Portugal\" \/>\n<meta property=\"og:description\" content=\"PS afirma que n\u00e3o ser\u00e1 respons\u00e1vel por crise pol\u00edtica em Portugal e destaca a necessidade de di\u00e1logo no governo.\" \/>\n<meta property=\"og:url\" content=\"https:\/\/fyno.pt\/pt\/news\/ps-garante-que-nao-havera-crise-politica-em-portugal\/\" \/>\n<meta property=\"og:site_name\" content=\"Fyno\" \/>\n<meta property=\"article:published_time\" content=\"2026-09-02T12:52:32+00:00\" \/>\n<meta property=\"og:image\" content=\"https:\/\/fyno.pt\/wp-content\/uploads\/2026\/09\/Gzsy6ejWkAInQ2N-1536x1025-1.jpg\" \/>\n\t<meta property=\"og:image:width\" content=\"1200\" \/>\n\t<meta property=\"og:image:height\" content=\"800\" \/>\n\t<meta property=\"og:image:type\" content=\"image\/webp\" \/>\n<meta name=\"author\" content=\"Fyno\" \/>\n<meta name=\"twitter:card\" content=\"summary_large_image\" \/>\n<meta name=\"twitter:label1\" content=\"Escrito por\" \/>\n\t<meta name=\"twitter:data1\" content=\"Fyno\" \/>\n\t<meta name=\"twitter:label2\" content=\"Tempo estimado de leitura\" \/>\n\t<meta name=\"twitter:data2\" content=\"1 minuto\" \/>\n<script type=\"application\/ld+json\" class=\"yoast-schema-graph\">{\"@context\":\"https:\\\/\\\/schema.org\",\"@graph\":[{\"@type\":\"Article\",\"@id\":\"https:\\\/\\\/fyno.pt\\\/pt\\\/news\\\/ps-garante-que-nao-havera-crise-politica-em-portugal\\\/#article\",\"isPartOf\":{\"@id\":\"https:\\\/\\\/fyno.pt\\\/pt\\\/news\\\/ps-garante-que-nao-havera-crise-politica-em-portugal\\\/\"},\"author\":{\"name\":\"Fyno\",\"@id\":\"https:\\\/\\\/fyno.pt\\\/#\\\/schema\\\/person\\\/ab5b330ed5ed05f1b4a7b8e438f68187\"},\"headline\":\"PS garante que n\u00e3o haver\u00e1 crise pol\u00edtica em Portugal\",\"datePublished\":\"2026-09-02T12:52:32+00:00\",\"mainEntityOfPage\":{\"@id\":\"https:\\\/\\\/fyno.pt\\\/pt\\\/news\\\/ps-garante-que-nao-havera-crise-politica-em-portugal\\\/\"},\"wordCount\":183,\"commentCount\":0,\"image\":{\"@id\":\"https:\\\/\\\/fyno.pt\\\/pt\\\/news\\\/ps-garante-que-nao-havera-crise-politica-em-portugal\\\/#primaryimage\"},\"thumbnailUrl\":\"https:\\\/\\\/fyno.pt\\\/wp-content\\\/uploads\\\/2026\\\/09\\\/Gzsy6ejWkAInQ2N-1536x1025-1.jpg\",\"keywords\":[\"Governo\",\"Lu\u00eds Neves\",\"pol\u00edtica\",\"Portugal\",\"PS\"],\"articleSection\":[\"News\"],\"inLanguage\":\"pt-PT\",\"potentialAction\":[{\"@type\":\"CommentAction\",\"name\":\"Comment\",\"target\":[\"https:\\\/\\\/fyno.pt\\\/pt\\\/news\\\/ps-garante-que-nao-havera-crise-politica-em-portugal\\\/#respond\"]}]},{\"@type\":\"WebPage\",\"@id\":\"https:\\\/\\\/fyno.pt\\\/pt\\\/news\\\/ps-garante-que-nao-havera-crise-politica-em-portugal\\\/\",\"url\":\"https:\\\/\\\/fyno.pt\\\/pt\\\/news\\\/ps-garante-que-nao-havera-crise-politica-em-portugal\\\/\",\"name\":\"ps garante que n\u00e3o haver\u00e1 crise pol\u00edtica em portugal\",\"isPartOf\":{\"@id\":\"https:\\\/\\\/fyno.pt\\\/#website\"},\"primaryImageOfPage\":{\"@id\":\"https:\\\/\\\/fyno.pt\\\/pt\\\/news\\\/ps-garante-que-nao-havera-crise-politica-em-portugal\\\/#primaryimage\"},\"image\":{\"@id\":\"https:\\\/\\\/fyno.pt\\\/pt\\\/news\\\/ps-garante-que-nao-havera-crise-politica-em-portugal\\\/#primaryimage\"},\"thumbnailUrl\":\"https:\\\/\\\/fyno.pt\\\/wp-content\\\/uploads\\\/2026\\\/09\\\/Gzsy6ejWkAInQ2N-1536x1025-1.jpg\",\"datePublished\":\"2026-09-02T12:52:32+00:00\",\"author\":{\"@id\":\"https:\\\/\\\/fyno.pt\\\/#\\\/schema\\\/person\\\/ab5b330ed5ed05f1b4a7b8e438f68187\"},\"description\":\"PS afirma que n\u00e3o ser\u00e1 respons\u00e1vel por crise pol\u00edtica em Portugal e destaca a necessidade de di\u00e1logo no governo.\",\"breadcrumb\":{\"@id\":\"https:\\\/\\\/fyno.pt\\\/pt\\\/news\\\/ps-garante-que-nao-havera-crise-politica-em-portugal\\\/#breadcrumb\"},\"inLanguage\":\"pt-PT\",\"potentialAction\":[{\"@type\":\"ReadAction\",\"target\":[\"https:\\\/\\\/fyno.pt\\\/pt\\\/news\\\/ps-garante-que-nao-havera-crise-politica-em-portugal\\\/\"]}]},{\"@type\":\"ImageObject\",\"inLanguage\":\"pt-PT\",\"@id\":\"https:\\\/\\\/fyno.pt\\\/pt\\\/news\\\/ps-garante-que-nao-havera-crise-politica-em-portugal\\\/#primaryimage\",\"url\":\"https:\\\/\\\/fyno.pt\\\/wp-content\\\/uploads\\\/2026\\\/09\\\/Gzsy6ejWkAInQ2N-1536x1025-1.jpg\",\"contentUrl\":\"https:\\\/\\\/fyno.pt\\\/wp-content\\\/uploads\\\/2026\\\/09\\\/Gzsy6ejWkAInQ2N-1536x1025-1.jpg\",\"width\":1200,\"height\":800,\"caption\":\"Carneiro diz que n\u00e3o ser\u00e1 pelo PS que haver\u00e1 \u201ccrise pol\u00edtica\u201d em Portugal\"},{\"@type\":\"BreadcrumbList\",\"@id\":\"https:\\\/\\\/fyno.pt\\\/pt\\\/news\\\/ps-garante-que-nao-havera-crise-politica-em-portugal\\\/#breadcrumb\",\"itemListElement\":[{\"@type\":\"ListItem\",\"position\":1,\"name\":\"In\u00edcio\",\"item\":\"https:\\\/\\\/fyno.pt\\\/\"},{\"@type\":\"ListItem\",\"position\":2,\"name\":\"PS garante que n\u00e3o haver\u00e1 crise pol\u00edtica em Portugal\"}]},{\"@type\":\"WebSite\",\"@id\":\"https:\\\/\\\/fyno.pt\\\/#website\",\"url\":\"https:\\\/\\\/fyno.pt\\\/\",\"name\":\"Fyno\",\"description\":\"Not\u00edcia e informa\u00e7\u00e3o\",\"potentialAction\":[{\"@type\":\"SearchAction\",\"target\":{\"@type\":\"EntryPoint\",\"urlTemplate\":\"https:\\\/\\\/fyno.pt\\\/?s={search_term_string}\"},\"query-input\":{\"@type\":\"PropertyValueSpecification\",\"valueRequired\":true,\"valueName\":\"search_term_string\"}}],\"inLanguage\":\"pt-PT\"},{\"@type\":\"Person\",\"@id\":\"https:\\\/\\\/fyno.pt\\\/#\\\/schema\\\/person\\\/ab5b330ed5ed05f1b4a7b8e438f68187\",\"name\":\"Fyno\",\"image\":{\"@type\":\"ImageObject\",\"inLanguage\":\"pt-PT\",\"@id\":\"https:\\\/\\\/fyno.pt\\\/wp-content\\\/litespeed\\\/avatar\\\/8f51870e8d94c234e288da840d914372.jpg?ver=1788205134\",\"url\":\"https:\\\/\\\/fyno.pt\\\/wp-content\\\/litespeed\\\/avatar\\\/8f51870e8d94c234e288da840d914372.jpg?ver=1788205134\",\"contentUrl\":\"https:\\\/\\\/fyno.pt\\\/wp-content\\\/litespeed\\\/avatar\\\/8f51870e8d94c234e288da840d914372.jpg?ver=1788205134\",\"caption\":\"Fyno\"},\"description\":\"A sua fonte de informa\u00e7\u00e3o.\",\"url\":\"https:\\\/\\\/fyno.pt\\\/pt\\\/author\\\/fynopt\\\/\"}]}<\/script>\n<!-- \/ Yoast SEO Premium plugin. -->","yoast_head_json":{"title":"ps garante que n\u00e3o haver\u00e1 crise pol\u00edtica em portugal","description":"PS afirma que n\u00e3o ser\u00e1 respons\u00e1vel por crise pol\u00edtica em Portugal e destaca a necessidade de di\u00e1logo no governo.","robots":{"index":"index","follow":"follow","max-snippet":"max-snippet:-1","max-image-preview":"max-image-preview:large","max-video-preview":"max-video-preview:-1"},"canonical":"https:\/\/fyno.pt\/pt\/news\/ps-garante-que-nao-havera-crise-politica-em-portugal\/","og_locale":"pt_PT","og_type":"article","og_title":"PS garante que n\u00e3o haver\u00e1 crise pol\u00edtica em Portugal","og_description":"PS afirma que n\u00e3o ser\u00e1 respons\u00e1vel por crise pol\u00edtica em Portugal e destaca a necessidade de di\u00e1logo no governo.","og_url":"https:\/\/fyno.pt\/pt\/news\/ps-garante-que-nao-havera-crise-politica-em-portugal\/","og_site_name":"Fyno","article_published_time":"2026-09-02T12:52:32+00:00","og_image":[{"width":1200,"height":800,"url":"https:\/\/fyno.pt\/wp-content\/uploads\/2026\/09\/Gzsy6ejWkAInQ2N-1536x1025-1.jpg","type":"image\/webp"}],"author":"Fyno","twitter_card":"summary_large_image","twitter_misc":{"Escrito por":"Fyno","Tempo estimado de leitura":"1 minuto"},"schema":{"@context":"https:\/\/schema.org","@graph":[{"@type":"Article","@id":"https:\/\/fyno.pt\/pt\/news\/ps-garante-que-nao-havera-crise-politica-em-portugal\/#article","isPartOf":{"@id":"https:\/\/fyno.pt\/pt\/news\/ps-garante-que-nao-havera-crise-politica-em-portugal\/"},"author":{"name":"Fyno","@id":"https:\/\/fyno.pt\/#\/schema\/person\/ab5b330ed5ed05f1b4a7b8e438f68187"},"headline":"PS garante que n\u00e3o haver\u00e1 crise pol\u00edtica em Portugal","datePublished":"2026-09-02T12:52:32+00:00","mainEntityOfPage":{"@id":"https:\/\/fyno.pt\/pt\/news\/ps-garante-que-nao-havera-crise-politica-em-portugal\/"},"wordCount":183,"commentCount":0,"image":{"@id":"https:\/\/fyno.pt\/pt\/news\/ps-garante-que-nao-havera-crise-politica-em-portugal\/#primaryimage"},"thumbnailUrl":"https:\/\/fyno.pt\/wp-content\/uploads\/2026\/09\/Gzsy6ejWkAInQ2N-1536x1025-1.jpg","keywords":["Governo","Lu\u00eds Neves","pol\u00edtica","Portugal","PS"],"articleSection":["News"],"inLanguage":"pt-PT","potentialAction":[{"@type":"CommentAction","name":"Comment","target":["https:\/\/fyno.pt\/pt\/news\/ps-garante-que-nao-havera-crise-politica-em-portugal\/#respond"]}]},{"@type":"WebPage","@id":"https:\/\/fyno.pt\/pt\/news\/ps-garante-que-nao-havera-crise-politica-em-portugal\/","url":"https:\/\/fyno.pt\/pt\/news\/ps-garante-que-nao-havera-crise-politica-em-portugal\/","name":"ps garante que n\u00e3o haver\u00e1 crise pol\u00edtica em portugal","isPartOf":{"@id":"https:\/\/fyno.pt\/#website"},"primaryImageOfPage":{"@id":"https:\/\/fyno.pt\/pt\/news\/ps-garante-que-nao-havera-crise-politica-em-portugal\/#primaryimage"},"image":{"@id":"https:\/\/fyno.pt\/pt\/news\/ps-garante-que-nao-havera-crise-politica-em-portugal\/#primaryimage"},"thumbnailUrl":"https:\/\/fyno.pt\/wp-content\/uploads\/2026\/09\/Gzsy6ejWkAInQ2N-1536x1025-1.jpg","datePublished":"2026-09-02T12:52:32+00:00","author":{"@id":"https:\/\/fyno.pt\/#\/schema\/person\/ab5b330ed5ed05f1b4a7b8e438f68187"},"description":"PS afirma que n\u00e3o ser\u00e1 respons\u00e1vel por crise pol\u00edtica em Portugal e destaca a necessidade de di\u00e1logo no governo.","breadcrumb":{"@id":"https:\/\/fyno.pt\/pt\/news\/ps-garante-que-nao-havera-crise-politica-em-portugal\/#breadcrumb"},"inLanguage":"pt-PT","potentialAction":[{"@type":"ReadAction","target":["https:\/\/fyno.pt\/pt\/news\/ps-garante-que-nao-havera-crise-politica-em-portugal\/"]}]},{"@type":"ImageObject","inLanguage":"pt-PT","@id":"https:\/\/fyno.pt\/pt\/news\/ps-garante-que-nao-havera-crise-politica-em-portugal\/#primaryimage","url":"https:\/\/fyno.pt\/wp-content\/uploads\/2026\/09\/Gzsy6ejWkAInQ2N-1536x1025-1.jpg","contentUrl":"https:\/\/fyno.pt\/wp-content\/uploads\/2026\/09\/Gzsy6ejWkAInQ2N-1536x1025-1.jpg","width":1200,"height":800,"caption":"Carneiro diz que n\u00e3o ser\u00e1 pelo PS que haver\u00e1 \u201ccrise pol\u00edtica\u201d em Portugal"},{"@type":"BreadcrumbList","@id":"https:\/\/fyno.pt\/pt\/news\/ps-garante-que-nao-havera-crise-politica-em-portugal\/#breadcrumb","itemListElement":[{"@type":"ListItem","position":1,"name":"In\u00edcio","item":"https:\/\/fyno.pt\/"},{"@type":"ListItem","position":2,"name":"PS garante que n\u00e3o haver\u00e1 crise pol\u00edtica em Portugal"}]},{"@type":"WebSite","@id":"https:\/\/fyno.pt\/#website","url":"https:\/\/fyno.pt\/","name":"Fyno","description":"Not\u00edcia e informa\u00e7\u00e3o","potentialAction":[{"@type":"SearchAction","target":{"@type":"EntryPoint","urlTemplate":"https:\/\/fyno.pt\/?s={search_term_string}"},"query-input":{"@type":"PropertyValueSpecification","valueRequired":true,"valueName":"search_term_string"}}],"inLanguage":"pt-PT"},{"@type":"Person","@id":"https:\/\/fyno.pt\/#\/schema\/person\/ab5b330ed5ed05f1b4a7b8e438f68187","name":"Fyno","image":{"@type":"ImageObject","inLanguage":"pt-PT","@id":"https:\/\/fyno.pt\/wp-content\/litespeed\/avatar\/8f51870e8d94c234e288da840d914372.jpg?ver=1788205134","url":"https:\/\/fyno.pt\/wp-content\/litespeed\/avatar\/8f51870e8d94c234e288da840d914372.jpg?ver=1788205134","contentUrl":"https:\/\/fyno.pt\/wp-content\/litespeed\/avatar\/8f51870e8d94c234e288da840d914372.jpg?ver=1788205134","caption":"Fyno"},"description":"A sua fonte de informa\u00e7\u00e3o.","url":"https:\/\/fyno.pt\/pt\/author\/fynopt\/"}]}},"_links":{"self":[{"href":"https:\/\/fyno.pt\/pt\/wp-json\/wp\/v2\/posts\/43613","targetHints":{"allow":["GET"]}}],"collection":[{"href":"https:\/\/fyno.pt\/pt\/wp-json\/wp\/v2\/posts"}],"about":[{"href":"https:\/\/fyno.pt\/pt\/wp-json\/wp\/v2\/types\/post"}],"author":[{"embeddable":true,"href":"https:\/\/fyno.pt\/pt\/wp-json\/wp\/v2\/users\/9"}],"replies":[{"embeddable":true,"href":"https:\/\/fyno.pt\/pt\/wp-json\/wp\/v2\/comments?post=43613"}],"version-history":[{"count":1,"href":"https:\/\/fyno.pt\/pt\/wp-json\/wp\/v2\/posts\/43613\/revisions"}],"predecessor-version":[{"id":43615,"href":"https:\/\/fyno.pt\/pt\/wp-json\/wp\/v2\/posts\/43613\/revisions\/43615"}],"wp:featuredmedia":[{"embeddable":true,"href":"https:\/\/fyno.pt\/pt\/wp-json\/wp\/v2\/media\/43614"}],"wp:attachment":[{"href":"https:\/\/fyno.pt\/pt\/wp-json\/wp\/v2\/media?parent=43613"}],"wp:term":[{"taxonomy":"category","embeddable":true,"href":"https:\/\/fyno.pt\/pt\/wp-json\/wp\/v2\/categories?post=43613"},{"taxonomy":"post_tag","embeddable":true,"href":"https:\/\/fyno.pt\/pt\/wp-json\/wp\/v2\/tags?post=43613"}],"curies":[{"name":"wp","href":"https:\/\/api.w.org\/{rel}","templated":true}]}}