{"id":43611,"date":"2026-09-02T09:52:03","date_gmt":"2026-09-02T12:52:03","guid":{"rendered":"https:\/\/fyno.pt\/pt\/?p=43611"},"modified":"2026-09-02T09:52:03","modified_gmt":"2026-09-02T12:52:03","slug":"mercado-medieval-fortaleza-valenca","status":"publish","type":"post","link":"https:\/\/fyno.pt\/pt\/mundo\/mercado-medieval-fortaleza-valenca\/","title":{"rendered":"Mercado Medieval transforma Fortaleza de Valen\u00e7a em cen\u00e1rio do s\u00e9culo XVI"},"content":{"rendered":"<p>A Fortaleza de Valen\u00e7a ser\u00e1 o cen\u00e1rio de um Mercado Medieval entre sexta-feira e domingo, trazendo de volta a atmosfera do ano de 1509, quando o escudeiro Duarte de Armas esteve na regi\u00e3o. A iniciativa foi anunciada pela autarquia local.<\/p>\n\n\n\n<h2 class=\"wp-block-heading\">Atra\u00e7\u00f5es do mercado Medieval<\/h2>\n\n\n\n<p>Durante tr\u00eas dias, as ruas e os espa\u00e7os da Fortaleza ser\u00e3o preenchidos por mercadores, artes\u00e3os, m\u00fasicos e personagens medievais, proporcionando uma programa\u00e7\u00e3o diversificada que une tradi\u00e7\u00e3o, cultura e entretenimento. Segundo a C\u00e2mara de Valen\u00e7a, o evento contar\u00e1 com uma variedade de atividades, incluindo dan\u00e7as, m\u00fasica, teatro, gastronomia, espet\u00e1culos de fogo e torneios tanto a p\u00e9 quanto a cavalo.<\/p>\n\n\n\n<p>A autarquia convida a popula\u00e7\u00e3o a &#039;viver a hist\u00f3ria&#039; e a explorar a Fortaleza, onde poder\u00e3o descobrir of\u00edcios antigos, conhecer tradi\u00e7\u00f5es locais e saborear a gastronomia t\u00edpica, criando uma experi\u00eancia imersiva para pessoas de todas as idades.<\/p>\n\n\n\n<h2 class=\"wp-block-heading\">Recria\u00e7\u00e3o hist\u00f3rica<\/h2>\n\n\n\n<p>A recria\u00e7\u00e3o da presen\u00e7a de Duarte de Armas em Valen\u00e7a em 1509 \u00e9 um dos destaques do evento. O escudeiro, que atuou sob as ordens do Rei D. Manuel I, percorreu as fortalezas da fronteira registrando seu estado e configura\u00e7\u00e3o em desenhos e plantas. A C\u00e2mara de Valen\u00e7a destaca que, mais de cinco s\u00e9culos ap\u00f3s a visita de Armas, seu olhar sobre a fortaleza inspira esta nova viagem no tempo.<\/p>\n\n\n\n<p>Valen\u00e7a foi uma das pra\u00e7as-fortes documentadas no famoso Livro das Fortalezas, um manuscrito quinhentista elaborado por Duarte de Armas a pedido do Rei D. Manuel I. Esse contexto hist\u00f3rico enriquece ainda mais a proposta do Mercado Medieval.<\/p>\n\n\n\n<h2 class=\"wp-block-heading\">Patrim\u00f4nio da Humanidade<\/h2>\n\n\n\n<p>A Fortaleza de Valen\u00e7a, classificada como monumento nacional desde 14 de mar\u00e7o de 1928, est\u00e1 atualmente em processo de candidatura para se tornar Patrim\u00f4nio da Humanidade pela UNESCO. Este reconhecimento faz parte do projeto Fortalezas Abaluartadas da Raia, que envolve os munic\u00edpios de Valen\u00e7a, Almeida e Marv\u00e3o.<\/p>","protected":false},"excerpt":{"rendered":"<p>Evento recria ambiente da \u00e9poca de Duarte de Armas com atra\u00e7\u00f5es culturais e hist\u00f3ricas<\/p>","protected":false},"author":9,"featured_media":0,"comment_status":"open","ping_status":"open","sticky":false,"template":"","format":"standard","meta":{"footnotes":""},"categories":[51],"tags":[795,1227,2071,807,2070],"class_list":["post-43611","post","type-post","status-publish","format-standard","hentry","category-mundo","tag-cultura","tag-eventos","tag-fortaleza-de-valenca","tag-historia","tag-mercado-medieval"],"yoast_head":"<!-- This site is optimized with the Yoast SEO Premium plugin v27.9 (Yoast SEO v27.9) - https:\/\/yoast.com\/product\/yoast-seo-premium-wordpress\/ -->\n<title>mercado medieval acontece na fortaleza de valen\u00e7a<\/title>\n<meta name=\"description\" content=\"Fortaleza de Valen\u00e7a ser\u00e1 cen\u00e1rio de Mercado Medieval com atra\u00e7\u00f5es culturais e hist\u00f3ricas entre sexta e domingo.\" \/>\n<meta name=\"robots\" content=\"index, follow, max-snippet:-1, max-image-preview:large, max-video-preview:-1\" \/>\n<link rel=\"canonical\" href=\"https:\/\/fyno.pt\/pt\/mundo\/mercado-medieval-fortaleza-valenca\/\" \/>\n<meta property=\"og:locale\" content=\"pt_PT\" \/>\n<meta property=\"og:type\" content=\"article\" \/>\n<meta property=\"og:title\" content=\"Mercado Medieval transforma Fortaleza de Valen\u00e7a em cen\u00e1rio do s\u00e9culo XVI\" \/>\n<meta property=\"og:description\" content=\"Fortaleza de Valen\u00e7a ser\u00e1 cen\u00e1rio de Mercado Medieval com atra\u00e7\u00f5es culturais e hist\u00f3ricas entre sexta e domingo.\" \/>\n<meta property=\"og:url\" content=\"https:\/\/fyno.pt\/pt\/mundo\/mercado-medieval-fortaleza-valenca\/\" \/>\n<meta property=\"og:site_name\" content=\"Fyno\" \/>\n<meta property=\"article:published_time\" content=\"2026-09-02T12:52:03+00:00\" \/>\n<meta name=\"author\" content=\"Fyno\" \/>\n<meta name=\"twitter:card\" content=\"summary_large_image\" \/>\n<meta name=\"twitter:label1\" content=\"Escrito por\" \/>\n\t<meta name=\"twitter:data1\" content=\"Fyno\" \/>\n\t<meta name=\"twitter:label2\" content=\"Tempo estimado de leitura\" \/>\n\t<meta name=\"twitter:data2\" content=\"2 minutos\" \/>\n<script type=\"application\/ld+json\" class=\"yoast-schema-graph\">{\"@context\":\"https:\\\/\\\/schema.org\",\"@graph\":[{\"@type\":\"Article\",\"@id\":\"https:\\\/\\\/fyno.pt\\\/pt\\\/mundo\\\/mercado-medieval-fortaleza-valenca\\\/#article\",\"isPartOf\":{\"@id\":\"https:\\\/\\\/fyno.pt\\\/pt\\\/mundo\\\/mercado-medieval-fortaleza-valenca\\\/\"},\"author\":{\"name\":\"Fyno\",\"@id\":\"https:\\\/\\\/fyno.pt\\\/#\\\/schema\\\/person\\\/ab5b330ed5ed05f1b4a7b8e438f68187\"},\"headline\":\"Mercado Medieval transforma Fortaleza de Valen\u00e7a em cen\u00e1rio do s\u00e9culo XVI\",\"datePublished\":\"2026-09-02T12:52:03+00:00\",\"mainEntityOfPage\":{\"@id\":\"https:\\\/\\\/fyno.pt\\\/pt\\\/mundo\\\/mercado-medieval-fortaleza-valenca\\\/\"},\"wordCount\":350,\"commentCount\":0,\"keywords\":[\"cultura\",\"Eventos\",\"fortaleza de valen\u00e7a\",\"Hist\u00f3ria\",\"mercado medieval\"],\"articleSection\":[\"Mundo\"],\"inLanguage\":\"pt-PT\",\"potentialAction\":[{\"@type\":\"CommentAction\",\"name\":\"Comment\",\"target\":[\"https:\\\/\\\/fyno.pt\\\/pt\\\/mundo\\\/mercado-medieval-fortaleza-valenca\\\/#respond\"]}]},{\"@type\":\"WebPage\",\"@id\":\"https:\\\/\\\/fyno.pt\\\/pt\\\/mundo\\\/mercado-medieval-fortaleza-valenca\\\/\",\"url\":\"https:\\\/\\\/fyno.pt\\\/pt\\\/mundo\\\/mercado-medieval-fortaleza-valenca\\\/\",\"name\":\"mercado medieval acontece na fortaleza de valen\u00e7a\",\"isPartOf\":{\"@id\":\"https:\\\/\\\/fyno.pt\\\/#website\"},\"datePublished\":\"2026-09-02T12:52:03+00:00\",\"author\":{\"@id\":\"https:\\\/\\\/fyno.pt\\\/#\\\/schema\\\/person\\\/ab5b330ed5ed05f1b4a7b8e438f68187\"},\"description\":\"Fortaleza de Valen\u00e7a ser\u00e1 cen\u00e1rio de Mercado Medieval com atra\u00e7\u00f5es culturais e hist\u00f3ricas entre sexta e domingo.\",\"breadcrumb\":{\"@id\":\"https:\\\/\\\/fyno.pt\\\/pt\\\/mundo\\\/mercado-medieval-fortaleza-valenca\\\/#breadcrumb\"},\"inLanguage\":\"pt-PT\",\"potentialAction\":[{\"@type\":\"ReadAction\",\"target\":[\"https:\\\/\\\/fyno.pt\\\/pt\\\/mundo\\\/mercado-medieval-fortaleza-valenca\\\/\"]}]},{\"@type\":\"BreadcrumbList\",\"@id\":\"https:\\\/\\\/fyno.pt\\\/pt\\\/mundo\\\/mercado-medieval-fortaleza-valenca\\\/#breadcrumb\",\"itemListElement\":[{\"@type\":\"ListItem\",\"position\":1,\"name\":\"In\u00edcio\",\"item\":\"https:\\\/\\\/fyno.pt\\\/\"},{\"@type\":\"ListItem\",\"position\":2,\"name\":\"Mercado Medieval transforma Fortaleza de Valen\u00e7a em cen\u00e1rio do s\u00e9culo XVI\"}]},{\"@type\":\"WebSite\",\"@id\":\"https:\\\/\\\/fyno.pt\\\/#website\",\"url\":\"https:\\\/\\\/fyno.pt\\\/\",\"name\":\"Fyno\",\"description\":\"Not\u00edcia e informa\u00e7\u00e3o\",\"potentialAction\":[{\"@type\":\"SearchAction\",\"target\":{\"@type\":\"EntryPoint\",\"urlTemplate\":\"https:\\\/\\\/fyno.pt\\\/?s={search_term_string}\"},\"query-input\":{\"@type\":\"PropertyValueSpecification\",\"valueRequired\":true,\"valueName\":\"search_term_string\"}}],\"inLanguage\":\"pt-PT\"},{\"@type\":\"Person\",\"@id\":\"https:\\\/\\\/fyno.pt\\\/#\\\/schema\\\/person\\\/ab5b330ed5ed05f1b4a7b8e438f68187\",\"name\":\"Fyno\",\"image\":{\"@type\":\"ImageObject\",\"inLanguage\":\"pt-PT\",\"@id\":\"https:\\\/\\\/fyno.pt\\\/wp-content\\\/litespeed\\\/avatar\\\/8f51870e8d94c234e288da840d914372.jpg?ver=1788205134\",\"url\":\"https:\\\/\\\/fyno.pt\\\/wp-content\\\/litespeed\\\/avatar\\\/8f51870e8d94c234e288da840d914372.jpg?ver=1788205134\",\"contentUrl\":\"https:\\\/\\\/fyno.pt\\\/wp-content\\\/litespeed\\\/avatar\\\/8f51870e8d94c234e288da840d914372.jpg?ver=1788205134\",\"caption\":\"Fyno\"},\"description\":\"A sua fonte de informa\u00e7\u00e3o.\",\"url\":\"https:\\\/\\\/fyno.pt\\\/pt\\\/author\\\/fynopt\\\/\"}]}<\/script>\n<!-- \/ Yoast SEO Premium plugin. -->","yoast_head_json":{"title":"mercado medieval acontece na fortaleza de valen\u00e7a","description":"Fortaleza de Valen\u00e7a ser\u00e1 cen\u00e1rio de Mercado Medieval com atra\u00e7\u00f5es culturais e hist\u00f3ricas entre sexta e domingo.","robots":{"index":"index","follow":"follow","max-snippet":"max-snippet:-1","max-image-preview":"max-image-preview:large","max-video-preview":"max-video-preview:-1"},"canonical":"https:\/\/fyno.pt\/pt\/mundo\/mercado-medieval-fortaleza-valenca\/","og_locale":"pt_PT","og_type":"article","og_title":"Mercado Medieval transforma Fortaleza de Valen\u00e7a em cen\u00e1rio do s\u00e9culo XVI","og_description":"Fortaleza de Valen\u00e7a ser\u00e1 cen\u00e1rio de Mercado Medieval com atra\u00e7\u00f5es culturais e hist\u00f3ricas entre sexta e domingo.","og_url":"https:\/\/fyno.pt\/pt\/mundo\/mercado-medieval-fortaleza-valenca\/","og_site_name":"Fyno","article_published_time":"2026-09-02T12:52:03+00:00","author":"Fyno","twitter_card":"summary_large_image","twitter_misc":{"Escrito por":"Fyno","Tempo estimado de leitura":"2 minutos"},"schema":{"@context":"https:\/\/schema.org","@graph":[{"@type":"Article","@id":"https:\/\/fyno.pt\/pt\/mundo\/mercado-medieval-fortaleza-valenca\/#article","isPartOf":{"@id":"https:\/\/fyno.pt\/pt\/mundo\/mercado-medieval-fortaleza-valenca\/"},"author":{"name":"Fyno","@id":"https:\/\/fyno.pt\/#\/schema\/person\/ab5b330ed5ed05f1b4a7b8e438f68187"},"headline":"Mercado Medieval transforma Fortaleza de Valen\u00e7a em cen\u00e1rio do s\u00e9culo XVI","datePublished":"2026-09-02T12:52:03+00:00","mainEntityOfPage":{"@id":"https:\/\/fyno.pt\/pt\/mundo\/mercado-medieval-fortaleza-valenca\/"},"wordCount":350,"commentCount":0,"keywords":["cultura","Eventos","fortaleza de valen\u00e7a","Hist\u00f3ria","mercado medieval"],"articleSection":["Mundo"],"inLanguage":"pt-PT","potentialAction":[{"@type":"CommentAction","name":"Comment","target":["https:\/\/fyno.pt\/pt\/mundo\/mercado-medieval-fortaleza-valenca\/#respond"]}]},{"@type":"WebPage","@id":"https:\/\/fyno.pt\/pt\/mundo\/mercado-medieval-fortaleza-valenca\/","url":"https:\/\/fyno.pt\/pt\/mundo\/mercado-medieval-fortaleza-valenca\/","name":"mercado medieval acontece na fortaleza de valen\u00e7a","isPartOf":{"@id":"https:\/\/fyno.pt\/#website"},"datePublished":"2026-09-02T12:52:03+00:00","author":{"@id":"https:\/\/fyno.pt\/#\/schema\/person\/ab5b330ed5ed05f1b4a7b8e438f68187"},"description":"Fortaleza de Valen\u00e7a ser\u00e1 cen\u00e1rio de Mercado Medieval com atra\u00e7\u00f5es culturais e hist\u00f3ricas entre sexta e domingo.","breadcrumb":{"@id":"https:\/\/fyno.pt\/pt\/mundo\/mercado-medieval-fortaleza-valenca\/#breadcrumb"},"inLanguage":"pt-PT","potentialAction":[{"@type":"ReadAction","target":["https:\/\/fyno.pt\/pt\/mundo\/mercado-medieval-fortaleza-valenca\/"]}]},{"@type":"BreadcrumbList","@id":"https:\/\/fyno.pt\/pt\/mundo\/mercado-medieval-fortaleza-valenca\/#breadcrumb","itemListElement":[{"@type":"ListItem","position":1,"name":"In\u00edcio","item":"https:\/\/fyno.pt\/"},{"@type":"ListItem","position":2,"name":"Mercado Medieval transforma Fortaleza de Valen\u00e7a em cen\u00e1rio do s\u00e9culo XVI"}]},{"@type":"WebSite","@id":"https:\/\/fyno.pt\/#website","url":"https:\/\/fyno.pt\/","name":"Fyno","description":"Not\u00edcia e informa\u00e7\u00e3o","potentialAction":[{"@type":"SearchAction","target":{"@type":"EntryPoint","urlTemplate":"https:\/\/fyno.pt\/?s={search_term_string}"},"query-input":{"@type":"PropertyValueSpecification","valueRequired":true,"valueName":"search_term_string"}}],"inLanguage":"pt-PT"},{"@type":"Person","@id":"https:\/\/fyno.pt\/#\/schema\/person\/ab5b330ed5ed05f1b4a7b8e438f68187","name":"Fyno","image":{"@type":"ImageObject","inLanguage":"pt-PT","@id":"https:\/\/fyno.pt\/wp-content\/litespeed\/avatar\/8f51870e8d94c234e288da840d914372.jpg?ver=1788205134","url":"https:\/\/fyno.pt\/wp-content\/litespeed\/avatar\/8f51870e8d94c234e288da840d914372.jpg?ver=1788205134","contentUrl":"https:\/\/fyno.pt\/wp-content\/litespeed\/avatar\/8f51870e8d94c234e288da840d914372.jpg?ver=1788205134","caption":"Fyno"},"description":"A sua fonte de informa\u00e7\u00e3o.","url":"https:\/\/fyno.pt\/pt\/author\/fynopt\/"}]}},"_links":{"self":[{"href":"https:\/\/fyno.pt\/pt\/wp-json\/wp\/v2\/posts\/43611","targetHints":{"allow":["GET"]}}],"collection":[{"href":"https:\/\/fyno.pt\/pt\/wp-json\/wp\/v2\/posts"}],"about":[{"href":"https:\/\/fyno.pt\/pt\/wp-json\/wp\/v2\/types\/post"}],"author":[{"embeddable":true,"href":"https:\/\/fyno.pt\/pt\/wp-json\/wp\/v2\/users\/9"}],"replies":[{"embeddable":true,"href":"https:\/\/fyno.pt\/pt\/wp-json\/wp\/v2\/comments?post=43611"}],"version-history":[{"count":1,"href":"https:\/\/fyno.pt\/pt\/wp-json\/wp\/v2\/posts\/43611\/revisions"}],"predecessor-version":[{"id":43612,"href":"https:\/\/fyno.pt\/pt\/wp-json\/wp\/v2\/posts\/43611\/revisions\/43612"}],"wp:attachment":[{"href":"https:\/\/fyno.pt\/pt\/wp-json\/wp\/v2\/media?parent=43611"}],"wp:term":[{"taxonomy":"category","embeddable":true,"href":"https:\/\/fyno.pt\/pt\/wp-json\/wp\/v2\/categories?post=43611"},{"taxonomy":"post_tag","embeddable":true,"href":"https:\/\/fyno.pt\/pt\/wp-json\/wp\/v2\/tags?post=43611"}],"curies":[{"name":"wp","href":"https:\/\/api.w.org\/{rel}","templated":true}]}}