{"id":43608,"date":"2026-09-02T09:22:10","date_gmt":"2026-09-02T12:22:10","guid":{"rendered":"https:\/\/fyno.pt\/pt\/?p=43608"},"modified":"2026-09-02T09:22:10","modified_gmt":"2026-09-02T12:22:10","slug":"jogadores-sem-clube-mercado","status":"publish","type":"post","link":"https:\/\/fyno.pt\/pt\/news\/jogadores-sem-clube-mercado\/","title":{"rendered":"Jogadores de peso sem clube ap\u00f3s fechamento das janelas de mercado"},"content":{"rendered":"<p>Com o fechamento das janelas de transfer\u00eancias nas cinco principais ligas europeias, diversos jogadores renomados seguem sem clube. Essa situa\u00e7\u00e3o \u00e9 surpreendente, considerando que, at\u00e9 pouco tempo, esses atletas representavam investimentos significativos para os times.<\/p>\n\n\n\n<h2 class=\"wp-block-heading\">Situa\u00e7\u00e3o atual dos atletas<\/h2>\n\n\n\n<p>Jogadores que j\u00e1 foram estrelas em suas equipes agora enfrentam a realidade de estarem dispon\u00edveis no mercado. Esses atletas, que em \u00e9pocas anteriores atra\u00edam propostas que somavam milh\u00f5es de euros, agora esperam por oportunidades em um cen\u00e1rio competitivo.<\/p>\n\n\n\n<h2 class=\"wp-block-heading\">O impacto no mercado de transfer\u00eancias<\/h2>\n\n\n\n<p>A aus\u00eancia desses jogadores nas ligas pode ter um efeito consider\u00e1vel no mercado de transfer\u00eancias, uma vez que sua experi\u00eancia e habilidades s\u00e3o muito valorizadas. As raz\u00f5es para estarem sem clube variam, mas a situa\u00e7\u00e3o \u00e9 um reflexo das mudan\u00e7as nas din\u00e2micas de contrata\u00e7\u00e3o e investimento das equipes.<\/p>\n\n\n\n<h2 class=\"wp-block-heading\">Pr\u00f3ximos passos para os jogadores<\/h2>\n\n\n\n<p>Enquanto aguardam por novas propostas, esses atletas t\u00eam a oportunidade de considerar suas op\u00e7\u00f5es e avaliar o que desejam para suas carreiras. O futuro deles poder\u00e1 incluir contratos em ligas menos tradicionais ou at\u00e9 mesmo em competi\u00e7\u00f5es fora da Europa, onde ainda podem fazer a diferen\u00e7a.<\/p>","protected":false},"excerpt":{"rendered":"<p>Apesar de valerem milh\u00f5es, atletas renomados permanecem sem time na Europa.<\/p>","protected":false},"author":9,"featured_media":43609,"comment_status":"open","ping_status":"open","sticky":false,"template":"","format":"standard","meta":{"footnotes":""},"categories":[560],"tags":[2069,595,2068,2067,1907],"class_list":["post-43608","post","type-post","status-publish","format-standard","has-post-thumbnail","hentry","category-news","tag-clubes","tag-futebol","tag-jogadores","tag-mercado","tag-transferencias"],"yoast_head":"<!-- This site is optimized with the Yoast SEO Premium plugin v27.9 (Yoast SEO v27.9) - https:\/\/yoast.com\/product\/yoast-seo-premium-wordpress\/ -->\n<title>jogadores renomados seguem sem clube ap\u00f3s fechamento das janelas<\/title>\n<meta name=\"description\" content=\"Ap\u00f3s o fechamento das janelas de transfer\u00eancias, v\u00e1rios jogadores renomados permanecem sem clube, refletindo mudan\u00e7as nas din\u00e2micas do mercado.\" \/>\n<meta name=\"robots\" content=\"index, follow, max-snippet:-1, max-image-preview:large, max-video-preview:-1\" \/>\n<link rel=\"canonical\" href=\"https:\/\/fyno.pt\/pt\/news\/jogadores-sem-clube-mercado\/\" \/>\n<meta property=\"og:locale\" content=\"pt_PT\" \/>\n<meta property=\"og:type\" content=\"article\" \/>\n<meta property=\"og:title\" content=\"Jogadores de peso sem clube ap\u00f3s fechamento das janelas de mercado\" \/>\n<meta property=\"og:description\" content=\"Ap\u00f3s o fechamento das janelas de transfer\u00eancias, v\u00e1rios jogadores renomados permanecem sem clube, refletindo mudan\u00e7as nas din\u00e2micas do mercado.\" \/>\n<meta property=\"og:url\" content=\"https:\/\/fyno.pt\/pt\/news\/jogadores-sem-clube-mercado\/\" \/>\n<meta property=\"og:site_name\" content=\"Fyno\" \/>\n<meta property=\"article:published_time\" content=\"2026-09-02T12:22:10+00:00\" \/>\n<meta property=\"og:image\" content=\"https:\/\/fyno.pt\/wp-content\/uploads\/2026\/09\/image.jpg\" \/>\n\t<meta property=\"og:image:width\" content=\"1200\" \/>\n\t<meta property=\"og:image:height\" content=\"675\" \/>\n\t<meta property=\"og:image:type\" content=\"image\/jpeg\" \/>\n<meta name=\"author\" content=\"Fyno\" \/>\n<meta name=\"twitter:card\" content=\"summary_large_image\" \/>\n<meta name=\"twitter:label1\" content=\"Escrito por\" \/>\n\t<meta name=\"twitter:data1\" content=\"Fyno\" \/>\n\t<meta name=\"twitter:label2\" content=\"Tempo estimado de leitura\" \/>\n\t<meta name=\"twitter:data2\" content=\"1 minuto\" \/>\n<script type=\"application\/ld+json\" class=\"yoast-schema-graph\">{\"@context\":\"https:\\\/\\\/schema.org\",\"@graph\":[{\"@type\":\"Article\",\"@id\":\"https:\\\/\\\/fyno.pt\\\/pt\\\/news\\\/jogadores-sem-clube-mercado\\\/#article\",\"isPartOf\":{\"@id\":\"https:\\\/\\\/fyno.pt\\\/pt\\\/news\\\/jogadores-sem-clube-mercado\\\/\"},\"author\":{\"name\":\"Fyno\",\"@id\":\"https:\\\/\\\/fyno.pt\\\/#\\\/schema\\\/person\\\/ab5b330ed5ed05f1b4a7b8e438f68187\"},\"headline\":\"Jogadores de peso sem clube ap\u00f3s fechamento das janelas de mercado\",\"datePublished\":\"2026-09-02T12:22:10+00:00\",\"mainEntityOfPage\":{\"@id\":\"https:\\\/\\\/fyno.pt\\\/pt\\\/news\\\/jogadores-sem-clube-mercado\\\/\"},\"wordCount\":215,\"commentCount\":0,\"image\":{\"@id\":\"https:\\\/\\\/fyno.pt\\\/pt\\\/news\\\/jogadores-sem-clube-mercado\\\/#primaryimage\"},\"thumbnailUrl\":\"https:\\\/\\\/fyno.pt\\\/wp-content\\\/uploads\\\/2026\\\/09\\\/image.jpg\",\"keywords\":[\"clubes\",\"Futebol\",\"jogadores\",\"mercado\",\"transfer\u00eancias\"],\"articleSection\":[\"News\"],\"inLanguage\":\"pt-PT\",\"potentialAction\":[{\"@type\":\"CommentAction\",\"name\":\"Comment\",\"target\":[\"https:\\\/\\\/fyno.pt\\\/pt\\\/news\\\/jogadores-sem-clube-mercado\\\/#respond\"]}]},{\"@type\":\"WebPage\",\"@id\":\"https:\\\/\\\/fyno.pt\\\/pt\\\/news\\\/jogadores-sem-clube-mercado\\\/\",\"url\":\"https:\\\/\\\/fyno.pt\\\/pt\\\/news\\\/jogadores-sem-clube-mercado\\\/\",\"name\":\"jogadores renomados seguem sem clube ap\u00f3s fechamento das janelas\",\"isPartOf\":{\"@id\":\"https:\\\/\\\/fyno.pt\\\/#website\"},\"primaryImageOfPage\":{\"@id\":\"https:\\\/\\\/fyno.pt\\\/pt\\\/news\\\/jogadores-sem-clube-mercado\\\/#primaryimage\"},\"image\":{\"@id\":\"https:\\\/\\\/fyno.pt\\\/pt\\\/news\\\/jogadores-sem-clube-mercado\\\/#primaryimage\"},\"thumbnailUrl\":\"https:\\\/\\\/fyno.pt\\\/wp-content\\\/uploads\\\/2026\\\/09\\\/image.jpg\",\"datePublished\":\"2026-09-02T12:22:10+00:00\",\"author\":{\"@id\":\"https:\\\/\\\/fyno.pt\\\/#\\\/schema\\\/person\\\/ab5b330ed5ed05f1b4a7b8e438f68187\"},\"description\":\"Ap\u00f3s o fechamento das janelas de transfer\u00eancias, v\u00e1rios jogadores renomados permanecem sem clube, refletindo mudan\u00e7as nas din\u00e2micas do mercado.\",\"breadcrumb\":{\"@id\":\"https:\\\/\\\/fyno.pt\\\/pt\\\/news\\\/jogadores-sem-clube-mercado\\\/#breadcrumb\"},\"inLanguage\":\"pt-PT\",\"potentialAction\":[{\"@type\":\"ReadAction\",\"target\":[\"https:\\\/\\\/fyno.pt\\\/pt\\\/news\\\/jogadores-sem-clube-mercado\\\/\"]}]},{\"@type\":\"ImageObject\",\"inLanguage\":\"pt-PT\",\"@id\":\"https:\\\/\\\/fyno.pt\\\/pt\\\/news\\\/jogadores-sem-clube-mercado\\\/#primaryimage\",\"url\":\"https:\\\/\\\/fyno.pt\\\/wp-content\\\/uploads\\\/2026\\\/09\\\/image.jpg\",\"contentUrl\":\"https:\\\/\\\/fyno.pt\\\/wp-content\\\/uploads\\\/2026\\\/09\\\/image.jpg\",\"width\":1200,\"height\":675,\"caption\":\"Jadon SanchoCr\u00e9ditos:Instagram\"},{\"@type\":\"BreadcrumbList\",\"@id\":\"https:\\\/\\\/fyno.pt\\\/pt\\\/news\\\/jogadores-sem-clube-mercado\\\/#breadcrumb\",\"itemListElement\":[{\"@type\":\"ListItem\",\"position\":1,\"name\":\"In\u00edcio\",\"item\":\"https:\\\/\\\/fyno.pt\\\/\"},{\"@type\":\"ListItem\",\"position\":2,\"name\":\"Jogadores de peso sem clube ap\u00f3s fechamento das janelas de mercado\"}]},{\"@type\":\"WebSite\",\"@id\":\"https:\\\/\\\/fyno.pt\\\/#website\",\"url\":\"https:\\\/\\\/fyno.pt\\\/\",\"name\":\"Fyno\",\"description\":\"Not\u00edcia e informa\u00e7\u00e3o\",\"potentialAction\":[{\"@type\":\"SearchAction\",\"target\":{\"@type\":\"EntryPoint\",\"urlTemplate\":\"https:\\\/\\\/fyno.pt\\\/?s={search_term_string}\"},\"query-input\":{\"@type\":\"PropertyValueSpecification\",\"valueRequired\":true,\"valueName\":\"search_term_string\"}}],\"inLanguage\":\"pt-PT\"},{\"@type\":\"Person\",\"@id\":\"https:\\\/\\\/fyno.pt\\\/#\\\/schema\\\/person\\\/ab5b330ed5ed05f1b4a7b8e438f68187\",\"name\":\"Fyno\",\"image\":{\"@type\":\"ImageObject\",\"inLanguage\":\"pt-PT\",\"@id\":\"https:\\\/\\\/fyno.pt\\\/wp-content\\\/litespeed\\\/avatar\\\/8f51870e8d94c234e288da840d914372.jpg?ver=1788205134\",\"url\":\"https:\\\/\\\/fyno.pt\\\/wp-content\\\/litespeed\\\/avatar\\\/8f51870e8d94c234e288da840d914372.jpg?ver=1788205134\",\"contentUrl\":\"https:\\\/\\\/fyno.pt\\\/wp-content\\\/litespeed\\\/avatar\\\/8f51870e8d94c234e288da840d914372.jpg?ver=1788205134\",\"caption\":\"Fyno\"},\"description\":\"A sua fonte de informa\u00e7\u00e3o.\",\"url\":\"https:\\\/\\\/fyno.pt\\\/pt\\\/author\\\/fynopt\\\/\"}]}<\/script>\n<!-- \/ Yoast SEO Premium plugin. -->","yoast_head_json":{"title":"jogadores renomados seguem sem clube ap\u00f3s fechamento das janelas","description":"Ap\u00f3s o fechamento das janelas de transfer\u00eancias, v\u00e1rios jogadores renomados permanecem sem clube, refletindo mudan\u00e7as nas din\u00e2micas do mercado.","robots":{"index":"index","follow":"follow","max-snippet":"max-snippet:-1","max-image-preview":"max-image-preview:large","max-video-preview":"max-video-preview:-1"},"canonical":"https:\/\/fyno.pt\/pt\/news\/jogadores-sem-clube-mercado\/","og_locale":"pt_PT","og_type":"article","og_title":"Jogadores de peso sem clube ap\u00f3s fechamento das janelas de mercado","og_description":"Ap\u00f3s o fechamento das janelas de transfer\u00eancias, v\u00e1rios jogadores renomados permanecem sem clube, refletindo mudan\u00e7as nas din\u00e2micas do mercado.","og_url":"https:\/\/fyno.pt\/pt\/news\/jogadores-sem-clube-mercado\/","og_site_name":"Fyno","article_published_time":"2026-09-02T12:22:10+00:00","og_image":[{"width":1200,"height":675,"url":"https:\/\/fyno.pt\/wp-content\/uploads\/2026\/09\/image.jpg","type":"image\/jpeg"}],"author":"Fyno","twitter_card":"summary_large_image","twitter_misc":{"Escrito por":"Fyno","Tempo estimado de leitura":"1 minuto"},"schema":{"@context":"https:\/\/schema.org","@graph":[{"@type":"Article","@id":"https:\/\/fyno.pt\/pt\/news\/jogadores-sem-clube-mercado\/#article","isPartOf":{"@id":"https:\/\/fyno.pt\/pt\/news\/jogadores-sem-clube-mercado\/"},"author":{"name":"Fyno","@id":"https:\/\/fyno.pt\/#\/schema\/person\/ab5b330ed5ed05f1b4a7b8e438f68187"},"headline":"Jogadores de peso sem clube ap\u00f3s fechamento das janelas de mercado","datePublished":"2026-09-02T12:22:10+00:00","mainEntityOfPage":{"@id":"https:\/\/fyno.pt\/pt\/news\/jogadores-sem-clube-mercado\/"},"wordCount":215,"commentCount":0,"image":{"@id":"https:\/\/fyno.pt\/pt\/news\/jogadores-sem-clube-mercado\/#primaryimage"},"thumbnailUrl":"https:\/\/fyno.pt\/wp-content\/uploads\/2026\/09\/image.jpg","keywords":["clubes","Futebol","jogadores","mercado","transfer\u00eancias"],"articleSection":["News"],"inLanguage":"pt-PT","potentialAction":[{"@type":"CommentAction","name":"Comment","target":["https:\/\/fyno.pt\/pt\/news\/jogadores-sem-clube-mercado\/#respond"]}]},{"@type":"WebPage","@id":"https:\/\/fyno.pt\/pt\/news\/jogadores-sem-clube-mercado\/","url":"https:\/\/fyno.pt\/pt\/news\/jogadores-sem-clube-mercado\/","name":"jogadores renomados seguem sem clube ap\u00f3s fechamento das janelas","isPartOf":{"@id":"https:\/\/fyno.pt\/#website"},"primaryImageOfPage":{"@id":"https:\/\/fyno.pt\/pt\/news\/jogadores-sem-clube-mercado\/#primaryimage"},"image":{"@id":"https:\/\/fyno.pt\/pt\/news\/jogadores-sem-clube-mercado\/#primaryimage"},"thumbnailUrl":"https:\/\/fyno.pt\/wp-content\/uploads\/2026\/09\/image.jpg","datePublished":"2026-09-02T12:22:10+00:00","author":{"@id":"https:\/\/fyno.pt\/#\/schema\/person\/ab5b330ed5ed05f1b4a7b8e438f68187"},"description":"Ap\u00f3s o fechamento das janelas de transfer\u00eancias, v\u00e1rios jogadores renomados permanecem sem clube, refletindo mudan\u00e7as nas din\u00e2micas do mercado.","breadcrumb":{"@id":"https:\/\/fyno.pt\/pt\/news\/jogadores-sem-clube-mercado\/#breadcrumb"},"inLanguage":"pt-PT","potentialAction":[{"@type":"ReadAction","target":["https:\/\/fyno.pt\/pt\/news\/jogadores-sem-clube-mercado\/"]}]},{"@type":"ImageObject","inLanguage":"pt-PT","@id":"https:\/\/fyno.pt\/pt\/news\/jogadores-sem-clube-mercado\/#primaryimage","url":"https:\/\/fyno.pt\/wp-content\/uploads\/2026\/09\/image.jpg","contentUrl":"https:\/\/fyno.pt\/wp-content\/uploads\/2026\/09\/image.jpg","width":1200,"height":675,"caption":"Jadon SanchoCr\u00e9ditos:Instagram"},{"@type":"BreadcrumbList","@id":"https:\/\/fyno.pt\/pt\/news\/jogadores-sem-clube-mercado\/#breadcrumb","itemListElement":[{"@type":"ListItem","position":1,"name":"In\u00edcio","item":"https:\/\/fyno.pt\/"},{"@type":"ListItem","position":2,"name":"Jogadores de peso sem clube ap\u00f3s fechamento das janelas de mercado"}]},{"@type":"WebSite","@id":"https:\/\/fyno.pt\/#website","url":"https:\/\/fyno.pt\/","name":"Fyno","description":"Not\u00edcia e informa\u00e7\u00e3o","potentialAction":[{"@type":"SearchAction","target":{"@type":"EntryPoint","urlTemplate":"https:\/\/fyno.pt\/?s={search_term_string}"},"query-input":{"@type":"PropertyValueSpecification","valueRequired":true,"valueName":"search_term_string"}}],"inLanguage":"pt-PT"},{"@type":"Person","@id":"https:\/\/fyno.pt\/#\/schema\/person\/ab5b330ed5ed05f1b4a7b8e438f68187","name":"Fyno","image":{"@type":"ImageObject","inLanguage":"pt-PT","@id":"https:\/\/fyno.pt\/wp-content\/litespeed\/avatar\/8f51870e8d94c234e288da840d914372.jpg?ver=1788205134","url":"https:\/\/fyno.pt\/wp-content\/litespeed\/avatar\/8f51870e8d94c234e288da840d914372.jpg?ver=1788205134","contentUrl":"https:\/\/fyno.pt\/wp-content\/litespeed\/avatar\/8f51870e8d94c234e288da840d914372.jpg?ver=1788205134","caption":"Fyno"},"description":"A sua fonte de informa\u00e7\u00e3o.","url":"https:\/\/fyno.pt\/pt\/author\/fynopt\/"}]}},"_links":{"self":[{"href":"https:\/\/fyno.pt\/pt\/wp-json\/wp\/v2\/posts\/43608","targetHints":{"allow":["GET"]}}],"collection":[{"href":"https:\/\/fyno.pt\/pt\/wp-json\/wp\/v2\/posts"}],"about":[{"href":"https:\/\/fyno.pt\/pt\/wp-json\/wp\/v2\/types\/post"}],"author":[{"embeddable":true,"href":"https:\/\/fyno.pt\/pt\/wp-json\/wp\/v2\/users\/9"}],"replies":[{"embeddable":true,"href":"https:\/\/fyno.pt\/pt\/wp-json\/wp\/v2\/comments?post=43608"}],"version-history":[{"count":1,"href":"https:\/\/fyno.pt\/pt\/wp-json\/wp\/v2\/posts\/43608\/revisions"}],"predecessor-version":[{"id":43610,"href":"https:\/\/fyno.pt\/pt\/wp-json\/wp\/v2\/posts\/43608\/revisions\/43610"}],"wp:featuredmedia":[{"embeddable":true,"href":"https:\/\/fyno.pt\/pt\/wp-json\/wp\/v2\/media\/43609"}],"wp:attachment":[{"href":"https:\/\/fyno.pt\/pt\/wp-json\/wp\/v2\/media?parent=43608"}],"wp:term":[{"taxonomy":"category","embeddable":true,"href":"https:\/\/fyno.pt\/pt\/wp-json\/wp\/v2\/categories?post=43608"},{"taxonomy":"post_tag","embeddable":true,"href":"https:\/\/fyno.pt\/pt\/wp-json\/wp\/v2\/tags?post=43608"}],"curies":[{"name":"wp","href":"https:\/\/api.w.org\/{rel}","templated":true}]}}