{"id":43605,"date":"2026-09-02T09:21:57","date_gmt":"2026-09-02T12:21:57","guid":{"rendered":"https:\/\/fyno.pt\/pt\/?p=43605"},"modified":"2026-09-02T09:21:57","modified_gmt":"2026-09-02T12:21:57","slug":"projeto-partilha-energia-braga","status":"publish","type":"post","link":"https:\/\/fyno.pt\/pt\/mundo\/projeto-partilha-energia-braga\/","title":{"rendered":"Projeto de 7 milh\u00f5es para partilha de energia \u00e9 liderado por empresa de Braga"},"content":{"rendered":"<p>A dstsolar, empresa do Grupo DST localizada em Braga, anunciou que liderar\u00e1 um projeto de sete milh\u00f5es de euros em \u00c1gueda, no distrito de Aveiro. A iniciativa visa integrar a produ\u00e7\u00e3o fotovoltaica, o armazenamento de energia e comunidades de autoconsumo coletivo, permitindo que diversas empresas compartilhem energia renov\u00e1vel de forma eficiente e sustent\u00e1vel.<\/p>\n\n\n\n<h2 class=\"wp-block-heading\">Detalhes do projeto<\/h2>\n\n\n\n<p>Em comunicado enviado \u00e0 imprensa, a dstsolar destacou que o projeto \u00e9 promovido pela C\u00e2mara de \u00c1gueda e faz parte do investimento &quot;\u00c1reas de Acolhimento Empresarial de Nova Gera\u00e7\u00e3o&quot;. A interven\u00e7\u00e3o prev\u00ea a instala\u00e7\u00e3o de 15 unidades de produ\u00e7\u00e3o e armazenamento de energia, totalizando 9,31 MWp de capacidade e 9 MWh de armazenamento, o que ir\u00e1 contribuir diretamente para a efici\u00eancia energ\u00e9tica das empresas no Parque Empresarial do Casar\u00e3o.<\/p>\n\n\n\n<h2 class=\"wp-block-heading\">Impacto e inova\u00e7\u00e3o<\/h2>\n\n\n\n<p>S\u00e9rgio Vieira, administrador executivo da dstsolar, comentou sobre a relev\u00e2ncia do projeto, afirmando que ele n\u00e3o s\u00f3 \u00e9 inovador, mas tamb\u00e9m possui um impacto significativo na transi\u00e7\u00e3o energ\u00e9tica das empresas. &quot;Liderar esta interven\u00e7\u00e3o representa o refor\u00e7o do nosso compromisso com solu\u00e7\u00f5es energ\u00e9ticas sustent\u00e1veis, alinhadas com os desafios da descarboniza\u00e7\u00e3o&quot;, disse Vieira.<\/p>\n\n\n\n<p>Al\u00e9m disso, o projeto criar\u00e1 uma comunidade de autoconsumo coletivo que permitir\u00e1 a 15 entidades produzir, armazenar, compartilhar e consumir energia renov\u00e1vel gerada localmente. Esse modelo exige uma gest\u00e3o t\u00e9cnica especializada para otimizar a utiliza\u00e7\u00e3o dos recursos energ\u00e9ticos, diminuindo a depend\u00eancia da rede el\u00e9trica e os custos operacionais.<\/p>\n\n\n\n<h2 class=\"wp-block-heading\">Contribui\u00e7\u00f5es e parcerias<\/h2>\n\n\n\n<p>A b-again, tamb\u00e9m parte do Grupo DST e especializada em solu\u00e7\u00f5es de armazenamento de energia, contribuir\u00e1 para o desenvolvimento do sistema de baterias. Essa tecnologia \u00e9 fundamental para maximizar o aproveitamento da energia produzida, permitindo o armazenamento de excedentes e aumentando a flexibilidade na gest\u00e3o energ\u00e9tica das comunidades de autoconsumo.<\/p>\n\n\n\n<p>Por fim, a dstsolar reafirmou sua posi\u00e7\u00e3o como um dos principais agentes da transi\u00e7\u00e3o energ\u00e9tica em Portugal, destacando sua experi\u00eancia em implementar projetos complexos que combinam inova\u00e7\u00e3o, sustentabilidade e competitividade para o setor empresarial.<\/p>","protected":false},"excerpt":{"rendered":"<p>A dstsolar implementar\u00e1 solu\u00e7\u00f5es de energia renov\u00e1vel em \u00c1gueda, promovendo efici\u00eancia e sustentabilidade.<\/p>","protected":false},"author":9,"featured_media":43606,"comment_status":"open","ping_status":"open","sticky":false,"template":"","format":"standard","meta":{"footnotes":""},"categories":[51],"tags":[1841,1855,2066,2065,1963],"class_list":["post-43605","post","type-post","status-publish","format-standard","has-post-thumbnail","hentry","category-mundo","tag-braga","tag-energia","tag-fotovoltaica","tag-projeto","tag-sustentabilidade"],"yoast_head":"<!-- This site is optimized with the Yoast SEO Premium plugin v27.9 (Yoast SEO v27.9) - https:\/\/yoast.com\/product\/yoast-seo-premium-wordpress\/ -->\n<title>dstsolar lidera projeto de 7 milh\u00f5es em \u00c1gueda para partilha de energia<\/title>\n<meta name=\"description\" content=\"A dstsolar lidera projeto de 7 milh\u00f5es em \u00c1gueda para partilha de energia renov\u00e1vel entre empresas.\" \/>\n<meta name=\"robots\" content=\"index, follow, max-snippet:-1, max-image-preview:large, max-video-preview:-1\" \/>\n<link rel=\"canonical\" href=\"https:\/\/fyno.pt\/pt\/mundo\/projeto-partilha-energia-braga\/\" \/>\n<meta property=\"og:locale\" content=\"pt_PT\" \/>\n<meta property=\"og:type\" content=\"article\" \/>\n<meta property=\"og:title\" content=\"Projeto de 7 milh\u00f5es para partilha de energia \u00e9 liderado por empresa de Braga\" \/>\n<meta property=\"og:description\" content=\"A dstsolar lidera projeto de 7 milh\u00f5es em \u00c1gueda para partilha de energia renov\u00e1vel entre empresas.\" \/>\n<meta property=\"og:url\" content=\"https:\/\/fyno.pt\/pt\/mundo\/projeto-partilha-energia-braga\/\" \/>\n<meta property=\"og:site_name\" content=\"Fyno\" \/>\n<meta property=\"article:published_time\" content=\"2026-09-02T12:21:57+00:00\" \/>\n<meta property=\"og:image\" content=\"https:\/\/fyno.pt\/wp-content\/uploads\/2026\/09\/dstsolar-2_agueda-1-1160x630-1.jpg\" \/>\n\t<meta property=\"og:image:width\" content=\"1160\" \/>\n\t<meta property=\"og:image:height\" content=\"630\" \/>\n\t<meta property=\"og:image:type\" content=\"image\/jpeg\" \/>\n<meta name=\"author\" content=\"Fyno\" \/>\n<meta name=\"twitter:card\" content=\"summary_large_image\" \/>\n<meta name=\"twitter:label1\" content=\"Escrito por\" \/>\n\t<meta name=\"twitter:data1\" content=\"Fyno\" \/>\n\t<meta name=\"twitter:label2\" content=\"Tempo estimado de leitura\" \/>\n\t<meta name=\"twitter:data2\" content=\"2 minutos\" \/>\n<script type=\"application\/ld+json\" class=\"yoast-schema-graph\">{\"@context\":\"https:\\\/\\\/schema.org\",\"@graph\":[{\"@type\":\"Article\",\"@id\":\"https:\\\/\\\/fyno.pt\\\/pt\\\/mundo\\\/projeto-partilha-energia-braga\\\/#article\",\"isPartOf\":{\"@id\":\"https:\\\/\\\/fyno.pt\\\/pt\\\/mundo\\\/projeto-partilha-energia-braga\\\/\"},\"author\":{\"name\":\"Fyno\",\"@id\":\"https:\\\/\\\/fyno.pt\\\/#\\\/schema\\\/person\\\/ab5b330ed5ed05f1b4a7b8e438f68187\"},\"headline\":\"Projeto de 7 milh\u00f5es para partilha de energia \u00e9 liderado por empresa de Braga\",\"datePublished\":\"2026-09-02T12:21:57+00:00\",\"mainEntityOfPage\":{\"@id\":\"https:\\\/\\\/fyno.pt\\\/pt\\\/mundo\\\/projeto-partilha-energia-braga\\\/\"},\"wordCount\":366,\"commentCount\":0,\"image\":{\"@id\":\"https:\\\/\\\/fyno.pt\\\/pt\\\/mundo\\\/projeto-partilha-energia-braga\\\/#primaryimage\"},\"thumbnailUrl\":\"https:\\\/\\\/fyno.pt\\\/wp-content\\\/uploads\\\/2026\\\/09\\\/dstsolar-2_agueda-1-1160x630-1.jpg\",\"keywords\":[\"Braga\",\"energia\",\"fotovoltaica\",\"projeto\",\"sustentabilidade\"],\"articleSection\":[\"Mundo\"],\"inLanguage\":\"pt-PT\",\"potentialAction\":[{\"@type\":\"CommentAction\",\"name\":\"Comment\",\"target\":[\"https:\\\/\\\/fyno.pt\\\/pt\\\/mundo\\\/projeto-partilha-energia-braga\\\/#respond\"]}]},{\"@type\":\"WebPage\",\"@id\":\"https:\\\/\\\/fyno.pt\\\/pt\\\/mundo\\\/projeto-partilha-energia-braga\\\/\",\"url\":\"https:\\\/\\\/fyno.pt\\\/pt\\\/mundo\\\/projeto-partilha-energia-braga\\\/\",\"name\":\"dstsolar lidera projeto de 7 milh\u00f5es em \u00c1gueda para partilha de energia\",\"isPartOf\":{\"@id\":\"https:\\\/\\\/fyno.pt\\\/#website\"},\"primaryImageOfPage\":{\"@id\":\"https:\\\/\\\/fyno.pt\\\/pt\\\/mundo\\\/projeto-partilha-energia-braga\\\/#primaryimage\"},\"image\":{\"@id\":\"https:\\\/\\\/fyno.pt\\\/pt\\\/mundo\\\/projeto-partilha-energia-braga\\\/#primaryimage\"},\"thumbnailUrl\":\"https:\\\/\\\/fyno.pt\\\/wp-content\\\/uploads\\\/2026\\\/09\\\/dstsolar-2_agueda-1-1160x630-1.jpg\",\"datePublished\":\"2026-09-02T12:21:57+00:00\",\"author\":{\"@id\":\"https:\\\/\\\/fyno.pt\\\/#\\\/schema\\\/person\\\/ab5b330ed5ed05f1b4a7b8e438f68187\"},\"description\":\"A dstsolar lidera projeto de 7 milh\u00f5es em \u00c1gueda para partilha de energia renov\u00e1vel entre empresas.\",\"breadcrumb\":{\"@id\":\"https:\\\/\\\/fyno.pt\\\/pt\\\/mundo\\\/projeto-partilha-energia-braga\\\/#breadcrumb\"},\"inLanguage\":\"pt-PT\",\"potentialAction\":[{\"@type\":\"ReadAction\",\"target\":[\"https:\\\/\\\/fyno.pt\\\/pt\\\/mundo\\\/projeto-partilha-energia-braga\\\/\"]}]},{\"@type\":\"ImageObject\",\"inLanguage\":\"pt-PT\",\"@id\":\"https:\\\/\\\/fyno.pt\\\/pt\\\/mundo\\\/projeto-partilha-energia-braga\\\/#primaryimage\",\"url\":\"https:\\\/\\\/fyno.pt\\\/wp-content\\\/uploads\\\/2026\\\/09\\\/dstsolar-2_agueda-1-1160x630-1.jpg\",\"contentUrl\":\"https:\\\/\\\/fyno.pt\\\/wp-content\\\/uploads\\\/2026\\\/09\\\/dstsolar-2_agueda-1-1160x630-1.jpg\",\"width\":1160,\"height\":630,\"caption\":\"Foto: Dstsolar\"},{\"@type\":\"BreadcrumbList\",\"@id\":\"https:\\\/\\\/fyno.pt\\\/pt\\\/mundo\\\/projeto-partilha-energia-braga\\\/#breadcrumb\",\"itemListElement\":[{\"@type\":\"ListItem\",\"position\":1,\"name\":\"In\u00edcio\",\"item\":\"https:\\\/\\\/fyno.pt\\\/\"},{\"@type\":\"ListItem\",\"position\":2,\"name\":\"Projeto de 7 milh\u00f5es para partilha de energia \u00e9 liderado por empresa de Braga\"}]},{\"@type\":\"WebSite\",\"@id\":\"https:\\\/\\\/fyno.pt\\\/#website\",\"url\":\"https:\\\/\\\/fyno.pt\\\/\",\"name\":\"Fyno\",\"description\":\"Not\u00edcia e informa\u00e7\u00e3o\",\"potentialAction\":[{\"@type\":\"SearchAction\",\"target\":{\"@type\":\"EntryPoint\",\"urlTemplate\":\"https:\\\/\\\/fyno.pt\\\/?s={search_term_string}\"},\"query-input\":{\"@type\":\"PropertyValueSpecification\",\"valueRequired\":true,\"valueName\":\"search_term_string\"}}],\"inLanguage\":\"pt-PT\"},{\"@type\":\"Person\",\"@id\":\"https:\\\/\\\/fyno.pt\\\/#\\\/schema\\\/person\\\/ab5b330ed5ed05f1b4a7b8e438f68187\",\"name\":\"Fyno\",\"image\":{\"@type\":\"ImageObject\",\"inLanguage\":\"pt-PT\",\"@id\":\"https:\\\/\\\/fyno.pt\\\/wp-content\\\/litespeed\\\/avatar\\\/8f51870e8d94c234e288da840d914372.jpg?ver=1788205134\",\"url\":\"https:\\\/\\\/fyno.pt\\\/wp-content\\\/litespeed\\\/avatar\\\/8f51870e8d94c234e288da840d914372.jpg?ver=1788205134\",\"contentUrl\":\"https:\\\/\\\/fyno.pt\\\/wp-content\\\/litespeed\\\/avatar\\\/8f51870e8d94c234e288da840d914372.jpg?ver=1788205134\",\"caption\":\"Fyno\"},\"description\":\"A sua fonte de informa\u00e7\u00e3o.\",\"url\":\"https:\\\/\\\/fyno.pt\\\/pt\\\/author\\\/fynopt\\\/\"}]}<\/script>\n<!-- \/ Yoast SEO Premium plugin. -->","yoast_head_json":{"title":"dstsolar lidera projeto de 7 milh\u00f5es em \u00c1gueda para partilha de energia","description":"A dstsolar lidera projeto de 7 milh\u00f5es em \u00c1gueda para partilha de energia renov\u00e1vel entre empresas.","robots":{"index":"index","follow":"follow","max-snippet":"max-snippet:-1","max-image-preview":"max-image-preview:large","max-video-preview":"max-video-preview:-1"},"canonical":"https:\/\/fyno.pt\/pt\/mundo\/projeto-partilha-energia-braga\/","og_locale":"pt_PT","og_type":"article","og_title":"Projeto de 7 milh\u00f5es para partilha de energia \u00e9 liderado por empresa de Braga","og_description":"A dstsolar lidera projeto de 7 milh\u00f5es em \u00c1gueda para partilha de energia renov\u00e1vel entre empresas.","og_url":"https:\/\/fyno.pt\/pt\/mundo\/projeto-partilha-energia-braga\/","og_site_name":"Fyno","article_published_time":"2026-09-02T12:21:57+00:00","og_image":[{"width":1160,"height":630,"url":"https:\/\/fyno.pt\/wp-content\/uploads\/2026\/09\/dstsolar-2_agueda-1-1160x630-1.jpg","type":"image\/jpeg"}],"author":"Fyno","twitter_card":"summary_large_image","twitter_misc":{"Escrito por":"Fyno","Tempo estimado de leitura":"2 minutos"},"schema":{"@context":"https:\/\/schema.org","@graph":[{"@type":"Article","@id":"https:\/\/fyno.pt\/pt\/mundo\/projeto-partilha-energia-braga\/#article","isPartOf":{"@id":"https:\/\/fyno.pt\/pt\/mundo\/projeto-partilha-energia-braga\/"},"author":{"name":"Fyno","@id":"https:\/\/fyno.pt\/#\/schema\/person\/ab5b330ed5ed05f1b4a7b8e438f68187"},"headline":"Projeto de 7 milh\u00f5es para partilha de energia \u00e9 liderado por empresa de Braga","datePublished":"2026-09-02T12:21:57+00:00","mainEntityOfPage":{"@id":"https:\/\/fyno.pt\/pt\/mundo\/projeto-partilha-energia-braga\/"},"wordCount":366,"commentCount":0,"image":{"@id":"https:\/\/fyno.pt\/pt\/mundo\/projeto-partilha-energia-braga\/#primaryimage"},"thumbnailUrl":"https:\/\/fyno.pt\/wp-content\/uploads\/2026\/09\/dstsolar-2_agueda-1-1160x630-1.jpg","keywords":["Braga","energia","fotovoltaica","projeto","sustentabilidade"],"articleSection":["Mundo"],"inLanguage":"pt-PT","potentialAction":[{"@type":"CommentAction","name":"Comment","target":["https:\/\/fyno.pt\/pt\/mundo\/projeto-partilha-energia-braga\/#respond"]}]},{"@type":"WebPage","@id":"https:\/\/fyno.pt\/pt\/mundo\/projeto-partilha-energia-braga\/","url":"https:\/\/fyno.pt\/pt\/mundo\/projeto-partilha-energia-braga\/","name":"dstsolar lidera projeto de 7 milh\u00f5es em \u00c1gueda para partilha de energia","isPartOf":{"@id":"https:\/\/fyno.pt\/#website"},"primaryImageOfPage":{"@id":"https:\/\/fyno.pt\/pt\/mundo\/projeto-partilha-energia-braga\/#primaryimage"},"image":{"@id":"https:\/\/fyno.pt\/pt\/mundo\/projeto-partilha-energia-braga\/#primaryimage"},"thumbnailUrl":"https:\/\/fyno.pt\/wp-content\/uploads\/2026\/09\/dstsolar-2_agueda-1-1160x630-1.jpg","datePublished":"2026-09-02T12:21:57+00:00","author":{"@id":"https:\/\/fyno.pt\/#\/schema\/person\/ab5b330ed5ed05f1b4a7b8e438f68187"},"description":"A dstsolar lidera projeto de 7 milh\u00f5es em \u00c1gueda para partilha de energia renov\u00e1vel entre empresas.","breadcrumb":{"@id":"https:\/\/fyno.pt\/pt\/mundo\/projeto-partilha-energia-braga\/#breadcrumb"},"inLanguage":"pt-PT","potentialAction":[{"@type":"ReadAction","target":["https:\/\/fyno.pt\/pt\/mundo\/projeto-partilha-energia-braga\/"]}]},{"@type":"ImageObject","inLanguage":"pt-PT","@id":"https:\/\/fyno.pt\/pt\/mundo\/projeto-partilha-energia-braga\/#primaryimage","url":"https:\/\/fyno.pt\/wp-content\/uploads\/2026\/09\/dstsolar-2_agueda-1-1160x630-1.jpg","contentUrl":"https:\/\/fyno.pt\/wp-content\/uploads\/2026\/09\/dstsolar-2_agueda-1-1160x630-1.jpg","width":1160,"height":630,"caption":"Foto: Dstsolar"},{"@type":"BreadcrumbList","@id":"https:\/\/fyno.pt\/pt\/mundo\/projeto-partilha-energia-braga\/#breadcrumb","itemListElement":[{"@type":"ListItem","position":1,"name":"In\u00edcio","item":"https:\/\/fyno.pt\/"},{"@type":"ListItem","position":2,"name":"Projeto de 7 milh\u00f5es para partilha de energia \u00e9 liderado por empresa de Braga"}]},{"@type":"WebSite","@id":"https:\/\/fyno.pt\/#website","url":"https:\/\/fyno.pt\/","name":"Fyno","description":"Not\u00edcia e informa\u00e7\u00e3o","potentialAction":[{"@type":"SearchAction","target":{"@type":"EntryPoint","urlTemplate":"https:\/\/fyno.pt\/?s={search_term_string}"},"query-input":{"@type":"PropertyValueSpecification","valueRequired":true,"valueName":"search_term_string"}}],"inLanguage":"pt-PT"},{"@type":"Person","@id":"https:\/\/fyno.pt\/#\/schema\/person\/ab5b330ed5ed05f1b4a7b8e438f68187","name":"Fyno","image":{"@type":"ImageObject","inLanguage":"pt-PT","@id":"https:\/\/fyno.pt\/wp-content\/litespeed\/avatar\/8f51870e8d94c234e288da840d914372.jpg?ver=1788205134","url":"https:\/\/fyno.pt\/wp-content\/litespeed\/avatar\/8f51870e8d94c234e288da840d914372.jpg?ver=1788205134","contentUrl":"https:\/\/fyno.pt\/wp-content\/litespeed\/avatar\/8f51870e8d94c234e288da840d914372.jpg?ver=1788205134","caption":"Fyno"},"description":"A sua fonte de informa\u00e7\u00e3o.","url":"https:\/\/fyno.pt\/pt\/author\/fynopt\/"}]}},"_links":{"self":[{"href":"https:\/\/fyno.pt\/pt\/wp-json\/wp\/v2\/posts\/43605","targetHints":{"allow":["GET"]}}],"collection":[{"href":"https:\/\/fyno.pt\/pt\/wp-json\/wp\/v2\/posts"}],"about":[{"href":"https:\/\/fyno.pt\/pt\/wp-json\/wp\/v2\/types\/post"}],"author":[{"embeddable":true,"href":"https:\/\/fyno.pt\/pt\/wp-json\/wp\/v2\/users\/9"}],"replies":[{"embeddable":true,"href":"https:\/\/fyno.pt\/pt\/wp-json\/wp\/v2\/comments?post=43605"}],"version-history":[{"count":1,"href":"https:\/\/fyno.pt\/pt\/wp-json\/wp\/v2\/posts\/43605\/revisions"}],"predecessor-version":[{"id":43607,"href":"https:\/\/fyno.pt\/pt\/wp-json\/wp\/v2\/posts\/43605\/revisions\/43607"}],"wp:featuredmedia":[{"embeddable":true,"href":"https:\/\/fyno.pt\/pt\/wp-json\/wp\/v2\/media\/43606"}],"wp:attachment":[{"href":"https:\/\/fyno.pt\/pt\/wp-json\/wp\/v2\/media?parent=43605"}],"wp:term":[{"taxonomy":"category","embeddable":true,"href":"https:\/\/fyno.pt\/pt\/wp-json\/wp\/v2\/categories?post=43605"},{"taxonomy":"post_tag","embeddable":true,"href":"https:\/\/fyno.pt\/pt\/wp-json\/wp\/v2\/tags?post=43605"}],"curies":[{"name":"wp","href":"https:\/\/api.w.org\/{rel}","templated":true}]}}