{"id":43596,"date":"2026-09-02T08:20:03","date_gmt":"2026-09-02T11:20:03","guid":{"rendered":"https:\/\/fyno.pt\/?p=43596"},"modified":"2026-09-02T08:20:03","modified_gmt":"2026-09-02T11:20:03","slug":"colaboracao-universidades-portugal-ucrania","status":"publish","type":"post","link":"https:\/\/fyno.pt\/pt\/news\/colaboracao-universidades-portugal-ucrania\/","title":{"rendered":"Colabora\u00e7\u00e3o entre universidades de Portugal e Ucr\u00e2nia \u00e9 destacada por reitora"},"content":{"rendered":"<p>A reitora do Kyiv Aviation Institute, Ksenia Semenova, elogiou a colabora\u00e7\u00e3o entre universidades de Portugal e Ucr\u00e2nia, destacando que esta iniciativa reflete um compromisso conjunto com a resili\u00eancia democr\u00e1tica e o avan\u00e7o tecnol\u00f3gico na Europa.<\/p>\n\n\n\n<h2 class=\"wp-block-heading\">Compromisso com a resili\u00eancia democr\u00e1tica<\/h2>\n\n\n\n<p>Semenova enfatizou que a parceria n\u00e3o apenas fortalece os la\u00e7os acad\u00eamicos entre os pa\u00edses, mas tamb\u00e9m contribui para a constru\u00e7\u00e3o de um futuro mais tecnol\u00f3gico e democr\u00e1tico. A colabora\u00e7\u00e3o \u00e9 vista como uma oportunidade de troca de conhecimentos e experi\u00eancias que beneficiar\u00e1 ambas as partes.<\/p>\n\n\n\n<h2 class=\"wp-block-heading\">Impacto na capacidade tecnol\u00f3gica<\/h2>\n\n\n\n<p>A reitora tamb\u00e9m mencionou que as universidades desempenham um papel crucial na forma\u00e7\u00e3o de profissionais capacitados que poder\u00e3o enfrentar os desafios do setor tecnol\u00f3gico. A coopera\u00e7\u00e3o entre as institui\u00e7\u00f5es \u00e9 fundamental para impulsionar inova\u00e7\u00f5es e aprimorar a forma\u00e7\u00e3o acad\u00eamica.<\/p>\n\n\n\n<p>Esta iniciativa \u00e9 um passo importante para a integra\u00e7\u00e3o e solidariedade entre as na\u00e7\u00f5es, especialmente em um momento em que a tecnologia e a educa\u00e7\u00e3o s\u00e3o fundamentais para o desenvolvimento das sociedades.<\/p>","protected":false},"excerpt":{"rendered":"<p>Reitora do Kyiv Aviation Institute comenta sobre a import\u00e2ncia da parceria para a Europa.<\/p>","protected":false},"author":9,"featured_media":43597,"comment_status":"open","ping_status":"open","sticky":false,"template":"","format":"standard","meta":{"footnotes":""},"categories":[560],"tags":[2055,634,623,2056,2054],"class_list":["post-43596","post","type-post","status-publish","format-standard","has-post-thumbnail","hentry","category-news","tag-colaboracao","tag-educacao","tag-tecnologia","tag-ucrania","tag-universidades"],"yoast_head":"<!-- This site is optimized with the Yoast SEO Premium plugin v27.9 (Yoast SEO v27.9) - https:\/\/yoast.com\/product\/yoast-seo-premium-wordpress\/ -->\n<title>reitora destaca colabora\u00e7\u00e3o entre universidades de portugal e ucr\u00e2nia<\/title>\n<meta name=\"description\" content=\"Reitora do Kyiv Aviation Institute destaca colabora\u00e7\u00e3o entre universidades de Portugal e Ucr\u00e2nia em prol da tecnologia e democracia.\" \/>\n<meta name=\"robots\" content=\"index, follow, max-snippet:-1, max-image-preview:large, max-video-preview:-1\" \/>\n<link rel=\"canonical\" href=\"https:\/\/fyno.pt\/pt\/news\/colaboracao-universidades-portugal-ucrania\/\" \/>\n<meta property=\"og:locale\" content=\"pt_PT\" \/>\n<meta property=\"og:type\" content=\"article\" \/>\n<meta property=\"og:title\" content=\"Colabora\u00e7\u00e3o entre universidades de Portugal e Ucr\u00e2nia \u00e9 destacada por reitora\" \/>\n<meta property=\"og:description\" content=\"Reitora do Kyiv Aviation Institute destaca colabora\u00e7\u00e3o entre universidades de Portugal e Ucr\u00e2nia em prol da tecnologia e democracia.\" \/>\n<meta property=\"og:url\" content=\"https:\/\/fyno.pt\/pt\/news\/colaboracao-universidades-portugal-ucrania\/\" \/>\n<meta property=\"og:site_name\" content=\"Fyno\" \/>\n<meta property=\"article:published_time\" content=\"2026-09-02T11:20:03+00:00\" \/>\n<meta property=\"og:image\" content=\"https:\/\/fyno.pt\/wp-content\/uploads\/2026\/09\/ipt-foto-esgt-ipt.jpg\" \/>\n\t<meta property=\"og:image:width\" content=\"1200\" \/>\n\t<meta property=\"og:image:height\" content=\"800\" \/>\n\t<meta property=\"og:image:type\" content=\"image\/jpeg\" \/>\n<meta name=\"author\" content=\"Fyno\" \/>\n<meta name=\"twitter:card\" content=\"summary_large_image\" \/>\n<meta name=\"twitter:label1\" content=\"Escrito por\" \/>\n\t<meta name=\"twitter:data1\" content=\"Fyno\" \/>\n\t<meta name=\"twitter:label2\" content=\"Tempo estimado de leitura\" \/>\n\t<meta name=\"twitter:data2\" content=\"1 minuto\" \/>\n<script type=\"application\/ld+json\" class=\"yoast-schema-graph\">{\"@context\":\"https:\\\/\\\/schema.org\",\"@graph\":[{\"@type\":\"Article\",\"@id\":\"https:\\\/\\\/fyno.pt\\\/news\\\/colaboracao-universidades-portugal-ucrania\\\/#article\",\"isPartOf\":{\"@id\":\"https:\\\/\\\/fyno.pt\\\/news\\\/colaboracao-universidades-portugal-ucrania\\\/\"},\"author\":{\"name\":\"Fyno\",\"@id\":\"https:\\\/\\\/fyno.pt\\\/#\\\/schema\\\/person\\\/ab5b330ed5ed05f1b4a7b8e438f68187\"},\"headline\":\"Colabora\u00e7\u00e3o entre universidades de Portugal e Ucr\u00e2nia \u00e9 destacada por reitora\",\"datePublished\":\"2026-09-02T11:20:03+00:00\",\"mainEntityOfPage\":{\"@id\":\"https:\\\/\\\/fyno.pt\\\/news\\\/colaboracao-universidades-portugal-ucrania\\\/\"},\"wordCount\":201,\"commentCount\":0,\"image\":{\"@id\":\"https:\\\/\\\/fyno.pt\\\/news\\\/colaboracao-universidades-portugal-ucrania\\\/#primaryimage\"},\"thumbnailUrl\":\"https:\\\/\\\/fyno.pt\\\/wp-content\\\/uploads\\\/2026\\\/09\\\/ipt-foto-esgt-ipt.jpg\",\"keywords\":[\"colabora\u00e7\u00e3o\",\"Educa\u00e7\u00e3o\",\"tecnologia\",\"Ucr\u00e2nia\",\"universidades\"],\"articleSection\":[\"News\"],\"inLanguage\":\"pt-PT\",\"potentialAction\":[{\"@type\":\"CommentAction\",\"name\":\"Comment\",\"target\":[\"https:\\\/\\\/fyno.pt\\\/news\\\/colaboracao-universidades-portugal-ucrania\\\/#respond\"]}]},{\"@type\":\"WebPage\",\"@id\":\"https:\\\/\\\/fyno.pt\\\/news\\\/colaboracao-universidades-portugal-ucrania\\\/\",\"url\":\"https:\\\/\\\/fyno.pt\\\/news\\\/colaboracao-universidades-portugal-ucrania\\\/\",\"name\":\"reitora destaca colabora\u00e7\u00e3o entre universidades de portugal e ucr\u00e2nia\",\"isPartOf\":{\"@id\":\"https:\\\/\\\/fyno.pt\\\/#website\"},\"primaryImageOfPage\":{\"@id\":\"https:\\\/\\\/fyno.pt\\\/news\\\/colaboracao-universidades-portugal-ucrania\\\/#primaryimage\"},\"image\":{\"@id\":\"https:\\\/\\\/fyno.pt\\\/news\\\/colaboracao-universidades-portugal-ucrania\\\/#primaryimage\"},\"thumbnailUrl\":\"https:\\\/\\\/fyno.pt\\\/wp-content\\\/uploads\\\/2026\\\/09\\\/ipt-foto-esgt-ipt.jpg\",\"datePublished\":\"2026-09-02T11:20:03+00:00\",\"author\":{\"@id\":\"https:\\\/\\\/fyno.pt\\\/#\\\/schema\\\/person\\\/ab5b330ed5ed05f1b4a7b8e438f68187\"},\"description\":\"Reitora do Kyiv Aviation Institute destaca colabora\u00e7\u00e3o entre universidades de Portugal e Ucr\u00e2nia em prol da tecnologia e democracia.\",\"breadcrumb\":{\"@id\":\"https:\\\/\\\/fyno.pt\\\/news\\\/colaboracao-universidades-portugal-ucrania\\\/#breadcrumb\"},\"inLanguage\":\"pt-PT\",\"potentialAction\":[{\"@type\":\"ReadAction\",\"target\":[\"https:\\\/\\\/fyno.pt\\\/news\\\/colaboracao-universidades-portugal-ucrania\\\/\"]}]},{\"@type\":\"ImageObject\",\"inLanguage\":\"pt-PT\",\"@id\":\"https:\\\/\\\/fyno.pt\\\/news\\\/colaboracao-universidades-portugal-ucrania\\\/#primaryimage\",\"url\":\"https:\\\/\\\/fyno.pt\\\/wp-content\\\/uploads\\\/2026\\\/09\\\/ipt-foto-esgt-ipt.jpg\",\"contentUrl\":\"https:\\\/\\\/fyno.pt\\\/wp-content\\\/uploads\\\/2026\\\/09\\\/ipt-foto-esgt-ipt.jpg\",\"width\":1200,\"height\":800,\"caption\":\"Foto: sapo.pt\"},{\"@type\":\"BreadcrumbList\",\"@id\":\"https:\\\/\\\/fyno.pt\\\/news\\\/colaboracao-universidades-portugal-ucrania\\\/#breadcrumb\",\"itemListElement\":[{\"@type\":\"ListItem\",\"position\":1,\"name\":\"In\u00edcio\",\"item\":\"https:\\\/\\\/fyno.pt\\\/\"},{\"@type\":\"ListItem\",\"position\":2,\"name\":\"Colabora\u00e7\u00e3o entre universidades de Portugal e Ucr\u00e2nia \u00e9 destacada por reitora\"}]},{\"@type\":\"WebSite\",\"@id\":\"https:\\\/\\\/fyno.pt\\\/#website\",\"url\":\"https:\\\/\\\/fyno.pt\\\/\",\"name\":\"Fyno\",\"description\":\"Not\u00edcia e informa\u00e7\u00e3o\",\"potentialAction\":[{\"@type\":\"SearchAction\",\"target\":{\"@type\":\"EntryPoint\",\"urlTemplate\":\"https:\\\/\\\/fyno.pt\\\/?s={search_term_string}\"},\"query-input\":{\"@type\":\"PropertyValueSpecification\",\"valueRequired\":true,\"valueName\":\"search_term_string\"}}],\"inLanguage\":\"pt-PT\"},{\"@type\":\"Person\",\"@id\":\"https:\\\/\\\/fyno.pt\\\/#\\\/schema\\\/person\\\/ab5b330ed5ed05f1b4a7b8e438f68187\",\"name\":\"Fyno\",\"image\":{\"@type\":\"ImageObject\",\"inLanguage\":\"pt-PT\",\"@id\":\"https:\\\/\\\/fyno.pt\\\/wp-content\\\/litespeed\\\/avatar\\\/8f51870e8d94c234e288da840d914372.jpg?ver=1788205134\",\"url\":\"https:\\\/\\\/fyno.pt\\\/wp-content\\\/litespeed\\\/avatar\\\/8f51870e8d94c234e288da840d914372.jpg?ver=1788205134\",\"contentUrl\":\"https:\\\/\\\/fyno.pt\\\/wp-content\\\/litespeed\\\/avatar\\\/8f51870e8d94c234e288da840d914372.jpg?ver=1788205134\",\"caption\":\"Fyno\"},\"description\":\"A sua fonte de informa\u00e7\u00e3o.\",\"url\":\"https:\\\/\\\/fyno.pt\\\/pt\\\/author\\\/fynopt\\\/\"}]}<\/script>\n<!-- \/ Yoast SEO Premium plugin. -->","yoast_head_json":{"title":"reitora destaca colabora\u00e7\u00e3o entre universidades de portugal e ucr\u00e2nia","description":"Reitora do Kyiv Aviation Institute destaca colabora\u00e7\u00e3o entre universidades de Portugal e Ucr\u00e2nia em prol da tecnologia e democracia.","robots":{"index":"index","follow":"follow","max-snippet":"max-snippet:-1","max-image-preview":"max-image-preview:large","max-video-preview":"max-video-preview:-1"},"canonical":"https:\/\/fyno.pt\/pt\/news\/colaboracao-universidades-portugal-ucrania\/","og_locale":"pt_PT","og_type":"article","og_title":"Colabora\u00e7\u00e3o entre universidades de Portugal e Ucr\u00e2nia \u00e9 destacada por reitora","og_description":"Reitora do Kyiv Aviation Institute destaca colabora\u00e7\u00e3o entre universidades de Portugal e Ucr\u00e2nia em prol da tecnologia e democracia.","og_url":"https:\/\/fyno.pt\/pt\/news\/colaboracao-universidades-portugal-ucrania\/","og_site_name":"Fyno","article_published_time":"2026-09-02T11:20:03+00:00","og_image":[{"width":1200,"height":800,"url":"https:\/\/fyno.pt\/wp-content\/uploads\/2026\/09\/ipt-foto-esgt-ipt.jpg","type":"image\/jpeg"}],"author":"Fyno","twitter_card":"summary_large_image","twitter_misc":{"Escrito por":"Fyno","Tempo estimado de leitura":"1 minuto"},"schema":{"@context":"https:\/\/schema.org","@graph":[{"@type":"Article","@id":"https:\/\/fyno.pt\/news\/colaboracao-universidades-portugal-ucrania\/#article","isPartOf":{"@id":"https:\/\/fyno.pt\/news\/colaboracao-universidades-portugal-ucrania\/"},"author":{"name":"Fyno","@id":"https:\/\/fyno.pt\/#\/schema\/person\/ab5b330ed5ed05f1b4a7b8e438f68187"},"headline":"Colabora\u00e7\u00e3o entre universidades de Portugal e Ucr\u00e2nia \u00e9 destacada por reitora","datePublished":"2026-09-02T11:20:03+00:00","mainEntityOfPage":{"@id":"https:\/\/fyno.pt\/news\/colaboracao-universidades-portugal-ucrania\/"},"wordCount":201,"commentCount":0,"image":{"@id":"https:\/\/fyno.pt\/news\/colaboracao-universidades-portugal-ucrania\/#primaryimage"},"thumbnailUrl":"https:\/\/fyno.pt\/wp-content\/uploads\/2026\/09\/ipt-foto-esgt-ipt.jpg","keywords":["colabora\u00e7\u00e3o","Educa\u00e7\u00e3o","tecnologia","Ucr\u00e2nia","universidades"],"articleSection":["News"],"inLanguage":"pt-PT","potentialAction":[{"@type":"CommentAction","name":"Comment","target":["https:\/\/fyno.pt\/news\/colaboracao-universidades-portugal-ucrania\/#respond"]}]},{"@type":"WebPage","@id":"https:\/\/fyno.pt\/news\/colaboracao-universidades-portugal-ucrania\/","url":"https:\/\/fyno.pt\/news\/colaboracao-universidades-portugal-ucrania\/","name":"reitora destaca colabora\u00e7\u00e3o entre universidades de portugal e ucr\u00e2nia","isPartOf":{"@id":"https:\/\/fyno.pt\/#website"},"primaryImageOfPage":{"@id":"https:\/\/fyno.pt\/news\/colaboracao-universidades-portugal-ucrania\/#primaryimage"},"image":{"@id":"https:\/\/fyno.pt\/news\/colaboracao-universidades-portugal-ucrania\/#primaryimage"},"thumbnailUrl":"https:\/\/fyno.pt\/wp-content\/uploads\/2026\/09\/ipt-foto-esgt-ipt.jpg","datePublished":"2026-09-02T11:20:03+00:00","author":{"@id":"https:\/\/fyno.pt\/#\/schema\/person\/ab5b330ed5ed05f1b4a7b8e438f68187"},"description":"Reitora do Kyiv Aviation Institute destaca colabora\u00e7\u00e3o entre universidades de Portugal e Ucr\u00e2nia em prol da tecnologia e democracia.","breadcrumb":{"@id":"https:\/\/fyno.pt\/news\/colaboracao-universidades-portugal-ucrania\/#breadcrumb"},"inLanguage":"pt-PT","potentialAction":[{"@type":"ReadAction","target":["https:\/\/fyno.pt\/news\/colaboracao-universidades-portugal-ucrania\/"]}]},{"@type":"ImageObject","inLanguage":"pt-PT","@id":"https:\/\/fyno.pt\/news\/colaboracao-universidades-portugal-ucrania\/#primaryimage","url":"https:\/\/fyno.pt\/wp-content\/uploads\/2026\/09\/ipt-foto-esgt-ipt.jpg","contentUrl":"https:\/\/fyno.pt\/wp-content\/uploads\/2026\/09\/ipt-foto-esgt-ipt.jpg","width":1200,"height":800,"caption":"Foto: sapo.pt"},{"@type":"BreadcrumbList","@id":"https:\/\/fyno.pt\/news\/colaboracao-universidades-portugal-ucrania\/#breadcrumb","itemListElement":[{"@type":"ListItem","position":1,"name":"In\u00edcio","item":"https:\/\/fyno.pt\/"},{"@type":"ListItem","position":2,"name":"Colabora\u00e7\u00e3o entre universidades de Portugal e Ucr\u00e2nia \u00e9 destacada por reitora"}]},{"@type":"WebSite","@id":"https:\/\/fyno.pt\/#website","url":"https:\/\/fyno.pt\/","name":"Fyno","description":"Not\u00edcia e informa\u00e7\u00e3o","potentialAction":[{"@type":"SearchAction","target":{"@type":"EntryPoint","urlTemplate":"https:\/\/fyno.pt\/?s={search_term_string}"},"query-input":{"@type":"PropertyValueSpecification","valueRequired":true,"valueName":"search_term_string"}}],"inLanguage":"pt-PT"},{"@type":"Person","@id":"https:\/\/fyno.pt\/#\/schema\/person\/ab5b330ed5ed05f1b4a7b8e438f68187","name":"Fyno","image":{"@type":"ImageObject","inLanguage":"pt-PT","@id":"https:\/\/fyno.pt\/wp-content\/litespeed\/avatar\/8f51870e8d94c234e288da840d914372.jpg?ver=1788205134","url":"https:\/\/fyno.pt\/wp-content\/litespeed\/avatar\/8f51870e8d94c234e288da840d914372.jpg?ver=1788205134","contentUrl":"https:\/\/fyno.pt\/wp-content\/litespeed\/avatar\/8f51870e8d94c234e288da840d914372.jpg?ver=1788205134","caption":"Fyno"},"description":"A sua fonte de informa\u00e7\u00e3o.","url":"https:\/\/fyno.pt\/pt\/author\/fynopt\/"}]}},"_links":{"self":[{"href":"https:\/\/fyno.pt\/pt\/wp-json\/wp\/v2\/posts\/43596","targetHints":{"allow":["GET"]}}],"collection":[{"href":"https:\/\/fyno.pt\/pt\/wp-json\/wp\/v2\/posts"}],"about":[{"href":"https:\/\/fyno.pt\/pt\/wp-json\/wp\/v2\/types\/post"}],"author":[{"embeddable":true,"href":"https:\/\/fyno.pt\/pt\/wp-json\/wp\/v2\/users\/9"}],"replies":[{"embeddable":true,"href":"https:\/\/fyno.pt\/pt\/wp-json\/wp\/v2\/comments?post=43596"}],"version-history":[{"count":1,"href":"https:\/\/fyno.pt\/pt\/wp-json\/wp\/v2\/posts\/43596\/revisions"}],"predecessor-version":[{"id":43598,"href":"https:\/\/fyno.pt\/pt\/wp-json\/wp\/v2\/posts\/43596\/revisions\/43598"}],"wp:featuredmedia":[{"embeddable":true,"href":"https:\/\/fyno.pt\/pt\/wp-json\/wp\/v2\/media\/43597"}],"wp:attachment":[{"href":"https:\/\/fyno.pt\/pt\/wp-json\/wp\/v2\/media?parent=43596"}],"wp:term":[{"taxonomy":"category","embeddable":true,"href":"https:\/\/fyno.pt\/pt\/wp-json\/wp\/v2\/categories?post=43596"},{"taxonomy":"post_tag","embeddable":true,"href":"https:\/\/fyno.pt\/pt\/wp-json\/wp\/v2\/tags?post=43596"}],"curies":[{"name":"wp","href":"https:\/\/api.w.org\/{rel}","templated":true}]}}