{"id":43590,"date":"2026-09-02T07:49:16","date_gmt":"2026-09-02T10:49:16","guid":{"rendered":"https:\/\/fyno.pt\/?p=43590"},"modified":"2026-09-02T07:49:16","modified_gmt":"2026-09-02T10:49:16","slug":"novos-depositos-prazo-credito-habitacao","status":"publish","type":"post","link":"https:\/\/fyno.pt\/pt\/news\/novos-depositos-prazo-credito-habitacao\/","title":{"rendered":"Novos dep\u00f3sitos a prazo crescem e cr\u00e9dito \u00e0 habita\u00e7\u00e3o atinge recordes"},"content":{"rendered":"<p>Dados recentes do Banco de Portugal mostram um aumento not\u00e1vel nas taxas de novos dep\u00f3sitos a prazo, al\u00e9m de um crescimento hist\u00f3rico no volume de aplica\u00e7\u00f5es feitas por particulares. Simultaneamente, a presta\u00e7\u00e3o m\u00e9dia dos empr\u00e9stimos para habita\u00e7\u00e3o atingiu novos m\u00e1ximos.<\/p>\n\n\n\n<h2 class=\"wp-block-heading\">Aumento nos dep\u00f3sitos a prazo<\/h2>\n\n\n\n<p>As taxas de novos dep\u00f3sitos a prazo registraram um aumento significativo, refletindo uma tend\u00eancia crescente de confian\u00e7a dos consumidores em aplicar suas economias. Este aumento \u00e9 visto como um indicador positivo para a economia, sugerindo que mais indiv\u00edduos est\u00e3o dispostos a investir em produtos financeiros de longo prazo.<\/p>\n\n\n\n<h2 class=\"wp-block-heading\">Cr\u00e9dito \u00e0 habita\u00e7\u00e3o em destaque<\/h2>\n\n\n\n<p>Paralelamente, a presta\u00e7\u00e3o m\u00e9dia dos empr\u00e9stimos \u00e0 habita\u00e7\u00e3o alcan\u00e7ou um novo recorde, sinalizando um encarecimento do cr\u00e9dito imobili\u00e1rio. Esse aumento nas presta\u00e7\u00f5es pode impactar diretamente as finan\u00e7as das fam\u00edlias, que enfrentam condi\u00e7\u00f5es de financiamento mais desafiadoras.<\/p>\n\n\n\n<p>Esse cen\u00e1rio destaca n\u00e3o apenas a evolu\u00e7\u00e3o das taxas de juros, mas tamb\u00e9m a necessidade de uma gest\u00e3o financeira cuidadosa por parte dos mutu\u00e1rios. A combina\u00e7\u00e3o do aumento nos dep\u00f3sitos e o recorde nas presta\u00e7\u00f5es de cr\u00e9dito \u00e0 habita\u00e7\u00e3o pode influenciar as decis\u00f5es de investimento e o planejamento financeiro das fam\u00edlias.<\/p>\n\n\n\n<p>Os dados do Banco de Portugal, portanto, oferecem um panorama importante sobre a atual situa\u00e7\u00e3o econ\u00f4mica, evidenciando tanto o crescimento da confian\u00e7a dos consumidores quanto os desafios que surgem com o aumento dos custos do cr\u00e9dito.<\/p>","protected":false},"excerpt":{"rendered":"<p>Banco de Portugal aponta aumento significativo nas taxas de dep\u00f3sitos e nas presta\u00e7\u00f5es de empr\u00e9stimos imobili\u00e1rios.<\/p>","protected":false},"author":9,"featured_media":43591,"comment_status":"open","ping_status":"open","sticky":false,"template":"","format":"standard","meta":{"footnotes":""},"categories":[560],"tags":[2051,619,2049,622,2050],"class_list":["post-43590","post","type-post","status-publish","format-standard","has-post-thumbnail","hentry","category-news","tag-banco-de-portugal","tag-credito","tag-depositos","tag-economia","tag-habitacao"],"yoast_head":"<!-- This site is optimized with the Yoast SEO Premium plugin v27.9 (Yoast SEO v27.9) - https:\/\/yoast.com\/product\/yoast-seo-premium-wordpress\/ -->\n<title>novos dep\u00f3sitos a prazo crescem no pa\u00eds<\/title>\n<meta name=\"description\" content=\"Crescimento nos dep\u00f3sitos a prazo e recorde nas presta\u00e7\u00f5es de cr\u00e9dito \u00e0 habita\u00e7\u00e3o marcam novo cen\u00e1rio econ\u00f4mico.\" \/>\n<meta name=\"robots\" content=\"index, follow, max-snippet:-1, max-image-preview:large, max-video-preview:-1\" \/>\n<link rel=\"canonical\" href=\"https:\/\/fyno.pt\/pt\/news\/novos-depositos-prazo-credito-habitacao\/\" \/>\n<meta property=\"og:locale\" content=\"pt_PT\" \/>\n<meta property=\"og:type\" content=\"article\" \/>\n<meta property=\"og:title\" content=\"Novos dep\u00f3sitos a prazo crescem e cr\u00e9dito \u00e0 habita\u00e7\u00e3o atinge recordes\" \/>\n<meta property=\"og:description\" content=\"Crescimento nos dep\u00f3sitos a prazo e recorde nas presta\u00e7\u00f5es de cr\u00e9dito \u00e0 habita\u00e7\u00e3o marcam novo cen\u00e1rio econ\u00f4mico.\" \/>\n<meta property=\"og:url\" content=\"https:\/\/fyno.pt\/pt\/news\/novos-depositos-prazo-credito-habitacao\/\" \/>\n<meta property=\"og:site_name\" content=\"Fyno\" \/>\n<meta property=\"article:published_time\" content=\"2026-09-02T10:49:16+00:00\" \/>\n<meta property=\"og:image\" content=\"https:\/\/fyno.pt\/wp-content\/uploads\/2026\/09\/leitor_648c4e7fe98c9_banco_portugal_bdp-1_3.jpg\" \/>\n\t<meta property=\"og:image:width\" content=\"960\" \/>\n\t<meta property=\"og:image:height\" content=\"600\" \/>\n\t<meta property=\"og:image:type\" content=\"image\/jpeg\" \/>\n<meta name=\"author\" content=\"Fyno\" \/>\n<meta name=\"twitter:card\" content=\"summary_large_image\" \/>\n<meta name=\"twitter:label1\" content=\"Escrito por\" \/>\n\t<meta name=\"twitter:data1\" content=\"Fyno\" \/>\n\t<meta name=\"twitter:label2\" content=\"Tempo estimado de leitura\" \/>\n\t<meta name=\"twitter:data2\" content=\"1 minuto\" \/>\n<script type=\"application\/ld+json\" class=\"yoast-schema-graph\">{\"@context\":\"https:\\\/\\\/schema.org\",\"@graph\":[{\"@type\":\"Article\",\"@id\":\"https:\\\/\\\/fyno.pt\\\/news\\\/novos-depositos-prazo-credito-habitacao\\\/#article\",\"isPartOf\":{\"@id\":\"https:\\\/\\\/fyno.pt\\\/news\\\/novos-depositos-prazo-credito-habitacao\\\/\"},\"author\":{\"name\":\"Fyno\",\"@id\":\"https:\\\/\\\/fyno.pt\\\/#\\\/schema\\\/person\\\/ab5b330ed5ed05f1b4a7b8e438f68187\"},\"headline\":\"Novos dep\u00f3sitos a prazo crescem e cr\u00e9dito \u00e0 habita\u00e7\u00e3o atinge recordes\",\"datePublished\":\"2026-09-02T10:49:16+00:00\",\"mainEntityOfPage\":{\"@id\":\"https:\\\/\\\/fyno.pt\\\/news\\\/novos-depositos-prazo-credito-habitacao\\\/\"},\"wordCount\":276,\"commentCount\":0,\"image\":{\"@id\":\"https:\\\/\\\/fyno.pt\\\/news\\\/novos-depositos-prazo-credito-habitacao\\\/#primaryimage\"},\"thumbnailUrl\":\"https:\\\/\\\/fyno.pt\\\/wp-content\\\/uploads\\\/2026\\\/09\\\/leitor_648c4e7fe98c9_banco_portugal_bdp-1_3.jpg\",\"keywords\":[\"Banco de Portugal\",\"cr\u00e9dito\",\"dep\u00f3sitos\",\"economia\",\"habita\u00e7\u00e3o\"],\"articleSection\":[\"News\"],\"inLanguage\":\"pt-PT\",\"potentialAction\":[{\"@type\":\"CommentAction\",\"name\":\"Comment\",\"target\":[\"https:\\\/\\\/fyno.pt\\\/news\\\/novos-depositos-prazo-credito-habitacao\\\/#respond\"]}]},{\"@type\":\"WebPage\",\"@id\":\"https:\\\/\\\/fyno.pt\\\/news\\\/novos-depositos-prazo-credito-habitacao\\\/\",\"url\":\"https:\\\/\\\/fyno.pt\\\/news\\\/novos-depositos-prazo-credito-habitacao\\\/\",\"name\":\"novos dep\u00f3sitos a prazo crescem no pa\u00eds\",\"isPartOf\":{\"@id\":\"https:\\\/\\\/fyno.pt\\\/#website\"},\"primaryImageOfPage\":{\"@id\":\"https:\\\/\\\/fyno.pt\\\/news\\\/novos-depositos-prazo-credito-habitacao\\\/#primaryimage\"},\"image\":{\"@id\":\"https:\\\/\\\/fyno.pt\\\/news\\\/novos-depositos-prazo-credito-habitacao\\\/#primaryimage\"},\"thumbnailUrl\":\"https:\\\/\\\/fyno.pt\\\/wp-content\\\/uploads\\\/2026\\\/09\\\/leitor_648c4e7fe98c9_banco_portugal_bdp-1_3.jpg\",\"datePublished\":\"2026-09-02T10:49:16+00:00\",\"author\":{\"@id\":\"https:\\\/\\\/fyno.pt\\\/#\\\/schema\\\/person\\\/ab5b330ed5ed05f1b4a7b8e438f68187\"},\"description\":\"Crescimento nos dep\u00f3sitos a prazo e recorde nas presta\u00e7\u00f5es de cr\u00e9dito \u00e0 habita\u00e7\u00e3o marcam novo cen\u00e1rio econ\u00f4mico.\",\"breadcrumb\":{\"@id\":\"https:\\\/\\\/fyno.pt\\\/news\\\/novos-depositos-prazo-credito-habitacao\\\/#breadcrumb\"},\"inLanguage\":\"pt-PT\",\"potentialAction\":[{\"@type\":\"ReadAction\",\"target\":[\"https:\\\/\\\/fyno.pt\\\/news\\\/novos-depositos-prazo-credito-habitacao\\\/\"]}]},{\"@type\":\"ImageObject\",\"inLanguage\":\"pt-PT\",\"@id\":\"https:\\\/\\\/fyno.pt\\\/news\\\/novos-depositos-prazo-credito-habitacao\\\/#primaryimage\",\"url\":\"https:\\\/\\\/fyno.pt\\\/wp-content\\\/uploads\\\/2026\\\/09\\\/leitor_648c4e7fe98c9_banco_portugal_bdp-1_3.jpg\",\"contentUrl\":\"https:\\\/\\\/fyno.pt\\\/wp-content\\\/uploads\\\/2026\\\/09\\\/leitor_648c4e7fe98c9_banco_portugal_bdp-1_3.jpg\",\"width\":960,\"height\":600,\"caption\":\"Foto: sapo.pt\"},{\"@type\":\"BreadcrumbList\",\"@id\":\"https:\\\/\\\/fyno.pt\\\/news\\\/novos-depositos-prazo-credito-habitacao\\\/#breadcrumb\",\"itemListElement\":[{\"@type\":\"ListItem\",\"position\":1,\"name\":\"In\u00edcio\",\"item\":\"https:\\\/\\\/fyno.pt\\\/\"},{\"@type\":\"ListItem\",\"position\":2,\"name\":\"Novos dep\u00f3sitos a prazo crescem e cr\u00e9dito \u00e0 habita\u00e7\u00e3o atinge recordes\"}]},{\"@type\":\"WebSite\",\"@id\":\"https:\\\/\\\/fyno.pt\\\/#website\",\"url\":\"https:\\\/\\\/fyno.pt\\\/\",\"name\":\"Fyno\",\"description\":\"Not\u00edcia e informa\u00e7\u00e3o\",\"potentialAction\":[{\"@type\":\"SearchAction\",\"target\":{\"@type\":\"EntryPoint\",\"urlTemplate\":\"https:\\\/\\\/fyno.pt\\\/?s={search_term_string}\"},\"query-input\":{\"@type\":\"PropertyValueSpecification\",\"valueRequired\":true,\"valueName\":\"search_term_string\"}}],\"inLanguage\":\"pt-PT\"},{\"@type\":\"Person\",\"@id\":\"https:\\\/\\\/fyno.pt\\\/#\\\/schema\\\/person\\\/ab5b330ed5ed05f1b4a7b8e438f68187\",\"name\":\"Fyno\",\"image\":{\"@type\":\"ImageObject\",\"inLanguage\":\"pt-PT\",\"@id\":\"https:\\\/\\\/fyno.pt\\\/wp-content\\\/litespeed\\\/avatar\\\/8f51870e8d94c234e288da840d914372.jpg?ver=1788205134\",\"url\":\"https:\\\/\\\/fyno.pt\\\/wp-content\\\/litespeed\\\/avatar\\\/8f51870e8d94c234e288da840d914372.jpg?ver=1788205134\",\"contentUrl\":\"https:\\\/\\\/fyno.pt\\\/wp-content\\\/litespeed\\\/avatar\\\/8f51870e8d94c234e288da840d914372.jpg?ver=1788205134\",\"caption\":\"Fyno\"},\"description\":\"A sua fonte de informa\u00e7\u00e3o.\",\"url\":\"https:\\\/\\\/fyno.pt\\\/pt\\\/author\\\/fynopt\\\/\"}]}<\/script>\n<!-- \/ Yoast SEO Premium plugin. -->","yoast_head_json":{"title":"novos dep\u00f3sitos a prazo crescem no pa\u00eds","description":"Crescimento nos dep\u00f3sitos a prazo e recorde nas presta\u00e7\u00f5es de cr\u00e9dito \u00e0 habita\u00e7\u00e3o marcam novo cen\u00e1rio econ\u00f4mico.","robots":{"index":"index","follow":"follow","max-snippet":"max-snippet:-1","max-image-preview":"max-image-preview:large","max-video-preview":"max-video-preview:-1"},"canonical":"https:\/\/fyno.pt\/pt\/news\/novos-depositos-prazo-credito-habitacao\/","og_locale":"pt_PT","og_type":"article","og_title":"Novos dep\u00f3sitos a prazo crescem e cr\u00e9dito \u00e0 habita\u00e7\u00e3o atinge recordes","og_description":"Crescimento nos dep\u00f3sitos a prazo e recorde nas presta\u00e7\u00f5es de cr\u00e9dito \u00e0 habita\u00e7\u00e3o marcam novo cen\u00e1rio econ\u00f4mico.","og_url":"https:\/\/fyno.pt\/pt\/news\/novos-depositos-prazo-credito-habitacao\/","og_site_name":"Fyno","article_published_time":"2026-09-02T10:49:16+00:00","og_image":[{"width":960,"height":600,"url":"https:\/\/fyno.pt\/wp-content\/uploads\/2026\/09\/leitor_648c4e7fe98c9_banco_portugal_bdp-1_3.jpg","type":"image\/jpeg"}],"author":"Fyno","twitter_card":"summary_large_image","twitter_misc":{"Escrito por":"Fyno","Tempo estimado de leitura":"1 minuto"},"schema":{"@context":"https:\/\/schema.org","@graph":[{"@type":"Article","@id":"https:\/\/fyno.pt\/news\/novos-depositos-prazo-credito-habitacao\/#article","isPartOf":{"@id":"https:\/\/fyno.pt\/news\/novos-depositos-prazo-credito-habitacao\/"},"author":{"name":"Fyno","@id":"https:\/\/fyno.pt\/#\/schema\/person\/ab5b330ed5ed05f1b4a7b8e438f68187"},"headline":"Novos dep\u00f3sitos a prazo crescem e cr\u00e9dito \u00e0 habita\u00e7\u00e3o atinge recordes","datePublished":"2026-09-02T10:49:16+00:00","mainEntityOfPage":{"@id":"https:\/\/fyno.pt\/news\/novos-depositos-prazo-credito-habitacao\/"},"wordCount":276,"commentCount":0,"image":{"@id":"https:\/\/fyno.pt\/news\/novos-depositos-prazo-credito-habitacao\/#primaryimage"},"thumbnailUrl":"https:\/\/fyno.pt\/wp-content\/uploads\/2026\/09\/leitor_648c4e7fe98c9_banco_portugal_bdp-1_3.jpg","keywords":["Banco de Portugal","cr\u00e9dito","dep\u00f3sitos","economia","habita\u00e7\u00e3o"],"articleSection":["News"],"inLanguage":"pt-PT","potentialAction":[{"@type":"CommentAction","name":"Comment","target":["https:\/\/fyno.pt\/news\/novos-depositos-prazo-credito-habitacao\/#respond"]}]},{"@type":"WebPage","@id":"https:\/\/fyno.pt\/news\/novos-depositos-prazo-credito-habitacao\/","url":"https:\/\/fyno.pt\/news\/novos-depositos-prazo-credito-habitacao\/","name":"novos dep\u00f3sitos a prazo crescem no pa\u00eds","isPartOf":{"@id":"https:\/\/fyno.pt\/#website"},"primaryImageOfPage":{"@id":"https:\/\/fyno.pt\/news\/novos-depositos-prazo-credito-habitacao\/#primaryimage"},"image":{"@id":"https:\/\/fyno.pt\/news\/novos-depositos-prazo-credito-habitacao\/#primaryimage"},"thumbnailUrl":"https:\/\/fyno.pt\/wp-content\/uploads\/2026\/09\/leitor_648c4e7fe98c9_banco_portugal_bdp-1_3.jpg","datePublished":"2026-09-02T10:49:16+00:00","author":{"@id":"https:\/\/fyno.pt\/#\/schema\/person\/ab5b330ed5ed05f1b4a7b8e438f68187"},"description":"Crescimento nos dep\u00f3sitos a prazo e recorde nas presta\u00e7\u00f5es de cr\u00e9dito \u00e0 habita\u00e7\u00e3o marcam novo cen\u00e1rio econ\u00f4mico.","breadcrumb":{"@id":"https:\/\/fyno.pt\/news\/novos-depositos-prazo-credito-habitacao\/#breadcrumb"},"inLanguage":"pt-PT","potentialAction":[{"@type":"ReadAction","target":["https:\/\/fyno.pt\/news\/novos-depositos-prazo-credito-habitacao\/"]}]},{"@type":"ImageObject","inLanguage":"pt-PT","@id":"https:\/\/fyno.pt\/news\/novos-depositos-prazo-credito-habitacao\/#primaryimage","url":"https:\/\/fyno.pt\/wp-content\/uploads\/2026\/09\/leitor_648c4e7fe98c9_banco_portugal_bdp-1_3.jpg","contentUrl":"https:\/\/fyno.pt\/wp-content\/uploads\/2026\/09\/leitor_648c4e7fe98c9_banco_portugal_bdp-1_3.jpg","width":960,"height":600,"caption":"Foto: sapo.pt"},{"@type":"BreadcrumbList","@id":"https:\/\/fyno.pt\/news\/novos-depositos-prazo-credito-habitacao\/#breadcrumb","itemListElement":[{"@type":"ListItem","position":1,"name":"In\u00edcio","item":"https:\/\/fyno.pt\/"},{"@type":"ListItem","position":2,"name":"Novos dep\u00f3sitos a prazo crescem e cr\u00e9dito \u00e0 habita\u00e7\u00e3o atinge recordes"}]},{"@type":"WebSite","@id":"https:\/\/fyno.pt\/#website","url":"https:\/\/fyno.pt\/","name":"Fyno","description":"Not\u00edcia e informa\u00e7\u00e3o","potentialAction":[{"@type":"SearchAction","target":{"@type":"EntryPoint","urlTemplate":"https:\/\/fyno.pt\/?s={search_term_string}"},"query-input":{"@type":"PropertyValueSpecification","valueRequired":true,"valueName":"search_term_string"}}],"inLanguage":"pt-PT"},{"@type":"Person","@id":"https:\/\/fyno.pt\/#\/schema\/person\/ab5b330ed5ed05f1b4a7b8e438f68187","name":"Fyno","image":{"@type":"ImageObject","inLanguage":"pt-PT","@id":"https:\/\/fyno.pt\/wp-content\/litespeed\/avatar\/8f51870e8d94c234e288da840d914372.jpg?ver=1788205134","url":"https:\/\/fyno.pt\/wp-content\/litespeed\/avatar\/8f51870e8d94c234e288da840d914372.jpg?ver=1788205134","contentUrl":"https:\/\/fyno.pt\/wp-content\/litespeed\/avatar\/8f51870e8d94c234e288da840d914372.jpg?ver=1788205134","caption":"Fyno"},"description":"A sua fonte de informa\u00e7\u00e3o.","url":"https:\/\/fyno.pt\/pt\/author\/fynopt\/"}]}},"_links":{"self":[{"href":"https:\/\/fyno.pt\/pt\/wp-json\/wp\/v2\/posts\/43590","targetHints":{"allow":["GET"]}}],"collection":[{"href":"https:\/\/fyno.pt\/pt\/wp-json\/wp\/v2\/posts"}],"about":[{"href":"https:\/\/fyno.pt\/pt\/wp-json\/wp\/v2\/types\/post"}],"author":[{"embeddable":true,"href":"https:\/\/fyno.pt\/pt\/wp-json\/wp\/v2\/users\/9"}],"replies":[{"embeddable":true,"href":"https:\/\/fyno.pt\/pt\/wp-json\/wp\/v2\/comments?post=43590"}],"version-history":[{"count":1,"href":"https:\/\/fyno.pt\/pt\/wp-json\/wp\/v2\/posts\/43590\/revisions"}],"predecessor-version":[{"id":43592,"href":"https:\/\/fyno.pt\/pt\/wp-json\/wp\/v2\/posts\/43590\/revisions\/43592"}],"wp:featuredmedia":[{"embeddable":true,"href":"https:\/\/fyno.pt\/pt\/wp-json\/wp\/v2\/media\/43591"}],"wp:attachment":[{"href":"https:\/\/fyno.pt\/pt\/wp-json\/wp\/v2\/media?parent=43590"}],"wp:term":[{"taxonomy":"category","embeddable":true,"href":"https:\/\/fyno.pt\/pt\/wp-json\/wp\/v2\/categories?post=43590"},{"taxonomy":"post_tag","embeddable":true,"href":"https:\/\/fyno.pt\/pt\/wp-json\/wp\/v2\/tags?post=43590"}],"curies":[{"name":"wp","href":"https:\/\/api.w.org\/{rel}","templated":true}]}}