{"id":43587,"date":"2026-09-02T07:48:58","date_gmt":"2026-09-02T10:48:58","guid":{"rendered":"https:\/\/fyno.pt\/?p=43587"},"modified":"2026-09-02T07:48:58","modified_gmt":"2026-09-02T10:48:58","slug":"proibicao-pesca-bivalves-rio-minho","status":"publish","type":"post","link":"https:\/\/fyno.pt\/pt\/mundo\/proibicao-pesca-bivalves-rio-minho\/","title":{"rendered":"Proibi\u00e7\u00e3o da pesca de bivalves no rio Minho come\u00e7a em novembro"},"content":{"rendered":"<p>A pesca l\u00fadica de bivalves no tro\u00e7o internacional do rio Minho (TIRM) ser\u00e1 proibida a partir de 1\u00ba de novembro, como parte de uma medida de sa\u00fade p\u00fablica. A proibi\u00e7\u00e3o se estender\u00e1 at\u00e9 que um plano de gest\u00e3o seja aprovado, conforme anunciado em um edital publicado no Di\u00e1rio da Rep\u00fablica.<\/p>\n\n\n\n<h2 class=\"wp-block-heading\">Regulamenta\u00e7\u00e3o da pesca no TIRM<\/h2>\n\n\n\n<p>O edital estabelece que &quot;\u00e9 proibida toda a apanha\/captura de berbig\u00e3o e quaisquer outro bivalve em todo o TIRM&quot;, devido a preocupa\u00e7\u00f5es de sa\u00fade p\u00fablica. Essa decis\u00e3o marca uma nova abordagem na regulamenta\u00e7\u00e3o da pesca para a temporada 2026\/2027, mantendo as demais normas j\u00e1 estabelecidas.<\/p>\n\n\n\n<p>Em entrevista \u00e0 Lusa, o capit\u00e3o do porto de Caminha, Fernando Vieira Pereira, esclareceu que, at\u00e9 ent\u00e3o, a apanha l\u00fadica era permitida, embora a apanha comercial de bivalves j\u00e1 fosse restrita. Ele ressaltou que o TIRM n\u00e3o \u00e9 uma \u00e1rea de produ\u00e7\u00e3o de bivalves monitorada pelo Instituto Portugu\u00eas do Mar e da Atmosfera (IPMA) para avalia\u00e7\u00e3o do estado sanit\u00e1rio desses recursos.<\/p>\n\n\n\n<h2 class=\"wp-block-heading\">Esfor\u00e7os para a gest\u00e3o sustent\u00e1vel<\/h2>\n\n\n\n<p>Pereira tamb\u00e9m informou que a comiss\u00e3o permanente de gest\u00e3o do TIRM est\u00e1 trabalhando em um plano para monitorar e verificar a condi\u00e7\u00e3o dos bivalves na \u00e1rea. O objetivo \u00e9 garantir a conserva\u00e7\u00e3o dos habitats e a sustentabilidade da pesca no rio.<\/p>\n\n\n\n<p>O edital regula o exerc\u00edcio da pesca profissional e recreativa no TIRM, incluindo as ilhas do rio, com foco na prote\u00e7\u00e3o ambiental e na conserva\u00e7\u00e3o dos recursos h\u00eddricos, conforme as diretrizes da Comiss\u00e3o Permanente Internacional do Rio Minho (CPIRM).<\/p>\n\n\n\n<h2 class=\"wp-block-heading\">Informa\u00e7\u00f5es sobre o rio Minho<\/h2>\n\n\n\n<p>O rio Minho, que serve como fronteira natural entre Portugal e a Galiza, na Espanha, se estende desde Melga\u00e7o at\u00e9 a foz em Caminha, no distrito de Viana do Castelo. Sua nascente est\u00e1 localizada a 750 metros de altitude na serra de Meira, na Galiza, e o rio percorre aproximadamente 340 quil\u00f4metros at\u00e9 desaguar no oceano Atl\u00e2ntico.<\/p>","protected":false},"excerpt":{"rendered":"<p>Medida visa proteger a sa\u00fade p\u00fablica at\u00e9 a implementa\u00e7\u00e3o de um plano de gest\u00e3o<\/p>","protected":false},"author":9,"featured_media":43588,"comment_status":"open","ping_status":"open","sticky":false,"template":"","format":"standard","meta":{"footnotes":""},"categories":[51],"tags":[2046,2045,2047,2048,1963],"class_list":["post-43587","post","type-post","status-publish","format-standard","has-post-thumbnail","hentry","category-mundo","tag-bivalves","tag-pesca","tag-rio-minho","tag-saude-publica","tag-sustentabilidade"],"yoast_head":"<!-- This site is optimized with the Yoast SEO Premium plugin v27.9 (Yoast SEO v27.9) - https:\/\/yoast.com\/product\/yoast-seo-premium-wordpress\/ -->\n<title>pesca de bivalves no rio Minho \u00e9 proibida a partir de novembro<\/title>\n<meta name=\"description\" content=\"A pesca de bivalves no rio Minho ser\u00e1 proibida a partir de novembro devido a preocupa\u00e7\u00f5es de sa\u00fade p\u00fablica.\" \/>\n<meta name=\"robots\" content=\"index, follow, max-snippet:-1, max-image-preview:large, max-video-preview:-1\" \/>\n<link rel=\"canonical\" href=\"https:\/\/fyno.pt\/pt\/mundo\/proibicao-pesca-bivalves-rio-minho\/\" \/>\n<meta property=\"og:locale\" content=\"pt_PT\" \/>\n<meta property=\"og:type\" content=\"article\" \/>\n<meta property=\"og:title\" content=\"Proibi\u00e7\u00e3o da pesca de bivalves no rio Minho come\u00e7a em novembro\" \/>\n<meta property=\"og:description\" content=\"A pesca de bivalves no rio Minho ser\u00e1 proibida a partir de novembro devido a preocupa\u00e7\u00f5es de sa\u00fade p\u00fablica.\" \/>\n<meta property=\"og:url\" content=\"https:\/\/fyno.pt\/pt\/mundo\/proibicao-pesca-bivalves-rio-minho\/\" \/>\n<meta property=\"og:site_name\" content=\"Fyno\" \/>\n<meta property=\"article:published_time\" content=\"2026-09-02T10:48:58+00:00\" \/>\n<meta property=\"og:image\" content=\"https:\/\/fyno.pt\/wp-content\/uploads\/2026\/09\/Rio-Minho-Pesca-1160x630-1.jpg\" \/>\n\t<meta property=\"og:image:width\" content=\"1160\" \/>\n\t<meta property=\"og:image:height\" content=\"630\" \/>\n\t<meta property=\"og:image:type\" content=\"image\/jpeg\" \/>\n<meta name=\"author\" content=\"Fyno\" \/>\n<meta name=\"twitter:card\" content=\"summary_large_image\" \/>\n<meta name=\"twitter:label1\" content=\"Escrito por\" \/>\n\t<meta name=\"twitter:data1\" content=\"Fyno\" \/>\n\t<meta name=\"twitter:label2\" content=\"Tempo estimado de leitura\" \/>\n\t<meta name=\"twitter:data2\" content=\"2 minutos\" \/>\n<script type=\"application\/ld+json\" class=\"yoast-schema-graph\">{\"@context\":\"https:\\\/\\\/schema.org\",\"@graph\":[{\"@type\":\"Article\",\"@id\":\"https:\\\/\\\/fyno.pt\\\/mundo\\\/proibicao-pesca-bivalves-rio-minho\\\/#article\",\"isPartOf\":{\"@id\":\"https:\\\/\\\/fyno.pt\\\/mundo\\\/proibicao-pesca-bivalves-rio-minho\\\/\"},\"author\":{\"name\":\"Fyno\",\"@id\":\"https:\\\/\\\/fyno.pt\\\/#\\\/schema\\\/person\\\/ab5b330ed5ed05f1b4a7b8e438f68187\"},\"headline\":\"Proibi\u00e7\u00e3o da pesca de bivalves no rio Minho come\u00e7a em novembro\",\"datePublished\":\"2026-09-02T10:48:58+00:00\",\"mainEntityOfPage\":{\"@id\":\"https:\\\/\\\/fyno.pt\\\/mundo\\\/proibicao-pesca-bivalves-rio-minho\\\/\"},\"wordCount\":356,\"commentCount\":0,\"image\":{\"@id\":\"https:\\\/\\\/fyno.pt\\\/mundo\\\/proibicao-pesca-bivalves-rio-minho\\\/#primaryimage\"},\"thumbnailUrl\":\"https:\\\/\\\/fyno.pt\\\/wp-content\\\/uploads\\\/2026\\\/09\\\/Rio-Minho-Pesca-1160x630-1.jpg\",\"keywords\":[\"bivalves\",\"pesca\",\"rio Minho\",\"sa\u00fade p\u00fablica\",\"sustentabilidade\"],\"articleSection\":[\"Mundo\"],\"inLanguage\":\"pt-PT\",\"potentialAction\":[{\"@type\":\"CommentAction\",\"name\":\"Comment\",\"target\":[\"https:\\\/\\\/fyno.pt\\\/mundo\\\/proibicao-pesca-bivalves-rio-minho\\\/#respond\"]}]},{\"@type\":\"WebPage\",\"@id\":\"https:\\\/\\\/fyno.pt\\\/mundo\\\/proibicao-pesca-bivalves-rio-minho\\\/\",\"url\":\"https:\\\/\\\/fyno.pt\\\/mundo\\\/proibicao-pesca-bivalves-rio-minho\\\/\",\"name\":\"pesca de bivalves no rio Minho \u00e9 proibida a partir de novembro\",\"isPartOf\":{\"@id\":\"https:\\\/\\\/fyno.pt\\\/#website\"},\"primaryImageOfPage\":{\"@id\":\"https:\\\/\\\/fyno.pt\\\/mundo\\\/proibicao-pesca-bivalves-rio-minho\\\/#primaryimage\"},\"image\":{\"@id\":\"https:\\\/\\\/fyno.pt\\\/mundo\\\/proibicao-pesca-bivalves-rio-minho\\\/#primaryimage\"},\"thumbnailUrl\":\"https:\\\/\\\/fyno.pt\\\/wp-content\\\/uploads\\\/2026\\\/09\\\/Rio-Minho-Pesca-1160x630-1.jpg\",\"datePublished\":\"2026-09-02T10:48:58+00:00\",\"author\":{\"@id\":\"https:\\\/\\\/fyno.pt\\\/#\\\/schema\\\/person\\\/ab5b330ed5ed05f1b4a7b8e438f68187\"},\"description\":\"A pesca de bivalves no rio Minho ser\u00e1 proibida a partir de novembro devido a preocupa\u00e7\u00f5es de sa\u00fade p\u00fablica.\",\"breadcrumb\":{\"@id\":\"https:\\\/\\\/fyno.pt\\\/mundo\\\/proibicao-pesca-bivalves-rio-minho\\\/#breadcrumb\"},\"inLanguage\":\"pt-PT\",\"potentialAction\":[{\"@type\":\"ReadAction\",\"target\":[\"https:\\\/\\\/fyno.pt\\\/mundo\\\/proibicao-pesca-bivalves-rio-minho\\\/\"]}]},{\"@type\":\"ImageObject\",\"inLanguage\":\"pt-PT\",\"@id\":\"https:\\\/\\\/fyno.pt\\\/mundo\\\/proibicao-pesca-bivalves-rio-minho\\\/#primaryimage\",\"url\":\"https:\\\/\\\/fyno.pt\\\/wp-content\\\/uploads\\\/2026\\\/09\\\/Rio-Minho-Pesca-1160x630-1.jpg\",\"contentUrl\":\"https:\\\/\\\/fyno.pt\\\/wp-content\\\/uploads\\\/2026\\\/09\\\/Rio-Minho-Pesca-1160x630-1.jpg\",\"width\":1160,\"height\":630,\"caption\":\"Pedro Gon\u00e7alo Costa \\\/ O MINHO \\\/ Arquivo\"},{\"@type\":\"BreadcrumbList\",\"@id\":\"https:\\\/\\\/fyno.pt\\\/mundo\\\/proibicao-pesca-bivalves-rio-minho\\\/#breadcrumb\",\"itemListElement\":[{\"@type\":\"ListItem\",\"position\":1,\"name\":\"In\u00edcio\",\"item\":\"https:\\\/\\\/fyno.pt\\\/\"},{\"@type\":\"ListItem\",\"position\":2,\"name\":\"Proibi\u00e7\u00e3o da pesca de bivalves no rio Minho come\u00e7a em novembro\"}]},{\"@type\":\"WebSite\",\"@id\":\"https:\\\/\\\/fyno.pt\\\/#website\",\"url\":\"https:\\\/\\\/fyno.pt\\\/\",\"name\":\"Fyno\",\"description\":\"Not\u00edcia e informa\u00e7\u00e3o\",\"potentialAction\":[{\"@type\":\"SearchAction\",\"target\":{\"@type\":\"EntryPoint\",\"urlTemplate\":\"https:\\\/\\\/fyno.pt\\\/?s={search_term_string}\"},\"query-input\":{\"@type\":\"PropertyValueSpecification\",\"valueRequired\":true,\"valueName\":\"search_term_string\"}}],\"inLanguage\":\"pt-PT\"},{\"@type\":\"Person\",\"@id\":\"https:\\\/\\\/fyno.pt\\\/#\\\/schema\\\/person\\\/ab5b330ed5ed05f1b4a7b8e438f68187\",\"name\":\"Fyno\",\"image\":{\"@type\":\"ImageObject\",\"inLanguage\":\"pt-PT\",\"@id\":\"https:\\\/\\\/fyno.pt\\\/wp-content\\\/litespeed\\\/avatar\\\/8f51870e8d94c234e288da840d914372.jpg?ver=1788205134\",\"url\":\"https:\\\/\\\/fyno.pt\\\/wp-content\\\/litespeed\\\/avatar\\\/8f51870e8d94c234e288da840d914372.jpg?ver=1788205134\",\"contentUrl\":\"https:\\\/\\\/fyno.pt\\\/wp-content\\\/litespeed\\\/avatar\\\/8f51870e8d94c234e288da840d914372.jpg?ver=1788205134\",\"caption\":\"Fyno\"},\"description\":\"A sua fonte de informa\u00e7\u00e3o.\",\"url\":\"https:\\\/\\\/fyno.pt\\\/pt\\\/author\\\/fynopt\\\/\"}]}<\/script>\n<!-- \/ Yoast SEO Premium plugin. -->","yoast_head_json":{"title":"pesca de bivalves no rio Minho \u00e9 proibida a partir de novembro","description":"A pesca de bivalves no rio Minho ser\u00e1 proibida a partir de novembro devido a preocupa\u00e7\u00f5es de sa\u00fade p\u00fablica.","robots":{"index":"index","follow":"follow","max-snippet":"max-snippet:-1","max-image-preview":"max-image-preview:large","max-video-preview":"max-video-preview:-1"},"canonical":"https:\/\/fyno.pt\/pt\/mundo\/proibicao-pesca-bivalves-rio-minho\/","og_locale":"pt_PT","og_type":"article","og_title":"Proibi\u00e7\u00e3o da pesca de bivalves no rio Minho come\u00e7a em novembro","og_description":"A pesca de bivalves no rio Minho ser\u00e1 proibida a partir de novembro devido a preocupa\u00e7\u00f5es de sa\u00fade p\u00fablica.","og_url":"https:\/\/fyno.pt\/pt\/mundo\/proibicao-pesca-bivalves-rio-minho\/","og_site_name":"Fyno","article_published_time":"2026-09-02T10:48:58+00:00","og_image":[{"width":1160,"height":630,"url":"https:\/\/fyno.pt\/wp-content\/uploads\/2026\/09\/Rio-Minho-Pesca-1160x630-1.jpg","type":"image\/jpeg"}],"author":"Fyno","twitter_card":"summary_large_image","twitter_misc":{"Escrito por":"Fyno","Tempo estimado de leitura":"2 minutos"},"schema":{"@context":"https:\/\/schema.org","@graph":[{"@type":"Article","@id":"https:\/\/fyno.pt\/mundo\/proibicao-pesca-bivalves-rio-minho\/#article","isPartOf":{"@id":"https:\/\/fyno.pt\/mundo\/proibicao-pesca-bivalves-rio-minho\/"},"author":{"name":"Fyno","@id":"https:\/\/fyno.pt\/#\/schema\/person\/ab5b330ed5ed05f1b4a7b8e438f68187"},"headline":"Proibi\u00e7\u00e3o da pesca de bivalves no rio Minho come\u00e7a em novembro","datePublished":"2026-09-02T10:48:58+00:00","mainEntityOfPage":{"@id":"https:\/\/fyno.pt\/mundo\/proibicao-pesca-bivalves-rio-minho\/"},"wordCount":356,"commentCount":0,"image":{"@id":"https:\/\/fyno.pt\/mundo\/proibicao-pesca-bivalves-rio-minho\/#primaryimage"},"thumbnailUrl":"https:\/\/fyno.pt\/wp-content\/uploads\/2026\/09\/Rio-Minho-Pesca-1160x630-1.jpg","keywords":["bivalves","pesca","rio Minho","sa\u00fade p\u00fablica","sustentabilidade"],"articleSection":["Mundo"],"inLanguage":"pt-PT","potentialAction":[{"@type":"CommentAction","name":"Comment","target":["https:\/\/fyno.pt\/mundo\/proibicao-pesca-bivalves-rio-minho\/#respond"]}]},{"@type":"WebPage","@id":"https:\/\/fyno.pt\/mundo\/proibicao-pesca-bivalves-rio-minho\/","url":"https:\/\/fyno.pt\/mundo\/proibicao-pesca-bivalves-rio-minho\/","name":"pesca de bivalves no rio Minho \u00e9 proibida a partir de novembro","isPartOf":{"@id":"https:\/\/fyno.pt\/#website"},"primaryImageOfPage":{"@id":"https:\/\/fyno.pt\/mundo\/proibicao-pesca-bivalves-rio-minho\/#primaryimage"},"image":{"@id":"https:\/\/fyno.pt\/mundo\/proibicao-pesca-bivalves-rio-minho\/#primaryimage"},"thumbnailUrl":"https:\/\/fyno.pt\/wp-content\/uploads\/2026\/09\/Rio-Minho-Pesca-1160x630-1.jpg","datePublished":"2026-09-02T10:48:58+00:00","author":{"@id":"https:\/\/fyno.pt\/#\/schema\/person\/ab5b330ed5ed05f1b4a7b8e438f68187"},"description":"A pesca de bivalves no rio Minho ser\u00e1 proibida a partir de novembro devido a preocupa\u00e7\u00f5es de sa\u00fade p\u00fablica.","breadcrumb":{"@id":"https:\/\/fyno.pt\/mundo\/proibicao-pesca-bivalves-rio-minho\/#breadcrumb"},"inLanguage":"pt-PT","potentialAction":[{"@type":"ReadAction","target":["https:\/\/fyno.pt\/mundo\/proibicao-pesca-bivalves-rio-minho\/"]}]},{"@type":"ImageObject","inLanguage":"pt-PT","@id":"https:\/\/fyno.pt\/mundo\/proibicao-pesca-bivalves-rio-minho\/#primaryimage","url":"https:\/\/fyno.pt\/wp-content\/uploads\/2026\/09\/Rio-Minho-Pesca-1160x630-1.jpg","contentUrl":"https:\/\/fyno.pt\/wp-content\/uploads\/2026\/09\/Rio-Minho-Pesca-1160x630-1.jpg","width":1160,"height":630,"caption":"Pedro Gon\u00e7alo Costa \/ O MINHO \/ Arquivo"},{"@type":"BreadcrumbList","@id":"https:\/\/fyno.pt\/mundo\/proibicao-pesca-bivalves-rio-minho\/#breadcrumb","itemListElement":[{"@type":"ListItem","position":1,"name":"In\u00edcio","item":"https:\/\/fyno.pt\/"},{"@type":"ListItem","position":2,"name":"Proibi\u00e7\u00e3o da pesca de bivalves no rio Minho come\u00e7a em novembro"}]},{"@type":"WebSite","@id":"https:\/\/fyno.pt\/#website","url":"https:\/\/fyno.pt\/","name":"Fyno","description":"Not\u00edcia e informa\u00e7\u00e3o","potentialAction":[{"@type":"SearchAction","target":{"@type":"EntryPoint","urlTemplate":"https:\/\/fyno.pt\/?s={search_term_string}"},"query-input":{"@type":"PropertyValueSpecification","valueRequired":true,"valueName":"search_term_string"}}],"inLanguage":"pt-PT"},{"@type":"Person","@id":"https:\/\/fyno.pt\/#\/schema\/person\/ab5b330ed5ed05f1b4a7b8e438f68187","name":"Fyno","image":{"@type":"ImageObject","inLanguage":"pt-PT","@id":"https:\/\/fyno.pt\/wp-content\/litespeed\/avatar\/8f51870e8d94c234e288da840d914372.jpg?ver=1788205134","url":"https:\/\/fyno.pt\/wp-content\/litespeed\/avatar\/8f51870e8d94c234e288da840d914372.jpg?ver=1788205134","contentUrl":"https:\/\/fyno.pt\/wp-content\/litespeed\/avatar\/8f51870e8d94c234e288da840d914372.jpg?ver=1788205134","caption":"Fyno"},"description":"A sua fonte de informa\u00e7\u00e3o.","url":"https:\/\/fyno.pt\/pt\/author\/fynopt\/"}]}},"_links":{"self":[{"href":"https:\/\/fyno.pt\/pt\/wp-json\/wp\/v2\/posts\/43587","targetHints":{"allow":["GET"]}}],"collection":[{"href":"https:\/\/fyno.pt\/pt\/wp-json\/wp\/v2\/posts"}],"about":[{"href":"https:\/\/fyno.pt\/pt\/wp-json\/wp\/v2\/types\/post"}],"author":[{"embeddable":true,"href":"https:\/\/fyno.pt\/pt\/wp-json\/wp\/v2\/users\/9"}],"replies":[{"embeddable":true,"href":"https:\/\/fyno.pt\/pt\/wp-json\/wp\/v2\/comments?post=43587"}],"version-history":[{"count":1,"href":"https:\/\/fyno.pt\/pt\/wp-json\/wp\/v2\/posts\/43587\/revisions"}],"predecessor-version":[{"id":43589,"href":"https:\/\/fyno.pt\/pt\/wp-json\/wp\/v2\/posts\/43587\/revisions\/43589"}],"wp:featuredmedia":[{"embeddable":true,"href":"https:\/\/fyno.pt\/pt\/wp-json\/wp\/v2\/media\/43588"}],"wp:attachment":[{"href":"https:\/\/fyno.pt\/pt\/wp-json\/wp\/v2\/media?parent=43587"}],"wp:term":[{"taxonomy":"category","embeddable":true,"href":"https:\/\/fyno.pt\/pt\/wp-json\/wp\/v2\/categories?post=43587"},{"taxonomy":"post_tag","embeddable":true,"href":"https:\/\/fyno.pt\/pt\/wp-json\/wp\/v2\/tags?post=43587"}],"curies":[{"name":"wp","href":"https:\/\/api.w.org\/{rel}","templated":true}]}}