{"id":43581,"date":"2026-09-02T07:18:27","date_gmt":"2026-09-02T10:18:27","guid":{"rendered":"https:\/\/fyno.pt\/pt\/?p=43581"},"modified":"2026-09-02T07:18:27","modified_gmt":"2026-09-02T10:18:27","slug":"festival-jazz-ao-largo-barcelos","status":"publish","type":"post","link":"https:\/\/fyno.pt\/pt\/mundo\/festival-jazz-ao-largo-barcelos\/","title":{"rendered":"Festival Jazz ao Largo traz quatro dias de m\u00fasica em Barcelos"},"content":{"rendered":"<p>A 11.\u00aa edi\u00e7\u00e3o do festival Jazz ao Largo ocorrer\u00e1 entre os dias 10 e 13 de setembro em Barcelos, com destaque para a apresenta\u00e7\u00e3o do Andy Sheppard Trio no primeiro dia do evento.<\/p>\n\n\n\n<h2 class=\"wp-block-heading\">Programa\u00e7\u00e3o do festival<\/h2>\n\n\n\n<p>Segundo comunicado da prefeitura de Barcelos, o Andy Sheppard Trio, liderado pelo renomado saxofonista brit\u00e2nico, abrir\u00e1 o festival. No segundo dia, o Sexteto de Jazz de Lisboa, que celebra quatro d\u00e9cadas de hist\u00f3ria, far\u00e1 uma performance especial revisitando suas principais composi\u00e7\u00f5es.<\/p>\n\n\n\n<p>No dia 12, o m\u00fasico Mostafa Taleb apresentar\u00e1 um concerto in\u00e9dito utilizando o kamancheh, um instrumento de cordas de origem persa. A noite reserva a atua\u00e7\u00e3o de Carlos Bica &amp; Azul, prometendo um espet\u00e1culo envolvente.<\/p>\n\n\n\n<h2 class=\"wp-block-heading\">Locais e atividades<\/h2>\n\n\n\n<p>Os concertos ser\u00e3o realizados no Largo Dr. Martins Lima e na Frente Ribeirinha da Azenha. Al\u00e9m das apresenta\u00e7\u00f5es musicais, o festival incluir\u00e1 um workshop voltado para crian\u00e7as, intitulado \u201cSononautas \u2013 Ecoescuta\u201d. Este evento, que ocorrer\u00e1 no Theatro Gil Vicente no domingo \u00e0s 10:00, convida os pequenos a explorar a escuta e a intera\u00e7\u00e3o com o ambiente sonoro.<\/p>\n\n\n\n<p>No mesmo dia, tamb\u00e9m ser\u00e1 lan\u00e7ada a obra \u201cRimas &amp; Batidas\u201d, ampliando as atividades culturais oferecidas durante o festival.<\/p>\n\n\n\n<h2 class=\"wp-block-heading\">Expectativa e import\u00e2ncia do festival<\/h2>\n\n\n\n<p>O Jazz ao Largo se consolidou como um importante espa\u00e7o de valoriza\u00e7\u00e3o do jazz em Portugal, atraindo tanto artistas renomados quanto novos talentos. Com uma programa\u00e7\u00e3o diversificada, o festival promete proporcionar momentos memor\u00e1veis para os amantes da m\u00fasica.<\/p>","protected":false},"excerpt":{"rendered":"<p>Evento acontece de 10 a 13 de setembro com grandes nomes do jazz no cartaz.<\/p>","protected":false},"author":9,"featured_media":43582,"comment_status":"open","ping_status":"open","sticky":false,"template":"","format":"standard","meta":{"footnotes":""},"categories":[51],"tags":[1959,795,2043,2042,1385],"class_list":["post-43581","post","type-post","status-publish","format-standard","has-post-thumbnail","hentry","category-mundo","tag-barcelos","tag-cultura","tag-festival","tag-jazz","tag-musica"],"yoast_head":"<!-- This site is optimized with the Yoast SEO Premium plugin v27.9 (Yoast SEO v27.9) - https:\/\/yoast.com\/product\/yoast-seo-premium-wordpress\/ -->\n<title>festival jazz ao largo acontece em barcelos com grandes atra\u00e7\u00f5es<\/title>\n<meta name=\"description\" content=\"Festival Jazz ao Largo acontece em Barcelos com atra\u00e7\u00f5es como Andy Sheppard Trio e workshop para crian\u00e7as.\" \/>\n<meta name=\"robots\" content=\"index, follow, max-snippet:-1, max-image-preview:large, max-video-preview:-1\" \/>\n<link rel=\"canonical\" href=\"https:\/\/fyno.pt\/pt\/mundo\/festival-jazz-ao-largo-barcelos\/\" \/>\n<meta property=\"og:locale\" content=\"pt_PT\" \/>\n<meta property=\"og:type\" content=\"article\" \/>\n<meta property=\"og:title\" content=\"Festival Jazz ao Largo traz quatro dias de m\u00fasica em Barcelos\" \/>\n<meta property=\"og:description\" content=\"Festival Jazz ao Largo acontece em Barcelos com atra\u00e7\u00f5es como Andy Sheppard Trio e workshop para crian\u00e7as.\" \/>\n<meta property=\"og:url\" content=\"https:\/\/fyno.pt\/pt\/mundo\/festival-jazz-ao-largo-barcelos\/\" \/>\n<meta property=\"og:site_name\" content=\"Fyno\" \/>\n<meta property=\"article:published_time\" content=\"2026-09-02T10:18:27+00:00\" \/>\n<meta property=\"og:image\" content=\"https:\/\/fyno.pt\/wp-content\/uploads\/2026\/09\/Andy-Sheppard-Trio-1160x630-1.jpg\" \/>\n\t<meta property=\"og:image:width\" content=\"1160\" \/>\n\t<meta property=\"og:image:height\" content=\"630\" \/>\n\t<meta property=\"og:image:type\" content=\"image\/jpeg\" \/>\n<meta name=\"author\" content=\"Fyno\" \/>\n<meta name=\"twitter:card\" content=\"summary_large_image\" \/>\n<meta name=\"twitter:label1\" content=\"Escrito por\" \/>\n\t<meta name=\"twitter:data1\" content=\"Fyno\" \/>\n\t<meta name=\"twitter:label2\" content=\"Tempo estimado de leitura\" \/>\n\t<meta name=\"twitter:data2\" content=\"1 minuto\" \/>\n<script type=\"application\/ld+json\" class=\"yoast-schema-graph\">{\"@context\":\"https:\\\/\\\/schema.org\",\"@graph\":[{\"@type\":\"Article\",\"@id\":\"https:\\\/\\\/fyno.pt\\\/pt\\\/mundo\\\/festival-jazz-ao-largo-barcelos\\\/#article\",\"isPartOf\":{\"@id\":\"https:\\\/\\\/fyno.pt\\\/pt\\\/mundo\\\/festival-jazz-ao-largo-barcelos\\\/\"},\"author\":{\"name\":\"Fyno\",\"@id\":\"https:\\\/\\\/fyno.pt\\\/#\\\/schema\\\/person\\\/ab5b330ed5ed05f1b4a7b8e438f68187\"},\"headline\":\"Festival Jazz ao Largo traz quatro dias de m\u00fasica em Barcelos\",\"datePublished\":\"2026-09-02T10:18:27+00:00\",\"mainEntityOfPage\":{\"@id\":\"https:\\\/\\\/fyno.pt\\\/pt\\\/mundo\\\/festival-jazz-ao-largo-barcelos\\\/\"},\"wordCount\":264,\"commentCount\":0,\"image\":{\"@id\":\"https:\\\/\\\/fyno.pt\\\/pt\\\/mundo\\\/festival-jazz-ao-largo-barcelos\\\/#primaryimage\"},\"thumbnailUrl\":\"https:\\\/\\\/fyno.pt\\\/wp-content\\\/uploads\\\/2026\\\/09\\\/Andy-Sheppard-Trio-1160x630-1.jpg\",\"keywords\":[\"Barcelos\",\"cultura\",\"festival\",\"jazz\",\"m\u00fasica\"],\"articleSection\":[\"Mundo\"],\"inLanguage\":\"pt-PT\",\"potentialAction\":[{\"@type\":\"CommentAction\",\"name\":\"Comment\",\"target\":[\"https:\\\/\\\/fyno.pt\\\/pt\\\/mundo\\\/festival-jazz-ao-largo-barcelos\\\/#respond\"]}]},{\"@type\":\"WebPage\",\"@id\":\"https:\\\/\\\/fyno.pt\\\/pt\\\/mundo\\\/festival-jazz-ao-largo-barcelos\\\/\",\"url\":\"https:\\\/\\\/fyno.pt\\\/pt\\\/mundo\\\/festival-jazz-ao-largo-barcelos\\\/\",\"name\":\"festival jazz ao largo acontece em barcelos com grandes atra\u00e7\u00f5es\",\"isPartOf\":{\"@id\":\"https:\\\/\\\/fyno.pt\\\/#website\"},\"primaryImageOfPage\":{\"@id\":\"https:\\\/\\\/fyno.pt\\\/pt\\\/mundo\\\/festival-jazz-ao-largo-barcelos\\\/#primaryimage\"},\"image\":{\"@id\":\"https:\\\/\\\/fyno.pt\\\/pt\\\/mundo\\\/festival-jazz-ao-largo-barcelos\\\/#primaryimage\"},\"thumbnailUrl\":\"https:\\\/\\\/fyno.pt\\\/wp-content\\\/uploads\\\/2026\\\/09\\\/Andy-Sheppard-Trio-1160x630-1.jpg\",\"datePublished\":\"2026-09-02T10:18:27+00:00\",\"author\":{\"@id\":\"https:\\\/\\\/fyno.pt\\\/#\\\/schema\\\/person\\\/ab5b330ed5ed05f1b4a7b8e438f68187\"},\"description\":\"Festival Jazz ao Largo acontece em Barcelos com atra\u00e7\u00f5es como Andy Sheppard Trio e workshop para crian\u00e7as.\",\"breadcrumb\":{\"@id\":\"https:\\\/\\\/fyno.pt\\\/pt\\\/mundo\\\/festival-jazz-ao-largo-barcelos\\\/#breadcrumb\"},\"inLanguage\":\"pt-PT\",\"potentialAction\":[{\"@type\":\"ReadAction\",\"target\":[\"https:\\\/\\\/fyno.pt\\\/pt\\\/mundo\\\/festival-jazz-ao-largo-barcelos\\\/\"]}]},{\"@type\":\"ImageObject\",\"inLanguage\":\"pt-PT\",\"@id\":\"https:\\\/\\\/fyno.pt\\\/pt\\\/mundo\\\/festival-jazz-ao-largo-barcelos\\\/#primaryimage\",\"url\":\"https:\\\/\\\/fyno.pt\\\/wp-content\\\/uploads\\\/2026\\\/09\\\/Andy-Sheppard-Trio-1160x630-1.jpg\",\"contentUrl\":\"https:\\\/\\\/fyno.pt\\\/wp-content\\\/uploads\\\/2026\\\/09\\\/Andy-Sheppard-Trio-1160x630-1.jpg\",\"width\":1160,\"height\":630,\"caption\":\"Andy Sheppard Trio. Foto: DR\"},{\"@type\":\"BreadcrumbList\",\"@id\":\"https:\\\/\\\/fyno.pt\\\/pt\\\/mundo\\\/festival-jazz-ao-largo-barcelos\\\/#breadcrumb\",\"itemListElement\":[{\"@type\":\"ListItem\",\"position\":1,\"name\":\"In\u00edcio\",\"item\":\"https:\\\/\\\/fyno.pt\\\/\"},{\"@type\":\"ListItem\",\"position\":2,\"name\":\"Festival Jazz ao Largo traz quatro dias de m\u00fasica em Barcelos\"}]},{\"@type\":\"WebSite\",\"@id\":\"https:\\\/\\\/fyno.pt\\\/#website\",\"url\":\"https:\\\/\\\/fyno.pt\\\/\",\"name\":\"Fyno\",\"description\":\"Not\u00edcia e informa\u00e7\u00e3o\",\"potentialAction\":[{\"@type\":\"SearchAction\",\"target\":{\"@type\":\"EntryPoint\",\"urlTemplate\":\"https:\\\/\\\/fyno.pt\\\/?s={search_term_string}\"},\"query-input\":{\"@type\":\"PropertyValueSpecification\",\"valueRequired\":true,\"valueName\":\"search_term_string\"}}],\"inLanguage\":\"pt-PT\"},{\"@type\":\"Person\",\"@id\":\"https:\\\/\\\/fyno.pt\\\/#\\\/schema\\\/person\\\/ab5b330ed5ed05f1b4a7b8e438f68187\",\"name\":\"Fyno\",\"image\":{\"@type\":\"ImageObject\",\"inLanguage\":\"pt-PT\",\"@id\":\"https:\\\/\\\/fyno.pt\\\/wp-content\\\/litespeed\\\/avatar\\\/8f51870e8d94c234e288da840d914372.jpg?ver=1788205134\",\"url\":\"https:\\\/\\\/fyno.pt\\\/wp-content\\\/litespeed\\\/avatar\\\/8f51870e8d94c234e288da840d914372.jpg?ver=1788205134\",\"contentUrl\":\"https:\\\/\\\/fyno.pt\\\/wp-content\\\/litespeed\\\/avatar\\\/8f51870e8d94c234e288da840d914372.jpg?ver=1788205134\",\"caption\":\"Fyno\"},\"description\":\"A sua fonte de informa\u00e7\u00e3o.\",\"url\":\"https:\\\/\\\/fyno.pt\\\/pt\\\/author\\\/fynopt\\\/\"}]}<\/script>\n<!-- \/ Yoast SEO Premium plugin. -->","yoast_head_json":{"title":"festival jazz ao largo acontece em barcelos com grandes atra\u00e7\u00f5es","description":"Festival Jazz ao Largo acontece em Barcelos com atra\u00e7\u00f5es como Andy Sheppard Trio e workshop para crian\u00e7as.","robots":{"index":"index","follow":"follow","max-snippet":"max-snippet:-1","max-image-preview":"max-image-preview:large","max-video-preview":"max-video-preview:-1"},"canonical":"https:\/\/fyno.pt\/pt\/mundo\/festival-jazz-ao-largo-barcelos\/","og_locale":"pt_PT","og_type":"article","og_title":"Festival Jazz ao Largo traz quatro dias de m\u00fasica em Barcelos","og_description":"Festival Jazz ao Largo acontece em Barcelos com atra\u00e7\u00f5es como Andy Sheppard Trio e workshop para crian\u00e7as.","og_url":"https:\/\/fyno.pt\/pt\/mundo\/festival-jazz-ao-largo-barcelos\/","og_site_name":"Fyno","article_published_time":"2026-09-02T10:18:27+00:00","og_image":[{"width":1160,"height":630,"url":"https:\/\/fyno.pt\/wp-content\/uploads\/2026\/09\/Andy-Sheppard-Trio-1160x630-1.jpg","type":"image\/jpeg"}],"author":"Fyno","twitter_card":"summary_large_image","twitter_misc":{"Escrito por":"Fyno","Tempo estimado de leitura":"1 minuto"},"schema":{"@context":"https:\/\/schema.org","@graph":[{"@type":"Article","@id":"https:\/\/fyno.pt\/pt\/mundo\/festival-jazz-ao-largo-barcelos\/#article","isPartOf":{"@id":"https:\/\/fyno.pt\/pt\/mundo\/festival-jazz-ao-largo-barcelos\/"},"author":{"name":"Fyno","@id":"https:\/\/fyno.pt\/#\/schema\/person\/ab5b330ed5ed05f1b4a7b8e438f68187"},"headline":"Festival Jazz ao Largo traz quatro dias de m\u00fasica em Barcelos","datePublished":"2026-09-02T10:18:27+00:00","mainEntityOfPage":{"@id":"https:\/\/fyno.pt\/pt\/mundo\/festival-jazz-ao-largo-barcelos\/"},"wordCount":264,"commentCount":0,"image":{"@id":"https:\/\/fyno.pt\/pt\/mundo\/festival-jazz-ao-largo-barcelos\/#primaryimage"},"thumbnailUrl":"https:\/\/fyno.pt\/wp-content\/uploads\/2026\/09\/Andy-Sheppard-Trio-1160x630-1.jpg","keywords":["Barcelos","cultura","festival","jazz","m\u00fasica"],"articleSection":["Mundo"],"inLanguage":"pt-PT","potentialAction":[{"@type":"CommentAction","name":"Comment","target":["https:\/\/fyno.pt\/pt\/mundo\/festival-jazz-ao-largo-barcelos\/#respond"]}]},{"@type":"WebPage","@id":"https:\/\/fyno.pt\/pt\/mundo\/festival-jazz-ao-largo-barcelos\/","url":"https:\/\/fyno.pt\/pt\/mundo\/festival-jazz-ao-largo-barcelos\/","name":"festival jazz ao largo acontece em barcelos com grandes atra\u00e7\u00f5es","isPartOf":{"@id":"https:\/\/fyno.pt\/#website"},"primaryImageOfPage":{"@id":"https:\/\/fyno.pt\/pt\/mundo\/festival-jazz-ao-largo-barcelos\/#primaryimage"},"image":{"@id":"https:\/\/fyno.pt\/pt\/mundo\/festival-jazz-ao-largo-barcelos\/#primaryimage"},"thumbnailUrl":"https:\/\/fyno.pt\/wp-content\/uploads\/2026\/09\/Andy-Sheppard-Trio-1160x630-1.jpg","datePublished":"2026-09-02T10:18:27+00:00","author":{"@id":"https:\/\/fyno.pt\/#\/schema\/person\/ab5b330ed5ed05f1b4a7b8e438f68187"},"description":"Festival Jazz ao Largo acontece em Barcelos com atra\u00e7\u00f5es como Andy Sheppard Trio e workshop para crian\u00e7as.","breadcrumb":{"@id":"https:\/\/fyno.pt\/pt\/mundo\/festival-jazz-ao-largo-barcelos\/#breadcrumb"},"inLanguage":"pt-PT","potentialAction":[{"@type":"ReadAction","target":["https:\/\/fyno.pt\/pt\/mundo\/festival-jazz-ao-largo-barcelos\/"]}]},{"@type":"ImageObject","inLanguage":"pt-PT","@id":"https:\/\/fyno.pt\/pt\/mundo\/festival-jazz-ao-largo-barcelos\/#primaryimage","url":"https:\/\/fyno.pt\/wp-content\/uploads\/2026\/09\/Andy-Sheppard-Trio-1160x630-1.jpg","contentUrl":"https:\/\/fyno.pt\/wp-content\/uploads\/2026\/09\/Andy-Sheppard-Trio-1160x630-1.jpg","width":1160,"height":630,"caption":"Andy Sheppard Trio. Foto: DR"},{"@type":"BreadcrumbList","@id":"https:\/\/fyno.pt\/pt\/mundo\/festival-jazz-ao-largo-barcelos\/#breadcrumb","itemListElement":[{"@type":"ListItem","position":1,"name":"In\u00edcio","item":"https:\/\/fyno.pt\/"},{"@type":"ListItem","position":2,"name":"Festival Jazz ao Largo traz quatro dias de m\u00fasica em Barcelos"}]},{"@type":"WebSite","@id":"https:\/\/fyno.pt\/#website","url":"https:\/\/fyno.pt\/","name":"Fyno","description":"Not\u00edcia e informa\u00e7\u00e3o","potentialAction":[{"@type":"SearchAction","target":{"@type":"EntryPoint","urlTemplate":"https:\/\/fyno.pt\/?s={search_term_string}"},"query-input":{"@type":"PropertyValueSpecification","valueRequired":true,"valueName":"search_term_string"}}],"inLanguage":"pt-PT"},{"@type":"Person","@id":"https:\/\/fyno.pt\/#\/schema\/person\/ab5b330ed5ed05f1b4a7b8e438f68187","name":"Fyno","image":{"@type":"ImageObject","inLanguage":"pt-PT","@id":"https:\/\/fyno.pt\/wp-content\/litespeed\/avatar\/8f51870e8d94c234e288da840d914372.jpg?ver=1788205134","url":"https:\/\/fyno.pt\/wp-content\/litespeed\/avatar\/8f51870e8d94c234e288da840d914372.jpg?ver=1788205134","contentUrl":"https:\/\/fyno.pt\/wp-content\/litespeed\/avatar\/8f51870e8d94c234e288da840d914372.jpg?ver=1788205134","caption":"Fyno"},"description":"A sua fonte de informa\u00e7\u00e3o.","url":"https:\/\/fyno.pt\/pt\/author\/fynopt\/"}]}},"_links":{"self":[{"href":"https:\/\/fyno.pt\/pt\/wp-json\/wp\/v2\/posts\/43581","targetHints":{"allow":["GET"]}}],"collection":[{"href":"https:\/\/fyno.pt\/pt\/wp-json\/wp\/v2\/posts"}],"about":[{"href":"https:\/\/fyno.pt\/pt\/wp-json\/wp\/v2\/types\/post"}],"author":[{"embeddable":true,"href":"https:\/\/fyno.pt\/pt\/wp-json\/wp\/v2\/users\/9"}],"replies":[{"embeddable":true,"href":"https:\/\/fyno.pt\/pt\/wp-json\/wp\/v2\/comments?post=43581"}],"version-history":[{"count":1,"href":"https:\/\/fyno.pt\/pt\/wp-json\/wp\/v2\/posts\/43581\/revisions"}],"predecessor-version":[{"id":43583,"href":"https:\/\/fyno.pt\/pt\/wp-json\/wp\/v2\/posts\/43581\/revisions\/43583"}],"wp:featuredmedia":[{"embeddable":true,"href":"https:\/\/fyno.pt\/pt\/wp-json\/wp\/v2\/media\/43582"}],"wp:attachment":[{"href":"https:\/\/fyno.pt\/pt\/wp-json\/wp\/v2\/media?parent=43581"}],"wp:term":[{"taxonomy":"category","embeddable":true,"href":"https:\/\/fyno.pt\/pt\/wp-json\/wp\/v2\/categories?post=43581"},{"taxonomy":"post_tag","embeddable":true,"href":"https:\/\/fyno.pt\/pt\/wp-json\/wp\/v2\/tags?post=43581"}],"curies":[{"name":"wp","href":"https:\/\/api.w.org\/{rel}","templated":true}]}}