{"id":43575,"date":"2026-09-02T06:48:23","date_gmt":"2026-09-02T09:48:23","guid":{"rendered":"https:\/\/fyno.pt\/?p=43575"},"modified":"2026-09-02T06:48:23","modified_gmt":"2026-09-02T09:48:23","slug":"patricio-salas-novo-reforco-famalicao","status":"publish","type":"post","link":"https:\/\/fyno.pt\/pt\/mundo\/patricio-salas-novo-reforco-famalicao\/","title":{"rendered":"Patricio Salas \u00e9 o novo refor\u00e7o do Famalic\u00e3o at\u00e9 o fim da temporada"},"content":{"rendered":"<p>O atacante mexicano Patricio Salas, de 22 anos, foi anunciado como novo jogador do Famalic\u00e3o, onde atuar\u00e1 at\u00e9 o t\u00e9rmino da temporada. A confirma\u00e7\u00e3o foi feita pelo clube da Primeira Liga de Portugal.<\/p>\n\n\n\n<h2 class=\"wp-block-heading\">Experi\u00eancia na Europa<\/h2>\n\n\n\n<p>Salas se transferiu para o Famalic\u00e3o vindo do Club Am\u00e9rica e est\u00e1 prestes a iniciar sua primeira experi\u00eancia no futebol europeu. Em declara\u00e7\u00f5es ao clube, expressou seu entusiasmo com a nova fase da carreira. &#039;Estou muito entusiasmado e com muita vontade de iniciar este novo desafio. Vir para a Europa \u00e9 o maior passo na minha ainda curta carreira e faz\u00ea-lo ao servi\u00e7o de um clube t\u00e3o ambicioso \u00e9 um enorme motivo de orgulho e, simultaneamente, de muita responsabilidade&#039;, disse.<\/p>\n\n\n\n<h2 class=\"wp-block-heading\">Expectativas e contribui\u00e7\u00f5es<\/h2>\n\n\n\n<p>O jogador mexicano destacou que sua chegada ao Famalic\u00e3o vem acompanhada de uma miss\u00e3o clara: contribuir com gols e assist\u00eancias. &#039;Pretendo corresponder \u00e0s expectativas para marcar a diferen\u00e7a na Liga portuguesa&#039;, afirmou Salas.<\/p>\n\n\n\n<p>Salas se descreveu como um atleta t\u00e9cnico, que gosta de ter a bola e de estar pr\u00f3ximo dos companheiros, mas enfatizou a import\u00e2ncia do coletivo. &#039;Acima de tudo, sou um jogador de equipa, pelo que podem esperar que deixe sempre tudo em campo para ajudar o clube a atingir os objetivos&#039;, acrescentou.<\/p>\n\n\n\n<p>O atacante tamb\u00e9m expressou confian\u00e7a em seu desenvolvimento ao longo da temporada no clube. &#039;O clube \u00e9 ambicioso e sinto que irei crescer muito ao longo da temporada&#039;, concluiu.<\/p>","protected":false},"excerpt":{"rendered":"<p>Atacante mexicano chega ao clube da I Liga portugu\u00eas ap\u00f3s passagem pelo Club Am\u00e9rica.<\/p>","protected":false},"author":9,"featured_media":43576,"comment_status":"open","ping_status":"open","sticky":false,"template":"","format":"standard","meta":{"footnotes":""},"categories":[51],"tags":[2038,2036,595,2037,2039],"class_list":["post-43575","post","type-post","status-publish","format-standard","has-post-thumbnail","hentry","category-mundo","tag-club-america","tag-famalicao","tag-futebol","tag-patricio-salas","tag-primeira-liga"],"yoast_head":"<!-- This site is optimized with the Yoast SEO Premium plugin v27.9 (Yoast SEO v27.9) - https:\/\/yoast.com\/product\/yoast-seo-premium-wordpress\/ -->\n<title>patricio salas \u00e9 anunciado como novo jogador do famalic\u00e3o<\/title>\n<meta name=\"description\" content=\"Patricio Salas \u00e9 anunciado como novo jogador do Famalic\u00e3o at\u00e9 o fim da temporada, vindo do Club Am\u00e9rica.\" \/>\n<meta name=\"robots\" content=\"index, follow, max-snippet:-1, max-image-preview:large, max-video-preview:-1\" \/>\n<link rel=\"canonical\" href=\"https:\/\/fyno.pt\/pt\/mundo\/patricio-salas-novo-reforco-famalicao\/\" \/>\n<meta property=\"og:locale\" content=\"pt_PT\" \/>\n<meta property=\"og:type\" content=\"article\" \/>\n<meta property=\"og:title\" content=\"Patricio Salas \u00e9 o novo refor\u00e7o do Famalic\u00e3o at\u00e9 o fim da temporada\" \/>\n<meta property=\"og:description\" content=\"Patricio Salas \u00e9 anunciado como novo jogador do Famalic\u00e3o at\u00e9 o fim da temporada, vindo do Club Am\u00e9rica.\" \/>\n<meta property=\"og:url\" content=\"https:\/\/fyno.pt\/pt\/mundo\/patricio-salas-novo-reforco-famalicao\/\" \/>\n<meta property=\"og:site_name\" content=\"Fyno\" \/>\n<meta property=\"article:published_time\" content=\"2026-09-02T09:48:23+00:00\" \/>\n<meta property=\"og:image\" content=\"https:\/\/fyno.pt\/wp-content\/uploads\/2026\/09\/IMG_3039-1160x630-1.jpg\" \/>\n\t<meta property=\"og:image:width\" content=\"1160\" \/>\n\t<meta property=\"og:image:height\" content=\"630\" \/>\n\t<meta property=\"og:image:type\" content=\"image\/jpeg\" \/>\n<meta name=\"author\" content=\"Fyno\" \/>\n<meta name=\"twitter:card\" content=\"summary_large_image\" \/>\n<meta name=\"twitter:label1\" content=\"Escrito por\" \/>\n\t<meta name=\"twitter:data1\" content=\"Fyno\" \/>\n\t<meta name=\"twitter:label2\" content=\"Tempo estimado de leitura\" \/>\n\t<meta name=\"twitter:data2\" content=\"1 minuto\" \/>\n<script type=\"application\/ld+json\" class=\"yoast-schema-graph\">{\"@context\":\"https:\\\/\\\/schema.org\",\"@graph\":[{\"@type\":\"Article\",\"@id\":\"https:\\\/\\\/fyno.pt\\\/mundo\\\/patricio-salas-novo-reforco-famalicao\\\/#article\",\"isPartOf\":{\"@id\":\"https:\\\/\\\/fyno.pt\\\/mundo\\\/patricio-salas-novo-reforco-famalicao\\\/\"},\"author\":{\"name\":\"Fyno\",\"@id\":\"https:\\\/\\\/fyno.pt\\\/#\\\/schema\\\/person\\\/ab5b330ed5ed05f1b4a7b8e438f68187\"},\"headline\":\"Patricio Salas \u00e9 o novo refor\u00e7o do Famalic\u00e3o at\u00e9 o fim da temporada\",\"datePublished\":\"2026-09-02T09:48:23+00:00\",\"mainEntityOfPage\":{\"@id\":\"https:\\\/\\\/fyno.pt\\\/mundo\\\/patricio-salas-novo-reforco-famalicao\\\/\"},\"wordCount\":264,\"commentCount\":0,\"image\":{\"@id\":\"https:\\\/\\\/fyno.pt\\\/mundo\\\/patricio-salas-novo-reforco-famalicao\\\/#primaryimage\"},\"thumbnailUrl\":\"https:\\\/\\\/fyno.pt\\\/wp-content\\\/uploads\\\/2026\\\/09\\\/IMG_3039-1160x630-1.jpg\",\"keywords\":[\"Club Am\u00e9rica\",\"Famalic\u00e3o\",\"Futebol\",\"Patricio Salas\",\"Primeira Liga\"],\"articleSection\":[\"Mundo\"],\"inLanguage\":\"pt-PT\",\"potentialAction\":[{\"@type\":\"CommentAction\",\"name\":\"Comment\",\"target\":[\"https:\\\/\\\/fyno.pt\\\/mundo\\\/patricio-salas-novo-reforco-famalicao\\\/#respond\"]}]},{\"@type\":\"WebPage\",\"@id\":\"https:\\\/\\\/fyno.pt\\\/mundo\\\/patricio-salas-novo-reforco-famalicao\\\/\",\"url\":\"https:\\\/\\\/fyno.pt\\\/mundo\\\/patricio-salas-novo-reforco-famalicao\\\/\",\"name\":\"patricio salas \u00e9 anunciado como novo jogador do famalic\u00e3o\",\"isPartOf\":{\"@id\":\"https:\\\/\\\/fyno.pt\\\/#website\"},\"primaryImageOfPage\":{\"@id\":\"https:\\\/\\\/fyno.pt\\\/mundo\\\/patricio-salas-novo-reforco-famalicao\\\/#primaryimage\"},\"image\":{\"@id\":\"https:\\\/\\\/fyno.pt\\\/mundo\\\/patricio-salas-novo-reforco-famalicao\\\/#primaryimage\"},\"thumbnailUrl\":\"https:\\\/\\\/fyno.pt\\\/wp-content\\\/uploads\\\/2026\\\/09\\\/IMG_3039-1160x630-1.jpg\",\"datePublished\":\"2026-09-02T09:48:23+00:00\",\"author\":{\"@id\":\"https:\\\/\\\/fyno.pt\\\/#\\\/schema\\\/person\\\/ab5b330ed5ed05f1b4a7b8e438f68187\"},\"description\":\"Patricio Salas \u00e9 anunciado como novo jogador do Famalic\u00e3o at\u00e9 o fim da temporada, vindo do Club Am\u00e9rica.\",\"breadcrumb\":{\"@id\":\"https:\\\/\\\/fyno.pt\\\/mundo\\\/patricio-salas-novo-reforco-famalicao\\\/#breadcrumb\"},\"inLanguage\":\"pt-PT\",\"potentialAction\":[{\"@type\":\"ReadAction\",\"target\":[\"https:\\\/\\\/fyno.pt\\\/mundo\\\/patricio-salas-novo-reforco-famalicao\\\/\"]}]},{\"@type\":\"ImageObject\",\"inLanguage\":\"pt-PT\",\"@id\":\"https:\\\/\\\/fyno.pt\\\/mundo\\\/patricio-salas-novo-reforco-famalicao\\\/#primaryimage\",\"url\":\"https:\\\/\\\/fyno.pt\\\/wp-content\\\/uploads\\\/2026\\\/09\\\/IMG_3039-1160x630-1.jpg\",\"contentUrl\":\"https:\\\/\\\/fyno.pt\\\/wp-content\\\/uploads\\\/2026\\\/09\\\/IMG_3039-1160x630-1.jpg\",\"width\":1160,\"height\":630,\"caption\":\"Foto: FC Famalic\u00e3o\"},{\"@type\":\"BreadcrumbList\",\"@id\":\"https:\\\/\\\/fyno.pt\\\/mundo\\\/patricio-salas-novo-reforco-famalicao\\\/#breadcrumb\",\"itemListElement\":[{\"@type\":\"ListItem\",\"position\":1,\"name\":\"In\u00edcio\",\"item\":\"https:\\\/\\\/fyno.pt\\\/\"},{\"@type\":\"ListItem\",\"position\":2,\"name\":\"Patricio Salas \u00e9 o novo refor\u00e7o do Famalic\u00e3o at\u00e9 o fim da temporada\"}]},{\"@type\":\"WebSite\",\"@id\":\"https:\\\/\\\/fyno.pt\\\/#website\",\"url\":\"https:\\\/\\\/fyno.pt\\\/\",\"name\":\"Fyno\",\"description\":\"Not\u00edcia e informa\u00e7\u00e3o\",\"potentialAction\":[{\"@type\":\"SearchAction\",\"target\":{\"@type\":\"EntryPoint\",\"urlTemplate\":\"https:\\\/\\\/fyno.pt\\\/?s={search_term_string}\"},\"query-input\":{\"@type\":\"PropertyValueSpecification\",\"valueRequired\":true,\"valueName\":\"search_term_string\"}}],\"inLanguage\":\"pt-PT\"},{\"@type\":\"Person\",\"@id\":\"https:\\\/\\\/fyno.pt\\\/#\\\/schema\\\/person\\\/ab5b330ed5ed05f1b4a7b8e438f68187\",\"name\":\"Fyno\",\"image\":{\"@type\":\"ImageObject\",\"inLanguage\":\"pt-PT\",\"@id\":\"https:\\\/\\\/fyno.pt\\\/wp-content\\\/litespeed\\\/avatar\\\/8f51870e8d94c234e288da840d914372.jpg?ver=1788205134\",\"url\":\"https:\\\/\\\/fyno.pt\\\/wp-content\\\/litespeed\\\/avatar\\\/8f51870e8d94c234e288da840d914372.jpg?ver=1788205134\",\"contentUrl\":\"https:\\\/\\\/fyno.pt\\\/wp-content\\\/litespeed\\\/avatar\\\/8f51870e8d94c234e288da840d914372.jpg?ver=1788205134\",\"caption\":\"Fyno\"},\"description\":\"A sua fonte de informa\u00e7\u00e3o.\",\"url\":\"https:\\\/\\\/fyno.pt\\\/pt\\\/author\\\/fynopt\\\/\"}]}<\/script>\n<!-- \/ Yoast SEO Premium plugin. -->","yoast_head_json":{"title":"patricio salas \u00e9 anunciado como novo jogador do famalic\u00e3o","description":"Patricio Salas \u00e9 anunciado como novo jogador do Famalic\u00e3o at\u00e9 o fim da temporada, vindo do Club Am\u00e9rica.","robots":{"index":"index","follow":"follow","max-snippet":"max-snippet:-1","max-image-preview":"max-image-preview:large","max-video-preview":"max-video-preview:-1"},"canonical":"https:\/\/fyno.pt\/pt\/mundo\/patricio-salas-novo-reforco-famalicao\/","og_locale":"pt_PT","og_type":"article","og_title":"Patricio Salas \u00e9 o novo refor\u00e7o do Famalic\u00e3o at\u00e9 o fim da temporada","og_description":"Patricio Salas \u00e9 anunciado como novo jogador do Famalic\u00e3o at\u00e9 o fim da temporada, vindo do Club Am\u00e9rica.","og_url":"https:\/\/fyno.pt\/pt\/mundo\/patricio-salas-novo-reforco-famalicao\/","og_site_name":"Fyno","article_published_time":"2026-09-02T09:48:23+00:00","og_image":[{"width":1160,"height":630,"url":"https:\/\/fyno.pt\/wp-content\/uploads\/2026\/09\/IMG_3039-1160x630-1.jpg","type":"image\/jpeg"}],"author":"Fyno","twitter_card":"summary_large_image","twitter_misc":{"Escrito por":"Fyno","Tempo estimado de leitura":"1 minuto"},"schema":{"@context":"https:\/\/schema.org","@graph":[{"@type":"Article","@id":"https:\/\/fyno.pt\/mundo\/patricio-salas-novo-reforco-famalicao\/#article","isPartOf":{"@id":"https:\/\/fyno.pt\/mundo\/patricio-salas-novo-reforco-famalicao\/"},"author":{"name":"Fyno","@id":"https:\/\/fyno.pt\/#\/schema\/person\/ab5b330ed5ed05f1b4a7b8e438f68187"},"headline":"Patricio Salas \u00e9 o novo refor\u00e7o do Famalic\u00e3o at\u00e9 o fim da temporada","datePublished":"2026-09-02T09:48:23+00:00","mainEntityOfPage":{"@id":"https:\/\/fyno.pt\/mundo\/patricio-salas-novo-reforco-famalicao\/"},"wordCount":264,"commentCount":0,"image":{"@id":"https:\/\/fyno.pt\/mundo\/patricio-salas-novo-reforco-famalicao\/#primaryimage"},"thumbnailUrl":"https:\/\/fyno.pt\/wp-content\/uploads\/2026\/09\/IMG_3039-1160x630-1.jpg","keywords":["Club Am\u00e9rica","Famalic\u00e3o","Futebol","Patricio Salas","Primeira Liga"],"articleSection":["Mundo"],"inLanguage":"pt-PT","potentialAction":[{"@type":"CommentAction","name":"Comment","target":["https:\/\/fyno.pt\/mundo\/patricio-salas-novo-reforco-famalicao\/#respond"]}]},{"@type":"WebPage","@id":"https:\/\/fyno.pt\/mundo\/patricio-salas-novo-reforco-famalicao\/","url":"https:\/\/fyno.pt\/mundo\/patricio-salas-novo-reforco-famalicao\/","name":"patricio salas \u00e9 anunciado como novo jogador do famalic\u00e3o","isPartOf":{"@id":"https:\/\/fyno.pt\/#website"},"primaryImageOfPage":{"@id":"https:\/\/fyno.pt\/mundo\/patricio-salas-novo-reforco-famalicao\/#primaryimage"},"image":{"@id":"https:\/\/fyno.pt\/mundo\/patricio-salas-novo-reforco-famalicao\/#primaryimage"},"thumbnailUrl":"https:\/\/fyno.pt\/wp-content\/uploads\/2026\/09\/IMG_3039-1160x630-1.jpg","datePublished":"2026-09-02T09:48:23+00:00","author":{"@id":"https:\/\/fyno.pt\/#\/schema\/person\/ab5b330ed5ed05f1b4a7b8e438f68187"},"description":"Patricio Salas \u00e9 anunciado como novo jogador do Famalic\u00e3o at\u00e9 o fim da temporada, vindo do Club Am\u00e9rica.","breadcrumb":{"@id":"https:\/\/fyno.pt\/mundo\/patricio-salas-novo-reforco-famalicao\/#breadcrumb"},"inLanguage":"pt-PT","potentialAction":[{"@type":"ReadAction","target":["https:\/\/fyno.pt\/mundo\/patricio-salas-novo-reforco-famalicao\/"]}]},{"@type":"ImageObject","inLanguage":"pt-PT","@id":"https:\/\/fyno.pt\/mundo\/patricio-salas-novo-reforco-famalicao\/#primaryimage","url":"https:\/\/fyno.pt\/wp-content\/uploads\/2026\/09\/IMG_3039-1160x630-1.jpg","contentUrl":"https:\/\/fyno.pt\/wp-content\/uploads\/2026\/09\/IMG_3039-1160x630-1.jpg","width":1160,"height":630,"caption":"Foto: FC Famalic\u00e3o"},{"@type":"BreadcrumbList","@id":"https:\/\/fyno.pt\/mundo\/patricio-salas-novo-reforco-famalicao\/#breadcrumb","itemListElement":[{"@type":"ListItem","position":1,"name":"In\u00edcio","item":"https:\/\/fyno.pt\/"},{"@type":"ListItem","position":2,"name":"Patricio Salas \u00e9 o novo refor\u00e7o do Famalic\u00e3o at\u00e9 o fim da temporada"}]},{"@type":"WebSite","@id":"https:\/\/fyno.pt\/#website","url":"https:\/\/fyno.pt\/","name":"Fyno","description":"Not\u00edcia e informa\u00e7\u00e3o","potentialAction":[{"@type":"SearchAction","target":{"@type":"EntryPoint","urlTemplate":"https:\/\/fyno.pt\/?s={search_term_string}"},"query-input":{"@type":"PropertyValueSpecification","valueRequired":true,"valueName":"search_term_string"}}],"inLanguage":"pt-PT"},{"@type":"Person","@id":"https:\/\/fyno.pt\/#\/schema\/person\/ab5b330ed5ed05f1b4a7b8e438f68187","name":"Fyno","image":{"@type":"ImageObject","inLanguage":"pt-PT","@id":"https:\/\/fyno.pt\/wp-content\/litespeed\/avatar\/8f51870e8d94c234e288da840d914372.jpg?ver=1788205134","url":"https:\/\/fyno.pt\/wp-content\/litespeed\/avatar\/8f51870e8d94c234e288da840d914372.jpg?ver=1788205134","contentUrl":"https:\/\/fyno.pt\/wp-content\/litespeed\/avatar\/8f51870e8d94c234e288da840d914372.jpg?ver=1788205134","caption":"Fyno"},"description":"A sua fonte de informa\u00e7\u00e3o.","url":"https:\/\/fyno.pt\/pt\/author\/fynopt\/"}]}},"_links":{"self":[{"href":"https:\/\/fyno.pt\/pt\/wp-json\/wp\/v2\/posts\/43575","targetHints":{"allow":["GET"]}}],"collection":[{"href":"https:\/\/fyno.pt\/pt\/wp-json\/wp\/v2\/posts"}],"about":[{"href":"https:\/\/fyno.pt\/pt\/wp-json\/wp\/v2\/types\/post"}],"author":[{"embeddable":true,"href":"https:\/\/fyno.pt\/pt\/wp-json\/wp\/v2\/users\/9"}],"replies":[{"embeddable":true,"href":"https:\/\/fyno.pt\/pt\/wp-json\/wp\/v2\/comments?post=43575"}],"version-history":[{"count":1,"href":"https:\/\/fyno.pt\/pt\/wp-json\/wp\/v2\/posts\/43575\/revisions"}],"predecessor-version":[{"id":43577,"href":"https:\/\/fyno.pt\/pt\/wp-json\/wp\/v2\/posts\/43575\/revisions\/43577"}],"wp:featuredmedia":[{"embeddable":true,"href":"https:\/\/fyno.pt\/pt\/wp-json\/wp\/v2\/media\/43576"}],"wp:attachment":[{"href":"https:\/\/fyno.pt\/pt\/wp-json\/wp\/v2\/media?parent=43575"}],"wp:term":[{"taxonomy":"category","embeddable":true,"href":"https:\/\/fyno.pt\/pt\/wp-json\/wp\/v2\/categories?post=43575"},{"taxonomy":"post_tag","embeddable":true,"href":"https:\/\/fyno.pt\/pt\/wp-json\/wp\/v2\/tags?post=43575"}],"curies":[{"name":"wp","href":"https:\/\/api.w.org\/{rel}","templated":true}]}}