{"id":43572,"date":"2026-09-02T06:18:06","date_gmt":"2026-09-02T09:18:06","guid":{"rendered":"https:\/\/fyno.pt\/?p=43572"},"modified":"2026-09-02T06:18:06","modified_gmt":"2026-09-02T09:18:06","slug":"discurso-de-odio-jovens","status":"publish","type":"post","link":"https:\/\/fyno.pt\/pt\/news\/discurso-de-odio-jovens\/","title":{"rendered":"Mais da metade dos jovens testemunha discurso de \u00f3dio online no \u00faltimo ano"},"content":{"rendered":"<p>Um relat\u00f3rio recente aponta que mais da metade dos jovens teve contato com discurso de \u00f3dio na internet ao longo do \u00faltimo ano. Os dados indicam que essa exposi\u00e7\u00e3o se intensifica \u00e0 medida que os jovens envelhecem.<\/p>\n\n\n\n<h2 class=\"wp-block-heading\">Aumento da Exposi\u00e7\u00e3o<\/h2>\n\n\n\n<p>De acordo com a pesquisa, a incid\u00eancia de discursos de \u00f3dio online n\u00e3o s\u00f3 \u00e9 alarmante, mas tamb\u00e9m apresenta um padr\u00e3o claro de crescimento conforme os jovens avan\u00e7am em idade. Essa tend\u00eancia levanta preocupa\u00e7\u00f5es sobre o impacto que esse tipo de conte\u00fado pode ter no desenvolvimento e na sa\u00fade mental dos adolescentes.<\/p>\n\n\n\n<h2 class=\"wp-block-heading\">Implica\u00e7\u00f5es do Relat\u00f3rio<\/h2>\n\n\n\n<p>O relat\u00f3rio serve como um alerta para a necessidade de estrat\u00e9gias eficazes de educa\u00e7\u00e3o e preven\u00e7\u00e3o sobre o discurso de \u00f3dio nas plataformas digitais. Especialistas sugerem que a\u00e7\u00f5es em conjunto entre pais, educadores e plataformas online s\u00e3o essenciais para mitigar o problema.<\/p>\n\n\n\n<p>Al\u00e9m disso, \u00e9 fundamental promover um ambiente online mais seguro, onde os jovens possam se expressar sem medo de serem alvo de ataques verbais ou discrimina\u00e7\u00e3o.<\/p>\n\n\n\n<h2 class=\"wp-block-heading\">O que Fazer a Respeito<\/h2>\n\n\n\n<p>A conscientiza\u00e7\u00e3o sobre a gravidade do discurso de \u00f3dio e suas consequ\u00eancias \u00e9 um passo importante. Campanhas educativas e di\u00e1logos abertos sobre o assunto podem ajudar a equipar os jovens com as ferramentas necess\u00e1rias para lidar com situa\u00e7\u00f5es de hostilidade online.<\/p>\n\n\n\n<p>A promo\u00e7\u00e3o de uma cultura de respeito e empatia nas redes sociais \u00e9 vital para combater esse fen\u00f4meno. A colabora\u00e7\u00e3o entre diferentes setores da sociedade pode gerar um impacto significativo na redu\u00e7\u00e3o da incid\u00eancia de discurso de \u00f3dio entre os jovens.<\/p>","protected":false},"excerpt":{"rendered":"<p>Relat\u00f3rio revela que a incid\u00eancia de discurso de \u00f3dio aumenta com a idade entre os jovens.<\/p>","protected":false},"author":9,"featured_media":43573,"comment_status":"open","ping_status":"open","sticky":false,"template":"","format":"standard","meta":{"footnotes":""},"categories":[560],"tags":[2034,634,2035,2033,1580],"class_list":["post-43572","post","type-post","status-publish","format-standard","has-post-thumbnail","hentry","category-news","tag-discurso-de-odio","tag-educacao","tag-internet","tag-jovens","tag-saude-mental"],"yoast_head":"<!-- This site is optimized with the Yoast SEO Premium plugin v27.9 (Yoast SEO v27.9) - https:\/\/yoast.com\/product\/yoast-seo-premium-wordpress\/ -->\n<title>mais da metade dos jovens v\u00ea discurso de \u00f3dio online<\/title>\n<meta name=\"description\" content=\"Mais da metade dos jovens relata ter testemunhado discurso de \u00f3dio online no \u00faltimo ano, segundo relat\u00f3rio recente.\" \/>\n<meta name=\"robots\" content=\"index, follow, max-snippet:-1, max-image-preview:large, max-video-preview:-1\" \/>\n<link rel=\"canonical\" href=\"https:\/\/fyno.pt\/pt\/news\/discurso-de-odio-jovens\/\" \/>\n<meta property=\"og:locale\" content=\"pt_PT\" \/>\n<meta property=\"og:type\" content=\"article\" \/>\n<meta property=\"og:title\" content=\"Mais da metade dos jovens testemunha discurso de \u00f3dio online no \u00faltimo ano\" \/>\n<meta property=\"og:description\" content=\"Mais da metade dos jovens relata ter testemunhado discurso de \u00f3dio online no \u00faltimo ano, segundo relat\u00f3rio recente.\" \/>\n<meta property=\"og:url\" content=\"https:\/\/fyno.pt\/pt\/news\/discurso-de-odio-jovens\/\" \/>\n<meta property=\"og:site_name\" content=\"Fyno\" \/>\n<meta property=\"article:published_time\" content=\"2026-09-02T09:18:06+00:00\" \/>\n<meta name=\"author\" content=\"Fyno\" \/>\n<meta name=\"twitter:card\" content=\"summary_large_image\" \/>\n<meta name=\"twitter:label1\" content=\"Escrito por\" \/>\n\t<meta name=\"twitter:data1\" content=\"Fyno\" \/>\n\t<meta name=\"twitter:label2\" content=\"Tempo estimado de leitura\" \/>\n\t<meta name=\"twitter:data2\" content=\"1 minuto\" \/>\n<script type=\"application\/ld+json\" class=\"yoast-schema-graph\">{\"@context\":\"https:\\\/\\\/schema.org\",\"@graph\":[{\"@type\":\"Article\",\"@id\":\"https:\\\/\\\/fyno.pt\\\/news\\\/discurso-de-odio-jovens\\\/#article\",\"isPartOf\":{\"@id\":\"https:\\\/\\\/fyno.pt\\\/news\\\/discurso-de-odio-jovens\\\/\"},\"author\":{\"name\":\"Fyno\",\"@id\":\"https:\\\/\\\/fyno.pt\\\/#\\\/schema\\\/person\\\/ab5b330ed5ed05f1b4a7b8e438f68187\"},\"headline\":\"Mais da metade dos jovens testemunha discurso de \u00f3dio online no \u00faltimo ano\",\"datePublished\":\"2026-09-02T09:18:06+00:00\",\"mainEntityOfPage\":{\"@id\":\"https:\\\/\\\/fyno.pt\\\/news\\\/discurso-de-odio-jovens\\\/\"},\"wordCount\":290,\"commentCount\":0,\"image\":{\"@id\":\"https:\\\/\\\/fyno.pt\\\/news\\\/discurso-de-odio-jovens\\\/#primaryimage\"},\"thumbnailUrl\":\"https:\\\/\\\/fyno.pt\\\/wp-content\\\/uploads\\\/2026\\\/09\\\/45648641GI21122022GERARDOSANTOS003WEB.jpg\",\"keywords\":[\"discurso de \u00f3dio\",\"Educa\u00e7\u00e3o\",\"internet\",\"jovens\",\"sa\u00fade mental\"],\"articleSection\":[\"News\"],\"inLanguage\":\"pt-PT\",\"potentialAction\":[{\"@type\":\"CommentAction\",\"name\":\"Comment\",\"target\":[\"https:\\\/\\\/fyno.pt\\\/news\\\/discurso-de-odio-jovens\\\/#respond\"]}]},{\"@type\":\"WebPage\",\"@id\":\"https:\\\/\\\/fyno.pt\\\/news\\\/discurso-de-odio-jovens\\\/\",\"url\":\"https:\\\/\\\/fyno.pt\\\/news\\\/discurso-de-odio-jovens\\\/\",\"name\":\"mais da metade dos jovens v\u00ea discurso de \u00f3dio online\",\"isPartOf\":{\"@id\":\"https:\\\/\\\/fyno.pt\\\/#website\"},\"primaryImageOfPage\":{\"@id\":\"https:\\\/\\\/fyno.pt\\\/news\\\/discurso-de-odio-jovens\\\/#primaryimage\"},\"image\":{\"@id\":\"https:\\\/\\\/fyno.pt\\\/news\\\/discurso-de-odio-jovens\\\/#primaryimage\"},\"thumbnailUrl\":\"https:\\\/\\\/fyno.pt\\\/wp-content\\\/uploads\\\/2026\\\/09\\\/45648641GI21122022GERARDOSANTOS003WEB.jpg\",\"datePublished\":\"2026-09-02T09:18:06+00:00\",\"author\":{\"@id\":\"https:\\\/\\\/fyno.pt\\\/#\\\/schema\\\/person\\\/ab5b330ed5ed05f1b4a7b8e438f68187\"},\"description\":\"Mais da metade dos jovens relata ter testemunhado discurso de \u00f3dio online no \u00faltimo ano, segundo relat\u00f3rio recente.\",\"breadcrumb\":{\"@id\":\"https:\\\/\\\/fyno.pt\\\/news\\\/discurso-de-odio-jovens\\\/#breadcrumb\"},\"inLanguage\":\"pt-PT\",\"potentialAction\":[{\"@type\":\"ReadAction\",\"target\":[\"https:\\\/\\\/fyno.pt\\\/news\\\/discurso-de-odio-jovens\\\/\"]}]},{\"@type\":\"ImageObject\",\"inLanguage\":\"pt-PT\",\"@id\":\"https:\\\/\\\/fyno.pt\\\/news\\\/discurso-de-odio-jovens\\\/#primaryimage\",\"url\":\"https:\\\/\\\/fyno.pt\\\/wp-content\\\/uploads\\\/2026\\\/09\\\/45648641GI21122022GERARDOSANTOS003WEB.jpg\",\"contentUrl\":\"https:\\\/\\\/fyno.pt\\\/wp-content\\\/uploads\\\/2026\\\/09\\\/45648641GI21122022GERARDOSANTOS003WEB.jpg\",\"width\":1200,\"height\":801,\"caption\":\"Mais de metade dos jovens viu discurso de \u00f3dio \u2018online\u2019 no \u00faltimo anoCr\u00e9ditos:Gerardo Santos\"},{\"@type\":\"BreadcrumbList\",\"@id\":\"https:\\\/\\\/fyno.pt\\\/news\\\/discurso-de-odio-jovens\\\/#breadcrumb\",\"itemListElement\":[{\"@type\":\"ListItem\",\"position\":1,\"name\":\"In\u00edcio\",\"item\":\"https:\\\/\\\/fyno.pt\\\/\"},{\"@type\":\"ListItem\",\"position\":2,\"name\":\"Mais da metade dos jovens testemunha discurso de \u00f3dio online no \u00faltimo ano\"}]},{\"@type\":\"WebSite\",\"@id\":\"https:\\\/\\\/fyno.pt\\\/#website\",\"url\":\"https:\\\/\\\/fyno.pt\\\/\",\"name\":\"Fyno\",\"description\":\"Not\u00edcia e informa\u00e7\u00e3o\",\"potentialAction\":[{\"@type\":\"SearchAction\",\"target\":{\"@type\":\"EntryPoint\",\"urlTemplate\":\"https:\\\/\\\/fyno.pt\\\/?s={search_term_string}\"},\"query-input\":{\"@type\":\"PropertyValueSpecification\",\"valueRequired\":true,\"valueName\":\"search_term_string\"}}],\"inLanguage\":\"pt-PT\"},{\"@type\":\"Person\",\"@id\":\"https:\\\/\\\/fyno.pt\\\/#\\\/schema\\\/person\\\/ab5b330ed5ed05f1b4a7b8e438f68187\",\"name\":\"Fyno\",\"image\":{\"@type\":\"ImageObject\",\"inLanguage\":\"pt-PT\",\"@id\":\"https:\\\/\\\/fyno.pt\\\/wp-content\\\/litespeed\\\/avatar\\\/8f51870e8d94c234e288da840d914372.jpg?ver=1788205134\",\"url\":\"https:\\\/\\\/fyno.pt\\\/wp-content\\\/litespeed\\\/avatar\\\/8f51870e8d94c234e288da840d914372.jpg?ver=1788205134\",\"contentUrl\":\"https:\\\/\\\/fyno.pt\\\/wp-content\\\/litespeed\\\/avatar\\\/8f51870e8d94c234e288da840d914372.jpg?ver=1788205134\",\"caption\":\"Fyno\"},\"description\":\"A sua fonte de informa\u00e7\u00e3o.\",\"url\":\"https:\\\/\\\/fyno.pt\\\/pt\\\/author\\\/fynopt\\\/\"}]}<\/script>\n<!-- \/ Yoast SEO Premium plugin. -->","yoast_head_json":{"title":"mais da metade dos jovens v\u00ea discurso de \u00f3dio online","description":"Mais da metade dos jovens relata ter testemunhado discurso de \u00f3dio online no \u00faltimo ano, segundo relat\u00f3rio recente.","robots":{"index":"index","follow":"follow","max-snippet":"max-snippet:-1","max-image-preview":"max-image-preview:large","max-video-preview":"max-video-preview:-1"},"canonical":"https:\/\/fyno.pt\/pt\/news\/discurso-de-odio-jovens\/","og_locale":"pt_PT","og_type":"article","og_title":"Mais da metade dos jovens testemunha discurso de \u00f3dio online no \u00faltimo ano","og_description":"Mais da metade dos jovens relata ter testemunhado discurso de \u00f3dio online no \u00faltimo ano, segundo relat\u00f3rio recente.","og_url":"https:\/\/fyno.pt\/pt\/news\/discurso-de-odio-jovens\/","og_site_name":"Fyno","article_published_time":"2026-09-02T09:18:06+00:00","author":"Fyno","twitter_card":"summary_large_image","twitter_misc":{"Escrito por":"Fyno","Tempo estimado de leitura":"1 minuto"},"schema":{"@context":"https:\/\/schema.org","@graph":[{"@type":"Article","@id":"https:\/\/fyno.pt\/news\/discurso-de-odio-jovens\/#article","isPartOf":{"@id":"https:\/\/fyno.pt\/news\/discurso-de-odio-jovens\/"},"author":{"name":"Fyno","@id":"https:\/\/fyno.pt\/#\/schema\/person\/ab5b330ed5ed05f1b4a7b8e438f68187"},"headline":"Mais da metade dos jovens testemunha discurso de \u00f3dio online no \u00faltimo ano","datePublished":"2026-09-02T09:18:06+00:00","mainEntityOfPage":{"@id":"https:\/\/fyno.pt\/news\/discurso-de-odio-jovens\/"},"wordCount":290,"commentCount":0,"image":{"@id":"https:\/\/fyno.pt\/news\/discurso-de-odio-jovens\/#primaryimage"},"thumbnailUrl":"https:\/\/fyno.pt\/wp-content\/uploads\/2026\/09\/45648641GI21122022GERARDOSANTOS003WEB.jpg","keywords":["discurso de \u00f3dio","Educa\u00e7\u00e3o","internet","jovens","sa\u00fade mental"],"articleSection":["News"],"inLanguage":"pt-PT","potentialAction":[{"@type":"CommentAction","name":"Comment","target":["https:\/\/fyno.pt\/news\/discurso-de-odio-jovens\/#respond"]}]},{"@type":"WebPage","@id":"https:\/\/fyno.pt\/news\/discurso-de-odio-jovens\/","url":"https:\/\/fyno.pt\/news\/discurso-de-odio-jovens\/","name":"mais da metade dos jovens v\u00ea discurso de \u00f3dio online","isPartOf":{"@id":"https:\/\/fyno.pt\/#website"},"primaryImageOfPage":{"@id":"https:\/\/fyno.pt\/news\/discurso-de-odio-jovens\/#primaryimage"},"image":{"@id":"https:\/\/fyno.pt\/news\/discurso-de-odio-jovens\/#primaryimage"},"thumbnailUrl":"https:\/\/fyno.pt\/wp-content\/uploads\/2026\/09\/45648641GI21122022GERARDOSANTOS003WEB.jpg","datePublished":"2026-09-02T09:18:06+00:00","author":{"@id":"https:\/\/fyno.pt\/#\/schema\/person\/ab5b330ed5ed05f1b4a7b8e438f68187"},"description":"Mais da metade dos jovens relata ter testemunhado discurso de \u00f3dio online no \u00faltimo ano, segundo relat\u00f3rio recente.","breadcrumb":{"@id":"https:\/\/fyno.pt\/news\/discurso-de-odio-jovens\/#breadcrumb"},"inLanguage":"pt-PT","potentialAction":[{"@type":"ReadAction","target":["https:\/\/fyno.pt\/news\/discurso-de-odio-jovens\/"]}]},{"@type":"ImageObject","inLanguage":"pt-PT","@id":"https:\/\/fyno.pt\/news\/discurso-de-odio-jovens\/#primaryimage","url":"https:\/\/fyno.pt\/wp-content\/uploads\/2026\/09\/45648641GI21122022GERARDOSANTOS003WEB.jpg","contentUrl":"https:\/\/fyno.pt\/wp-content\/uploads\/2026\/09\/45648641GI21122022GERARDOSANTOS003WEB.jpg","width":1200,"height":801,"caption":"Mais de metade dos jovens viu discurso de \u00f3dio \u2018online\u2019 no \u00faltimo anoCr\u00e9ditos:Gerardo Santos"},{"@type":"BreadcrumbList","@id":"https:\/\/fyno.pt\/news\/discurso-de-odio-jovens\/#breadcrumb","itemListElement":[{"@type":"ListItem","position":1,"name":"In\u00edcio","item":"https:\/\/fyno.pt\/"},{"@type":"ListItem","position":2,"name":"Mais da metade dos jovens testemunha discurso de \u00f3dio online no \u00faltimo ano"}]},{"@type":"WebSite","@id":"https:\/\/fyno.pt\/#website","url":"https:\/\/fyno.pt\/","name":"Fyno","description":"Not\u00edcia e informa\u00e7\u00e3o","potentialAction":[{"@type":"SearchAction","target":{"@type":"EntryPoint","urlTemplate":"https:\/\/fyno.pt\/?s={search_term_string}"},"query-input":{"@type":"PropertyValueSpecification","valueRequired":true,"valueName":"search_term_string"}}],"inLanguage":"pt-PT"},{"@type":"Person","@id":"https:\/\/fyno.pt\/#\/schema\/person\/ab5b330ed5ed05f1b4a7b8e438f68187","name":"Fyno","image":{"@type":"ImageObject","inLanguage":"pt-PT","@id":"https:\/\/fyno.pt\/wp-content\/litespeed\/avatar\/8f51870e8d94c234e288da840d914372.jpg?ver=1788205134","url":"https:\/\/fyno.pt\/wp-content\/litespeed\/avatar\/8f51870e8d94c234e288da840d914372.jpg?ver=1788205134","contentUrl":"https:\/\/fyno.pt\/wp-content\/litespeed\/avatar\/8f51870e8d94c234e288da840d914372.jpg?ver=1788205134","caption":"Fyno"},"description":"A sua fonte de informa\u00e7\u00e3o.","url":"https:\/\/fyno.pt\/pt\/author\/fynopt\/"}]}},"_links":{"self":[{"href":"https:\/\/fyno.pt\/pt\/wp-json\/wp\/v2\/posts\/43572","targetHints":{"allow":["GET"]}}],"collection":[{"href":"https:\/\/fyno.pt\/pt\/wp-json\/wp\/v2\/posts"}],"about":[{"href":"https:\/\/fyno.pt\/pt\/wp-json\/wp\/v2\/types\/post"}],"author":[{"embeddable":true,"href":"https:\/\/fyno.pt\/pt\/wp-json\/wp\/v2\/users\/9"}],"replies":[{"embeddable":true,"href":"https:\/\/fyno.pt\/pt\/wp-json\/wp\/v2\/comments?post=43572"}],"version-history":[{"count":1,"href":"https:\/\/fyno.pt\/pt\/wp-json\/wp\/v2\/posts\/43572\/revisions"}],"predecessor-version":[{"id":43574,"href":"https:\/\/fyno.pt\/pt\/wp-json\/wp\/v2\/posts\/43572\/revisions\/43574"}],"wp:featuredmedia":[{"embeddable":true,"href":"https:\/\/fyno.pt\/pt\/wp-json\/wp\/v2\/media\/43573"}],"wp:attachment":[{"href":"https:\/\/fyno.pt\/pt\/wp-json\/wp\/v2\/media?parent=43572"}],"wp:term":[{"taxonomy":"category","embeddable":true,"href":"https:\/\/fyno.pt\/pt\/wp-json\/wp\/v2\/categories?post=43572"},{"taxonomy":"post_tag","embeddable":true,"href":"https:\/\/fyno.pt\/pt\/wp-json\/wp\/v2\/tags?post=43572"}],"curies":[{"name":"wp","href":"https:\/\/api.w.org\/{rel}","templated":true}]}}